{"id":15596,"date":"2019-01-30T04:45:47","date_gmt":"2019-01-30T04:45:47","guid":{"rendered":"http:\/\/quehacerpolitico.mx\/es-vergonzoso-ser-denominado-como-pais-corrupto-monreal\/"},"modified":"2019-01-30T04:45:47","modified_gmt":"2019-01-30T04:45:47","slug":"es-vergonzoso-ser-denominado-como-pais-corrupto-monreal","status":"publish","type":"post","link":"https:\/\/quehacerpolitico.mx\/?p=15596","title":{"rendered":"Es vergonzoso ser denominado como pa\u00eds corrupto: Monreal"},"content":{"rendered":"<h1 class=\"news-title\">Es vergonzoso ser denominado como pa\u00eds corrupto: Monreal<\/h1>\n<p>Por Redacci\u00f3n QP<\/p>\n<header class=\"news-header\">\n<div class=\"news-subtitle\">\n<p>El legislador morenista asegur\u00f3 que el combate a este mal por el actual gobierno dar\u00e1 resultados en poco tiempo<\/p>\n<\/div>\n<\/header>\n<div class=\"news-content\">\n<div class=\"news-body row\">\n<p>Estamos cayendo m\u00e1s como pa\u00eds corrupto y ello es vergonzoso, dijo el coordinador de Morena\u00a0en el Senado, Ricardo Monreal \u00c1vila. Sostuvo adem\u00e1s que <strong>el combate a este mal por el actual gobierno dar\u00e1 resultados en los estudios de percepci\u00f3n que lleva a cabo Transparencia Internacional. \u00a0<\/strong><\/p>\n<blockquote><p>&#8220;Tenemos que combatir a la corrupci\u00f3n, en lo que a todos nos corresponde, para no tener ese lugar tan malo en t\u00e9rminos de percepci\u00f3n internacional&#8221;<\/p><\/blockquote>\n<p>EL UNIVERSAL public\u00f3 en su edici\u00f3n de este martes que <strong>del lugar 135, M\u00e9xico cay\u00f3 al 138 de una medici\u00f3n a 180 pa\u00edses<\/strong>, en el orden de las investigaciones que lleva a cabo, la impunidad que prevalece y la recuperaci\u00f3n de recursos del erario.<\/p>\n<p>Por su parte el senador Manuel A\u00f1orve Ba\u00f1os (PRI), rechaz\u00f3 que este avance en la corrupci\u00f3n\u00a0se deba a su partido o al gobierno anterior de Enrique Pe\u00f1a Nieto.\u00a0Monreal \u00c1vila, presidente de la Junta de Coordinaci\u00f3n Pol\u00edtica (Jucopo) del Senado, dijo que el reporte se refiere a 2018, tiempo de un sexenio que concluy\u00f3, &#8220;y no deseo hacer le\u00f1a del \u00e1rbol ca\u00eddo&#8221;.<\/p>\n<p>Entrevistado en su oficina, el coordinador de los senadores de Morena se\u00f1al\u00f3 que la gente sabe qu\u00e9 pas\u00f3 y el estudio de Transparencia Internacional, &#8220;es vergonzoso&#8221;.\u00a0 Dijo que para referirse al combate a la corrupci\u00f3n actual, esperar\u00e1 a que se conozcan los resultados de esa investigaci\u00f3n correspondientes a 2019, que se conocer\u00edan al a\u00f1o siguiente.<\/p>\n<p>Entonces ya en un a\u00f1o del ejercicio de Andres Manuel L\u00f3pez Obrador,\u00a0&#8220;les aseguro que la percepci\u00f3n del combate a la corrupci\u00f3n va a ser muy notable&#8221;. El priista A\u00f1orve Ba\u00f1os dijo que <strong>&#8220;tenemos que combatir a la corrupci\u00f3n, en lo que a todos nos corresponde, para no tener ese lugar tan malo en t\u00e9rminos de percepci\u00f3n internacional&#8221;<\/strong>.<\/p>\n<p>Combatir la corrupci\u00f3n &#8220;es un asunto no s\u00f3lo del PRI, ya que todos pueden estar involucrados. Tenemos que actuar todos en conjunto&#8221;.<\/p>\n<p>Previno: &#8220;ser\u00eda simplismo echarle la culpa a una o dos personas&#8221; ya que la medici\u00f3n dada a conocer &#8220;se compone con muchos factores, de manera que no es factor de un partido pol\u00edtico&#8221;,\u00a0 Llam\u00f3 a &#8220;cerrar filas y hacer lo que nos corresponda para remontar este lugar (138), y &#8220;no puedo compartir que es una herencia de (Enrique) Pe\u00f1a, dado que es asunto de muchos factores y debemos hacerle frente&#8221;.<\/p>\n<\/div>\n<\/div>\n","protected":false},"excerpt":{"rendered":"<p>Es vergonzoso ser denominado como pa\u00eds corrupto: Monreal<br \/>\nPor Redacci\u00f3n QP<\/p>\n","protected":false},"author":2,"featured_media":15595,"comment_status":"open","ping_status":"open","sticky":false,"template":"","format":"standard","meta":{"_monsterinsights_skip_tracking":false,"_monsterinsights_sitenote_active":false,"_monsterinsights_sitenote_note":"","_monsterinsights_sitenote_category":0,"footnotes":""},"categories":[2],"tags":[],"class_list":["post-15596","post","type-post","status-publish","format-standard","has-post-thumbnail","hentry","category-noticias"],"yoast_head":"<!-- This site is optimized with the Yoast SEO plugin v27.3 - https:\/\/yoast.com\/product\/yoast-seo-wordpress\/ -->\n<title>Es vergonzoso ser denominado como pa\u00eds corrupto: Monreal -<\/title>\n<meta name=\"robots\" content=\"index, follow, max-snippet:-1, max-image-preview:large, max-video-preview:-1\" \/>\n<link rel=\"canonical\" href=\"https:\/\/quehacerpolitico.mx\/?p=15596\" \/>\n<meta property=\"og:locale\" content=\"es_MX\" \/>\n<meta property=\"og:type\" content=\"article\" \/>\n<meta property=\"og:title\" content=\"Es vergonzoso ser denominado como pa\u00eds corrupto: Monreal -\" \/>\n<meta property=\"og:description\" content=\"Es vergonzoso ser denominado como pa\u00eds corrupto: Monreal Por Redacci\u00f3n QP\" \/>\n<meta property=\"og:url\" content=\"https:\/\/quehacerpolitico.mx\/?p=15596\" \/>\n<meta property=\"article:published_time\" content=\"2019-01-30T04:45:47+00:00\" \/>\n<meta name=\"author\" content=\"Redacci\u00f3n QP\" \/>\n<meta name=\"twitter:card\" content=\"summary_large_image\" \/>\n<meta name=\"twitter:label1\" content=\"Escrito por\" \/>\n\t<meta name=\"twitter:data1\" content=\"Redacci\u00f3n QP\" \/>\n\t<meta name=\"twitter:label2\" content=\"Tiempo de lectura\" \/>\n\t<meta name=\"twitter:data2\" content=\"2 minutos\" \/>\n<script type=\"application\/ld+json\" class=\"yoast-schema-graph\">{\"@context\":\"https:\\\/\\\/schema.org\",\"@graph\":[{\"@type\":\"Article\",\"@id\":\"https:\\\/\\\/quehacerpolitico.mx\\\/?p=15596#article\",\"isPartOf\":{\"@id\":\"https:\\\/\\\/quehacerpolitico.mx\\\/?p=15596\"},\"author\":{\"name\":\"Redacci\u00f3n QP\",\"@id\":\"https:\\\/\\\/quehacerpolitico.mx\\\/#\\\/schema\\\/person\\\/496d8ad2d1d3f8036101dca7ee39e585\"},\"headline\":\"Es vergonzoso ser denominado como pa\u00eds corrupto: Monreal\",\"datePublished\":\"2019-01-30T04:45:47+00:00\",\"mainEntityOfPage\":{\"@id\":\"https:\\\/\\\/quehacerpolitico.mx\\\/?p=15596\"},\"wordCount\":458,\"commentCount\":0,\"image\":{\"@id\":\"https:\\\/\\\/quehacerpolitico.mx\\\/?p=15596#primaryimage\"},\"thumbnailUrl\":\"\",\"articleSection\":[\"Noticias\"],\"inLanguage\":\"es\",\"potentialAction\":[{\"@type\":\"CommentAction\",\"name\":\"Comment\",\"target\":[\"https:\\\/\\\/quehacerpolitico.mx\\\/?p=15596#respond\"]}]},{\"@type\":\"WebPage\",\"@id\":\"https:\\\/\\\/quehacerpolitico.mx\\\/?p=15596\",\"url\":\"https:\\\/\\\/quehacerpolitico.mx\\\/?p=15596\",\"name\":\"Es vergonzoso ser denominado como pa\u00eds corrupto: Monreal -\",\"isPartOf\":{\"@id\":\"https:\\\/\\\/quehacerpolitico.mx\\\/#website\"},\"primaryImageOfPage\":{\"@id\":\"https:\\\/\\\/quehacerpolitico.mx\\\/?p=15596#primaryimage\"},\"image\":{\"@id\":\"https:\\\/\\\/quehacerpolitico.mx\\\/?p=15596#primaryimage\"},\"thumbnailUrl\":\"\",\"datePublished\":\"2019-01-30T04:45:47+00:00\",\"author\":{\"@id\":\"https:\\\/\\\/quehacerpolitico.mx\\\/#\\\/schema\\\/person\\\/496d8ad2d1d3f8036101dca7ee39e585\"},\"breadcrumb\":{\"@id\":\"https:\\\/\\\/quehacerpolitico.mx\\\/?p=15596#breadcrumb\"},\"inLanguage\":\"es\",\"potentialAction\":[{\"@type\":\"ReadAction\",\"target\":[\"https:\\\/\\\/quehacerpolitico.mx\\\/?p=15596\"]}]},{\"@type\":\"ImageObject\",\"inLanguage\":\"es\",\"@id\":\"https:\\\/\\\/quehacerpolitico.mx\\\/?p=15596#primaryimage\",\"url\":\"\",\"contentUrl\":\"\"},{\"@type\":\"BreadcrumbList\",\"@id\":\"https:\\\/\\\/quehacerpolitico.mx\\\/?p=15596#breadcrumb\",\"itemListElement\":[{\"@type\":\"ListItem\",\"position\":1,\"name\":\"Inicio\",\"item\":\"https:\\\/\\\/quehacerpolitico.mx\\\/\"},{\"@type\":\"ListItem\",\"position\":2,\"name\":\"Es vergonzoso ser denominado como pa\u00eds corrupto: Monreal\"}]},{\"@type\":\"WebSite\",\"@id\":\"https:\\\/\\\/quehacerpolitico.mx\\\/#website\",\"url\":\"https:\\\/\\\/quehacerpolitico.mx\\\/\",\"name\":\"\",\"description\":\"\",\"potentialAction\":[{\"@type\":\"SearchAction\",\"target\":{\"@type\":\"EntryPoint\",\"urlTemplate\":\"https:\\\/\\\/quehacerpolitico.mx\\\/?s={search_term_string}\"},\"query-input\":{\"@type\":\"PropertyValueSpecification\",\"valueRequired\":true,\"valueName\":\"search_term_string\"}}],\"inLanguage\":\"es\"},{\"@type\":\"Person\",\"@id\":\"https:\\\/\\\/quehacerpolitico.mx\\\/#\\\/schema\\\/person\\\/496d8ad2d1d3f8036101dca7ee39e585\",\"name\":\"Redacci\u00f3n QP\",\"image\":{\"@type\":\"ImageObject\",\"inLanguage\":\"es\",\"@id\":\"https:\\\/\\\/secure.gravatar.com\\\/avatar\\\/c7164ed6fdec453195284ad24a5ae5b6e1eed2b848477fa2a4787ba9adf39a41?s=96&d=mm&r=g\",\"url\":\"https:\\\/\\\/secure.gravatar.com\\\/avatar\\\/c7164ed6fdec453195284ad24a5ae5b6e1eed2b848477fa2a4787ba9adf39a41?s=96&d=mm&r=g\",\"contentUrl\":\"https:\\\/\\\/secure.gravatar.com\\\/avatar\\\/c7164ed6fdec453195284ad24a5ae5b6e1eed2b848477fa2a4787ba9adf39a41?s=96&d=mm&r=g\",\"caption\":\"Redacci\u00f3n QP\"},\"url\":\"https:\\\/\\\/quehacerpolitico.mx\\\/?author=2\"}]}<\/script>\n<!-- \/ Yoast SEO plugin. -->","yoast_head_json":{"title":"Es vergonzoso ser denominado como pa\u00eds corrupto: Monreal -","robots":{"index":"index","follow":"follow","max-snippet":"max-snippet:-1","max-image-preview":"max-image-preview:large","max-video-preview":"max-video-preview:-1"},"canonical":"https:\/\/quehacerpolitico.mx\/?p=15596","og_locale":"es_MX","og_type":"article","og_title":"Es vergonzoso ser denominado como pa\u00eds corrupto: Monreal -","og_description":"Es vergonzoso ser denominado como pa\u00eds corrupto: Monreal Por Redacci\u00f3n QP","og_url":"https:\/\/quehacerpolitico.mx\/?p=15596","article_published_time":"2019-01-30T04:45:47+00:00","author":"Redacci\u00f3n QP","twitter_card":"summary_large_image","twitter_misc":{"Escrito por":"Redacci\u00f3n QP","Tiempo de lectura":"2 minutos"},"schema":{"@context":"https:\/\/schema.org","@graph":[{"@type":"Article","@id":"https:\/\/quehacerpolitico.mx\/?p=15596#article","isPartOf":{"@id":"https:\/\/quehacerpolitico.mx\/?p=15596"},"author":{"name":"Redacci\u00f3n QP","@id":"https:\/\/quehacerpolitico.mx\/#\/schema\/person\/496d8ad2d1d3f8036101dca7ee39e585"},"headline":"Es vergonzoso ser denominado como pa\u00eds corrupto: Monreal","datePublished":"2019-01-30T04:45:47+00:00","mainEntityOfPage":{"@id":"https:\/\/quehacerpolitico.mx\/?p=15596"},"wordCount":458,"commentCount":0,"image":{"@id":"https:\/\/quehacerpolitico.mx\/?p=15596#primaryimage"},"thumbnailUrl":"","articleSection":["Noticias"],"inLanguage":"es","potentialAction":[{"@type":"CommentAction","name":"Comment","target":["https:\/\/quehacerpolitico.mx\/?p=15596#respond"]}]},{"@type":"WebPage","@id":"https:\/\/quehacerpolitico.mx\/?p=15596","url":"https:\/\/quehacerpolitico.mx\/?p=15596","name":"Es vergonzoso ser denominado como pa\u00eds corrupto: Monreal -","isPartOf":{"@id":"https:\/\/quehacerpolitico.mx\/#website"},"primaryImageOfPage":{"@id":"https:\/\/quehacerpolitico.mx\/?p=15596#primaryimage"},"image":{"@id":"https:\/\/quehacerpolitico.mx\/?p=15596#primaryimage"},"thumbnailUrl":"","datePublished":"2019-01-30T04:45:47+00:00","author":{"@id":"https:\/\/quehacerpolitico.mx\/#\/schema\/person\/496d8ad2d1d3f8036101dca7ee39e585"},"breadcrumb":{"@id":"https:\/\/quehacerpolitico.mx\/?p=15596#breadcrumb"},"inLanguage":"es","potentialAction":[{"@type":"ReadAction","target":["https:\/\/quehacerpolitico.mx\/?p=15596"]}]},{"@type":"ImageObject","inLanguage":"es","@id":"https:\/\/quehacerpolitico.mx\/?p=15596#primaryimage","url":"","contentUrl":""},{"@type":"BreadcrumbList","@id":"https:\/\/quehacerpolitico.mx\/?p=15596#breadcrumb","itemListElement":[{"@type":"ListItem","position":1,"name":"Inicio","item":"https:\/\/quehacerpolitico.mx\/"},{"@type":"ListItem","position":2,"name":"Es vergonzoso ser denominado como pa\u00eds corrupto: Monreal"}]},{"@type":"WebSite","@id":"https:\/\/quehacerpolitico.mx\/#website","url":"https:\/\/quehacerpolitico.mx\/","name":"","description":"","potentialAction":[{"@type":"SearchAction","target":{"@type":"EntryPoint","urlTemplate":"https:\/\/quehacerpolitico.mx\/?s={search_term_string}"},"query-input":{"@type":"PropertyValueSpecification","valueRequired":true,"valueName":"search_term_string"}}],"inLanguage":"es"},{"@type":"Person","@id":"https:\/\/quehacerpolitico.mx\/#\/schema\/person\/496d8ad2d1d3f8036101dca7ee39e585","name":"Redacci\u00f3n QP","image":{"@type":"ImageObject","inLanguage":"es","@id":"https:\/\/secure.gravatar.com\/avatar\/c7164ed6fdec453195284ad24a5ae5b6e1eed2b848477fa2a4787ba9adf39a41?s=96&d=mm&r=g","url":"https:\/\/secure.gravatar.com\/avatar\/c7164ed6fdec453195284ad24a5ae5b6e1eed2b848477fa2a4787ba9adf39a41?s=96&d=mm&r=g","contentUrl":"https:\/\/secure.gravatar.com\/avatar\/c7164ed6fdec453195284ad24a5ae5b6e1eed2b848477fa2a4787ba9adf39a41?s=96&d=mm&r=g","caption":"Redacci\u00f3n QP"},"url":"https:\/\/quehacerpolitico.mx\/?author=2"}]}},"featured_image_urls":{"full":"","thumbnail":"","medium":"","medium_large":"","large":"","1536x1536":"","2048x2048":"","covernews-featured":"","covernews-medium":""},"author_info":{"display_name":"Redacci\u00f3n QP","author_link":"https:\/\/quehacerpolitico.mx\/?author=2"},"category_info":"<a href=\"https:\/\/quehacerpolitico.mx\/?cat=2\" rel=\"category\">Noticias<\/a>","tag_info":"Noticias","comment_count":"0","_links":{"self":[{"href":"https:\/\/quehacerpolitico.mx\/index.php?rest_route=\/wp\/v2\/posts\/15596","targetHints":{"allow":["GET"]}}],"collection":[{"href":"https:\/\/quehacerpolitico.mx\/index.php?rest_route=\/wp\/v2\/posts"}],"about":[{"href":"https:\/\/quehacerpolitico.mx\/index.php?rest_route=\/wp\/v2\/types\/post"}],"author":[{"embeddable":true,"href":"https:\/\/quehacerpolitico.mx\/index.php?rest_route=\/wp\/v2\/users\/2"}],"replies":[{"embeddable":true,"href":"https:\/\/quehacerpolitico.mx\/index.php?rest_route=%2Fwp%2Fv2%2Fcomments&post=15596"}],"version-history":[{"count":0,"href":"https:\/\/quehacerpolitico.mx\/index.php?rest_route=\/wp\/v2\/posts\/15596\/revisions"}],"wp:featuredmedia":[{"embeddable":true,"href":"https:\/\/quehacerpolitico.mx\/index.php?rest_route=\/"}],"wp:attachment":[{"href":"https:\/\/quehacerpolitico.mx\/index.php?rest_route=%2Fwp%2Fv2%2Fmedia&parent=15596"}],"wp:term":[{"taxonomy":"category","embeddable":true,"href":"https:\/\/quehacerpolitico.mx\/index.php?rest_route=%2Fwp%2Fv2%2Fcategories&post=15596"},{"taxonomy":"post_tag","embeddable":true,"href":"https:\/\/quehacerpolitico.mx\/index.php?rest_route=%2Fwp%2Fv2%2Ftags&post=15596"}],"curies":[{"name":"wp","href":"https:\/\/api.w.org\/{rel}","templated":true}]}}