{"id":15592,"date":"2019-01-30T04:31:55","date_gmt":"2019-01-30T04:31:55","guid":{"rendered":"http:\/\/quehacerpolitico.mx\/madrugan-a-alcaldia-en-mh-abren-centro-comercial-en-las-lomas-que-incumple-uso-de-suelo\/"},"modified":"2019-01-30T04:31:55","modified_gmt":"2019-01-30T04:31:55","slug":"madrugan-a-alcaldia-en-mh-abren-centro-comercial-en-las-lomas-que-incumple-uso-de-suelo","status":"publish","type":"post","link":"https:\/\/quehacerpolitico.mx\/?p=15592","title":{"rendered":"\u2018Madrugan\u2019 a alcald\u00eda en MH; abren centro comercial en Las Lomas que incumple uso de suelo"},"content":{"rendered":"<h1 class=\"amp-wp-title\">\u2018Madrugan\u2019 a alcald\u00eda en MH; abren centro comercial en Las Lomas que incumple uso de suelo<\/h1>\n<p>Por Redacci\u00f3n QP<\/p>\n<p><strong>Vecinos<\/strong> de <strong>Lomas de Chapultepec<\/strong> denunciaron que un centro comercial que opera en <strong>Monte Everest 635<\/strong> viola el uso de suelo habitacional de la zona y exigieron a las autoridades de la alcald\u00eda <strong>Miguel Hidalgo,<\/strong> que encabeza <strong>V\u00edctor Hugo Romo<\/strong>, poner orden al desarrollo inmobiliario.<\/p>\n<blockquote>\n<p>\u201cEl uso de suelo de este lugar es habitacional, estas personas han hecho todos los <em>cochupos<\/em>habidos y por haber para cambiar el uso de suelo, mismo que todav\u00eda en Seduvi no se ha cambiado y aunque se les dio en la \u00e9poca de X\u00f3chitl (G\u00e1lvez) un uso de ocupaci\u00f3n de bajo impacto, ellos se dejaron ir con un centro comercial con dos restaurantes, un gimnasio y una terraza que funciona como discoteca por las noches\u201d, explic\u00f3 a El Big Data, Trinidad Belaunzaran, presidenta de la organizaci\u00f3n Pro Lomas de Chapultepec.<\/p>\n<\/blockquote>\n<p>Despu\u00e9s del mediod\u00eda, los colonos se manifestaron con un plant\u00f3n en el que intentaron colocar sellos simb\u00f3licos de clausura, aunque personal del restaurante <strong>Nostos<\/strong> se los impidi\u00f3. Para los <strong>vecinos,<\/strong>el presunto due\u00f1o del inmueble, Ariel Igal Zagorin Langenauer, aprovech\u00f3 el periodo de transici\u00f3n entre la delegaci\u00f3n y la <strong>alcald\u00eda<\/strong> para transformar los negocios del <strong>centro comercial.<\/strong><\/p>\n<div id=\"attachment_290453\" class=\"wp-caption aligncenter amp-wp-inline-1b2bdd29658c0ad29007f966ea3997c3\"><img decoding=\"async\" class=\"i-amphtml-fill-content i-amphtml-replaced-content\" src=\"https:\/\/elbigdata.mx\/wp-content\/uploads\/2019\/01\/Vecinos_Lomas_2-510x768.jpg\" sizes=\"(min-width: 510px) 510px, 100vw\" srcset=\"https:\/\/elbigdata.mx\/wp-content\/uploads\/2019\/01\/Vecinos_Lomas_2-510x768.jpg 510w, https:\/\/elbigdata.mx\/wp-content\/uploads\/2019\/01\/Vecinos_Lomas_2-239x360.jpg 239w, https:\/\/elbigdata.mx\/wp-content\/uploads\/2019\/01\/Vecinos_Lomas_2-768x1157.jpg 768w, https:\/\/elbigdata.mx\/wp-content\/uploads\/2019\/01\/Vecinos_Lomas_2-797x1200.jpg 797w, https:\/\/elbigdata.mx\/wp-content\/uploads\/2019\/01\/Vecinos_Lomas_2.jpg 850w\" alt=\"\" \/><\/p>\n<p class=\"wp-caption-text\">Foto: Especial<\/p>\n<\/div>\n<blockquote>\n<p>\u201cCon el due\u00f1o quedamos que era necesario que siguiera la ley y sus negocios fueran de bajo impacto. \u00c9l qued\u00f3 con nosotros que as\u00ed iba a ser, pero ahora que no estaba la delegada y con la nueva alcald\u00eda, nos enteramos por la gente que vive m\u00e1s cerca del lugar de que se inauguraba un restaurante y de que est\u00e1n teniendo una especie de terraza que es una discoteca por la noche\u201d, se\u00f1al\u00f3.<\/p>\n<\/blockquote>\n<p>Organizados, los vecinos hicieron una denuncia en la Procuradur\u00eda Ambiental y del Ordenamiento Territorial <strong>(PAOT)<\/strong> de la Ciudad de M\u00e9xico, han hablado con el alcalde <strong>V\u00edctor Hugo Romo<\/strong> y ya han acudido a la conferencia matutina que diariamente ofrece la Jefa de Gobierno, <strong>Claudia Sheinbaum.<\/strong><\/p>\n<p>El <strong>centro comercial,<\/strong> denunci\u00f3 Belaunzaran, fue construido violando las disposiciones del Programa Parcial vigente de la colonia.<\/p>\n<blockquote>\n<p>\u201cLa gente comenz\u00f3 a denunciar los ruidos que vienen desde el gimnasio y con la discoteca que hicieron arriba, nuestra preocupaci\u00f3n es que se vuelva un lugar desordenado, hay un programa que mantiene la colonia ordenada y a la hora de violar este uso empieza el desorden y con el desorden empiezan a aparecer lugares como este\u201d, opin\u00f3.<\/p>\n<\/blockquote>\n<p>De acuerdo con la vecina, el problema del uso del suelo en <strong>Lomas de Chapultepec<\/strong> tambi\u00e9n abarca a los establecimientos de Palmas 1140, restaurante Monkeys Butt Bikers; Explanada 710, restaurante Mallorca; Monte Everest 635, restaurantes <strong>Nostos<\/strong> y Kumoto; Monte Everest 770, restaurante Aromas; Cerrada de Monte L\u00edbano 16, cafeter\u00eda Maque y pedregal 49, restaurante Midam.<\/p>\n<p>En espera de que las autoridades tomen cartas en el asunto, <strong>Belaunzaran<\/strong> inform\u00f3 que los vecinos han emprendido una campa\u00f1a para pedir a la gente que no consuma en establecimientos que infrinjan el uso de suelo.<\/p>\n","protected":false},"excerpt":{"rendered":"<p>\u2018Madrugan\u2019 a alcald\u00eda en MH; abren centro comercial en Las Lomas que incumple uso de suelo<br \/>\nPor Redacci\u00f3n QP<\/p>\n","protected":false},"author":2,"featured_media":15591,"comment_status":"open","ping_status":"open","sticky":false,"template":"","format":"standard","meta":{"_monsterinsights_skip_tracking":false,"_monsterinsights_sitenote_active":false,"_monsterinsights_sitenote_note":"","_monsterinsights_sitenote_category":0,"footnotes":""},"categories":[55],"tags":[],"class_list":["post-15592","post","type-post","status-publish","format-standard","has-post-thumbnail","hentry","category-cdmx"],"yoast_head":"<!-- This site is optimized with the Yoast SEO plugin v27.3 - https:\/\/yoast.com\/product\/yoast-seo-wordpress\/ -->\n<title>\u2018Madrugan\u2019 a alcald\u00eda en MH; abren centro comercial en Las Lomas que incumple uso de suelo -<\/title>\n<meta name=\"robots\" content=\"index, follow, max-snippet:-1, max-image-preview:large, max-video-preview:-1\" \/>\n<link rel=\"canonical\" href=\"https:\/\/quehacerpolitico.mx\/?p=15592\" \/>\n<meta property=\"og:locale\" content=\"es_MX\" \/>\n<meta property=\"og:type\" content=\"article\" \/>\n<meta property=\"og:title\" content=\"\u2018Madrugan\u2019 a alcald\u00eda en MH; abren centro comercial en Las Lomas que incumple uso de suelo -\" \/>\n<meta property=\"og:description\" content=\"\u2018Madrugan\u2019 a alcald\u00eda en MH; abren centro comercial en Las Lomas que incumple uso de suelo Por Redacci\u00f3n QP\" \/>\n<meta property=\"og:url\" content=\"https:\/\/quehacerpolitico.mx\/?p=15592\" \/>\n<meta property=\"article:published_time\" content=\"2019-01-30T04:31:55+00:00\" \/>\n<meta name=\"author\" content=\"Redacci\u00f3n QP\" \/>\n<meta name=\"twitter:card\" content=\"summary_large_image\" \/>\n<meta name=\"twitter:label1\" content=\"Escrito por\" \/>\n\t<meta name=\"twitter:data1\" content=\"Redacci\u00f3n QP\" \/>\n\t<meta name=\"twitter:label2\" content=\"Tiempo de lectura\" \/>\n\t<meta name=\"twitter:data2\" content=\"3 minutos\" \/>\n<script type=\"application\/ld+json\" class=\"yoast-schema-graph\">{\"@context\":\"https:\\\/\\\/schema.org\",\"@graph\":[{\"@type\":\"Article\",\"@id\":\"https:\\\/\\\/quehacerpolitico.mx\\\/?p=15592#article\",\"isPartOf\":{\"@id\":\"https:\\\/\\\/quehacerpolitico.mx\\\/?p=15592\"},\"author\":{\"name\":\"Redacci\u00f3n QP\",\"@id\":\"https:\\\/\\\/quehacerpolitico.mx\\\/#\\\/schema\\\/person\\\/496d8ad2d1d3f8036101dca7ee39e585\"},\"headline\":\"\u2018Madrugan\u2019 a alcald\u00eda en MH; abren centro comercial en Las Lomas que incumple uso de suelo\",\"datePublished\":\"2019-01-30T04:31:55+00:00\",\"mainEntityOfPage\":{\"@id\":\"https:\\\/\\\/quehacerpolitico.mx\\\/?p=15592\"},\"wordCount\":537,\"commentCount\":0,\"image\":{\"@id\":\"https:\\\/\\\/quehacerpolitico.mx\\\/?p=15592#primaryimage\"},\"thumbnailUrl\":\"\",\"articleSection\":[\"CDMX\"],\"inLanguage\":\"es\",\"potentialAction\":[{\"@type\":\"CommentAction\",\"name\":\"Comment\",\"target\":[\"https:\\\/\\\/quehacerpolitico.mx\\\/?p=15592#respond\"]}]},{\"@type\":\"WebPage\",\"@id\":\"https:\\\/\\\/quehacerpolitico.mx\\\/?p=15592\",\"url\":\"https:\\\/\\\/quehacerpolitico.mx\\\/?p=15592\",\"name\":\"\u2018Madrugan\u2019 a alcald\u00eda en MH; abren centro comercial en Las Lomas que incumple uso de suelo -\",\"isPartOf\":{\"@id\":\"https:\\\/\\\/quehacerpolitico.mx\\\/#website\"},\"primaryImageOfPage\":{\"@id\":\"https:\\\/\\\/quehacerpolitico.mx\\\/?p=15592#primaryimage\"},\"image\":{\"@id\":\"https:\\\/\\\/quehacerpolitico.mx\\\/?p=15592#primaryimage\"},\"thumbnailUrl\":\"\",\"datePublished\":\"2019-01-30T04:31:55+00:00\",\"author\":{\"@id\":\"https:\\\/\\\/quehacerpolitico.mx\\\/#\\\/schema\\\/person\\\/496d8ad2d1d3f8036101dca7ee39e585\"},\"breadcrumb\":{\"@id\":\"https:\\\/\\\/quehacerpolitico.mx\\\/?p=15592#breadcrumb\"},\"inLanguage\":\"es\",\"potentialAction\":[{\"@type\":\"ReadAction\",\"target\":[\"https:\\\/\\\/quehacerpolitico.mx\\\/?p=15592\"]}]},{\"@type\":\"ImageObject\",\"inLanguage\":\"es\",\"@id\":\"https:\\\/\\\/quehacerpolitico.mx\\\/?p=15592#primaryimage\",\"url\":\"\",\"contentUrl\":\"\"},{\"@type\":\"BreadcrumbList\",\"@id\":\"https:\\\/\\\/quehacerpolitico.mx\\\/?p=15592#breadcrumb\",\"itemListElement\":[{\"@type\":\"ListItem\",\"position\":1,\"name\":\"Inicio\",\"item\":\"https:\\\/\\\/quehacerpolitico.mx\\\/\"},{\"@type\":\"ListItem\",\"position\":2,\"name\":\"\u2018Madrugan\u2019 a alcald\u00eda en MH; abren centro comercial en Las Lomas que incumple uso de suelo\"}]},{\"@type\":\"WebSite\",\"@id\":\"https:\\\/\\\/quehacerpolitico.mx\\\/#website\",\"url\":\"https:\\\/\\\/quehacerpolitico.mx\\\/\",\"name\":\"\",\"description\":\"\",\"potentialAction\":[{\"@type\":\"SearchAction\",\"target\":{\"@type\":\"EntryPoint\",\"urlTemplate\":\"https:\\\/\\\/quehacerpolitico.mx\\\/?s={search_term_string}\"},\"query-input\":{\"@type\":\"PropertyValueSpecification\",\"valueRequired\":true,\"valueName\":\"search_term_string\"}}],\"inLanguage\":\"es\"},{\"@type\":\"Person\",\"@id\":\"https:\\\/\\\/quehacerpolitico.mx\\\/#\\\/schema\\\/person\\\/496d8ad2d1d3f8036101dca7ee39e585\",\"name\":\"Redacci\u00f3n QP\",\"image\":{\"@type\":\"ImageObject\",\"inLanguage\":\"es\",\"@id\":\"https:\\\/\\\/secure.gravatar.com\\\/avatar\\\/c7164ed6fdec453195284ad24a5ae5b6e1eed2b848477fa2a4787ba9adf39a41?s=96&d=mm&r=g\",\"url\":\"https:\\\/\\\/secure.gravatar.com\\\/avatar\\\/c7164ed6fdec453195284ad24a5ae5b6e1eed2b848477fa2a4787ba9adf39a41?s=96&d=mm&r=g\",\"contentUrl\":\"https:\\\/\\\/secure.gravatar.com\\\/avatar\\\/c7164ed6fdec453195284ad24a5ae5b6e1eed2b848477fa2a4787ba9adf39a41?s=96&d=mm&r=g\",\"caption\":\"Redacci\u00f3n QP\"},\"url\":\"https:\\\/\\\/quehacerpolitico.mx\\\/?author=2\"}]}<\/script>\n<!-- \/ Yoast SEO plugin. -->","yoast_head_json":{"title":"\u2018Madrugan\u2019 a alcald\u00eda en MH; abren centro comercial en Las Lomas que incumple uso de suelo -","robots":{"index":"index","follow":"follow","max-snippet":"max-snippet:-1","max-image-preview":"max-image-preview:large","max-video-preview":"max-video-preview:-1"},"canonical":"https:\/\/quehacerpolitico.mx\/?p=15592","og_locale":"es_MX","og_type":"article","og_title":"\u2018Madrugan\u2019 a alcald\u00eda en MH; abren centro comercial en Las Lomas que incumple uso de suelo -","og_description":"\u2018Madrugan\u2019 a alcald\u00eda en MH; abren centro comercial en Las Lomas que incumple uso de suelo Por Redacci\u00f3n QP","og_url":"https:\/\/quehacerpolitico.mx\/?p=15592","article_published_time":"2019-01-30T04:31:55+00:00","author":"Redacci\u00f3n QP","twitter_card":"summary_large_image","twitter_misc":{"Escrito por":"Redacci\u00f3n QP","Tiempo de lectura":"3 minutos"},"schema":{"@context":"https:\/\/schema.org","@graph":[{"@type":"Article","@id":"https:\/\/quehacerpolitico.mx\/?p=15592#article","isPartOf":{"@id":"https:\/\/quehacerpolitico.mx\/?p=15592"},"author":{"name":"Redacci\u00f3n QP","@id":"https:\/\/quehacerpolitico.mx\/#\/schema\/person\/496d8ad2d1d3f8036101dca7ee39e585"},"headline":"\u2018Madrugan\u2019 a alcald\u00eda en MH; abren centro comercial en Las Lomas que incumple uso de suelo","datePublished":"2019-01-30T04:31:55+00:00","mainEntityOfPage":{"@id":"https:\/\/quehacerpolitico.mx\/?p=15592"},"wordCount":537,"commentCount":0,"image":{"@id":"https:\/\/quehacerpolitico.mx\/?p=15592#primaryimage"},"thumbnailUrl":"","articleSection":["CDMX"],"inLanguage":"es","potentialAction":[{"@type":"CommentAction","name":"Comment","target":["https:\/\/quehacerpolitico.mx\/?p=15592#respond"]}]},{"@type":"WebPage","@id":"https:\/\/quehacerpolitico.mx\/?p=15592","url":"https:\/\/quehacerpolitico.mx\/?p=15592","name":"\u2018Madrugan\u2019 a alcald\u00eda en MH; abren centro comercial en Las Lomas que incumple uso de suelo -","isPartOf":{"@id":"https:\/\/quehacerpolitico.mx\/#website"},"primaryImageOfPage":{"@id":"https:\/\/quehacerpolitico.mx\/?p=15592#primaryimage"},"image":{"@id":"https:\/\/quehacerpolitico.mx\/?p=15592#primaryimage"},"thumbnailUrl":"","datePublished":"2019-01-30T04:31:55+00:00","author":{"@id":"https:\/\/quehacerpolitico.mx\/#\/schema\/person\/496d8ad2d1d3f8036101dca7ee39e585"},"breadcrumb":{"@id":"https:\/\/quehacerpolitico.mx\/?p=15592#breadcrumb"},"inLanguage":"es","potentialAction":[{"@type":"ReadAction","target":["https:\/\/quehacerpolitico.mx\/?p=15592"]}]},{"@type":"ImageObject","inLanguage":"es","@id":"https:\/\/quehacerpolitico.mx\/?p=15592#primaryimage","url":"","contentUrl":""},{"@type":"BreadcrumbList","@id":"https:\/\/quehacerpolitico.mx\/?p=15592#breadcrumb","itemListElement":[{"@type":"ListItem","position":1,"name":"Inicio","item":"https:\/\/quehacerpolitico.mx\/"},{"@type":"ListItem","position":2,"name":"\u2018Madrugan\u2019 a alcald\u00eda en MH; abren centro comercial en Las Lomas que incumple uso de suelo"}]},{"@type":"WebSite","@id":"https:\/\/quehacerpolitico.mx\/#website","url":"https:\/\/quehacerpolitico.mx\/","name":"","description":"","potentialAction":[{"@type":"SearchAction","target":{"@type":"EntryPoint","urlTemplate":"https:\/\/quehacerpolitico.mx\/?s={search_term_string}"},"query-input":{"@type":"PropertyValueSpecification","valueRequired":true,"valueName":"search_term_string"}}],"inLanguage":"es"},{"@type":"Person","@id":"https:\/\/quehacerpolitico.mx\/#\/schema\/person\/496d8ad2d1d3f8036101dca7ee39e585","name":"Redacci\u00f3n QP","image":{"@type":"ImageObject","inLanguage":"es","@id":"https:\/\/secure.gravatar.com\/avatar\/c7164ed6fdec453195284ad24a5ae5b6e1eed2b848477fa2a4787ba9adf39a41?s=96&d=mm&r=g","url":"https:\/\/secure.gravatar.com\/avatar\/c7164ed6fdec453195284ad24a5ae5b6e1eed2b848477fa2a4787ba9adf39a41?s=96&d=mm&r=g","contentUrl":"https:\/\/secure.gravatar.com\/avatar\/c7164ed6fdec453195284ad24a5ae5b6e1eed2b848477fa2a4787ba9adf39a41?s=96&d=mm&r=g","caption":"Redacci\u00f3n QP"},"url":"https:\/\/quehacerpolitico.mx\/?author=2"}]}},"featured_image_urls":{"full":"","thumbnail":"","medium":"","medium_large":"","large":"","1536x1536":"","2048x2048":"","covernews-featured":"","covernews-medium":""},"author_info":{"display_name":"Redacci\u00f3n QP","author_link":"https:\/\/quehacerpolitico.mx\/?author=2"},"category_info":"<a href=\"https:\/\/quehacerpolitico.mx\/?cat=55\" rel=\"category\">CDMX<\/a>","tag_info":"CDMX","comment_count":"0","_links":{"self":[{"href":"https:\/\/quehacerpolitico.mx\/index.php?rest_route=\/wp\/v2\/posts\/15592","targetHints":{"allow":["GET"]}}],"collection":[{"href":"https:\/\/quehacerpolitico.mx\/index.php?rest_route=\/wp\/v2\/posts"}],"about":[{"href":"https:\/\/quehacerpolitico.mx\/index.php?rest_route=\/wp\/v2\/types\/post"}],"author":[{"embeddable":true,"href":"https:\/\/quehacerpolitico.mx\/index.php?rest_route=\/wp\/v2\/users\/2"}],"replies":[{"embeddable":true,"href":"https:\/\/quehacerpolitico.mx\/index.php?rest_route=%2Fwp%2Fv2%2Fcomments&post=15592"}],"version-history":[{"count":0,"href":"https:\/\/quehacerpolitico.mx\/index.php?rest_route=\/wp\/v2\/posts\/15592\/revisions"}],"wp:featuredmedia":[{"embeddable":true,"href":"https:\/\/quehacerpolitico.mx\/index.php?rest_route=\/"}],"wp:attachment":[{"href":"https:\/\/quehacerpolitico.mx\/index.php?rest_route=%2Fwp%2Fv2%2Fmedia&parent=15592"}],"wp:term":[{"taxonomy":"category","embeddable":true,"href":"https:\/\/quehacerpolitico.mx\/index.php?rest_route=%2Fwp%2Fv2%2Fcategories&post=15592"},{"taxonomy":"post_tag","embeddable":true,"href":"https:\/\/quehacerpolitico.mx\/index.php?rest_route=%2Fwp%2Fv2%2Ftags&post=15592"}],"curies":[{"name":"wp","href":"https:\/\/api.w.org\/{rel}","templated":true}]}}