{"id":15588,"date":"2019-01-30T04:21:01","date_gmt":"2019-01-30T04:21:01","guid":{"rendered":"http:\/\/quehacerpolitico.mx\/morena-apuesta-por-40-proyectos-legislativos-en-su-agenda-para-el-segundo-periodo-de-sesiones\/"},"modified":"2019-01-30T04:21:01","modified_gmt":"2019-01-30T04:21:01","slug":"morena-apuesta-por-40-proyectos-legislativos-en-su-agenda-para-el-segundo-periodo-de-sesiones","status":"publish","type":"post","link":"https:\/\/quehacerpolitico.mx\/?p=15588","title":{"rendered":"Morena apuesta por 40 proyectos legislativos en su agenda para el segundo periodo de sesiones"},"content":{"rendered":"<h1 class=\"amp-wp-title\">Morena apuesta por 40 proyectos legislativos en su agenda para el segundo periodo de sesiones<\/h1>\n<p>Por Redacci\u00f3n QP<\/p>\n<p>La bancada mayoritaria de <strong>Morena<\/strong> en el <strong>Congreso<\/strong>de la Ciudad de M\u00e9xico defini\u00f3 una <strong>agenda<\/strong> de 40 puntos que impulsar\u00e1n durante el pr\u00f3ximo periodo ordinario de sesiones que comenzar\u00e1 el 1 de febrero pr\u00f3ximo.<\/p>\n<p>Entre los puntos legislativos destac\u00f3 el impulso de la <strong>Ley de Desarrollo Metropolitano<\/strong>, con la que la legislatura local asumir\u00eda facultades para enviar iniciativas en la materia al <strong>Congreso de la Uni\u00f3n<\/strong>para sus discusi\u00f3n y an\u00e1lisis.<\/p>\n<p>As\u00ed lo indic\u00f3 el coordinador de la bancada de <strong>Morena,<\/strong> Ricardo Ruiz, quien asegur\u00f3 que tambi\u00e9n se tendr\u00e1 la posibilidad de recibir iniciativas de las legislaturas federales para su discusi\u00f3n en el \u00f3rgano legislativo local.<\/p>\n<blockquote>\n<p>\u201cSer\u00eda la primera vez que ejercer\u00edamos nosotros esta facultad que ahora se nos otorga, de poder enviar al Congreso de la Uni\u00f3n una serie de iniciativas, es decir, no solamente recibiremos de la federaci\u00f3n, sino que tambi\u00e9n participaremos en la discusi\u00f3n.<\/p>\n<p>\u201cEn el caso de las reformas constitucionales que se hagan por parte del Congreso de la Uni\u00f3n, por primera vez, efectivamente, vamos a participar, vamos a emitir opini\u00f3n y por supuesto vamos a establecer nuestro posicionamiento\u201d, dijo Ruiz.<\/p>\n<\/blockquote>\n<p>De acuerdo con el legislador se presentar\u00e1 una iniciativa para impulsar el <strong>Parlamento Abierto,<\/strong> con \u00e9ste se pretende realizar foros y consultas a la ciudadan\u00eda sobre todos los temas que se trabajan en el <strong>Congreso<\/strong> local.<\/p>\n<blockquote>\n<p>\u201cNo es un tema, sino pr\u00e1cticamente de todos los temas vamos a desarrollar consultas con la poblaci\u00f3n\u201d, abund\u00f3 Ruiz.<\/p>\n<\/blockquote>\n<p>Las propuestas fueron dadas a conocer durante la presentaci\u00f3n de la <strong>agenda legislativa<\/strong> que la fracci\u00f3n de <strong>Morena<\/strong> pretende trabajar en el segundo per\u00edodo de sesiones ordinarias del <strong>Congreso<\/strong>capitalino.<\/p>\n<p>En cuanto al desarrollo econ\u00f3mico se pondr\u00e1 a revisi\u00f3n los mecanismos y procedimientos legales para la regularizaci\u00f3n de la tenencia de la tierra en la Ciudad de M\u00e9xico.<\/p>\n<p>Tambi\u00e9n buscar\u00e1n reformar la <strong>Ley de Alcald\u00edas<\/strong> a fin de regular el procedimiento por el que las y los concejales aprueban el proyecto de presupuesto de estos \u00f3rganos administrativos, modificaciones con las que pretenden quitar esa facultad a estos funcionarios.<\/p>\n<p>Trabajar\u00e1 en la reforma a la<strong> Ley de Adquisiciones<\/strong>para actualizar y ajustar los procedimientos de adjudicaci\u00f3n a fin de erradicar la corrupci\u00f3n en dichos procesos administrativos.<\/p>\n<p>Otras reformas que se pretende abordar es a la<strong> Ley de Establecimientos Mercantiles<\/strong> y de <strong>Desarrollo Urbano<\/strong> con el objetivo de regularizar los peque\u00f1os establecimientos mercantiles que no sean franquicia.<\/p>\n<p>Otro de los ejes de trabajo es sobre derechos humanos y justicia, se plantea impulsar la <strong>Ley Org\u00e1nica de la Comisi\u00f3n de Derechos Humanos<\/strong>de la Ciudad de M\u00e9xico y la <strong>Ley Integral de Derechos Humanos<\/strong>.<\/p>\n<p>En materia de administraci\u00f3n y procuraci\u00f3n de justicia, se planea la aprobaci\u00f3n a la modificaci\u00f3n de los plazos constitucionales para ajustar los tiempos de la transici\u00f3n de la Procuradur\u00eda a <strong>Fiscal\u00eda General de Justicia<\/strong>.<\/p>\n<p>En cuanto a justicia se reformar\u00e1 el <strong>C\u00f3digo Penal<\/strong> y el <strong>C\u00f3digo de Procedimientos Penales<\/strong>, para analizar de mejor manera los tipos penales de feminicidios, de trata de personas, abuso infantil, turismo sexual, de tr\u00e1fico de influencias por parte de servidores p\u00fablicos, en el ejercicio ilegal del servicio p\u00fablico, robo a transe\u00fante, robo en transporte p\u00fablico.<\/p>\n<p>En materia de movilidad se modificar\u00e1 la <strong>Ley Org\u00e1nica de la Administraci\u00f3n P\u00fablica Local<\/strong> y el <strong>C\u00f3digo Fiscal<\/strong> para quitar a la Secretar\u00eda de Movilidad (Semovi) La recaudaci\u00f3n de los parqu\u00edmetros y pasarla a la Secretar\u00eda de Finanzas.<\/p>\n","protected":false},"excerpt":{"rendered":"<p>Morena apuesta por 40 proyectos legislativos en su agenda para el segundo periodo de sesiones<br \/>\nPor Redacci\u00f3n QP<\/p>\n","protected":false},"author":2,"featured_media":15587,"comment_status":"open","ping_status":"open","sticky":false,"template":"","format":"standard","meta":{"_monsterinsights_skip_tracking":false,"_monsterinsights_sitenote_active":false,"_monsterinsights_sitenote_note":"","_monsterinsights_sitenote_category":0,"footnotes":""},"categories":[55],"tags":[],"class_list":["post-15588","post","type-post","status-publish","format-standard","has-post-thumbnail","hentry","category-cdmx"],"yoast_head":"<!-- This site is optimized with the Yoast SEO plugin v27.3 - https:\/\/yoast.com\/product\/yoast-seo-wordpress\/ -->\n<title>Morena apuesta por 40 proyectos legislativos en su agenda para el segundo periodo de sesiones -<\/title>\n<meta name=\"robots\" content=\"index, follow, max-snippet:-1, max-image-preview:large, max-video-preview:-1\" \/>\n<link rel=\"canonical\" href=\"https:\/\/quehacerpolitico.mx\/?p=15588\" \/>\n<meta property=\"og:locale\" content=\"es_MX\" \/>\n<meta property=\"og:type\" content=\"article\" \/>\n<meta property=\"og:title\" content=\"Morena apuesta por 40 proyectos legislativos en su agenda para el segundo periodo de sesiones -\" \/>\n<meta property=\"og:description\" content=\"Morena apuesta por 40 proyectos legislativos en su agenda para el segundo periodo de sesiones Por Redacci\u00f3n QP\" \/>\n<meta property=\"og:url\" content=\"https:\/\/quehacerpolitico.mx\/?p=15588\" \/>\n<meta property=\"article:published_time\" content=\"2019-01-30T04:21:01+00:00\" \/>\n<meta name=\"author\" content=\"Redacci\u00f3n QP\" \/>\n<meta name=\"twitter:card\" content=\"summary_large_image\" \/>\n<meta name=\"twitter:label1\" content=\"Escrito por\" \/>\n\t<meta name=\"twitter:data1\" content=\"Redacci\u00f3n QP\" \/>\n\t<meta name=\"twitter:label2\" content=\"Tiempo de lectura\" \/>\n\t<meta name=\"twitter:data2\" content=\"3 minutos\" \/>\n<script type=\"application\/ld+json\" class=\"yoast-schema-graph\">{\"@context\":\"https:\\\/\\\/schema.org\",\"@graph\":[{\"@type\":\"Article\",\"@id\":\"https:\\\/\\\/quehacerpolitico.mx\\\/?p=15588#article\",\"isPartOf\":{\"@id\":\"https:\\\/\\\/quehacerpolitico.mx\\\/?p=15588\"},\"author\":{\"name\":\"Redacci\u00f3n QP\",\"@id\":\"https:\\\/\\\/quehacerpolitico.mx\\\/#\\\/schema\\\/person\\\/496d8ad2d1d3f8036101dca7ee39e585\"},\"headline\":\"Morena apuesta por 40 proyectos legislativos en su agenda para el segundo periodo de sesiones\",\"datePublished\":\"2019-01-30T04:21:01+00:00\",\"mainEntityOfPage\":{\"@id\":\"https:\\\/\\\/quehacerpolitico.mx\\\/?p=15588\"},\"wordCount\":644,\"commentCount\":0,\"image\":{\"@id\":\"https:\\\/\\\/quehacerpolitico.mx\\\/?p=15588#primaryimage\"},\"thumbnailUrl\":\"\",\"articleSection\":[\"CDMX\"],\"inLanguage\":\"es\",\"potentialAction\":[{\"@type\":\"CommentAction\",\"name\":\"Comment\",\"target\":[\"https:\\\/\\\/quehacerpolitico.mx\\\/?p=15588#respond\"]}]},{\"@type\":\"WebPage\",\"@id\":\"https:\\\/\\\/quehacerpolitico.mx\\\/?p=15588\",\"url\":\"https:\\\/\\\/quehacerpolitico.mx\\\/?p=15588\",\"name\":\"Morena apuesta por 40 proyectos legislativos en su agenda para el segundo periodo de sesiones -\",\"isPartOf\":{\"@id\":\"https:\\\/\\\/quehacerpolitico.mx\\\/#website\"},\"primaryImageOfPage\":{\"@id\":\"https:\\\/\\\/quehacerpolitico.mx\\\/?p=15588#primaryimage\"},\"image\":{\"@id\":\"https:\\\/\\\/quehacerpolitico.mx\\\/?p=15588#primaryimage\"},\"thumbnailUrl\":\"\",\"datePublished\":\"2019-01-30T04:21:01+00:00\",\"author\":{\"@id\":\"https:\\\/\\\/quehacerpolitico.mx\\\/#\\\/schema\\\/person\\\/496d8ad2d1d3f8036101dca7ee39e585\"},\"breadcrumb\":{\"@id\":\"https:\\\/\\\/quehacerpolitico.mx\\\/?p=15588#breadcrumb\"},\"inLanguage\":\"es\",\"potentialAction\":[{\"@type\":\"ReadAction\",\"target\":[\"https:\\\/\\\/quehacerpolitico.mx\\\/?p=15588\"]}]},{\"@type\":\"ImageObject\",\"inLanguage\":\"es\",\"@id\":\"https:\\\/\\\/quehacerpolitico.mx\\\/?p=15588#primaryimage\",\"url\":\"\",\"contentUrl\":\"\"},{\"@type\":\"BreadcrumbList\",\"@id\":\"https:\\\/\\\/quehacerpolitico.mx\\\/?p=15588#breadcrumb\",\"itemListElement\":[{\"@type\":\"ListItem\",\"position\":1,\"name\":\"Inicio\",\"item\":\"https:\\\/\\\/quehacerpolitico.mx\\\/\"},{\"@type\":\"ListItem\",\"position\":2,\"name\":\"Morena apuesta por 40 proyectos legislativos en su agenda para el segundo periodo de sesiones\"}]},{\"@type\":\"WebSite\",\"@id\":\"https:\\\/\\\/quehacerpolitico.mx\\\/#website\",\"url\":\"https:\\\/\\\/quehacerpolitico.mx\\\/\",\"name\":\"\",\"description\":\"\",\"potentialAction\":[{\"@type\":\"SearchAction\",\"target\":{\"@type\":\"EntryPoint\",\"urlTemplate\":\"https:\\\/\\\/quehacerpolitico.mx\\\/?s={search_term_string}\"},\"query-input\":{\"@type\":\"PropertyValueSpecification\",\"valueRequired\":true,\"valueName\":\"search_term_string\"}}],\"inLanguage\":\"es\"},{\"@type\":\"Person\",\"@id\":\"https:\\\/\\\/quehacerpolitico.mx\\\/#\\\/schema\\\/person\\\/496d8ad2d1d3f8036101dca7ee39e585\",\"name\":\"Redacci\u00f3n QP\",\"image\":{\"@type\":\"ImageObject\",\"inLanguage\":\"es\",\"@id\":\"https:\\\/\\\/secure.gravatar.com\\\/avatar\\\/c7164ed6fdec453195284ad24a5ae5b6e1eed2b848477fa2a4787ba9adf39a41?s=96&d=mm&r=g\",\"url\":\"https:\\\/\\\/secure.gravatar.com\\\/avatar\\\/c7164ed6fdec453195284ad24a5ae5b6e1eed2b848477fa2a4787ba9adf39a41?s=96&d=mm&r=g\",\"contentUrl\":\"https:\\\/\\\/secure.gravatar.com\\\/avatar\\\/c7164ed6fdec453195284ad24a5ae5b6e1eed2b848477fa2a4787ba9adf39a41?s=96&d=mm&r=g\",\"caption\":\"Redacci\u00f3n QP\"},\"url\":\"https:\\\/\\\/quehacerpolitico.mx\\\/?author=2\"}]}<\/script>\n<!-- \/ Yoast SEO plugin. -->","yoast_head_json":{"title":"Morena apuesta por 40 proyectos legislativos en su agenda para el segundo periodo de sesiones -","robots":{"index":"index","follow":"follow","max-snippet":"max-snippet:-1","max-image-preview":"max-image-preview:large","max-video-preview":"max-video-preview:-1"},"canonical":"https:\/\/quehacerpolitico.mx\/?p=15588","og_locale":"es_MX","og_type":"article","og_title":"Morena apuesta por 40 proyectos legislativos en su agenda para el segundo periodo de sesiones -","og_description":"Morena apuesta por 40 proyectos legislativos en su agenda para el segundo periodo de sesiones Por Redacci\u00f3n QP","og_url":"https:\/\/quehacerpolitico.mx\/?p=15588","article_published_time":"2019-01-30T04:21:01+00:00","author":"Redacci\u00f3n QP","twitter_card":"summary_large_image","twitter_misc":{"Escrito por":"Redacci\u00f3n QP","Tiempo de lectura":"3 minutos"},"schema":{"@context":"https:\/\/schema.org","@graph":[{"@type":"Article","@id":"https:\/\/quehacerpolitico.mx\/?p=15588#article","isPartOf":{"@id":"https:\/\/quehacerpolitico.mx\/?p=15588"},"author":{"name":"Redacci\u00f3n QP","@id":"https:\/\/quehacerpolitico.mx\/#\/schema\/person\/496d8ad2d1d3f8036101dca7ee39e585"},"headline":"Morena apuesta por 40 proyectos legislativos en su agenda para el segundo periodo de sesiones","datePublished":"2019-01-30T04:21:01+00:00","mainEntityOfPage":{"@id":"https:\/\/quehacerpolitico.mx\/?p=15588"},"wordCount":644,"commentCount":0,"image":{"@id":"https:\/\/quehacerpolitico.mx\/?p=15588#primaryimage"},"thumbnailUrl":"","articleSection":["CDMX"],"inLanguage":"es","potentialAction":[{"@type":"CommentAction","name":"Comment","target":["https:\/\/quehacerpolitico.mx\/?p=15588#respond"]}]},{"@type":"WebPage","@id":"https:\/\/quehacerpolitico.mx\/?p=15588","url":"https:\/\/quehacerpolitico.mx\/?p=15588","name":"Morena apuesta por 40 proyectos legislativos en su agenda para el segundo periodo de sesiones -","isPartOf":{"@id":"https:\/\/quehacerpolitico.mx\/#website"},"primaryImageOfPage":{"@id":"https:\/\/quehacerpolitico.mx\/?p=15588#primaryimage"},"image":{"@id":"https:\/\/quehacerpolitico.mx\/?p=15588#primaryimage"},"thumbnailUrl":"","datePublished":"2019-01-30T04:21:01+00:00","author":{"@id":"https:\/\/quehacerpolitico.mx\/#\/schema\/person\/496d8ad2d1d3f8036101dca7ee39e585"},"breadcrumb":{"@id":"https:\/\/quehacerpolitico.mx\/?p=15588#breadcrumb"},"inLanguage":"es","potentialAction":[{"@type":"ReadAction","target":["https:\/\/quehacerpolitico.mx\/?p=15588"]}]},{"@type":"ImageObject","inLanguage":"es","@id":"https:\/\/quehacerpolitico.mx\/?p=15588#primaryimage","url":"","contentUrl":""},{"@type":"BreadcrumbList","@id":"https:\/\/quehacerpolitico.mx\/?p=15588#breadcrumb","itemListElement":[{"@type":"ListItem","position":1,"name":"Inicio","item":"https:\/\/quehacerpolitico.mx\/"},{"@type":"ListItem","position":2,"name":"Morena apuesta por 40 proyectos legislativos en su agenda para el segundo periodo de sesiones"}]},{"@type":"WebSite","@id":"https:\/\/quehacerpolitico.mx\/#website","url":"https:\/\/quehacerpolitico.mx\/","name":"","description":"","potentialAction":[{"@type":"SearchAction","target":{"@type":"EntryPoint","urlTemplate":"https:\/\/quehacerpolitico.mx\/?s={search_term_string}"},"query-input":{"@type":"PropertyValueSpecification","valueRequired":true,"valueName":"search_term_string"}}],"inLanguage":"es"},{"@type":"Person","@id":"https:\/\/quehacerpolitico.mx\/#\/schema\/person\/496d8ad2d1d3f8036101dca7ee39e585","name":"Redacci\u00f3n QP","image":{"@type":"ImageObject","inLanguage":"es","@id":"https:\/\/secure.gravatar.com\/avatar\/c7164ed6fdec453195284ad24a5ae5b6e1eed2b848477fa2a4787ba9adf39a41?s=96&d=mm&r=g","url":"https:\/\/secure.gravatar.com\/avatar\/c7164ed6fdec453195284ad24a5ae5b6e1eed2b848477fa2a4787ba9adf39a41?s=96&d=mm&r=g","contentUrl":"https:\/\/secure.gravatar.com\/avatar\/c7164ed6fdec453195284ad24a5ae5b6e1eed2b848477fa2a4787ba9adf39a41?s=96&d=mm&r=g","caption":"Redacci\u00f3n QP"},"url":"https:\/\/quehacerpolitico.mx\/?author=2"}]}},"featured_image_urls":{"full":"","thumbnail":"","medium":"","medium_large":"","large":"","1536x1536":"","2048x2048":"","covernews-featured":"","covernews-medium":""},"author_info":{"display_name":"Redacci\u00f3n QP","author_link":"https:\/\/quehacerpolitico.mx\/?author=2"},"category_info":"<a href=\"https:\/\/quehacerpolitico.mx\/?cat=55\" rel=\"category\">CDMX<\/a>","tag_info":"CDMX","comment_count":"0","_links":{"self":[{"href":"https:\/\/quehacerpolitico.mx\/index.php?rest_route=\/wp\/v2\/posts\/15588","targetHints":{"allow":["GET"]}}],"collection":[{"href":"https:\/\/quehacerpolitico.mx\/index.php?rest_route=\/wp\/v2\/posts"}],"about":[{"href":"https:\/\/quehacerpolitico.mx\/index.php?rest_route=\/wp\/v2\/types\/post"}],"author":[{"embeddable":true,"href":"https:\/\/quehacerpolitico.mx\/index.php?rest_route=\/wp\/v2\/users\/2"}],"replies":[{"embeddable":true,"href":"https:\/\/quehacerpolitico.mx\/index.php?rest_route=%2Fwp%2Fv2%2Fcomments&post=15588"}],"version-history":[{"count":0,"href":"https:\/\/quehacerpolitico.mx\/index.php?rest_route=\/wp\/v2\/posts\/15588\/revisions"}],"wp:featuredmedia":[{"embeddable":true,"href":"https:\/\/quehacerpolitico.mx\/index.php?rest_route=\/"}],"wp:attachment":[{"href":"https:\/\/quehacerpolitico.mx\/index.php?rest_route=%2Fwp%2Fv2%2Fmedia&parent=15588"}],"wp:term":[{"taxonomy":"category","embeddable":true,"href":"https:\/\/quehacerpolitico.mx\/index.php?rest_route=%2Fwp%2Fv2%2Fcategories&post=15588"},{"taxonomy":"post_tag","embeddable":true,"href":"https:\/\/quehacerpolitico.mx\/index.php?rest_route=%2Fwp%2Fv2%2Ftags&post=15588"}],"curies":[{"name":"wp","href":"https:\/\/api.w.org\/{rel}","templated":true}]}}