{"id":15584,"date":"2019-01-30T04:06:46","date_gmt":"2019-01-30T04:06:46","guid":{"rendered":"http:\/\/quehacerpolitico.mx\/el-plan-de-amlo-con-las-afores-es-riesgoso-si-se-pretende-financiar-infraestructura-dice-bloomberg\/"},"modified":"2019-01-30T04:06:46","modified_gmt":"2019-01-30T04:06:46","slug":"el-plan-de-amlo-con-las-afores-es-riesgoso-si-se-pretende-financiar-infraestructura-dice-bloomberg","status":"publish","type":"post","link":"https:\/\/quehacerpolitico.mx\/?p=15584","title":{"rendered":"El plan de AMLO con las afores es riesgoso si se pretende financiar infraestructura, dice Bloomberg"},"content":{"rendered":"<h1>El plan de AMLO con las afores es riesgoso si se pretende financiar infraestructura, dice <em>Bloomberg<\/em><\/h1>\n<p>Por Redacci\u00f3n QP<\/p>\n<p>La propuesta del Gobierno de <strong>Andr\u00e9s Manuel L\u00f3pez Obrador<\/strong> para permitir que los <strong>fondos de pensi\u00f3n<\/strong> inviertan en una lista m\u00e1s amplia de activos, podr\u00eda dirigir esos recursos hacia el financiamiento de proyectos de inter\u00e9s gubernamentales como la construcci\u00f3n del <strong>Tren Maya<\/strong> y la <strong>Refiner\u00eda en Dos Bocas<\/strong>, Tabasco, alertaron inversionistas consultados por<em> Bloomberg<\/em>.<\/p>\n<p>Este mismo d\u00eda,\u00a0<strong>Moody\u2019s destac\u00f3 que las din\u00e1micas de crecimiento negativas que varias calificadoras han dado para M\u00e9xico<\/strong>\u00a0generar\u00e1n presi\u00f3n al desempe\u00f1o fiscal de corto plazo del pa\u00eds.<\/p>\n<blockquote>\n<p>El economista en jefe para Am\u00e9rica Latina de ING Financial Markets, Gustavo Rangel, se\u00f1al\u00f3 a <em>Bloomberg<\/em> que \u201cla preocupaci\u00f3n es que esta podr\u00eda ser una manera de financiar proyectos de inter\u00e9s del Gobierno, para los cuales carece de fondos fiscales, pero que son pol\u00e9micos desde el punto de vista econ\u00f3mico\u201d.<\/p>\n<p>En este sentido, el administrador de dinero para Franklin Templeton en la Ciudad de M\u00e9xico, Luis Gonzali, a\u00f1adi\u00f3 que esta pr\u00e1ctica \u201cpodr\u00eda prestarse a pr\u00e1cticas coercitivas por parte de las autoridades para financiar proyectos gubernamentales\u201d.<\/p>\n<blockquote>\n<p>Pese a que la medida permitir\u00e1 una \u201cmayor diversificaci\u00f3n de las Afores\u201d, el estratega de Exotix, Rafael El\u00edas, consider\u00f3 que la administraci\u00f3n de L\u00f3pez Obrador podr\u00eda caer en la tentaci\u00f3n de usar los fondos de pensiones ante las preocupaciones monetarias por su ambicioso plan de Gobierno.<\/p>\n<\/blockquote>\n<div id=\"attachment_3529034\" class=\"wp-caption alignnone\"><img loading=\"lazy\" decoding=\"async\" class=\"size-full wp-image-3529034\" src=\"https:\/\/www.sinembargo.mx\/wp-content\/uploads\/2019\/01\/dd304a6e-4a34-4320-9cdc-e663369ebcf0.jpeg\" sizes=\"auto, (max-width: 700px) 100vw, 700px\" srcset=\"https:\/\/www.sinembargo.mx\/wp-content\/uploads\/2019\/01\/dd304a6e-4a34-4320-9cdc-e663369ebcf0.jpeg 700w, https:\/\/www.sinembargo.mx\/wp-content\/uploads\/2019\/01\/dd304a6e-4a34-4320-9cdc-e663369ebcf0-300x202.jpeg 300w\" alt=\"\" width=\"700\" height=\"471\" \/><\/p>\n<p class=\"wp-caption-text\">L\u00f3pez Obrador\u00a0 envi\u00f3 una iniciativa para modificar la Ley de los Sistemas de Ahorro para el Retiro. En la imagen se observa al Presidente entregando apoyos a j\u00f3venes y adultos mayores en el Estado de M\u00e9xico Foto: Artemio Guerra, Cuartoscuro.<\/p>\n<\/div>\n<p>El pasado mi\u00e9rcoles, el titular del Ejecutivo envi\u00f3 una iniciativa al Congreso de la Uni\u00f3n para modificar la Ley de los Sistemas de Ahorro para el Retiro. Los cambios propuestos plantean que estos fondos para el retiro se puedan emplear como mecanismos de inversi\u00f3n.<\/p>\n<p>Dentro de las medidas que contiene la iniciativa se encuentra la reducci\u00f3n de impuestos a las ganancias de las ofertas p\u00fablicas iniciales; as\u00ed como mayor flexibilizaci\u00f3n para que las Afores puedan ayudar a financiar inversiones como las Fibras, que son mecanismos creados para respaldar proyectos de construcci\u00f3n gubernamental y que ya funcionaron en M\u00e9xico con la construcci\u00f3n del Nuevo Aeropuerto Internacional de M\u00e9xico.<\/p>\n<p><strong>MOODY\u2019S ALERTA POR PRESI\u00d3N FISCAL<\/strong><\/p>\n<p>Luego de que varios organismos internacionales redujeran sus expectativas de crecimiento para M\u00e9xico en 2019 y 2020, entre ellos el Fondo Monetario Internacional (FMI), la calificadora <strong>Moody\u2019s coment\u00f3 que estas din\u00e1micas de crecimiento son negativas para M\u00e9xico<\/strong> porque a\u00f1adir\u00e1n presi\u00f3n a desempe\u00f1o fiscal de corto plazo del pa\u00eds.<\/p>\n<p>El pasado 21 de enero <strong>el FMI redujo sus previsiones para 2019 y 2020 a 2.1 por ciento y 2.2 por ciento<\/strong>, respectivamente, de 2.5 por ciento y 2.7 por ciento que estim\u00f3 en octubre. En este sentido, la calificadora detall\u00f3 que un menor crecimiento pondr\u00e1 a prueba la capacidad del gobierno mexicano para cumplir con los objetivos presupuestarios de 2019, mientras que el crecimiento se ve impulsado por el gasto p\u00fablico a partir de 2020 generar\u00e1 probablemente d\u00e9ficits m\u00e1s amplios del sector p\u00fablico.<\/p>\n<blockquote>\n<p>\u201cLa revisi\u00f3n a la baja del FMI a sus expectativas de crecimiento para M\u00e9xico est\u00e1 en l\u00ednea con un atenuaci\u00f3n de las perspectivas econ\u00f3micas de M\u00e9xico 2019-2020 compartidas por la mayor\u00eda de los participantes del mercado, incluidos nosotros, debido a una fuerte contracci\u00f3n de la inversi\u00f3n privada en el cuarto trimestre de 2018, que probablemente no se recuperar\u00e1 en 2019\u201d, advirti\u00f3 la calificadora.<\/p>\n<\/blockquote>\n<p>Adem\u00e1s del FMI, <strong>Bank of America, la Cepal, Credit Suisse<\/strong> y muchos otros grupos financieros, tambi\u00e9n han reducido las expectativas de crecimiento, tanto por amenazas externas, como la desaceleraci\u00f3n de la econom\u00eda global, como por algunos riesgos internos.<\/p>\n<p>Por lo que, Moody\u2019s indic\u00f3 que si bien es probable que el crecimiento se acelere en 2020, esto ser\u00eda impulsado por un mayor gasto social del gobierno y la inversi\u00f3n p\u00fablica, en lugar de un repunte en la inversi\u00f3n privada.<\/p>\n<blockquote>\n<p>\u201cCreemos que esta ca\u00edda en la inversi\u00f3n privada refleja una menor confianza de los inversores en la direcci\u00f3n de la pol\u00edtica y en general a condiciones de negocio en la nueva administraci\u00f3n que asumi\u00f3 el cargo en diciembre, despu\u00e9s de la cancelaci\u00f3n generalmente no anticipada del aeropuerto de la Ciudad de M\u00e9xico (Texcoco) a fines del a\u00f1o pasado\u201d, refiere a trav\u00e9s de un reporte.<\/p>\n<\/blockquote>\n<p>Adem\u00e1s, detall\u00f3 que estima que habr\u00e1 un sector manufacturero global menos din\u00e1mico, especialmente en los Estados Unidos- y altas tasas de contracci\u00f3n en los sectores de construcci\u00f3n y miner\u00eda dom\u00e9stica (principalmente relacionado con la disminuci\u00f3n en la petrolera estatal Pemex).<\/p>\n<blockquote>\n<p>Por otro lado, estima que la producci\u00f3n de petr\u00f3leo crudo, que la nueva administraci\u00f3n se ha comprometido a revertir, limitar\u00e1 a\u00fan m\u00e1s el dinamismo de la inversi\u00f3n en 2019. Y, si bien el consumo se mantiene crecimiento en 2018, esperamos que el consumo disminuya este a\u00f1o, dado que la inversi\u00f3n ha no recogido de nuevo.<\/p>\n<\/blockquote>\n<p>A pesar de las promesas gubernamentales de aumentar la inversi\u00f3n p\u00fablica y el gasto social, <strong>la calificadora no espera que lo invertido por el gobierno refleje un aumento real antes del 2020<\/strong>.<\/p>\n<p>Adem\u00e1s de que el presupuesto para este a\u00f1o incorpora un super\u00e1vit primario del 1 por ciento del PIB limitar\u00e1 el gasto, para dar cabida a las nuevas prioridades pol\u00edticas.<\/p>\n<p><em>Con informaci\u00f3n de Econom\u00edaHoy<\/em><\/p>\n<\/blockquote>\n","protected":false},"excerpt":{"rendered":"<p>El plan de AMLO con las afores es riesgoso si se pretende financiar infraestructura, dice Bloomberg<br \/>\nPor Redacci\u00f3n QP<\/p>\n","protected":false},"author":2,"featured_media":15583,"comment_status":"open","ping_status":"open","sticky":false,"template":"","format":"standard","meta":{"_monsterinsights_skip_tracking":false,"_monsterinsights_sitenote_active":false,"_monsterinsights_sitenote_note":"","_monsterinsights_sitenote_category":0,"footnotes":""},"categories":[2],"tags":[],"class_list":["post-15584","post","type-post","status-publish","format-standard","has-post-thumbnail","hentry","category-noticias"],"yoast_head":"<!-- This site is optimized with the Yoast SEO plugin v27.3 - https:\/\/yoast.com\/product\/yoast-seo-wordpress\/ -->\n<title>El plan de AMLO con las afores es riesgoso si se pretende financiar infraestructura, dice Bloomberg -<\/title>\n<meta name=\"robots\" content=\"index, follow, max-snippet:-1, max-image-preview:large, max-video-preview:-1\" \/>\n<link rel=\"canonical\" href=\"https:\/\/quehacerpolitico.mx\/?p=15584\" \/>\n<meta property=\"og:locale\" content=\"es_MX\" \/>\n<meta property=\"og:type\" content=\"article\" \/>\n<meta property=\"og:title\" content=\"El plan de AMLO con las afores es riesgoso si se pretende financiar infraestructura, dice Bloomberg -\" \/>\n<meta property=\"og:description\" content=\"El plan de AMLO con las afores es riesgoso si se pretende financiar infraestructura, dice Bloomberg Por Redacci\u00f3n QP\" \/>\n<meta property=\"og:url\" content=\"https:\/\/quehacerpolitico.mx\/?p=15584\" \/>\n<meta property=\"article:published_time\" content=\"2019-01-30T04:06:46+00:00\" \/>\n<meta name=\"author\" content=\"Redacci\u00f3n QP\" \/>\n<meta name=\"twitter:card\" content=\"summary_large_image\" \/>\n<meta name=\"twitter:label1\" content=\"Escrito por\" \/>\n\t<meta name=\"twitter:data1\" content=\"Redacci\u00f3n QP\" \/>\n\t<meta name=\"twitter:label2\" content=\"Tiempo de lectura\" \/>\n\t<meta name=\"twitter:data2\" content=\"5 minutos\" \/>\n<script type=\"application\/ld+json\" class=\"yoast-schema-graph\">{\"@context\":\"https:\\\/\\\/schema.org\",\"@graph\":[{\"@type\":\"Article\",\"@id\":\"https:\\\/\\\/quehacerpolitico.mx\\\/?p=15584#article\",\"isPartOf\":{\"@id\":\"https:\\\/\\\/quehacerpolitico.mx\\\/?p=15584\"},\"author\":{\"name\":\"Redacci\u00f3n QP\",\"@id\":\"https:\\\/\\\/quehacerpolitico.mx\\\/#\\\/schema\\\/person\\\/496d8ad2d1d3f8036101dca7ee39e585\"},\"headline\":\"El plan de AMLO con las afores es riesgoso si se pretende financiar infraestructura, dice Bloomberg\",\"datePublished\":\"2019-01-30T04:06:46+00:00\",\"mainEntityOfPage\":{\"@id\":\"https:\\\/\\\/quehacerpolitico.mx\\\/?p=15584\"},\"wordCount\":993,\"commentCount\":0,\"image\":{\"@id\":\"https:\\\/\\\/quehacerpolitico.mx\\\/?p=15584#primaryimage\"},\"thumbnailUrl\":\"\",\"articleSection\":[\"Noticias\"],\"inLanguage\":\"es\",\"potentialAction\":[{\"@type\":\"CommentAction\",\"name\":\"Comment\",\"target\":[\"https:\\\/\\\/quehacerpolitico.mx\\\/?p=15584#respond\"]}]},{\"@type\":\"WebPage\",\"@id\":\"https:\\\/\\\/quehacerpolitico.mx\\\/?p=15584\",\"url\":\"https:\\\/\\\/quehacerpolitico.mx\\\/?p=15584\",\"name\":\"El plan de AMLO con las afores es riesgoso si se pretende financiar infraestructura, dice Bloomberg -\",\"isPartOf\":{\"@id\":\"https:\\\/\\\/quehacerpolitico.mx\\\/#website\"},\"primaryImageOfPage\":{\"@id\":\"https:\\\/\\\/quehacerpolitico.mx\\\/?p=15584#primaryimage\"},\"image\":{\"@id\":\"https:\\\/\\\/quehacerpolitico.mx\\\/?p=15584#primaryimage\"},\"thumbnailUrl\":\"\",\"datePublished\":\"2019-01-30T04:06:46+00:00\",\"author\":{\"@id\":\"https:\\\/\\\/quehacerpolitico.mx\\\/#\\\/schema\\\/person\\\/496d8ad2d1d3f8036101dca7ee39e585\"},\"breadcrumb\":{\"@id\":\"https:\\\/\\\/quehacerpolitico.mx\\\/?p=15584#breadcrumb\"},\"inLanguage\":\"es\",\"potentialAction\":[{\"@type\":\"ReadAction\",\"target\":[\"https:\\\/\\\/quehacerpolitico.mx\\\/?p=15584\"]}]},{\"@type\":\"ImageObject\",\"inLanguage\":\"es\",\"@id\":\"https:\\\/\\\/quehacerpolitico.mx\\\/?p=15584#primaryimage\",\"url\":\"\",\"contentUrl\":\"\"},{\"@type\":\"BreadcrumbList\",\"@id\":\"https:\\\/\\\/quehacerpolitico.mx\\\/?p=15584#breadcrumb\",\"itemListElement\":[{\"@type\":\"ListItem\",\"position\":1,\"name\":\"Inicio\",\"item\":\"https:\\\/\\\/quehacerpolitico.mx\\\/\"},{\"@type\":\"ListItem\",\"position\":2,\"name\":\"El plan de AMLO con las afores es riesgoso si se pretende financiar infraestructura, dice Bloomberg\"}]},{\"@type\":\"WebSite\",\"@id\":\"https:\\\/\\\/quehacerpolitico.mx\\\/#website\",\"url\":\"https:\\\/\\\/quehacerpolitico.mx\\\/\",\"name\":\"\",\"description\":\"\",\"potentialAction\":[{\"@type\":\"SearchAction\",\"target\":{\"@type\":\"EntryPoint\",\"urlTemplate\":\"https:\\\/\\\/quehacerpolitico.mx\\\/?s={search_term_string}\"},\"query-input\":{\"@type\":\"PropertyValueSpecification\",\"valueRequired\":true,\"valueName\":\"search_term_string\"}}],\"inLanguage\":\"es\"},{\"@type\":\"Person\",\"@id\":\"https:\\\/\\\/quehacerpolitico.mx\\\/#\\\/schema\\\/person\\\/496d8ad2d1d3f8036101dca7ee39e585\",\"name\":\"Redacci\u00f3n QP\",\"image\":{\"@type\":\"ImageObject\",\"inLanguage\":\"es\",\"@id\":\"https:\\\/\\\/secure.gravatar.com\\\/avatar\\\/c7164ed6fdec453195284ad24a5ae5b6e1eed2b848477fa2a4787ba9adf39a41?s=96&d=mm&r=g\",\"url\":\"https:\\\/\\\/secure.gravatar.com\\\/avatar\\\/c7164ed6fdec453195284ad24a5ae5b6e1eed2b848477fa2a4787ba9adf39a41?s=96&d=mm&r=g\",\"contentUrl\":\"https:\\\/\\\/secure.gravatar.com\\\/avatar\\\/c7164ed6fdec453195284ad24a5ae5b6e1eed2b848477fa2a4787ba9adf39a41?s=96&d=mm&r=g\",\"caption\":\"Redacci\u00f3n QP\"},\"url\":\"https:\\\/\\\/quehacerpolitico.mx\\\/?author=2\"}]}<\/script>\n<!-- \/ Yoast SEO plugin. -->","yoast_head_json":{"title":"El plan de AMLO con las afores es riesgoso si se pretende financiar infraestructura, dice Bloomberg -","robots":{"index":"index","follow":"follow","max-snippet":"max-snippet:-1","max-image-preview":"max-image-preview:large","max-video-preview":"max-video-preview:-1"},"canonical":"https:\/\/quehacerpolitico.mx\/?p=15584","og_locale":"es_MX","og_type":"article","og_title":"El plan de AMLO con las afores es riesgoso si se pretende financiar infraestructura, dice Bloomberg -","og_description":"El plan de AMLO con las afores es riesgoso si se pretende financiar infraestructura, dice Bloomberg Por Redacci\u00f3n QP","og_url":"https:\/\/quehacerpolitico.mx\/?p=15584","article_published_time":"2019-01-30T04:06:46+00:00","author":"Redacci\u00f3n QP","twitter_card":"summary_large_image","twitter_misc":{"Escrito por":"Redacci\u00f3n QP","Tiempo de lectura":"5 minutos"},"schema":{"@context":"https:\/\/schema.org","@graph":[{"@type":"Article","@id":"https:\/\/quehacerpolitico.mx\/?p=15584#article","isPartOf":{"@id":"https:\/\/quehacerpolitico.mx\/?p=15584"},"author":{"name":"Redacci\u00f3n QP","@id":"https:\/\/quehacerpolitico.mx\/#\/schema\/person\/496d8ad2d1d3f8036101dca7ee39e585"},"headline":"El plan de AMLO con las afores es riesgoso si se pretende financiar infraestructura, dice Bloomberg","datePublished":"2019-01-30T04:06:46+00:00","mainEntityOfPage":{"@id":"https:\/\/quehacerpolitico.mx\/?p=15584"},"wordCount":993,"commentCount":0,"image":{"@id":"https:\/\/quehacerpolitico.mx\/?p=15584#primaryimage"},"thumbnailUrl":"","articleSection":["Noticias"],"inLanguage":"es","potentialAction":[{"@type":"CommentAction","name":"Comment","target":["https:\/\/quehacerpolitico.mx\/?p=15584#respond"]}]},{"@type":"WebPage","@id":"https:\/\/quehacerpolitico.mx\/?p=15584","url":"https:\/\/quehacerpolitico.mx\/?p=15584","name":"El plan de AMLO con las afores es riesgoso si se pretende financiar infraestructura, dice Bloomberg -","isPartOf":{"@id":"https:\/\/quehacerpolitico.mx\/#website"},"primaryImageOfPage":{"@id":"https:\/\/quehacerpolitico.mx\/?p=15584#primaryimage"},"image":{"@id":"https:\/\/quehacerpolitico.mx\/?p=15584#primaryimage"},"thumbnailUrl":"","datePublished":"2019-01-30T04:06:46+00:00","author":{"@id":"https:\/\/quehacerpolitico.mx\/#\/schema\/person\/496d8ad2d1d3f8036101dca7ee39e585"},"breadcrumb":{"@id":"https:\/\/quehacerpolitico.mx\/?p=15584#breadcrumb"},"inLanguage":"es","potentialAction":[{"@type":"ReadAction","target":["https:\/\/quehacerpolitico.mx\/?p=15584"]}]},{"@type":"ImageObject","inLanguage":"es","@id":"https:\/\/quehacerpolitico.mx\/?p=15584#primaryimage","url":"","contentUrl":""},{"@type":"BreadcrumbList","@id":"https:\/\/quehacerpolitico.mx\/?p=15584#breadcrumb","itemListElement":[{"@type":"ListItem","position":1,"name":"Inicio","item":"https:\/\/quehacerpolitico.mx\/"},{"@type":"ListItem","position":2,"name":"El plan de AMLO con las afores es riesgoso si se pretende financiar infraestructura, dice Bloomberg"}]},{"@type":"WebSite","@id":"https:\/\/quehacerpolitico.mx\/#website","url":"https:\/\/quehacerpolitico.mx\/","name":"","description":"","potentialAction":[{"@type":"SearchAction","target":{"@type":"EntryPoint","urlTemplate":"https:\/\/quehacerpolitico.mx\/?s={search_term_string}"},"query-input":{"@type":"PropertyValueSpecification","valueRequired":true,"valueName":"search_term_string"}}],"inLanguage":"es"},{"@type":"Person","@id":"https:\/\/quehacerpolitico.mx\/#\/schema\/person\/496d8ad2d1d3f8036101dca7ee39e585","name":"Redacci\u00f3n QP","image":{"@type":"ImageObject","inLanguage":"es","@id":"https:\/\/secure.gravatar.com\/avatar\/c7164ed6fdec453195284ad24a5ae5b6e1eed2b848477fa2a4787ba9adf39a41?s=96&d=mm&r=g","url":"https:\/\/secure.gravatar.com\/avatar\/c7164ed6fdec453195284ad24a5ae5b6e1eed2b848477fa2a4787ba9adf39a41?s=96&d=mm&r=g","contentUrl":"https:\/\/secure.gravatar.com\/avatar\/c7164ed6fdec453195284ad24a5ae5b6e1eed2b848477fa2a4787ba9adf39a41?s=96&d=mm&r=g","caption":"Redacci\u00f3n QP"},"url":"https:\/\/quehacerpolitico.mx\/?author=2"}]}},"featured_image_urls":{"full":"","thumbnail":"","medium":"","medium_large":"","large":"","1536x1536":"","2048x2048":"","covernews-featured":"","covernews-medium":""},"author_info":{"display_name":"Redacci\u00f3n QP","author_link":"https:\/\/quehacerpolitico.mx\/?author=2"},"category_info":"<a href=\"https:\/\/quehacerpolitico.mx\/?cat=2\" rel=\"category\">Noticias<\/a>","tag_info":"Noticias","comment_count":"0","_links":{"self":[{"href":"https:\/\/quehacerpolitico.mx\/index.php?rest_route=\/wp\/v2\/posts\/15584","targetHints":{"allow":["GET"]}}],"collection":[{"href":"https:\/\/quehacerpolitico.mx\/index.php?rest_route=\/wp\/v2\/posts"}],"about":[{"href":"https:\/\/quehacerpolitico.mx\/index.php?rest_route=\/wp\/v2\/types\/post"}],"author":[{"embeddable":true,"href":"https:\/\/quehacerpolitico.mx\/index.php?rest_route=\/wp\/v2\/users\/2"}],"replies":[{"embeddable":true,"href":"https:\/\/quehacerpolitico.mx\/index.php?rest_route=%2Fwp%2Fv2%2Fcomments&post=15584"}],"version-history":[{"count":0,"href":"https:\/\/quehacerpolitico.mx\/index.php?rest_route=\/wp\/v2\/posts\/15584\/revisions"}],"wp:featuredmedia":[{"embeddable":true,"href":"https:\/\/quehacerpolitico.mx\/index.php?rest_route=\/"}],"wp:attachment":[{"href":"https:\/\/quehacerpolitico.mx\/index.php?rest_route=%2Fwp%2Fv2%2Fmedia&parent=15584"}],"wp:term":[{"taxonomy":"category","embeddable":true,"href":"https:\/\/quehacerpolitico.mx\/index.php?rest_route=%2Fwp%2Fv2%2Fcategories&post=15584"},{"taxonomy":"post_tag","embeddable":true,"href":"https:\/\/quehacerpolitico.mx\/index.php?rest_route=%2Fwp%2Fv2%2Ftags&post=15584"}],"curies":[{"name":"wp","href":"https:\/\/api.w.org\/{rel}","templated":true}]}}