{"id":15580,"date":"2019-01-30T03:47:50","date_gmt":"2019-01-30T03:47:50","guid":{"rendered":"http:\/\/quehacerpolitico.mx\/fitch-baja-calificacion-a-pemex-por-generacion-negativa-y-subinversion-en-exploracion-y-produccion\/"},"modified":"2019-01-30T03:47:50","modified_gmt":"2019-01-30T03:47:50","slug":"fitch-baja-calificacion-a-pemex-por-generacion-negativa-y-subinversion-en-exploracion-y-produccion","status":"publish","type":"post","link":"https:\/\/quehacerpolitico.mx\/?p=15580","title":{"rendered":"Fitch baja calificaci\u00f3n a Pemex por \u201cgeneraci\u00f3n negativa\u201d y \u201csubinversi\u00f3n en exploraci\u00f3n y producci\u00f3n\u201d"},"content":{"rendered":"<h1>Fitch baja calificaci\u00f3n a Pemex por \u201cgeneraci\u00f3n negativa\u201d y \u201csubinversi\u00f3n en exploraci\u00f3n y producci\u00f3n\u201d<\/h1>\n<p>Por Redacci\u00f3n QP<\/p>\n<p>La <strong>calificadora Fitch<\/strong> emiti\u00f3 una <strong>baja<\/strong> en las <strong>calificaciones<\/strong>predeterminadas de emisoras en moneda local y extranjera a largo plazo de <strong>Petr\u00f3leos Mexicanos (Pemex)<\/strong> de BBB+ a BBB-, la cual es la nota m\u00e1s baja posible dentro del grado de inversi\u00f3n.<\/p>\n<p>Tambi\u00e9n baj\u00f3 la calificaci\u00f3n de largo plazo de la empresa productiva del Estado Petroleos Mexixcanos (Pemex) de a \u201cAA (mex)\u201d de \u201cAAA (mex)\u201d.<\/p>\n<p>Fitch destac\u00f3 que la baja en las calificaciones de Pemex refleja el deterioro continuo del perfil crediticio individual de la petrolera mexicana, como resultado de una generaci\u00f3n negativa junto con una subinversi\u00f3n en exploraci\u00f3n y producci\u00f3n.<\/p>\n<p>La calificadora refiri\u00f3 que el deterioro del perfil crediticio de Pemex la ha llevado a bajar su evaluaci\u00f3n sobre el incentivo por parte del Gobierno mexicano para apoyar a la compa\u00f1\u00eda lo que result\u00f3 en una calificaci\u00f3n internacional menor en dos niveles a la del soberano.<\/p>\n<p>En opini\u00f3n de Fitch, la medida recientemente anunciada por el Gobierno mexicano para apoyar a Pemex no es suficiente para contrarrestar el reciente deterioro en el perfil crediticio individual de la compa\u00f1\u00eda.<\/p>\n<p>Fitch contin\u00faa evaluando la fuerza de la propiedad y control del Gobierno hacia la compa\u00f1\u00eda como muy fuerte y el historial de soporte como moderado. La valoraci\u00f3n mencionada resulta de la extracci\u00f3n de cantidades importantes de fondos de Pemex por parte del Gobierno, lo que restringe la evaluaci\u00f3n de soporte de Fitch.<\/p>\n<p>Durante los \u00faltimos dos meses el Gobierno mexicano anunci\u00f3 una inyecci\u00f3n de capital por 25 mil millones de pesos, as\u00ed como una reducci\u00f3n en las transferencias al Gobierno por 11 mil millones de pesos en 2019 y que se espera que crezca a 66 mil millones para 2024.<\/p>\n<p>Fitch proyecta que la compa\u00f1\u00eda reporte un flujo negativo de entre 3 mil millones de d\u00f3lares y 4 mil millones de d\u00f3lares para 2018 y 2019. Este d\u00e9ficit en flujo de efectivo est\u00e1 subestimado y ser\u00eda significativamente mayor de entre 12 mil millones de d\u00f3lares y 17 mil millones de d\u00f3lares por a\u00f1o, incluye aproximadamente entre 9 mil millones de d\u00f3lares y 14 mil millones de d\u00f3lares anuales de inversi\u00f3n adicional, que es el monto que Fitch considera que se deber\u00eda de invertir para reponer reservas.<\/p>\n<p>Con Informaci\u00f3n de Econom\u00edaHoy\u00a0<\/p>\n","protected":false},"excerpt":{"rendered":"<p>Fitch baja calificaci\u00f3n a Pemex por \u201cgeneraci\u00f3n negativa\u201d y \u201csubinversi\u00f3n en exploraci\u00f3n y producci\u00f3n\u201d<br \/>\nPor Redacci\u00f3n QP<\/p>\n","protected":false},"author":2,"featured_media":15579,"comment_status":"open","ping_status":"open","sticky":false,"template":"","format":"standard","meta":{"_monsterinsights_skip_tracking":false,"_monsterinsights_sitenote_active":false,"_monsterinsights_sitenote_note":"","_monsterinsights_sitenote_category":0,"footnotes":""},"categories":[56],"tags":[],"class_list":["post-15580","post","type-post","status-publish","format-standard","has-post-thumbnail","hentry","category-economia"],"yoast_head":"<!-- This site is optimized with the Yoast SEO plugin v27.3 - https:\/\/yoast.com\/product\/yoast-seo-wordpress\/ -->\n<title>Fitch baja calificaci\u00f3n a Pemex por \u201cgeneraci\u00f3n negativa\u201d y \u201csubinversi\u00f3n en exploraci\u00f3n y producci\u00f3n\u201d -<\/title>\n<meta name=\"robots\" content=\"index, follow, max-snippet:-1, max-image-preview:large, max-video-preview:-1\" \/>\n<link rel=\"canonical\" href=\"https:\/\/quehacerpolitico.mx\/?p=15580\" \/>\n<meta property=\"og:locale\" content=\"es_MX\" \/>\n<meta property=\"og:type\" content=\"article\" \/>\n<meta property=\"og:title\" content=\"Fitch baja calificaci\u00f3n a Pemex por \u201cgeneraci\u00f3n negativa\u201d y \u201csubinversi\u00f3n en exploraci\u00f3n y producci\u00f3n\u201d -\" \/>\n<meta property=\"og:description\" content=\"Fitch baja calificaci\u00f3n a Pemex por \u201cgeneraci\u00f3n negativa\u201d y \u201csubinversi\u00f3n en exploraci\u00f3n y producci\u00f3n\u201d Por Redacci\u00f3n QP\" \/>\n<meta property=\"og:url\" content=\"https:\/\/quehacerpolitico.mx\/?p=15580\" \/>\n<meta property=\"article:published_time\" content=\"2019-01-30T03:47:50+00:00\" \/>\n<meta name=\"author\" content=\"Redacci\u00f3n QP\" \/>\n<meta name=\"twitter:card\" content=\"summary_large_image\" \/>\n<meta name=\"twitter:label1\" content=\"Escrito por\" \/>\n\t<meta name=\"twitter:data1\" content=\"Redacci\u00f3n QP\" \/>\n\t<meta name=\"twitter:label2\" content=\"Tiempo de lectura\" \/>\n\t<meta name=\"twitter:data2\" content=\"2 minutos\" \/>\n<script type=\"application\/ld+json\" class=\"yoast-schema-graph\">{\"@context\":\"https:\\\/\\\/schema.org\",\"@graph\":[{\"@type\":\"Article\",\"@id\":\"https:\\\/\\\/quehacerpolitico.mx\\\/?p=15580#article\",\"isPartOf\":{\"@id\":\"https:\\\/\\\/quehacerpolitico.mx\\\/?p=15580\"},\"author\":{\"name\":\"Redacci\u00f3n QP\",\"@id\":\"https:\\\/\\\/quehacerpolitico.mx\\\/#\\\/schema\\\/person\\\/496d8ad2d1d3f8036101dca7ee39e585\"},\"headline\":\"Fitch baja calificaci\u00f3n a Pemex por \u201cgeneraci\u00f3n negativa\u201d y \u201csubinversi\u00f3n en exploraci\u00f3n y producci\u00f3n\u201d\",\"datePublished\":\"2019-01-30T03:47:50+00:00\",\"mainEntityOfPage\":{\"@id\":\"https:\\\/\\\/quehacerpolitico.mx\\\/?p=15580\"},\"wordCount\":431,\"commentCount\":0,\"image\":{\"@id\":\"https:\\\/\\\/quehacerpolitico.mx\\\/?p=15580#primaryimage\"},\"thumbnailUrl\":\"\",\"articleSection\":[\"Econom\u00eda\"],\"inLanguage\":\"es\",\"potentialAction\":[{\"@type\":\"CommentAction\",\"name\":\"Comment\",\"target\":[\"https:\\\/\\\/quehacerpolitico.mx\\\/?p=15580#respond\"]}]},{\"@type\":\"WebPage\",\"@id\":\"https:\\\/\\\/quehacerpolitico.mx\\\/?p=15580\",\"url\":\"https:\\\/\\\/quehacerpolitico.mx\\\/?p=15580\",\"name\":\"Fitch baja calificaci\u00f3n a Pemex por \u201cgeneraci\u00f3n negativa\u201d y \u201csubinversi\u00f3n en exploraci\u00f3n y producci\u00f3n\u201d -\",\"isPartOf\":{\"@id\":\"https:\\\/\\\/quehacerpolitico.mx\\\/#website\"},\"primaryImageOfPage\":{\"@id\":\"https:\\\/\\\/quehacerpolitico.mx\\\/?p=15580#primaryimage\"},\"image\":{\"@id\":\"https:\\\/\\\/quehacerpolitico.mx\\\/?p=15580#primaryimage\"},\"thumbnailUrl\":\"\",\"datePublished\":\"2019-01-30T03:47:50+00:00\",\"author\":{\"@id\":\"https:\\\/\\\/quehacerpolitico.mx\\\/#\\\/schema\\\/person\\\/496d8ad2d1d3f8036101dca7ee39e585\"},\"breadcrumb\":{\"@id\":\"https:\\\/\\\/quehacerpolitico.mx\\\/?p=15580#breadcrumb\"},\"inLanguage\":\"es\",\"potentialAction\":[{\"@type\":\"ReadAction\",\"target\":[\"https:\\\/\\\/quehacerpolitico.mx\\\/?p=15580\"]}]},{\"@type\":\"ImageObject\",\"inLanguage\":\"es\",\"@id\":\"https:\\\/\\\/quehacerpolitico.mx\\\/?p=15580#primaryimage\",\"url\":\"\",\"contentUrl\":\"\"},{\"@type\":\"BreadcrumbList\",\"@id\":\"https:\\\/\\\/quehacerpolitico.mx\\\/?p=15580#breadcrumb\",\"itemListElement\":[{\"@type\":\"ListItem\",\"position\":1,\"name\":\"Inicio\",\"item\":\"https:\\\/\\\/quehacerpolitico.mx\\\/\"},{\"@type\":\"ListItem\",\"position\":2,\"name\":\"Fitch baja calificaci\u00f3n a Pemex por \u201cgeneraci\u00f3n negativa\u201d y \u201csubinversi\u00f3n en exploraci\u00f3n y producci\u00f3n\u201d\"}]},{\"@type\":\"WebSite\",\"@id\":\"https:\\\/\\\/quehacerpolitico.mx\\\/#website\",\"url\":\"https:\\\/\\\/quehacerpolitico.mx\\\/\",\"name\":\"\",\"description\":\"\",\"potentialAction\":[{\"@type\":\"SearchAction\",\"target\":{\"@type\":\"EntryPoint\",\"urlTemplate\":\"https:\\\/\\\/quehacerpolitico.mx\\\/?s={search_term_string}\"},\"query-input\":{\"@type\":\"PropertyValueSpecification\",\"valueRequired\":true,\"valueName\":\"search_term_string\"}}],\"inLanguage\":\"es\"},{\"@type\":\"Person\",\"@id\":\"https:\\\/\\\/quehacerpolitico.mx\\\/#\\\/schema\\\/person\\\/496d8ad2d1d3f8036101dca7ee39e585\",\"name\":\"Redacci\u00f3n QP\",\"image\":{\"@type\":\"ImageObject\",\"inLanguage\":\"es\",\"@id\":\"https:\\\/\\\/secure.gravatar.com\\\/avatar\\\/c7164ed6fdec453195284ad24a5ae5b6e1eed2b848477fa2a4787ba9adf39a41?s=96&d=mm&r=g\",\"url\":\"https:\\\/\\\/secure.gravatar.com\\\/avatar\\\/c7164ed6fdec453195284ad24a5ae5b6e1eed2b848477fa2a4787ba9adf39a41?s=96&d=mm&r=g\",\"contentUrl\":\"https:\\\/\\\/secure.gravatar.com\\\/avatar\\\/c7164ed6fdec453195284ad24a5ae5b6e1eed2b848477fa2a4787ba9adf39a41?s=96&d=mm&r=g\",\"caption\":\"Redacci\u00f3n QP\"},\"url\":\"https:\\\/\\\/quehacerpolitico.mx\\\/?author=2\"}]}<\/script>\n<!-- \/ Yoast SEO plugin. -->","yoast_head_json":{"title":"Fitch baja calificaci\u00f3n a Pemex por \u201cgeneraci\u00f3n negativa\u201d y \u201csubinversi\u00f3n en exploraci\u00f3n y producci\u00f3n\u201d -","robots":{"index":"index","follow":"follow","max-snippet":"max-snippet:-1","max-image-preview":"max-image-preview:large","max-video-preview":"max-video-preview:-1"},"canonical":"https:\/\/quehacerpolitico.mx\/?p=15580","og_locale":"es_MX","og_type":"article","og_title":"Fitch baja calificaci\u00f3n a Pemex por \u201cgeneraci\u00f3n negativa\u201d y \u201csubinversi\u00f3n en exploraci\u00f3n y producci\u00f3n\u201d -","og_description":"Fitch baja calificaci\u00f3n a Pemex por \u201cgeneraci\u00f3n negativa\u201d y \u201csubinversi\u00f3n en exploraci\u00f3n y producci\u00f3n\u201d Por Redacci\u00f3n QP","og_url":"https:\/\/quehacerpolitico.mx\/?p=15580","article_published_time":"2019-01-30T03:47:50+00:00","author":"Redacci\u00f3n QP","twitter_card":"summary_large_image","twitter_misc":{"Escrito por":"Redacci\u00f3n QP","Tiempo de lectura":"2 minutos"},"schema":{"@context":"https:\/\/schema.org","@graph":[{"@type":"Article","@id":"https:\/\/quehacerpolitico.mx\/?p=15580#article","isPartOf":{"@id":"https:\/\/quehacerpolitico.mx\/?p=15580"},"author":{"name":"Redacci\u00f3n QP","@id":"https:\/\/quehacerpolitico.mx\/#\/schema\/person\/496d8ad2d1d3f8036101dca7ee39e585"},"headline":"Fitch baja calificaci\u00f3n a Pemex por \u201cgeneraci\u00f3n negativa\u201d y \u201csubinversi\u00f3n en exploraci\u00f3n y producci\u00f3n\u201d","datePublished":"2019-01-30T03:47:50+00:00","mainEntityOfPage":{"@id":"https:\/\/quehacerpolitico.mx\/?p=15580"},"wordCount":431,"commentCount":0,"image":{"@id":"https:\/\/quehacerpolitico.mx\/?p=15580#primaryimage"},"thumbnailUrl":"","articleSection":["Econom\u00eda"],"inLanguage":"es","potentialAction":[{"@type":"CommentAction","name":"Comment","target":["https:\/\/quehacerpolitico.mx\/?p=15580#respond"]}]},{"@type":"WebPage","@id":"https:\/\/quehacerpolitico.mx\/?p=15580","url":"https:\/\/quehacerpolitico.mx\/?p=15580","name":"Fitch baja calificaci\u00f3n a Pemex por \u201cgeneraci\u00f3n negativa\u201d y \u201csubinversi\u00f3n en exploraci\u00f3n y producci\u00f3n\u201d -","isPartOf":{"@id":"https:\/\/quehacerpolitico.mx\/#website"},"primaryImageOfPage":{"@id":"https:\/\/quehacerpolitico.mx\/?p=15580#primaryimage"},"image":{"@id":"https:\/\/quehacerpolitico.mx\/?p=15580#primaryimage"},"thumbnailUrl":"","datePublished":"2019-01-30T03:47:50+00:00","author":{"@id":"https:\/\/quehacerpolitico.mx\/#\/schema\/person\/496d8ad2d1d3f8036101dca7ee39e585"},"breadcrumb":{"@id":"https:\/\/quehacerpolitico.mx\/?p=15580#breadcrumb"},"inLanguage":"es","potentialAction":[{"@type":"ReadAction","target":["https:\/\/quehacerpolitico.mx\/?p=15580"]}]},{"@type":"ImageObject","inLanguage":"es","@id":"https:\/\/quehacerpolitico.mx\/?p=15580#primaryimage","url":"","contentUrl":""},{"@type":"BreadcrumbList","@id":"https:\/\/quehacerpolitico.mx\/?p=15580#breadcrumb","itemListElement":[{"@type":"ListItem","position":1,"name":"Inicio","item":"https:\/\/quehacerpolitico.mx\/"},{"@type":"ListItem","position":2,"name":"Fitch baja calificaci\u00f3n a Pemex por \u201cgeneraci\u00f3n negativa\u201d y \u201csubinversi\u00f3n en exploraci\u00f3n y producci\u00f3n\u201d"}]},{"@type":"WebSite","@id":"https:\/\/quehacerpolitico.mx\/#website","url":"https:\/\/quehacerpolitico.mx\/","name":"","description":"","potentialAction":[{"@type":"SearchAction","target":{"@type":"EntryPoint","urlTemplate":"https:\/\/quehacerpolitico.mx\/?s={search_term_string}"},"query-input":{"@type":"PropertyValueSpecification","valueRequired":true,"valueName":"search_term_string"}}],"inLanguage":"es"},{"@type":"Person","@id":"https:\/\/quehacerpolitico.mx\/#\/schema\/person\/496d8ad2d1d3f8036101dca7ee39e585","name":"Redacci\u00f3n QP","image":{"@type":"ImageObject","inLanguage":"es","@id":"https:\/\/secure.gravatar.com\/avatar\/c7164ed6fdec453195284ad24a5ae5b6e1eed2b848477fa2a4787ba9adf39a41?s=96&d=mm&r=g","url":"https:\/\/secure.gravatar.com\/avatar\/c7164ed6fdec453195284ad24a5ae5b6e1eed2b848477fa2a4787ba9adf39a41?s=96&d=mm&r=g","contentUrl":"https:\/\/secure.gravatar.com\/avatar\/c7164ed6fdec453195284ad24a5ae5b6e1eed2b848477fa2a4787ba9adf39a41?s=96&d=mm&r=g","caption":"Redacci\u00f3n QP"},"url":"https:\/\/quehacerpolitico.mx\/?author=2"}]}},"featured_image_urls":{"full":"","thumbnail":"","medium":"","medium_large":"","large":"","1536x1536":"","2048x2048":"","covernews-featured":"","covernews-medium":""},"author_info":{"display_name":"Redacci\u00f3n QP","author_link":"https:\/\/quehacerpolitico.mx\/?author=2"},"category_info":"<a href=\"https:\/\/quehacerpolitico.mx\/?cat=56\" rel=\"category\">Econom\u00eda<\/a>","tag_info":"Econom\u00eda","comment_count":"0","_links":{"self":[{"href":"https:\/\/quehacerpolitico.mx\/index.php?rest_route=\/wp\/v2\/posts\/15580","targetHints":{"allow":["GET"]}}],"collection":[{"href":"https:\/\/quehacerpolitico.mx\/index.php?rest_route=\/wp\/v2\/posts"}],"about":[{"href":"https:\/\/quehacerpolitico.mx\/index.php?rest_route=\/wp\/v2\/types\/post"}],"author":[{"embeddable":true,"href":"https:\/\/quehacerpolitico.mx\/index.php?rest_route=\/wp\/v2\/users\/2"}],"replies":[{"embeddable":true,"href":"https:\/\/quehacerpolitico.mx\/index.php?rest_route=%2Fwp%2Fv2%2Fcomments&post=15580"}],"version-history":[{"count":0,"href":"https:\/\/quehacerpolitico.mx\/index.php?rest_route=\/wp\/v2\/posts\/15580\/revisions"}],"wp:featuredmedia":[{"embeddable":true,"href":"https:\/\/quehacerpolitico.mx\/index.php?rest_route=\/"}],"wp:attachment":[{"href":"https:\/\/quehacerpolitico.mx\/index.php?rest_route=%2Fwp%2Fv2%2Fmedia&parent=15580"}],"wp:term":[{"taxonomy":"category","embeddable":true,"href":"https:\/\/quehacerpolitico.mx\/index.php?rest_route=%2Fwp%2Fv2%2Fcategories&post=15580"},{"taxonomy":"post_tag","embeddable":true,"href":"https:\/\/quehacerpolitico.mx\/index.php?rest_route=%2Fwp%2Fv2%2Ftags&post=15580"}],"curies":[{"name":"wp","href":"https:\/\/api.w.org\/{rel}","templated":true}]}}