{"id":15523,"date":"2019-01-29T15:58:01","date_gmt":"2019-01-29T15:58:01","guid":{"rendered":"http:\/\/quehacerpolitico.mx\/carlos-salinas-es-el-padre-de-la-desigualdad-moderna-concesiones-a-antorcha-amlo\/"},"modified":"2019-01-29T15:58:01","modified_gmt":"2019-01-29T15:58:01","slug":"carlos-salinas-es-el-padre-de-la-desigualdad-moderna-concesiones-a-antorcha-amlo","status":"publish","type":"post","link":"https:\/\/quehacerpolitico.mx\/?p=15523","title":{"rendered":"Carlos Salinas es el padre de la desigualdad moderna, concesiones a Antorcha: AMLO"},"content":{"rendered":"<p>Carlos Salinas es el padre de la desigualdad moderna, concesiones a Antorcha: AMLO<\/p>\n<p>Por Redacci\u00f3n QP\u00a0<\/p>\n<p>El Presidente de M\u00e9xico, Andr\u00e9s Manuel L\u00f3pez Obrador, sostuvo que el ex mandatario Carlos Salinas de Gortari es el \u2018padre de la desigualdad moderna\u2019, pues fue durante su sexenio que esta problem\u00e1tica creci\u00f3 en el pa\u00eds.<\/p>\n<p>Aclarando que su comentario no era en sentido pol\u00edtico sino conceptual, el Ejecutivo federal aprovech\u00f3 el tema del neoliberalismo y la privatizaci\u00f3n de los bienes p\u00fablicos del pa\u00eds, para sacar a la luz el tema de los ex presidentes.<\/p>\n<p>Fue en noviembre de 2018, d\u00edas antes de asumir el cargo como Presidente Constitucional de los Estados Unidos Mexicanos, que destac\u00f3 que el ex mandatario priista privatiz\u00f3 y entreg\u00f3 bancos, minas, bienes p\u00fablicos y empresas a particulares cercanos a \u00e9l.<\/p>\n<blockquote>\n<p>\u201cBusquen en el diccionario que es privatizar y la definici\u00f3n es convertir lo p\u00fablico en privado. Eso fue los que hicieron. Para eso estaba el Gobierno y creci\u00f3 tambi\u00e9n como nuca la violencia\u201d, expres\u00f3 L\u00f3pez Obrador en su conferencia matutina.<\/p>\n<\/blockquote>\n<p>En este tenor hizo \u00e9nfasis en que cuando empez\u00f3 la pol\u00edtica de privatizaci\u00f3n se profundiz\u00f3 la desigualdad en M\u00e9xico como nunca, por lo que indic\u00f3 que estos se puede probar con estudios del Banco Mundial. \u201c\u00bfSaben en qu\u00e9 sexenio creci\u00f3 m\u00e1s? en el de Salinas\u201d.<\/p>\n<p>Hoy, dio a conocer que entre\u00a0contratos, concesiones y permisos\u00a0a nombre de miembros de la familia y de cercanos, la organizaci\u00f3n\u00a0Antorcha Campesina\u00a0teji\u00f3 una red alrededor de la\u00a0venta y transportaci\u00f3n de gasolinas. Esos beneficios se le empezaron a otorgar desde 2013, cuando Enrique Pe\u00f1a Nieto asumi\u00f3 la Presidencia, y algunos tienen vigencia hasta el a\u00f1o\u00a02045. De acuerdo con los datos ubicados en el POT\u00a0 y de la\u00a0Comisi\u00f3n Reguladora de Energ\u00eda\u00a0(CRE), esta organizaci\u00f3n tiene permisos para operar parques vehiculares de transporte a ductos de petrol\u00edferos y varias concesiones de franquicias para venta de gasolina de primera mano. S\u00f3lo seis de esas concesiones se dieron de manera p\u00fablicas o por concurso.<\/p>\n<p><strong>Se <\/strong>le pregunt\u00f3 al Presidente L\u00f3pez Obrador sobre la red de pipas y gasolineras de la que se hizo la organizaci\u00f3n Antorcha Campesina. \u201cTodo se est\u00e1 investigando, lo de el manejo de las estaciones de distribuci\u00f3n de combustible, de transporte, todo. Es una investigaci\u00f3n que se est\u00e1 haciendo. Incluso interviene en esto inteligencia financiera de Hacienda\u201d, asegur\u00f3. Precis\u00f3 que hay informaci\u00f3n que ya se est\u00e1 entregando a la Fiscal\u00eda General. Y asegur\u00f3 que el tema de Antorcha Campesina, como del robo de combustible, no es cosa exclusiva del sexenio pasado.<\/p>\n<p>\u201cLo de Antorcha campesina no es del sexenio pasado, ya tiene tiempo, Bueno, no es que yo este defendiendo al sexenio pasado, son pr\u00e1cticas que vienen de tiempo atr\u00e1s\u201d, indic\u00f3.<\/p>\n<p>Hoy tambi\u00e9n se inform\u00f3 que percepci\u00f3n mundial de que M\u00e9xico es un\u00a0pa\u00eds corrupto\u00a0va en aumento y es el\u00a0peor calificado\u00a0en este rubro de entre las naciones que conforman la OCDE y el\u00a0G20, de acuerdo con el \u00cdndice de Percepci\u00f3n de la Corrupci\u00f3n 2018\u00a0realizado por Transparencia Mexicana y Transparencia Internacional. M\u00e9xico obtuvo 28 puntos de 100 y se ubic\u00f3 en la posici\u00f3n 138 de 180 pa\u00edses evaluados. La calificaci\u00f3n de este a\u00f1o significa un retroceso de tres esca\u00f1os, el a\u00f1o pasado obtuvo 29 puntos de 100 y se encontraba en el lugar 135 de 180.<\/p>\n<p><strong>SOBRE CORRUPCI\u00d3N Y SALINAS: Se\u00a0<\/strong>le pregunt\u00f3 al Presidente sobre la ca\u00edda de M\u00e9xico en el \u00edndice de corrupci\u00f3n y sobre si no se piensa abrir investigaciones al respecto en el pa\u00eds. \u201cYo ya he hablado mucho de que todas las investigaciones que est\u00e1n en curso sobre delitos de corrupci\u00f3n; hechos de corrupci\u00f3n, dicen los abogados que no hay delitos de corrupci\u00f3n; tiene que continuar, no somos tapadera de nadie. Todas las investigaciones que est\u00e1n abiertas deben de definirse y castigarse a los responsables, que no haya impunidad. Ese es mi planteamiento\u201d, respondi\u00f3.<\/p>\n<blockquote>\n<p>Recalc\u00f3 que no quiere \u201ccaer en lo espectacular, como lo hac\u00edan antes: va a la c\u00e1rcel este pol\u00edtico, un pez gordo. Pura faramalla y segu\u00eda el r\u00e9gimen de corrupci\u00f3n. Son los chivos expiatorios, entonces ya basta con eso. Yo estoy haciendo una condena pol\u00edtica al sistema, al r\u00e9gimen neoliberal que fue un desastre para M\u00e9xico, porque no hubo ni siquiera crecimiento econ\u00f3mico, lo que hubo fue crecimiento en la pobreza\u201d.<\/p>\n<p>Dijo que M\u00e9xico cuando se comenz\u00f3 a medir el \u00edndice de corrupci\u00f3n no estaba en una mala posici\u00f3n, pero que ahora est\u00e1 en una de las peores. Sin embargo recalc\u00f3 que se trataba del Gobierno no de su gente. \u201cEsto que acabas de mencionar en los \u00edndices de corrupci\u00f3n es muy claro: vean c\u00f3mo est\u00e1bamos en corrupci\u00f3n cuando empezaron a medir, y c\u00f3mo estamos ahora. M\u00e9xico es de los pa\u00edses en el mundo con m\u00e1s corrupci\u00f3n. Aclaro, corrupci\u00f3n en la \u00e9lite y en el gobierno y no en el pueblo. Esa es la paradoja, M\u00e9xico es pueblo honesto\u201d, indic\u00f3. \u201cPoder econ\u00f3mico, poder pol\u00edtico, los dos poderes que se alimentan mutuamente, son de lo m\u00e1s corrupto, o eran de lo m\u00e1s corrupto, no el pueblo de M\u00e9xico\u201d, reafirm\u00f3. \u201cEsto es fruto podrido de la pol\u00edtica neoliberal, que fue una pol\u00edtica de saqueo\u201d.<\/p>\n<blockquote>\n<p>L\u00f3pez Obrador habl\u00f3 sobre la privatizaci\u00f3n en el pa\u00eds y la desigualdad. Llam\u00f3 al ex Presidente Carlos Salinas de Gortari como el \u201cpadre de la desigualdad moderna\u201d.<\/p>\n<\/blockquote>\n<p>\u201cBusquen en el diccionario qu\u00e9 es privatizar. Y la definici\u00f3n es convertir lo p\u00fablico en lo privado, eso fue lo que hicieron. Y creci\u00f3 tambi\u00e9n como nunca la violencia. Creci\u00f3 la desigualdad, cuando empez\u00f3 la pol\u00edtica de privatizaci\u00f3n, creci\u00f3 la desigualdad en M\u00e9xico. Y se puede probar\u201d, dijo. \u201c\u00bfSaben en qu\u00e9 sexenio creci\u00f3 m\u00e1s la desigualdad. En el sexenio de Salinas. Salinas es el padre de la desigualdad moderna. M\u00e1s pobreza, m\u00e1s corrupci\u00f3n, m\u00e1s violencia. Mi condena es al r\u00e9gimen\u201d.<\/p>\n<p>Se\u00f1al\u00f3 que si se quiere sancionar o enjuiciar a responsables, su Gobierno ir\u00e1 por los de arriba. \u201cA los que impulsaron el modelo, quienes estaban a la cabeza de los gobiernos\u201d, dijo. \u201cImag\u00ednense el da\u00f1o que causaron quienes solaparon este r\u00e9gimen de corrupci\u00f3n, de injusticias, de privilegios. Esta pol\u00edtica antipopular, entreguista. A quienes hasta les pagaban por aplaudir\u201d. Se\u00f1al\u00f3 que todav\u00eda \u201chay algunos\u201d que siguen defendiendo la pol\u00edtica neoliberal.<\/p>\n<p><strong>SOBRE EL \u201cNI\u00d1O VERDE\u201d Y LAS PLURINOMINALES: <\/strong><\/p>\n<p>Tambi\u00e9n se le cuestion\u00f3 al Presidente sobre los legisladores plurinominales y si buscar\u00e1 que se acaban. \u201cEso tiene que ser una reforma que haga el mismo Congreso, o proponerlo nosotros. Pero yo pienso que esas reformas podr\u00edan llevarse a cabo a la mitad del sexenio. Necesitamos terminar cuestiones que est\u00e1n pendientes, por ejemplo, quitar el fuero\u201d, respondi\u00f3 L\u00f3pez Obrador. Y dijo que no sabe por qu\u00e9 raz\u00f3n la C\u00e1mara de Diputados no ha aprobado que se le quite el fuero al Presidente.<\/p>\n<blockquote>\n<p>\u201cNos falta la aprobaci\u00f3n de la Ley de Austeridad; falta la modificaci\u00f3n para que las consultas p\u00fablicas sean ampl\u00edas, se quiten candados y tengan car\u00e1cter vinculatorio. Falta tambi\u00e9n que se apruebe lo de la revocaci\u00f3n de mandato. Yo hice el compromiso de que a los tres a\u00f1os me voy a someter a la revocaci\u00f3n de mandato\u201d, a\u00f1adi\u00f3. \u201cSi los legisladores no reforman la Constituci\u00f3n, de todas maneras, de manera independiente, con ciudadanos se vaya a llevar a cabo la consulta para la revocaci\u00f3n de mandato. Esto tambi\u00e9n no descarta el que se quiten a los plurinominales, el Poder Legislativo ha dado un buen ejemplo, esta legislatura, empezando por la diminuci\u00f3n del gasto\u201d.<\/p>\n<\/blockquote>\n<p>Dijo que ambas c\u00e1maras a parte de que han aprobado leyes importantes, los legisladores ya ganan menos que los anteriores y disminuyeron un 25 por ciento el presupuesto del Congreso.<\/p>\n<blockquote class=\"twitter-tweet\" data-width=\"550\" data-dnt=\"true\">\n<p lang=\"es\" dir=\"ltr\">Conferencia matutina en vivo desde Palacio Nacional. <a href=\"https:\/\/t.co\/BcyYLTUcPv\">https:\/\/t.co\/BcyYLTUcPv<\/a><\/p>\n<p>&mdash; Andr\u00e9s Manuel (@lopezobrador_) <a href=\"https:\/\/twitter.com\/lopezobrador_\/status\/1090235598919499781?ref_src=twsrc%5Etfw\">January 29, 2019<\/a><\/p><\/blockquote>\n<p><script async src=\"https:\/\/platform.twitter.com\/widgets.js\" charset=\"utf-8\"><\/script><\/p>\n<\/blockquote>\n","protected":false},"excerpt":{"rendered":"<p>Carlos Salinas es el padre de la desigualdad moderna, concesiones a Antorcha: AMLO<br \/>\nPor Redacci\u00f3n QP<\/p>\n","protected":false},"author":2,"featured_media":15522,"comment_status":"open","ping_status":"open","sticky":false,"template":"","format":"standard","meta":{"_monsterinsights_skip_tracking":false,"_monsterinsights_sitenote_active":false,"_monsterinsights_sitenote_note":"","_monsterinsights_sitenote_category":0,"footnotes":""},"categories":[2],"tags":[],"class_list":["post-15523","post","type-post","status-publish","format-standard","has-post-thumbnail","hentry","category-noticias"],"yoast_head":"<!-- This site is optimized with the Yoast SEO plugin v27.3 - https:\/\/yoast.com\/product\/yoast-seo-wordpress\/ -->\n<title>Carlos Salinas es el padre de la desigualdad moderna, concesiones a Antorcha: AMLO -<\/title>\n<meta name=\"robots\" content=\"index, follow, max-snippet:-1, max-image-preview:large, max-video-preview:-1\" \/>\n<link rel=\"canonical\" href=\"https:\/\/quehacerpolitico.mx\/?p=15523\" \/>\n<meta property=\"og:locale\" content=\"es_MX\" \/>\n<meta property=\"og:type\" content=\"article\" \/>\n<meta property=\"og:title\" content=\"Carlos Salinas es el padre de la desigualdad moderna, concesiones a Antorcha: AMLO -\" \/>\n<meta property=\"og:description\" content=\"Carlos Salinas es el padre de la desigualdad moderna, concesiones a Antorcha: AMLO Por Redacci\u00f3n QP\" \/>\n<meta property=\"og:url\" content=\"https:\/\/quehacerpolitico.mx\/?p=15523\" \/>\n<meta property=\"article:published_time\" content=\"2019-01-29T15:58:01+00:00\" \/>\n<meta name=\"author\" content=\"Redacci\u00f3n QP\" \/>\n<meta name=\"twitter:card\" content=\"summary_large_image\" \/>\n<meta name=\"twitter:label1\" content=\"Escrito por\" \/>\n\t<meta name=\"twitter:data1\" content=\"Redacci\u00f3n QP\" \/>\n\t<meta name=\"twitter:label2\" content=\"Tiempo de lectura\" \/>\n\t<meta name=\"twitter:data2\" content=\"7 minutos\" \/>\n<script type=\"application\/ld+json\" class=\"yoast-schema-graph\">{\"@context\":\"https:\\\/\\\/schema.org\",\"@graph\":[{\"@type\":\"Article\",\"@id\":\"https:\\\/\\\/quehacerpolitico.mx\\\/?p=15523#article\",\"isPartOf\":{\"@id\":\"https:\\\/\\\/quehacerpolitico.mx\\\/?p=15523\"},\"author\":{\"name\":\"Redacci\u00f3n QP\",\"@id\":\"https:\\\/\\\/quehacerpolitico.mx\\\/#\\\/schema\\\/person\\\/496d8ad2d1d3f8036101dca7ee39e585\"},\"headline\":\"Carlos Salinas es el padre de la desigualdad moderna, concesiones a Antorcha: AMLO\",\"datePublished\":\"2019-01-29T15:58:01+00:00\",\"mainEntityOfPage\":{\"@id\":\"https:\\\/\\\/quehacerpolitico.mx\\\/?p=15523\"},\"wordCount\":1405,\"commentCount\":0,\"image\":{\"@id\":\"https:\\\/\\\/quehacerpolitico.mx\\\/?p=15523#primaryimage\"},\"thumbnailUrl\":\"\",\"articleSection\":[\"Noticias\"],\"inLanguage\":\"es\",\"potentialAction\":[{\"@type\":\"CommentAction\",\"name\":\"Comment\",\"target\":[\"https:\\\/\\\/quehacerpolitico.mx\\\/?p=15523#respond\"]}]},{\"@type\":\"WebPage\",\"@id\":\"https:\\\/\\\/quehacerpolitico.mx\\\/?p=15523\",\"url\":\"https:\\\/\\\/quehacerpolitico.mx\\\/?p=15523\",\"name\":\"Carlos Salinas es el padre de la desigualdad moderna, concesiones a Antorcha: AMLO -\",\"isPartOf\":{\"@id\":\"https:\\\/\\\/quehacerpolitico.mx\\\/#website\"},\"primaryImageOfPage\":{\"@id\":\"https:\\\/\\\/quehacerpolitico.mx\\\/?p=15523#primaryimage\"},\"image\":{\"@id\":\"https:\\\/\\\/quehacerpolitico.mx\\\/?p=15523#primaryimage\"},\"thumbnailUrl\":\"\",\"datePublished\":\"2019-01-29T15:58:01+00:00\",\"author\":{\"@id\":\"https:\\\/\\\/quehacerpolitico.mx\\\/#\\\/schema\\\/person\\\/496d8ad2d1d3f8036101dca7ee39e585\"},\"breadcrumb\":{\"@id\":\"https:\\\/\\\/quehacerpolitico.mx\\\/?p=15523#breadcrumb\"},\"inLanguage\":\"es\",\"potentialAction\":[{\"@type\":\"ReadAction\",\"target\":[\"https:\\\/\\\/quehacerpolitico.mx\\\/?p=15523\"]}]},{\"@type\":\"ImageObject\",\"inLanguage\":\"es\",\"@id\":\"https:\\\/\\\/quehacerpolitico.mx\\\/?p=15523#primaryimage\",\"url\":\"\",\"contentUrl\":\"\"},{\"@type\":\"BreadcrumbList\",\"@id\":\"https:\\\/\\\/quehacerpolitico.mx\\\/?p=15523#breadcrumb\",\"itemListElement\":[{\"@type\":\"ListItem\",\"position\":1,\"name\":\"Inicio\",\"item\":\"https:\\\/\\\/quehacerpolitico.mx\\\/\"},{\"@type\":\"ListItem\",\"position\":2,\"name\":\"Carlos Salinas es el padre de la desigualdad moderna, concesiones a Antorcha: AMLO\"}]},{\"@type\":\"WebSite\",\"@id\":\"https:\\\/\\\/quehacerpolitico.mx\\\/#website\",\"url\":\"https:\\\/\\\/quehacerpolitico.mx\\\/\",\"name\":\"\",\"description\":\"\",\"potentialAction\":[{\"@type\":\"SearchAction\",\"target\":{\"@type\":\"EntryPoint\",\"urlTemplate\":\"https:\\\/\\\/quehacerpolitico.mx\\\/?s={search_term_string}\"},\"query-input\":{\"@type\":\"PropertyValueSpecification\",\"valueRequired\":true,\"valueName\":\"search_term_string\"}}],\"inLanguage\":\"es\"},{\"@type\":\"Person\",\"@id\":\"https:\\\/\\\/quehacerpolitico.mx\\\/#\\\/schema\\\/person\\\/496d8ad2d1d3f8036101dca7ee39e585\",\"name\":\"Redacci\u00f3n QP\",\"image\":{\"@type\":\"ImageObject\",\"inLanguage\":\"es\",\"@id\":\"https:\\\/\\\/secure.gravatar.com\\\/avatar\\\/c7164ed6fdec453195284ad24a5ae5b6e1eed2b848477fa2a4787ba9adf39a41?s=96&d=mm&r=g\",\"url\":\"https:\\\/\\\/secure.gravatar.com\\\/avatar\\\/c7164ed6fdec453195284ad24a5ae5b6e1eed2b848477fa2a4787ba9adf39a41?s=96&d=mm&r=g\",\"contentUrl\":\"https:\\\/\\\/secure.gravatar.com\\\/avatar\\\/c7164ed6fdec453195284ad24a5ae5b6e1eed2b848477fa2a4787ba9adf39a41?s=96&d=mm&r=g\",\"caption\":\"Redacci\u00f3n QP\"},\"url\":\"https:\\\/\\\/quehacerpolitico.mx\\\/?author=2\"}]}<\/script>\n<!-- \/ Yoast SEO plugin. -->","yoast_head_json":{"title":"Carlos Salinas es el padre de la desigualdad moderna, concesiones a Antorcha: AMLO -","robots":{"index":"index","follow":"follow","max-snippet":"max-snippet:-1","max-image-preview":"max-image-preview:large","max-video-preview":"max-video-preview:-1"},"canonical":"https:\/\/quehacerpolitico.mx\/?p=15523","og_locale":"es_MX","og_type":"article","og_title":"Carlos Salinas es el padre de la desigualdad moderna, concesiones a Antorcha: AMLO -","og_description":"Carlos Salinas es el padre de la desigualdad moderna, concesiones a Antorcha: AMLO Por Redacci\u00f3n QP","og_url":"https:\/\/quehacerpolitico.mx\/?p=15523","article_published_time":"2019-01-29T15:58:01+00:00","author":"Redacci\u00f3n QP","twitter_card":"summary_large_image","twitter_misc":{"Escrito por":"Redacci\u00f3n QP","Tiempo de lectura":"7 minutos"},"schema":{"@context":"https:\/\/schema.org","@graph":[{"@type":"Article","@id":"https:\/\/quehacerpolitico.mx\/?p=15523#article","isPartOf":{"@id":"https:\/\/quehacerpolitico.mx\/?p=15523"},"author":{"name":"Redacci\u00f3n QP","@id":"https:\/\/quehacerpolitico.mx\/#\/schema\/person\/496d8ad2d1d3f8036101dca7ee39e585"},"headline":"Carlos Salinas es el padre de la desigualdad moderna, concesiones a Antorcha: AMLO","datePublished":"2019-01-29T15:58:01+00:00","mainEntityOfPage":{"@id":"https:\/\/quehacerpolitico.mx\/?p=15523"},"wordCount":1405,"commentCount":0,"image":{"@id":"https:\/\/quehacerpolitico.mx\/?p=15523#primaryimage"},"thumbnailUrl":"","articleSection":["Noticias"],"inLanguage":"es","potentialAction":[{"@type":"CommentAction","name":"Comment","target":["https:\/\/quehacerpolitico.mx\/?p=15523#respond"]}]},{"@type":"WebPage","@id":"https:\/\/quehacerpolitico.mx\/?p=15523","url":"https:\/\/quehacerpolitico.mx\/?p=15523","name":"Carlos Salinas es el padre de la desigualdad moderna, concesiones a Antorcha: AMLO -","isPartOf":{"@id":"https:\/\/quehacerpolitico.mx\/#website"},"primaryImageOfPage":{"@id":"https:\/\/quehacerpolitico.mx\/?p=15523#primaryimage"},"image":{"@id":"https:\/\/quehacerpolitico.mx\/?p=15523#primaryimage"},"thumbnailUrl":"","datePublished":"2019-01-29T15:58:01+00:00","author":{"@id":"https:\/\/quehacerpolitico.mx\/#\/schema\/person\/496d8ad2d1d3f8036101dca7ee39e585"},"breadcrumb":{"@id":"https:\/\/quehacerpolitico.mx\/?p=15523#breadcrumb"},"inLanguage":"es","potentialAction":[{"@type":"ReadAction","target":["https:\/\/quehacerpolitico.mx\/?p=15523"]}]},{"@type":"ImageObject","inLanguage":"es","@id":"https:\/\/quehacerpolitico.mx\/?p=15523#primaryimage","url":"","contentUrl":""},{"@type":"BreadcrumbList","@id":"https:\/\/quehacerpolitico.mx\/?p=15523#breadcrumb","itemListElement":[{"@type":"ListItem","position":1,"name":"Inicio","item":"https:\/\/quehacerpolitico.mx\/"},{"@type":"ListItem","position":2,"name":"Carlos Salinas es el padre de la desigualdad moderna, concesiones a Antorcha: AMLO"}]},{"@type":"WebSite","@id":"https:\/\/quehacerpolitico.mx\/#website","url":"https:\/\/quehacerpolitico.mx\/","name":"","description":"","potentialAction":[{"@type":"SearchAction","target":{"@type":"EntryPoint","urlTemplate":"https:\/\/quehacerpolitico.mx\/?s={search_term_string}"},"query-input":{"@type":"PropertyValueSpecification","valueRequired":true,"valueName":"search_term_string"}}],"inLanguage":"es"},{"@type":"Person","@id":"https:\/\/quehacerpolitico.mx\/#\/schema\/person\/496d8ad2d1d3f8036101dca7ee39e585","name":"Redacci\u00f3n QP","image":{"@type":"ImageObject","inLanguage":"es","@id":"https:\/\/secure.gravatar.com\/avatar\/c7164ed6fdec453195284ad24a5ae5b6e1eed2b848477fa2a4787ba9adf39a41?s=96&d=mm&r=g","url":"https:\/\/secure.gravatar.com\/avatar\/c7164ed6fdec453195284ad24a5ae5b6e1eed2b848477fa2a4787ba9adf39a41?s=96&d=mm&r=g","contentUrl":"https:\/\/secure.gravatar.com\/avatar\/c7164ed6fdec453195284ad24a5ae5b6e1eed2b848477fa2a4787ba9adf39a41?s=96&d=mm&r=g","caption":"Redacci\u00f3n QP"},"url":"https:\/\/quehacerpolitico.mx\/?author=2"}]}},"featured_image_urls":{"full":"","thumbnail":"","medium":"","medium_large":"","large":"","1536x1536":"","2048x2048":"","covernews-featured":"","covernews-medium":""},"author_info":{"display_name":"Redacci\u00f3n QP","author_link":"https:\/\/quehacerpolitico.mx\/?author=2"},"category_info":"<a href=\"https:\/\/quehacerpolitico.mx\/?cat=2\" rel=\"category\">Noticias<\/a>","tag_info":"Noticias","comment_count":"0","_links":{"self":[{"href":"https:\/\/quehacerpolitico.mx\/index.php?rest_route=\/wp\/v2\/posts\/15523","targetHints":{"allow":["GET"]}}],"collection":[{"href":"https:\/\/quehacerpolitico.mx\/index.php?rest_route=\/wp\/v2\/posts"}],"about":[{"href":"https:\/\/quehacerpolitico.mx\/index.php?rest_route=\/wp\/v2\/types\/post"}],"author":[{"embeddable":true,"href":"https:\/\/quehacerpolitico.mx\/index.php?rest_route=\/wp\/v2\/users\/2"}],"replies":[{"embeddable":true,"href":"https:\/\/quehacerpolitico.mx\/index.php?rest_route=%2Fwp%2Fv2%2Fcomments&post=15523"}],"version-history":[{"count":0,"href":"https:\/\/quehacerpolitico.mx\/index.php?rest_route=\/wp\/v2\/posts\/15523\/revisions"}],"wp:featuredmedia":[{"embeddable":true,"href":"https:\/\/quehacerpolitico.mx\/index.php?rest_route=\/"}],"wp:attachment":[{"href":"https:\/\/quehacerpolitico.mx\/index.php?rest_route=%2Fwp%2Fv2%2Fmedia&parent=15523"}],"wp:term":[{"taxonomy":"category","embeddable":true,"href":"https:\/\/quehacerpolitico.mx\/index.php?rest_route=%2Fwp%2Fv2%2Fcategories&post=15523"},{"taxonomy":"post_tag","embeddable":true,"href":"https:\/\/quehacerpolitico.mx\/index.php?rest_route=%2Fwp%2Fv2%2Ftags&post=15523"}],"curies":[{"name":"wp","href":"https:\/\/api.w.org\/{rel}","templated":true}]}}