{"id":15471,"date":"2019-01-29T03:47:05","date_gmt":"2019-01-29T03:47:05","guid":{"rendered":"http:\/\/quehacerpolitico.mx\/se-deslinda-cenart-gobierno-de-epn-organizo-festejo-de-toma-de-protesta-de-amlo-en-el-zocalo\/"},"modified":"2019-01-29T03:47:05","modified_gmt":"2019-01-29T03:47:05","slug":"se-deslinda-cenart-gobierno-de-epn-organizo-festejo-de-toma-de-protesta-de-amlo-en-el-zocalo","status":"publish","type":"post","link":"https:\/\/quehacerpolitico.mx\/?p=15471","title":{"rendered":"Se deslinda Cenart: Gobierno de EPN organiz\u00f3 festejo de toma de protesta de AMLO en el Z\u00f3calo"},"content":{"rendered":"<h1 class=\"amp-wp-title\">Se deslinda Cenart: Gobierno de EPN organiz\u00f3 festejo de toma de protesta de AMLO en el Z\u00f3calo<\/h1>\n<p>Por Redacci\u00f3n QP<\/p>\n<p>La fiesta millonaria con la que Andr\u00e9s Manuel L\u00f3pez Obrador inici\u00f3 su gesti\u00f3n al frente de la Presidencia de los Estados Unidos Mexicanos, la organiz\u00f3 el Gobierno de Enrique Pe\u00f1a Nieto, sostuvo el Centro Nacional de las Artes (Cenart), principal instancia federal de llevar a cabo el evento del 01 de diciembre.<\/p>\n<p>Luego de que esta casa editorial revelara que el festejo cost\u00f3 a los mexicanos 8.9 millones de pesos, 5.1 millones de pesos m\u00e1s de lo que se pag\u00f3 por el llamado #AMLOfest en el Estadio Azteca, la dependencia de la Secretar\u00eda de Cultura detall\u00f3 que los servicios los sign\u00f3 la anterior Directora General de Administraci\u00f3n, Mar\u00eda Eugenia Araizaga Caloca.<\/p>\n<p>En respuesta a la publicaci\u00f3n a una publicaci\u00f3n\u00a0el Cenart detall\u00f3 que los servicios se contrataron mediante el instrumento <strong>SC\/CENART\/PS\/03280\/18<\/strong>, y fue Araizaga Caloca quien hizo entrega de su despacho y asuntos pendientes al nuevo titular del \u00e1rea, Hugo Fernando Huesca Graciano.<\/p>\n<p>Sostiene que la gesti\u00f3n del evento se inici\u00f3 con casi un mes de antelaci\u00f3n, cuyo montaje y prestaci\u00f3n efectiva de los servicios ser\u00eda a partir del 26 de noviembre, incluso, afirm\u00f3 que Cenart contaba con la posibilidad de financiar ese tipo de servicios, adem\u00e1s de que el contrato se hab\u00eda hecho con un proveedor previamente seleccionado por licitaci\u00f3n.<\/p>\n<h3><strong>-Equipos de transici\u00f3n, la clave-<\/strong><\/h3>\n<p>Aunque no es claro el proceso de licitaci\u00f3n del proveedor, se sabe que la producci\u00f3n del festejo estuvo a cargo de la empresa <strong>SARA Producci\u00f3n<\/strong>, misma que ha organizado eventos para Felipe Calder\u00f3n y Enrique Pe\u00f1a Nieto.<\/p>\n<p>En este tenor, se desconoce el acercamiento, acuerdos e informaci\u00f3n que intercambiaron los equipos de transici\u00f3n de la Secretar\u00eda de Cultura, quienes comenzaron gestiones desde agosto de 2018, tiempo suficiente para abordar el tema del costo que se har\u00eda para el festejo de Andr\u00e9s Manuel L\u00f3pez Obrador en el Z\u00f3calo.<\/p>\n<p>Cabe precisar que los servicios se contrataron para el 1 de diciembre, en un horario de 11:00 a 22:00 horas, y el montaje del escenario comenz\u00f3 el 26 de noviembre, cinco d\u00edas antes de la toma de protesta de AMLO; sin embargo, la factura a nombre de la dependencia federal se emiti\u00f3 hasta el 18 de diciembre.<\/p>\n","protected":false},"excerpt":{"rendered":"<p>Se deslinda Cenart: Gobierno de EPN organiz\u00f3 festejo de toma de protesta de AMLO en el Z\u00f3calo<br \/>\nPor Redacci\u00f3n QP<\/p>\n","protected":false},"author":2,"featured_media":15470,"comment_status":"open","ping_status":"open","sticky":false,"template":"","format":"standard","meta":{"_monsterinsights_skip_tracking":false,"_monsterinsights_sitenote_active":false,"_monsterinsights_sitenote_note":"","_monsterinsights_sitenote_category":0,"footnotes":""},"categories":[2],"tags":[],"class_list":["post-15471","post","type-post","status-publish","format-standard","has-post-thumbnail","hentry","category-noticias"],"yoast_head":"<!-- This site is optimized with the Yoast SEO plugin v27.3 - https:\/\/yoast.com\/product\/yoast-seo-wordpress\/ -->\n<title>Se deslinda Cenart: Gobierno de EPN organiz\u00f3 festejo de toma de protesta de AMLO en el Z\u00f3calo -<\/title>\n<meta name=\"robots\" content=\"index, follow, max-snippet:-1, max-image-preview:large, max-video-preview:-1\" \/>\n<link rel=\"canonical\" href=\"https:\/\/quehacerpolitico.mx\/?p=15471\" \/>\n<meta property=\"og:locale\" content=\"es_MX\" \/>\n<meta property=\"og:type\" content=\"article\" \/>\n<meta property=\"og:title\" content=\"Se deslinda Cenart: Gobierno de EPN organiz\u00f3 festejo de toma de protesta de AMLO en el Z\u00f3calo -\" \/>\n<meta property=\"og:description\" content=\"Se deslinda Cenart: Gobierno de EPN organiz\u00f3 festejo de toma de protesta de AMLO en el Z\u00f3calo Por Redacci\u00f3n QP\" \/>\n<meta property=\"og:url\" content=\"https:\/\/quehacerpolitico.mx\/?p=15471\" \/>\n<meta property=\"article:published_time\" content=\"2019-01-29T03:47:05+00:00\" \/>\n<meta name=\"author\" content=\"Redacci\u00f3n QP\" \/>\n<meta name=\"twitter:card\" content=\"summary_large_image\" \/>\n<meta name=\"twitter:label1\" content=\"Escrito por\" \/>\n\t<meta name=\"twitter:data1\" content=\"Redacci\u00f3n QP\" \/>\n\t<meta name=\"twitter:label2\" content=\"Tiempo de lectura\" \/>\n\t<meta name=\"twitter:data2\" content=\"2 minutos\" \/>\n<script type=\"application\/ld+json\" class=\"yoast-schema-graph\">{\"@context\":\"https:\\\/\\\/schema.org\",\"@graph\":[{\"@type\":\"Article\",\"@id\":\"https:\\\/\\\/quehacerpolitico.mx\\\/?p=15471#article\",\"isPartOf\":{\"@id\":\"https:\\\/\\\/quehacerpolitico.mx\\\/?p=15471\"},\"author\":{\"name\":\"Redacci\u00f3n QP\",\"@id\":\"https:\\\/\\\/quehacerpolitico.mx\\\/#\\\/schema\\\/person\\\/496d8ad2d1d3f8036101dca7ee39e585\"},\"headline\":\"Se deslinda Cenart: Gobierno de EPN organiz\u00f3 festejo de toma de protesta de AMLO en el Z\u00f3calo\",\"datePublished\":\"2019-01-29T03:47:05+00:00\",\"mainEntityOfPage\":{\"@id\":\"https:\\\/\\\/quehacerpolitico.mx\\\/?p=15471\"},\"wordCount\":423,\"commentCount\":0,\"image\":{\"@id\":\"https:\\\/\\\/quehacerpolitico.mx\\\/?p=15471#primaryimage\"},\"thumbnailUrl\":\"\",\"articleSection\":[\"Noticias\"],\"inLanguage\":\"es\",\"potentialAction\":[{\"@type\":\"CommentAction\",\"name\":\"Comment\",\"target\":[\"https:\\\/\\\/quehacerpolitico.mx\\\/?p=15471#respond\"]}]},{\"@type\":\"WebPage\",\"@id\":\"https:\\\/\\\/quehacerpolitico.mx\\\/?p=15471\",\"url\":\"https:\\\/\\\/quehacerpolitico.mx\\\/?p=15471\",\"name\":\"Se deslinda Cenart: Gobierno de EPN organiz\u00f3 festejo de toma de protesta de AMLO en el Z\u00f3calo -\",\"isPartOf\":{\"@id\":\"https:\\\/\\\/quehacerpolitico.mx\\\/#website\"},\"primaryImageOfPage\":{\"@id\":\"https:\\\/\\\/quehacerpolitico.mx\\\/?p=15471#primaryimage\"},\"image\":{\"@id\":\"https:\\\/\\\/quehacerpolitico.mx\\\/?p=15471#primaryimage\"},\"thumbnailUrl\":\"\",\"datePublished\":\"2019-01-29T03:47:05+00:00\",\"author\":{\"@id\":\"https:\\\/\\\/quehacerpolitico.mx\\\/#\\\/schema\\\/person\\\/496d8ad2d1d3f8036101dca7ee39e585\"},\"breadcrumb\":{\"@id\":\"https:\\\/\\\/quehacerpolitico.mx\\\/?p=15471#breadcrumb\"},\"inLanguage\":\"es\",\"potentialAction\":[{\"@type\":\"ReadAction\",\"target\":[\"https:\\\/\\\/quehacerpolitico.mx\\\/?p=15471\"]}]},{\"@type\":\"ImageObject\",\"inLanguage\":\"es\",\"@id\":\"https:\\\/\\\/quehacerpolitico.mx\\\/?p=15471#primaryimage\",\"url\":\"\",\"contentUrl\":\"\"},{\"@type\":\"BreadcrumbList\",\"@id\":\"https:\\\/\\\/quehacerpolitico.mx\\\/?p=15471#breadcrumb\",\"itemListElement\":[{\"@type\":\"ListItem\",\"position\":1,\"name\":\"Inicio\",\"item\":\"https:\\\/\\\/quehacerpolitico.mx\\\/\"},{\"@type\":\"ListItem\",\"position\":2,\"name\":\"Se deslinda Cenart: Gobierno de EPN organiz\u00f3 festejo de toma de protesta de AMLO en el Z\u00f3calo\"}]},{\"@type\":\"WebSite\",\"@id\":\"https:\\\/\\\/quehacerpolitico.mx\\\/#website\",\"url\":\"https:\\\/\\\/quehacerpolitico.mx\\\/\",\"name\":\"\",\"description\":\"\",\"potentialAction\":[{\"@type\":\"SearchAction\",\"target\":{\"@type\":\"EntryPoint\",\"urlTemplate\":\"https:\\\/\\\/quehacerpolitico.mx\\\/?s={search_term_string}\"},\"query-input\":{\"@type\":\"PropertyValueSpecification\",\"valueRequired\":true,\"valueName\":\"search_term_string\"}}],\"inLanguage\":\"es\"},{\"@type\":\"Person\",\"@id\":\"https:\\\/\\\/quehacerpolitico.mx\\\/#\\\/schema\\\/person\\\/496d8ad2d1d3f8036101dca7ee39e585\",\"name\":\"Redacci\u00f3n QP\",\"image\":{\"@type\":\"ImageObject\",\"inLanguage\":\"es\",\"@id\":\"https:\\\/\\\/secure.gravatar.com\\\/avatar\\\/c7164ed6fdec453195284ad24a5ae5b6e1eed2b848477fa2a4787ba9adf39a41?s=96&d=mm&r=g\",\"url\":\"https:\\\/\\\/secure.gravatar.com\\\/avatar\\\/c7164ed6fdec453195284ad24a5ae5b6e1eed2b848477fa2a4787ba9adf39a41?s=96&d=mm&r=g\",\"contentUrl\":\"https:\\\/\\\/secure.gravatar.com\\\/avatar\\\/c7164ed6fdec453195284ad24a5ae5b6e1eed2b848477fa2a4787ba9adf39a41?s=96&d=mm&r=g\",\"caption\":\"Redacci\u00f3n QP\"},\"url\":\"https:\\\/\\\/quehacerpolitico.mx\\\/?author=2\"}]}<\/script>\n<!-- \/ Yoast SEO plugin. -->","yoast_head_json":{"title":"Se deslinda Cenart: Gobierno de EPN organiz\u00f3 festejo de toma de protesta de AMLO en el Z\u00f3calo -","robots":{"index":"index","follow":"follow","max-snippet":"max-snippet:-1","max-image-preview":"max-image-preview:large","max-video-preview":"max-video-preview:-1"},"canonical":"https:\/\/quehacerpolitico.mx\/?p=15471","og_locale":"es_MX","og_type":"article","og_title":"Se deslinda Cenart: Gobierno de EPN organiz\u00f3 festejo de toma de protesta de AMLO en el Z\u00f3calo -","og_description":"Se deslinda Cenart: Gobierno de EPN organiz\u00f3 festejo de toma de protesta de AMLO en el Z\u00f3calo Por Redacci\u00f3n QP","og_url":"https:\/\/quehacerpolitico.mx\/?p=15471","article_published_time":"2019-01-29T03:47:05+00:00","author":"Redacci\u00f3n QP","twitter_card":"summary_large_image","twitter_misc":{"Escrito por":"Redacci\u00f3n QP","Tiempo de lectura":"2 minutos"},"schema":{"@context":"https:\/\/schema.org","@graph":[{"@type":"Article","@id":"https:\/\/quehacerpolitico.mx\/?p=15471#article","isPartOf":{"@id":"https:\/\/quehacerpolitico.mx\/?p=15471"},"author":{"name":"Redacci\u00f3n QP","@id":"https:\/\/quehacerpolitico.mx\/#\/schema\/person\/496d8ad2d1d3f8036101dca7ee39e585"},"headline":"Se deslinda Cenart: Gobierno de EPN organiz\u00f3 festejo de toma de protesta de AMLO en el Z\u00f3calo","datePublished":"2019-01-29T03:47:05+00:00","mainEntityOfPage":{"@id":"https:\/\/quehacerpolitico.mx\/?p=15471"},"wordCount":423,"commentCount":0,"image":{"@id":"https:\/\/quehacerpolitico.mx\/?p=15471#primaryimage"},"thumbnailUrl":"","articleSection":["Noticias"],"inLanguage":"es","potentialAction":[{"@type":"CommentAction","name":"Comment","target":["https:\/\/quehacerpolitico.mx\/?p=15471#respond"]}]},{"@type":"WebPage","@id":"https:\/\/quehacerpolitico.mx\/?p=15471","url":"https:\/\/quehacerpolitico.mx\/?p=15471","name":"Se deslinda Cenart: Gobierno de EPN organiz\u00f3 festejo de toma de protesta de AMLO en el Z\u00f3calo -","isPartOf":{"@id":"https:\/\/quehacerpolitico.mx\/#website"},"primaryImageOfPage":{"@id":"https:\/\/quehacerpolitico.mx\/?p=15471#primaryimage"},"image":{"@id":"https:\/\/quehacerpolitico.mx\/?p=15471#primaryimage"},"thumbnailUrl":"","datePublished":"2019-01-29T03:47:05+00:00","author":{"@id":"https:\/\/quehacerpolitico.mx\/#\/schema\/person\/496d8ad2d1d3f8036101dca7ee39e585"},"breadcrumb":{"@id":"https:\/\/quehacerpolitico.mx\/?p=15471#breadcrumb"},"inLanguage":"es","potentialAction":[{"@type":"ReadAction","target":["https:\/\/quehacerpolitico.mx\/?p=15471"]}]},{"@type":"ImageObject","inLanguage":"es","@id":"https:\/\/quehacerpolitico.mx\/?p=15471#primaryimage","url":"","contentUrl":""},{"@type":"BreadcrumbList","@id":"https:\/\/quehacerpolitico.mx\/?p=15471#breadcrumb","itemListElement":[{"@type":"ListItem","position":1,"name":"Inicio","item":"https:\/\/quehacerpolitico.mx\/"},{"@type":"ListItem","position":2,"name":"Se deslinda Cenart: Gobierno de EPN organiz\u00f3 festejo de toma de protesta de AMLO en el Z\u00f3calo"}]},{"@type":"WebSite","@id":"https:\/\/quehacerpolitico.mx\/#website","url":"https:\/\/quehacerpolitico.mx\/","name":"","description":"","potentialAction":[{"@type":"SearchAction","target":{"@type":"EntryPoint","urlTemplate":"https:\/\/quehacerpolitico.mx\/?s={search_term_string}"},"query-input":{"@type":"PropertyValueSpecification","valueRequired":true,"valueName":"search_term_string"}}],"inLanguage":"es"},{"@type":"Person","@id":"https:\/\/quehacerpolitico.mx\/#\/schema\/person\/496d8ad2d1d3f8036101dca7ee39e585","name":"Redacci\u00f3n QP","image":{"@type":"ImageObject","inLanguage":"es","@id":"https:\/\/secure.gravatar.com\/avatar\/c7164ed6fdec453195284ad24a5ae5b6e1eed2b848477fa2a4787ba9adf39a41?s=96&d=mm&r=g","url":"https:\/\/secure.gravatar.com\/avatar\/c7164ed6fdec453195284ad24a5ae5b6e1eed2b848477fa2a4787ba9adf39a41?s=96&d=mm&r=g","contentUrl":"https:\/\/secure.gravatar.com\/avatar\/c7164ed6fdec453195284ad24a5ae5b6e1eed2b848477fa2a4787ba9adf39a41?s=96&d=mm&r=g","caption":"Redacci\u00f3n QP"},"url":"https:\/\/quehacerpolitico.mx\/?author=2"}]}},"featured_image_urls":{"full":"","thumbnail":"","medium":"","medium_large":"","large":"","1536x1536":"","2048x2048":"","covernews-featured":"","covernews-medium":""},"author_info":{"display_name":"Redacci\u00f3n QP","author_link":"https:\/\/quehacerpolitico.mx\/?author=2"},"category_info":"<a href=\"https:\/\/quehacerpolitico.mx\/?cat=2\" rel=\"category\">Noticias<\/a>","tag_info":"Noticias","comment_count":"0","_links":{"self":[{"href":"https:\/\/quehacerpolitico.mx\/index.php?rest_route=\/wp\/v2\/posts\/15471","targetHints":{"allow":["GET"]}}],"collection":[{"href":"https:\/\/quehacerpolitico.mx\/index.php?rest_route=\/wp\/v2\/posts"}],"about":[{"href":"https:\/\/quehacerpolitico.mx\/index.php?rest_route=\/wp\/v2\/types\/post"}],"author":[{"embeddable":true,"href":"https:\/\/quehacerpolitico.mx\/index.php?rest_route=\/wp\/v2\/users\/2"}],"replies":[{"embeddable":true,"href":"https:\/\/quehacerpolitico.mx\/index.php?rest_route=%2Fwp%2Fv2%2Fcomments&post=15471"}],"version-history":[{"count":0,"href":"https:\/\/quehacerpolitico.mx\/index.php?rest_route=\/wp\/v2\/posts\/15471\/revisions"}],"wp:featuredmedia":[{"embeddable":true,"href":"https:\/\/quehacerpolitico.mx\/index.php?rest_route=\/"}],"wp:attachment":[{"href":"https:\/\/quehacerpolitico.mx\/index.php?rest_route=%2Fwp%2Fv2%2Fmedia&parent=15471"}],"wp:term":[{"taxonomy":"category","embeddable":true,"href":"https:\/\/quehacerpolitico.mx\/index.php?rest_route=%2Fwp%2Fv2%2Fcategories&post=15471"},{"taxonomy":"post_tag","embeddable":true,"href":"https:\/\/quehacerpolitico.mx\/index.php?rest_route=%2Fwp%2Fv2%2Ftags&post=15471"}],"curies":[{"name":"wp","href":"https:\/\/api.w.org\/{rel}","templated":true}]}}