{"id":15454,"date":"2019-01-29T01:37:44","date_gmt":"2019-01-29T01:37:44","guid":{"rendered":"http:\/\/quehacerpolitico.mx\/internacionales-carolina-alonso-romei-el-chapo-dice-que-no-testificara\/"},"modified":"2019-01-29T01:37:44","modified_gmt":"2019-01-29T01:37:44","slug":"internacionales-carolina-alonso-romei-el-chapo-dice-que-no-testificara","status":"publish","type":"post","link":"https:\/\/quehacerpolitico.mx\/?p=15454","title":{"rendered":"Internacionales\/\/\/Carolina Alonso Romei\/\/\/&#8221;El Chapo&#8221; dice que no testificar\u00e1"},"content":{"rendered":"<h1 class=\"news-title\">&#8220;El Chapo&#8221; dice que no testificar\u00e1<\/h1>\n<p>Por Carolina Alonso Romei\u00a0<\/p>\n<p>Internacionalista\u00a0<\/p>\n<header class=\"news-header\">\n<div class=\"news-subtitle\">\n<p>El narcotraficante se\u00f1ala que fue asesorado por sus abogados antes de tomar la decisi\u00f3n<\/p>\n<\/div>\n<\/header>\n<div class=\"news-content\">\n<div class=\"news-body row\">\n<p>Joaqu\u00edn &#8220;El Chapo&#8221; Guzm\u00e1n dijo el lunes al juez que preside su juicio en la corte federal de Brooklyn que no testificar\u00e1.<\/p>\n<div id=\"div-gpt-ad-1548262875188-0\" data-google-query-id=\"COG9je3skeACFYx-YgodyIYAow\">\n<div id=\"google_ads_iframe_\/1001694\/INF_intext_1_0__container__\">Tras ser consultado por el juez Brian Cogan, <strong>el narcotraficante mexicano se levant\u00f3 de su silla y declar\u00f3 que no hablar\u00e1 en el proceso judicial.<\/strong><\/div>\n<\/div>\n<p>&#8220;He hablado con mis abogados y me voy a reservar&#8221;, fueron sus palabras.<\/p>\n<p>&#8220;\u00bfReservar?&#8221;, le pregunt\u00f3 Cogan, sin entender.<\/p>\n<p>&#8220;S\u00ed, este, yo no voy a&#8230;&#8221;, aclar\u00f3 Guzm\u00e1n antes de que su int\u00e9rprete terminara la frase diciendo &#8220;testificar&#8221;.<\/p>\n<p><strong>Guzm\u00e1n anunci\u00f3 su decisi\u00f3n en el d\u00eda 35 del juicio justo despu\u00e9s de que la fiscal\u00eda anunciara que termin\u00f3 de presentar pruebas y llamar a testigos.<\/strong><\/p>\n<p>En total, la fiscal\u00eda ha llamado a 56 testigos, trece de los cuales fueron socios o colaboraron de alguna forma con Guzm\u00e1n.<\/p>\n<p>Un abogado de &#8220;El Chapo&#8221;, Jeffrey Lichtman, dijo que tan s\u00f3lo planea llamar a dos testigos el martes. Se trata de dos agentes de la agencia antidrogas estadounidense que entrevistaron al exsocio de Guzm\u00e1n, Alex Cifuentes, quien testific\u00f3 en el juicio. <strong>Lichtman planea presentar contradicciones en el testimonio de Cifuentes, quien vivi\u00f3 con Guzm\u00e1n en la sierra sinaloense.<\/strong><\/p>\n<p>Cogan dijo que el mi\u00e9rcoles se dar\u00e1n los argumentos de cierre de la fiscal\u00eda y que el jueves planea escuchar los de los abogados. Es posible que entonces las deliberaciones del jurado arranquen el viernes.<\/p>\n<p>Cuando Guzm\u00e1n habl\u00f3, el juez Cogan le pregunt\u00f3 si \u00e9l entend\u00eda que era decisi\u00f3n suya la de testificar o no. Guzm\u00e1n respondi\u00f3 que s\u00ed.<\/p>\n<p>&#8220;Ellos (mis abogados) ya me asesoraron y estoy de acuerdo&#8221;, se\u00f1al\u00f3.<\/p>\n<p>El lunes acab\u00f3 su testimonio un exguardaespaldas, exsecretario y expiloto de Guzm\u00e1n llamado Isa\u00edas Valdez. <strong>Tambi\u00e9n habl\u00f3 un funcionario del Departamento de Defensa estadounidense, quien explic\u00f3 fotograf\u00edas y videos que muestran el t\u00fanel por el cual escap\u00f3 de la c\u00e1rcel Guzm\u00e1n en 2015.<\/strong><\/p>\n<p>&#8220;El Chapo&#8221;, uno de los narcotraficantes m\u00e1s conocidos que existen y exl\u00edder del cartel de Sinaloa, se ha declarado inocente de supuestamente acumular una fortuna multimillonaria a trav\u00e9s del tr\u00e1fico de toneladas de coca\u00edna y otras drogas desde M\u00e9xico a Estados Unidos. De ser encontrado culpable enfrentar\u00eda una posible sentencia a cadena perpetua.<\/p>\n<\/div>\n<\/div>\n","protected":false},"excerpt":{"rendered":"<p>&#8220;El Chapo&#8221; dice que no testificar\u00e1<br \/>\nPor Carolina Alonso Romei<br \/>\nInternacionalista<\/p>\n","protected":false},"author":2,"featured_media":15453,"comment_status":"open","ping_status":"open","sticky":false,"template":"","format":"standard","meta":{"_monsterinsights_skip_tracking":false,"_monsterinsights_sitenote_active":false,"_monsterinsights_sitenote_note":"","_monsterinsights_sitenote_category":0,"footnotes":""},"categories":[1],"tags":[],"class_list":["post-15454","post","type-post","status-publish","format-standard","has-post-thumbnail","hentry","category-sin-categoria"],"yoast_head":"<!-- This site is optimized with the Yoast SEO plugin v27.3 - https:\/\/yoast.com\/product\/yoast-seo-wordpress\/ -->\n<title>Internacionales\/\/\/Carolina Alonso Romei\/\/\/&quot;El Chapo&quot; dice que no testificar\u00e1 -<\/title>\n<meta name=\"robots\" content=\"index, follow, max-snippet:-1, max-image-preview:large, max-video-preview:-1\" \/>\n<link rel=\"canonical\" href=\"https:\/\/quehacerpolitico.mx\/?p=15454\" \/>\n<meta property=\"og:locale\" content=\"es_MX\" \/>\n<meta property=\"og:type\" content=\"article\" \/>\n<meta property=\"og:title\" content=\"Internacionales\/\/\/Carolina Alonso Romei\/\/\/&quot;El Chapo&quot; dice que no testificar\u00e1 -\" \/>\n<meta property=\"og:description\" content=\"&quot;El Chapo&quot; dice que no testificar\u00e1 Por Carolina Alonso Romei Internacionalista\" \/>\n<meta property=\"og:url\" content=\"https:\/\/quehacerpolitico.mx\/?p=15454\" \/>\n<meta property=\"article:published_time\" content=\"2019-01-29T01:37:44+00:00\" \/>\n<meta name=\"author\" content=\"Redacci\u00f3n QP\" \/>\n<meta name=\"twitter:card\" content=\"summary_large_image\" \/>\n<meta name=\"twitter:label1\" content=\"Escrito por\" \/>\n\t<meta name=\"twitter:data1\" content=\"Redacci\u00f3n QP\" \/>\n\t<meta name=\"twitter:label2\" content=\"Tiempo de lectura\" \/>\n\t<meta name=\"twitter:data2\" content=\"2 minutos\" \/>\n<script type=\"application\/ld+json\" class=\"yoast-schema-graph\">{\"@context\":\"https:\\\/\\\/schema.org\",\"@graph\":[{\"@type\":\"Article\",\"@id\":\"https:\\\/\\\/quehacerpolitico.mx\\\/?p=15454#article\",\"isPartOf\":{\"@id\":\"https:\\\/\\\/quehacerpolitico.mx\\\/?p=15454\"},\"author\":{\"name\":\"Redacci\u00f3n QP\",\"@id\":\"https:\\\/\\\/quehacerpolitico.mx\\\/#\\\/schema\\\/person\\\/496d8ad2d1d3f8036101dca7ee39e585\"},\"headline\":\"Internacionales\\\/\\\/\\\/Carolina Alonso Romei\\\/\\\/\\\/&#8221;El Chapo&#8221; dice que no testificar\u00e1\",\"datePublished\":\"2019-01-29T01:37:44+00:00\",\"mainEntityOfPage\":{\"@id\":\"https:\\\/\\\/quehacerpolitico.mx\\\/?p=15454\"},\"wordCount\":426,\"commentCount\":0,\"image\":{\"@id\":\"https:\\\/\\\/quehacerpolitico.mx\\\/?p=15454#primaryimage\"},\"thumbnailUrl\":\"\",\"articleSection\":[\"Internacionales\"],\"inLanguage\":\"es\",\"potentialAction\":[{\"@type\":\"CommentAction\",\"name\":\"Comment\",\"target\":[\"https:\\\/\\\/quehacerpolitico.mx\\\/?p=15454#respond\"]}]},{\"@type\":\"WebPage\",\"@id\":\"https:\\\/\\\/quehacerpolitico.mx\\\/?p=15454\",\"url\":\"https:\\\/\\\/quehacerpolitico.mx\\\/?p=15454\",\"name\":\"Internacionales\\\/\\\/\\\/Carolina Alonso Romei\\\/\\\/\\\/\\\"El Chapo\\\" dice que no testificar\u00e1 -\",\"isPartOf\":{\"@id\":\"https:\\\/\\\/quehacerpolitico.mx\\\/#website\"},\"primaryImageOfPage\":{\"@id\":\"https:\\\/\\\/quehacerpolitico.mx\\\/?p=15454#primaryimage\"},\"image\":{\"@id\":\"https:\\\/\\\/quehacerpolitico.mx\\\/?p=15454#primaryimage\"},\"thumbnailUrl\":\"\",\"datePublished\":\"2019-01-29T01:37:44+00:00\",\"author\":{\"@id\":\"https:\\\/\\\/quehacerpolitico.mx\\\/#\\\/schema\\\/person\\\/496d8ad2d1d3f8036101dca7ee39e585\"},\"breadcrumb\":{\"@id\":\"https:\\\/\\\/quehacerpolitico.mx\\\/?p=15454#breadcrumb\"},\"inLanguage\":\"es\",\"potentialAction\":[{\"@type\":\"ReadAction\",\"target\":[\"https:\\\/\\\/quehacerpolitico.mx\\\/?p=15454\"]}]},{\"@type\":\"ImageObject\",\"inLanguage\":\"es\",\"@id\":\"https:\\\/\\\/quehacerpolitico.mx\\\/?p=15454#primaryimage\",\"url\":\"\",\"contentUrl\":\"\"},{\"@type\":\"BreadcrumbList\",\"@id\":\"https:\\\/\\\/quehacerpolitico.mx\\\/?p=15454#breadcrumb\",\"itemListElement\":[{\"@type\":\"ListItem\",\"position\":1,\"name\":\"Inicio\",\"item\":\"https:\\\/\\\/quehacerpolitico.mx\\\/\"},{\"@type\":\"ListItem\",\"position\":2,\"name\":\"Internacionales\\\/\\\/\\\/Carolina Alonso Romei\\\/\\\/\\\/&#8221;El Chapo&#8221; dice que no testificar\u00e1\"}]},{\"@type\":\"WebSite\",\"@id\":\"https:\\\/\\\/quehacerpolitico.mx\\\/#website\",\"url\":\"https:\\\/\\\/quehacerpolitico.mx\\\/\",\"name\":\"\",\"description\":\"\",\"potentialAction\":[{\"@type\":\"SearchAction\",\"target\":{\"@type\":\"EntryPoint\",\"urlTemplate\":\"https:\\\/\\\/quehacerpolitico.mx\\\/?s={search_term_string}\"},\"query-input\":{\"@type\":\"PropertyValueSpecification\",\"valueRequired\":true,\"valueName\":\"search_term_string\"}}],\"inLanguage\":\"es\"},{\"@type\":\"Person\",\"@id\":\"https:\\\/\\\/quehacerpolitico.mx\\\/#\\\/schema\\\/person\\\/496d8ad2d1d3f8036101dca7ee39e585\",\"name\":\"Redacci\u00f3n QP\",\"image\":{\"@type\":\"ImageObject\",\"inLanguage\":\"es\",\"@id\":\"https:\\\/\\\/secure.gravatar.com\\\/avatar\\\/c7164ed6fdec453195284ad24a5ae5b6e1eed2b848477fa2a4787ba9adf39a41?s=96&d=mm&r=g\",\"url\":\"https:\\\/\\\/secure.gravatar.com\\\/avatar\\\/c7164ed6fdec453195284ad24a5ae5b6e1eed2b848477fa2a4787ba9adf39a41?s=96&d=mm&r=g\",\"contentUrl\":\"https:\\\/\\\/secure.gravatar.com\\\/avatar\\\/c7164ed6fdec453195284ad24a5ae5b6e1eed2b848477fa2a4787ba9adf39a41?s=96&d=mm&r=g\",\"caption\":\"Redacci\u00f3n QP\"},\"url\":\"https:\\\/\\\/quehacerpolitico.mx\\\/?author=2\"}]}<\/script>\n<!-- \/ Yoast SEO plugin. -->","yoast_head_json":{"title":"Internacionales\/\/\/Carolina Alonso Romei\/\/\/\"El Chapo\" dice que no testificar\u00e1 -","robots":{"index":"index","follow":"follow","max-snippet":"max-snippet:-1","max-image-preview":"max-image-preview:large","max-video-preview":"max-video-preview:-1"},"canonical":"https:\/\/quehacerpolitico.mx\/?p=15454","og_locale":"es_MX","og_type":"article","og_title":"Internacionales\/\/\/Carolina Alonso Romei\/\/\/\"El Chapo\" dice que no testificar\u00e1 -","og_description":"\"El Chapo\" dice que no testificar\u00e1 Por Carolina Alonso Romei Internacionalista","og_url":"https:\/\/quehacerpolitico.mx\/?p=15454","article_published_time":"2019-01-29T01:37:44+00:00","author":"Redacci\u00f3n QP","twitter_card":"summary_large_image","twitter_misc":{"Escrito por":"Redacci\u00f3n QP","Tiempo de lectura":"2 minutos"},"schema":{"@context":"https:\/\/schema.org","@graph":[{"@type":"Article","@id":"https:\/\/quehacerpolitico.mx\/?p=15454#article","isPartOf":{"@id":"https:\/\/quehacerpolitico.mx\/?p=15454"},"author":{"name":"Redacci\u00f3n QP","@id":"https:\/\/quehacerpolitico.mx\/#\/schema\/person\/496d8ad2d1d3f8036101dca7ee39e585"},"headline":"Internacionales\/\/\/Carolina Alonso Romei\/\/\/&#8221;El Chapo&#8221; dice que no testificar\u00e1","datePublished":"2019-01-29T01:37:44+00:00","mainEntityOfPage":{"@id":"https:\/\/quehacerpolitico.mx\/?p=15454"},"wordCount":426,"commentCount":0,"image":{"@id":"https:\/\/quehacerpolitico.mx\/?p=15454#primaryimage"},"thumbnailUrl":"","articleSection":["Internacionales"],"inLanguage":"es","potentialAction":[{"@type":"CommentAction","name":"Comment","target":["https:\/\/quehacerpolitico.mx\/?p=15454#respond"]}]},{"@type":"WebPage","@id":"https:\/\/quehacerpolitico.mx\/?p=15454","url":"https:\/\/quehacerpolitico.mx\/?p=15454","name":"Internacionales\/\/\/Carolina Alonso Romei\/\/\/\"El Chapo\" dice que no testificar\u00e1 -","isPartOf":{"@id":"https:\/\/quehacerpolitico.mx\/#website"},"primaryImageOfPage":{"@id":"https:\/\/quehacerpolitico.mx\/?p=15454#primaryimage"},"image":{"@id":"https:\/\/quehacerpolitico.mx\/?p=15454#primaryimage"},"thumbnailUrl":"","datePublished":"2019-01-29T01:37:44+00:00","author":{"@id":"https:\/\/quehacerpolitico.mx\/#\/schema\/person\/496d8ad2d1d3f8036101dca7ee39e585"},"breadcrumb":{"@id":"https:\/\/quehacerpolitico.mx\/?p=15454#breadcrumb"},"inLanguage":"es","potentialAction":[{"@type":"ReadAction","target":["https:\/\/quehacerpolitico.mx\/?p=15454"]}]},{"@type":"ImageObject","inLanguage":"es","@id":"https:\/\/quehacerpolitico.mx\/?p=15454#primaryimage","url":"","contentUrl":""},{"@type":"BreadcrumbList","@id":"https:\/\/quehacerpolitico.mx\/?p=15454#breadcrumb","itemListElement":[{"@type":"ListItem","position":1,"name":"Inicio","item":"https:\/\/quehacerpolitico.mx\/"},{"@type":"ListItem","position":2,"name":"Internacionales\/\/\/Carolina Alonso Romei\/\/\/&#8221;El Chapo&#8221; dice que no testificar\u00e1"}]},{"@type":"WebSite","@id":"https:\/\/quehacerpolitico.mx\/#website","url":"https:\/\/quehacerpolitico.mx\/","name":"","description":"","potentialAction":[{"@type":"SearchAction","target":{"@type":"EntryPoint","urlTemplate":"https:\/\/quehacerpolitico.mx\/?s={search_term_string}"},"query-input":{"@type":"PropertyValueSpecification","valueRequired":true,"valueName":"search_term_string"}}],"inLanguage":"es"},{"@type":"Person","@id":"https:\/\/quehacerpolitico.mx\/#\/schema\/person\/496d8ad2d1d3f8036101dca7ee39e585","name":"Redacci\u00f3n QP","image":{"@type":"ImageObject","inLanguage":"es","@id":"https:\/\/secure.gravatar.com\/avatar\/c7164ed6fdec453195284ad24a5ae5b6e1eed2b848477fa2a4787ba9adf39a41?s=96&d=mm&r=g","url":"https:\/\/secure.gravatar.com\/avatar\/c7164ed6fdec453195284ad24a5ae5b6e1eed2b848477fa2a4787ba9adf39a41?s=96&d=mm&r=g","contentUrl":"https:\/\/secure.gravatar.com\/avatar\/c7164ed6fdec453195284ad24a5ae5b6e1eed2b848477fa2a4787ba9adf39a41?s=96&d=mm&r=g","caption":"Redacci\u00f3n QP"},"url":"https:\/\/quehacerpolitico.mx\/?author=2"}]}},"featured_image_urls":{"full":"","thumbnail":"","medium":"","medium_large":"","large":"","1536x1536":"","2048x2048":"","covernews-featured":"","covernews-medium":""},"author_info":{"display_name":"Redacci\u00f3n QP","author_link":"https:\/\/quehacerpolitico.mx\/?author=2"},"category_info":"<a href=\"https:\/\/quehacerpolitico.mx\/?cat=1\" rel=\"category\">Internacionales<\/a>","tag_info":"Internacionales","comment_count":"0","_links":{"self":[{"href":"https:\/\/quehacerpolitico.mx\/index.php?rest_route=\/wp\/v2\/posts\/15454","targetHints":{"allow":["GET"]}}],"collection":[{"href":"https:\/\/quehacerpolitico.mx\/index.php?rest_route=\/wp\/v2\/posts"}],"about":[{"href":"https:\/\/quehacerpolitico.mx\/index.php?rest_route=\/wp\/v2\/types\/post"}],"author":[{"embeddable":true,"href":"https:\/\/quehacerpolitico.mx\/index.php?rest_route=\/wp\/v2\/users\/2"}],"replies":[{"embeddable":true,"href":"https:\/\/quehacerpolitico.mx\/index.php?rest_route=%2Fwp%2Fv2%2Fcomments&post=15454"}],"version-history":[{"count":0,"href":"https:\/\/quehacerpolitico.mx\/index.php?rest_route=\/wp\/v2\/posts\/15454\/revisions"}],"wp:featuredmedia":[{"embeddable":true,"href":"https:\/\/quehacerpolitico.mx\/index.php?rest_route=\/"}],"wp:attachment":[{"href":"https:\/\/quehacerpolitico.mx\/index.php?rest_route=%2Fwp%2Fv2%2Fmedia&parent=15454"}],"wp:term":[{"taxonomy":"category","embeddable":true,"href":"https:\/\/quehacerpolitico.mx\/index.php?rest_route=%2Fwp%2Fv2%2Fcategories&post=15454"},{"taxonomy":"post_tag","embeddable":true,"href":"https:\/\/quehacerpolitico.mx\/index.php?rest_route=%2Fwp%2Fv2%2Ftags&post=15454"}],"curies":[{"name":"wp","href":"https:\/\/api.w.org\/{rel}","templated":true}]}}