{"id":15450,"date":"2019-01-29T01:17:29","date_gmt":"2019-01-29T01:17:29","guid":{"rendered":"http:\/\/quehacerpolitico.mx\/el-hijo-de-pena-cumple-21-anos-y-festeja-en-grande-con-luis-miguel-presumen-foto-en-instagram\/"},"modified":"2019-01-29T01:17:29","modified_gmt":"2019-01-29T01:17:29","slug":"el-hijo-de-pena-cumple-21-anos-y-festeja-en-grande-con-luis-miguel-presumen-foto-en-instagram","status":"publish","type":"post","link":"https:\/\/quehacerpolitico.mx\/?p=15450","title":{"rendered":"El hijo de Pe\u00f1a cumple 21 a\u00f1os y festeja en grande: con Luis Miguel; presumen FOTO en Instagram"},"content":{"rendered":"<h1>El hijo de Pe\u00f1a cumple 21 a\u00f1os y festeja en grande: con Luis Miguel; presumen FOTO en Instagram<\/h1>\n<p>Por Redacci\u00f3n QP<\/p>\n<p>Alejandro Pe\u00f1a Pretelini, <strong>hijo<\/strong>del ex Presidente <strong>Enrique Pe\u00f1a Nieto<\/strong>, y el cantante <strong>Luis Miguel<\/strong> aparecieron juntos en una historia de Instagram, la cual fue compartida por\u00a0Gerardo Islas, ex aspirante a la Gubernatura interina de Puebla.<\/p>\n<blockquote>\n<p>\u201c\u00a1Feliz <strong>cumplea\u00f1os<\/strong>!\u201d, se lee en la publicaci\u00f3n que utiliz\u00f3 para felicitar ayer a\u00a0Alejandro <strong>Pe\u00f1a<\/strong> por su <strong>cumplea\u00f1os<\/strong>n\u00famero 21. El mensaje estuvo acompa\u00f1ado por una fotograf\u00eda en la que se observa a \u201cEl Sol\u201d a lado del festejado; as\u00ed como a Santiago Miranda, <strong>hijo<\/strong> de Luis Miranda Nava, ex titular de la Secretar\u00eda de Desarrollo Social en el sexenio de <strong>Pe\u00f1a Nieto<\/strong>.<\/p>\n<\/blockquote>\n<p>En la imagen tambi\u00e9n figura otro grupo de amigos y de fondo se escucha la canci\u00f3n\u00a0\u201cEl Balaj\u00fa \/ Huapango\u201d, tema incluido en el \u00e1lbum m\u00e1s reciente de <strong>Luis Miguel<\/strong>, titulado \u201c\u00a1M\u00e9xico por siempre!\u201d.<\/p>\n<div id=\"attachment_3528582\" class=\"wp-caption alignnone\"><img loading=\"lazy\" decoding=\"async\" class=\"size-full wp-image-3528582\" src=\"https:\/\/www.sinembargo.mx\/wp-content\/uploads\/2019\/01\/luis-miguel-hijo-de-epn.png\" sizes=\"auto, (max-width: 700px) 100vw, 700px\" srcset=\"https:\/\/www.sinembargo.mx\/wp-content\/uploads\/2019\/01\/luis-miguel-hijo-de-epn.png 700w, https:\/\/www.sinembargo.mx\/wp-content\/uploads\/2019\/01\/luis-miguel-hijo-de-epn-300x292.png 300w\" alt=\"\" width=\"700\" height=\"681\" \/><\/p>\n<p class=\"wp-caption-text\">Alejandro Pe\u00f1a Pretelini, de 21 a\u00f1os, es egresado del Colegio Miraflores. Foto: Captura de pantalla de historia en Instagram<\/p>\n<\/div>\n<p>Durante los primeros minutos del 27 de enero, <strong>Enrique Pe\u00f1a Nieto<\/strong> envi\u00f3 felicitaciones a su <strong>hijo<\/strong> a trav\u00e9s de sus diversas cuentas de redes sociales.<\/p>\n<blockquote>\n<p>\u201cFelicidades a mi hijo Alejandro que llega a sus 21 a\u00f1os como un joven de gran nobleza. Ale, me siento muy orgulloso de ti y deseo que la vida te depare muchas alegr\u00edas. \u00a1Muy feliz <strong>cumplea\u00f1os<\/strong>!\u201d, escribi\u00f3 el ex mandatario.<\/p>\n<\/blockquote>\n<div id=\"attachment_3528577\" class=\"wp-caption alignnone\"><img loading=\"lazy\" decoding=\"async\" class=\"size-full wp-image-3528577\" src=\"https:\/\/www.sinembargo.mx\/wp-content\/uploads\/2019\/01\/alejapencc83a.jpg\" sizes=\"auto, (max-width: 700px) 100vw, 700px\" srcset=\"https:\/\/www.sinembargo.mx\/wp-content\/uploads\/2019\/01\/alejapencc83a.jpg 700w, https:\/\/www.sinembargo.mx\/wp-content\/uploads\/2019\/01\/alejapencc83a-292x300.jpg 292w\" alt=\"\" width=\"700\" height=\"718\" \/><\/p>\n<p class=\"wp-caption-text\">Alejandro Pe\u00f1a viajando. Foto: Instagram.<\/p>\n<\/div>\n<p><strong>ALEJANDRO PE\u00d1A<\/strong><\/p>\n<p>Alejandro Pe\u00f1a Pretelini, de 21 a\u00f1os, es egresado del Colegio Miraflores. En esa escuela privada, cat\u00f3lica y triling\u00fce tambi\u00e9n estudiaron sus hermanas Sof\u00eda, Paulina y Nicole. Es el \u00fanico que tiene su cuenta de Instagram p\u00fablica, en la cual comparte desde 2014 sus viajes a Nueva York o Londres, as\u00ed como su ropa de marca.<\/p>\n<div id=\"attachment_3528578\" class=\"wp-caption alignnone\"><img loading=\"lazy\" decoding=\"async\" class=\"size-full wp-image-3528578\" src=\"https:\/\/www.sinembargo.mx\/wp-content\/uploads\/2019\/01\/ale-animal.jpg\" sizes=\"auto, (max-width: 700px) 100vw, 700px\" srcset=\"https:\/\/www.sinembargo.mx\/wp-content\/uploads\/2019\/01\/ale-animal.jpg 700w, https:\/\/www.sinembargo.mx\/wp-content\/uploads\/2019\/01\/ale-animal-240x300.jpg 240w\" alt=\"\" width=\"700\" height=\"875\" \/><\/p>\n<p class=\"wp-caption-text\">Alejandro con un cachorro felino. Foto: Instagram.<\/p>\n<\/div>\n<p>Tambi\u00e9n ha publicado fotograf\u00edas en las cuales se muestra en yates, jugando golf, en carreras de autos e incluso con el Papa Francisco o el actor Leonardo Di Caprio durante su visita a M\u00e9xico.<\/p>\n<p><strong>LA FAMILIA DE PE\u00d1A EN REDES<\/strong><\/p>\n<p>En el ocaso de su sexenio, la cuenta de Instagram del\u00a0Presidente Enrique Pe\u00f1a Nieto\u00a0interactu\u00f3 con sus miles de seguidores y felicit\u00f3 por sus cumplea\u00f1os a\u00a0sus seis hijos, de quienes dice estar muy orgulloso. Ellos, adem\u00e1s de posar en revistas del coraz\u00f3n como\u00a0<em>Qui\u00e9n,<\/em>\u00a0<em>\u00a1Hola!<\/em>,<em>\u00a0Marie Claire\u00a0<\/em>o<em>\u00a0Caras<\/em>, tambi\u00e9n usaron las redes sociales para compartir su ropa de marcas exclusivas y viajes al extranjero vigilados por el Estado Mayor Presidencial, lo que\u00a0ha afectado la imagen pol\u00edtica del priista\u00a0ante la opini\u00f3n p\u00fablica de M\u00e9xico, un pa\u00eds donde la mitad de sus habitantes vive en la miseria y los \u00edndices de violencia han aumentado, as\u00ed lo plantearon analistas de imagen y comunicaci\u00f3n estrat\u00e9gica.<\/p>\n<div id=\"attachment_3528585\" class=\"wp-caption alignnone\"><img loading=\"lazy\" decoding=\"async\" class=\"size-full wp-image-3528585\" src=\"https:\/\/www.sinembargo.mx\/wp-content\/uploads\/2019\/01\/pau-enrique.jpg\" sizes=\"auto, (max-width: 700px) 100vw, 700px\" srcset=\"https:\/\/www.sinembargo.mx\/wp-content\/uploads\/2019\/01\/pau-enrique.jpg 700w, https:\/\/www.sinembargo.mx\/wp-content\/uploads\/2019\/01\/pau-enrique-300x296.jpg 300w\" alt=\"\" width=\"700\" height=\"691\" \/><\/p>\n<p class=\"wp-caption-text\">Paulina y Enrique Pe\u00f1a en una la carrera del Molino del Rey de 2016, que organiza anualmente el Estado Mayor Presidencial. Foto: Instagram.<\/p>\n<\/div>\n<p><strong>\u201cLA PROLE\u201d<\/strong><\/p>\n<p>En la madrugada del 5 de diciembre de 2011, y tras la lluvia de cr\u00edticas que desataron los comentarios hechos por Pe\u00f1a Nieto durante su participaci\u00f3n en la Feria Internacional del Libro (FIL) de Guadalajara, donde fue incapaz de nombrar tres libros que hubieran dejado huella en su vida, adem\u00e1s de que el priista confundi\u00f3 nombres de autores y obras, su hija Paulina respondi\u00f3 a las burlas con un RT que calificaba de \u201cpendejos\u201d y \u201cprole\u201d a quienes se mofaron de su padre.<\/p>\n<p>\u201cProvoc\u00f3 una reacci\u00f3n en los j\u00f3venes que se fueron en contra de Pe\u00f1a\u201d, dijo Alfredo Paredes,\u00a0CEO de Capitol Consulting&amp;Communication.<\/p>\n<p>El 3 de diciembre, dos d\u00edas antes, y a\u00fan siendo aspirante a candidato presidencial por el PRI, Pe\u00f1a Nieto acudi\u00f3 como invitado a la FIL. Ah\u00ed, fue cuestionado sobre los tres libros que hab\u00edan marcado su vida y la respuesta gener\u00f3 una serie de cr\u00edticas: \u201cLe\u00ed algo que seguramente en mi vocaci\u00f3n por la pol\u00edtica alentaba ese esp\u00edritu. Fueron varios libros, algunos,\u00a0<em>La silla del \u00e1guila<\/em>, de (Enrique) Krauze\u201d, dijo Pe\u00f1a.<\/p>\n<div id=\"attachment_3528587\" class=\"wp-caption alignnone\"><img loading=\"lazy\" decoding=\"async\" class=\"size-full wp-image-3528587\" src=\"https:\/\/www.sinembargo.mx\/wp-content\/uploads\/2019\/01\/pau-pencc83a1.jpg\" sizes=\"auto, (max-width: 700px) 100vw, 700px\" srcset=\"https:\/\/www.sinembargo.mx\/wp-content\/uploads\/2019\/01\/pau-pencc83a1.jpg 700w, https:\/\/www.sinembargo.mx\/wp-content\/uploads\/2019\/01\/pau-pencc83a1-300x297.jpg 300w\" alt=\"\" width=\"700\" height=\"693\" \/><\/p>\n<p class=\"wp-caption-text\">Paulina y su padre. Foto: Instagram.<\/p>\n<\/div>\n<p>Pero\u00a0<em>La silla del \u00e1guila<\/em>\u00a0es una novela escrita en 2003 por el tambi\u00e9n escritor mexicano y Premio Cervantes de Literatura, Carlos Fuentes.<\/p>\n<blockquote>\n<p>En su cuenta de Twitter [@Pau_95Pena], la joven que recientemente hab\u00eda cumplido 16 a\u00f1os, retuite\u00f3 en punto de las 00:38 horas una publicaci\u00f3n de su novio Jos\u00e9 Luis Torre (@JojoTorre), donde se pod\u00eda leer el siguiente mensaje: \u201cun saludo a toda la bola de pendejos, que forman parte de la prole y s\u00f3lo critican a quien envidian! (<em>sic<\/em>)\u201d.<\/p>\n<\/blockquote>\n<p>Sobre el asunto, el propio Pe\u00f1a Nieto public\u00f3 una aclaraci\u00f3n tambi\u00e9n desde su cuenta en esa red social.<\/p>\n<blockquote>\n<p>\u201cEl RT de Paulina fue una reacci\u00f3n emotiva por mi error en la FIL. Definitivamente fue un exceso y me disculpo p\u00fablicamente por ello. Habl\u00e9 con mis hijos sobre el valor del respeto y la tolerancia, les reiter\u00e9 que debemos escuchar y no ofender a los dem\u00e1s\u201d, escribi\u00f3.<\/p>\n<\/blockquote>\n<p>Ante la lluvia de cr\u00edticas por su retuit, Paulina, quien ahora es egresada de la Universidad An\u00e1huac, desactiv\u00f3 su cuenta. D\u00edas despu\u00e9s la reactiv\u00f3 y fue entonces que ofreci\u00f3 disculpas por \u201csu impulso\u201d.<\/p>\n<p>En diciembre de 2012, la revista\u00a0<em>Qui\u00e9n<\/em>\u00a0nombr\u00f3 a Paulina una de las \u201cmujeres m\u00e1s guapas\u201d del pa\u00eds y, en entrevista con esa misma publicaci\u00f3n, la chica \u2013entonces con brackets\u2013 asegur\u00f3 que admiraba a su madre M\u00f3nica porque \u201cayud\u00f3 a mucha gente y siempre vio por los dem\u00e1s, por su familia y por todas\u201d. Adem\u00e1s confes\u00f3 amar al cantante Enrique Iglesias, y disfrutar estar en casa en vez de salir.<\/p>\n<p>A\u00f1os despu\u00e9s del esc\u00e1ndalo de la FIL, Paulina respondi\u00f3 en Instagram a sus seguidores qu\u00e9 consejos le dar\u00eda a los hijos del ahora Presidente electo de M\u00e9xico, Andr\u00e9s Manuel L\u00f3pez Obrador, sobre el manejo de su vida personal.<\/p>\n<blockquote>\n<p>\u201cYo les aconsejar\u00eda que siempre apoyaran a su pap\u00e1, que ninguna cr\u00edtica lograra separarlos como familia, les aconsejar\u00eda que\u00a0ayudaran al pa\u00eds de la manera que ellos escojan y puedan\u201d, escribi\u00f3 en una historia.<\/p>\n<\/blockquote>\n","protected":false},"excerpt":{"rendered":"<p>El hijo de Pe\u00f1a cumple 21 a\u00f1os y festeja en grande: con Luis Miguel; presumen FOTO en Instagram<br \/>\nPor Redacci\u00f3n QP<\/p>\n","protected":false},"author":2,"featured_media":15449,"comment_status":"open","ping_status":"open","sticky":false,"template":"","format":"standard","meta":{"_monsterinsights_skip_tracking":false,"_monsterinsights_sitenote_active":false,"_monsterinsights_sitenote_note":"","_monsterinsights_sitenote_category":0,"footnotes":""},"categories":[2],"tags":[],"class_list":["post-15450","post","type-post","status-publish","format-standard","has-post-thumbnail","hentry","category-noticias"],"yoast_head":"<!-- This site is optimized with the Yoast SEO plugin v27.3 - https:\/\/yoast.com\/product\/yoast-seo-wordpress\/ -->\n<title>El hijo de Pe\u00f1a cumple 21 a\u00f1os y festeja en grande: con Luis Miguel; presumen FOTO en Instagram -<\/title>\n<meta name=\"robots\" content=\"index, follow, max-snippet:-1, max-image-preview:large, max-video-preview:-1\" \/>\n<link rel=\"canonical\" href=\"https:\/\/quehacerpolitico.mx\/?p=15450\" \/>\n<meta property=\"og:locale\" content=\"es_MX\" \/>\n<meta property=\"og:type\" content=\"article\" \/>\n<meta property=\"og:title\" content=\"El hijo de Pe\u00f1a cumple 21 a\u00f1os y festeja en grande: con Luis Miguel; presumen FOTO en Instagram -\" \/>\n<meta property=\"og:description\" content=\"El hijo de Pe\u00f1a cumple 21 a\u00f1os y festeja en grande: con Luis Miguel; presumen FOTO en Instagram Por Redacci\u00f3n QP\" \/>\n<meta property=\"og:url\" content=\"https:\/\/quehacerpolitico.mx\/?p=15450\" \/>\n<meta property=\"article:published_time\" content=\"2019-01-29T01:17:29+00:00\" \/>\n<meta name=\"author\" content=\"Redacci\u00f3n QP\" \/>\n<meta name=\"twitter:card\" content=\"summary_large_image\" \/>\n<meta name=\"twitter:label1\" content=\"Escrito por\" \/>\n\t<meta name=\"twitter:data1\" content=\"Redacci\u00f3n QP\" \/>\n\t<meta name=\"twitter:label2\" content=\"Tiempo de lectura\" \/>\n\t<meta name=\"twitter:data2\" content=\"5 minutos\" \/>\n<script type=\"application\/ld+json\" class=\"yoast-schema-graph\">{\"@context\":\"https:\\\/\\\/schema.org\",\"@graph\":[{\"@type\":\"Article\",\"@id\":\"https:\\\/\\\/quehacerpolitico.mx\\\/?p=15450#article\",\"isPartOf\":{\"@id\":\"https:\\\/\\\/quehacerpolitico.mx\\\/?p=15450\"},\"author\":{\"name\":\"Redacci\u00f3n QP\",\"@id\":\"https:\\\/\\\/quehacerpolitico.mx\\\/#\\\/schema\\\/person\\\/496d8ad2d1d3f8036101dca7ee39e585\"},\"headline\":\"El hijo de Pe\u00f1a cumple 21 a\u00f1os y festeja en grande: con Luis Miguel; presumen FOTO en Instagram\",\"datePublished\":\"2019-01-29T01:17:29+00:00\",\"mainEntityOfPage\":{\"@id\":\"https:\\\/\\\/quehacerpolitico.mx\\\/?p=15450\"},\"wordCount\":1097,\"commentCount\":0,\"image\":{\"@id\":\"https:\\\/\\\/quehacerpolitico.mx\\\/?p=15450#primaryimage\"},\"thumbnailUrl\":\"\",\"articleSection\":[\"Noticias\"],\"inLanguage\":\"es\",\"potentialAction\":[{\"@type\":\"CommentAction\",\"name\":\"Comment\",\"target\":[\"https:\\\/\\\/quehacerpolitico.mx\\\/?p=15450#respond\"]}]},{\"@type\":\"WebPage\",\"@id\":\"https:\\\/\\\/quehacerpolitico.mx\\\/?p=15450\",\"url\":\"https:\\\/\\\/quehacerpolitico.mx\\\/?p=15450\",\"name\":\"El hijo de Pe\u00f1a cumple 21 a\u00f1os y festeja en grande: con Luis Miguel; presumen FOTO en Instagram -\",\"isPartOf\":{\"@id\":\"https:\\\/\\\/quehacerpolitico.mx\\\/#website\"},\"primaryImageOfPage\":{\"@id\":\"https:\\\/\\\/quehacerpolitico.mx\\\/?p=15450#primaryimage\"},\"image\":{\"@id\":\"https:\\\/\\\/quehacerpolitico.mx\\\/?p=15450#primaryimage\"},\"thumbnailUrl\":\"\",\"datePublished\":\"2019-01-29T01:17:29+00:00\",\"author\":{\"@id\":\"https:\\\/\\\/quehacerpolitico.mx\\\/#\\\/schema\\\/person\\\/496d8ad2d1d3f8036101dca7ee39e585\"},\"breadcrumb\":{\"@id\":\"https:\\\/\\\/quehacerpolitico.mx\\\/?p=15450#breadcrumb\"},\"inLanguage\":\"es\",\"potentialAction\":[{\"@type\":\"ReadAction\",\"target\":[\"https:\\\/\\\/quehacerpolitico.mx\\\/?p=15450\"]}]},{\"@type\":\"ImageObject\",\"inLanguage\":\"es\",\"@id\":\"https:\\\/\\\/quehacerpolitico.mx\\\/?p=15450#primaryimage\",\"url\":\"\",\"contentUrl\":\"\"},{\"@type\":\"BreadcrumbList\",\"@id\":\"https:\\\/\\\/quehacerpolitico.mx\\\/?p=15450#breadcrumb\",\"itemListElement\":[{\"@type\":\"ListItem\",\"position\":1,\"name\":\"Inicio\",\"item\":\"https:\\\/\\\/quehacerpolitico.mx\\\/\"},{\"@type\":\"ListItem\",\"position\":2,\"name\":\"El hijo de Pe\u00f1a cumple 21 a\u00f1os y festeja en grande: con Luis Miguel; presumen FOTO en Instagram\"}]},{\"@type\":\"WebSite\",\"@id\":\"https:\\\/\\\/quehacerpolitico.mx\\\/#website\",\"url\":\"https:\\\/\\\/quehacerpolitico.mx\\\/\",\"name\":\"\",\"description\":\"\",\"potentialAction\":[{\"@type\":\"SearchAction\",\"target\":{\"@type\":\"EntryPoint\",\"urlTemplate\":\"https:\\\/\\\/quehacerpolitico.mx\\\/?s={search_term_string}\"},\"query-input\":{\"@type\":\"PropertyValueSpecification\",\"valueRequired\":true,\"valueName\":\"search_term_string\"}}],\"inLanguage\":\"es\"},{\"@type\":\"Person\",\"@id\":\"https:\\\/\\\/quehacerpolitico.mx\\\/#\\\/schema\\\/person\\\/496d8ad2d1d3f8036101dca7ee39e585\",\"name\":\"Redacci\u00f3n QP\",\"image\":{\"@type\":\"ImageObject\",\"inLanguage\":\"es\",\"@id\":\"https:\\\/\\\/secure.gravatar.com\\\/avatar\\\/c7164ed6fdec453195284ad24a5ae5b6e1eed2b848477fa2a4787ba9adf39a41?s=96&d=mm&r=g\",\"url\":\"https:\\\/\\\/secure.gravatar.com\\\/avatar\\\/c7164ed6fdec453195284ad24a5ae5b6e1eed2b848477fa2a4787ba9adf39a41?s=96&d=mm&r=g\",\"contentUrl\":\"https:\\\/\\\/secure.gravatar.com\\\/avatar\\\/c7164ed6fdec453195284ad24a5ae5b6e1eed2b848477fa2a4787ba9adf39a41?s=96&d=mm&r=g\",\"caption\":\"Redacci\u00f3n QP\"},\"url\":\"https:\\\/\\\/quehacerpolitico.mx\\\/?author=2\"}]}<\/script>\n<!-- \/ Yoast SEO plugin. -->","yoast_head_json":{"title":"El hijo de Pe\u00f1a cumple 21 a\u00f1os y festeja en grande: con Luis Miguel; presumen FOTO en Instagram -","robots":{"index":"index","follow":"follow","max-snippet":"max-snippet:-1","max-image-preview":"max-image-preview:large","max-video-preview":"max-video-preview:-1"},"canonical":"https:\/\/quehacerpolitico.mx\/?p=15450","og_locale":"es_MX","og_type":"article","og_title":"El hijo de Pe\u00f1a cumple 21 a\u00f1os y festeja en grande: con Luis Miguel; presumen FOTO en Instagram -","og_description":"El hijo de Pe\u00f1a cumple 21 a\u00f1os y festeja en grande: con Luis Miguel; presumen FOTO en Instagram Por Redacci\u00f3n QP","og_url":"https:\/\/quehacerpolitico.mx\/?p=15450","article_published_time":"2019-01-29T01:17:29+00:00","author":"Redacci\u00f3n QP","twitter_card":"summary_large_image","twitter_misc":{"Escrito por":"Redacci\u00f3n QP","Tiempo de lectura":"5 minutos"},"schema":{"@context":"https:\/\/schema.org","@graph":[{"@type":"Article","@id":"https:\/\/quehacerpolitico.mx\/?p=15450#article","isPartOf":{"@id":"https:\/\/quehacerpolitico.mx\/?p=15450"},"author":{"name":"Redacci\u00f3n QP","@id":"https:\/\/quehacerpolitico.mx\/#\/schema\/person\/496d8ad2d1d3f8036101dca7ee39e585"},"headline":"El hijo de Pe\u00f1a cumple 21 a\u00f1os y festeja en grande: con Luis Miguel; presumen FOTO en Instagram","datePublished":"2019-01-29T01:17:29+00:00","mainEntityOfPage":{"@id":"https:\/\/quehacerpolitico.mx\/?p=15450"},"wordCount":1097,"commentCount":0,"image":{"@id":"https:\/\/quehacerpolitico.mx\/?p=15450#primaryimage"},"thumbnailUrl":"","articleSection":["Noticias"],"inLanguage":"es","potentialAction":[{"@type":"CommentAction","name":"Comment","target":["https:\/\/quehacerpolitico.mx\/?p=15450#respond"]}]},{"@type":"WebPage","@id":"https:\/\/quehacerpolitico.mx\/?p=15450","url":"https:\/\/quehacerpolitico.mx\/?p=15450","name":"El hijo de Pe\u00f1a cumple 21 a\u00f1os y festeja en grande: con Luis Miguel; presumen FOTO en Instagram -","isPartOf":{"@id":"https:\/\/quehacerpolitico.mx\/#website"},"primaryImageOfPage":{"@id":"https:\/\/quehacerpolitico.mx\/?p=15450#primaryimage"},"image":{"@id":"https:\/\/quehacerpolitico.mx\/?p=15450#primaryimage"},"thumbnailUrl":"","datePublished":"2019-01-29T01:17:29+00:00","author":{"@id":"https:\/\/quehacerpolitico.mx\/#\/schema\/person\/496d8ad2d1d3f8036101dca7ee39e585"},"breadcrumb":{"@id":"https:\/\/quehacerpolitico.mx\/?p=15450#breadcrumb"},"inLanguage":"es","potentialAction":[{"@type":"ReadAction","target":["https:\/\/quehacerpolitico.mx\/?p=15450"]}]},{"@type":"ImageObject","inLanguage":"es","@id":"https:\/\/quehacerpolitico.mx\/?p=15450#primaryimage","url":"","contentUrl":""},{"@type":"BreadcrumbList","@id":"https:\/\/quehacerpolitico.mx\/?p=15450#breadcrumb","itemListElement":[{"@type":"ListItem","position":1,"name":"Inicio","item":"https:\/\/quehacerpolitico.mx\/"},{"@type":"ListItem","position":2,"name":"El hijo de Pe\u00f1a cumple 21 a\u00f1os y festeja en grande: con Luis Miguel; presumen FOTO en Instagram"}]},{"@type":"WebSite","@id":"https:\/\/quehacerpolitico.mx\/#website","url":"https:\/\/quehacerpolitico.mx\/","name":"","description":"","potentialAction":[{"@type":"SearchAction","target":{"@type":"EntryPoint","urlTemplate":"https:\/\/quehacerpolitico.mx\/?s={search_term_string}"},"query-input":{"@type":"PropertyValueSpecification","valueRequired":true,"valueName":"search_term_string"}}],"inLanguage":"es"},{"@type":"Person","@id":"https:\/\/quehacerpolitico.mx\/#\/schema\/person\/496d8ad2d1d3f8036101dca7ee39e585","name":"Redacci\u00f3n QP","image":{"@type":"ImageObject","inLanguage":"es","@id":"https:\/\/secure.gravatar.com\/avatar\/c7164ed6fdec453195284ad24a5ae5b6e1eed2b848477fa2a4787ba9adf39a41?s=96&d=mm&r=g","url":"https:\/\/secure.gravatar.com\/avatar\/c7164ed6fdec453195284ad24a5ae5b6e1eed2b848477fa2a4787ba9adf39a41?s=96&d=mm&r=g","contentUrl":"https:\/\/secure.gravatar.com\/avatar\/c7164ed6fdec453195284ad24a5ae5b6e1eed2b848477fa2a4787ba9adf39a41?s=96&d=mm&r=g","caption":"Redacci\u00f3n QP"},"url":"https:\/\/quehacerpolitico.mx\/?author=2"}]}},"featured_image_urls":{"full":"","thumbnail":"","medium":"","medium_large":"","large":"","1536x1536":"","2048x2048":"","covernews-featured":"","covernews-medium":""},"author_info":{"display_name":"Redacci\u00f3n QP","author_link":"https:\/\/quehacerpolitico.mx\/?author=2"},"category_info":"<a href=\"https:\/\/quehacerpolitico.mx\/?cat=2\" rel=\"category\">Noticias<\/a>","tag_info":"Noticias","comment_count":"0","_links":{"self":[{"href":"https:\/\/quehacerpolitico.mx\/index.php?rest_route=\/wp\/v2\/posts\/15450","targetHints":{"allow":["GET"]}}],"collection":[{"href":"https:\/\/quehacerpolitico.mx\/index.php?rest_route=\/wp\/v2\/posts"}],"about":[{"href":"https:\/\/quehacerpolitico.mx\/index.php?rest_route=\/wp\/v2\/types\/post"}],"author":[{"embeddable":true,"href":"https:\/\/quehacerpolitico.mx\/index.php?rest_route=\/wp\/v2\/users\/2"}],"replies":[{"embeddable":true,"href":"https:\/\/quehacerpolitico.mx\/index.php?rest_route=%2Fwp%2Fv2%2Fcomments&post=15450"}],"version-history":[{"count":0,"href":"https:\/\/quehacerpolitico.mx\/index.php?rest_route=\/wp\/v2\/posts\/15450\/revisions"}],"wp:featuredmedia":[{"embeddable":true,"href":"https:\/\/quehacerpolitico.mx\/index.php?rest_route=\/"}],"wp:attachment":[{"href":"https:\/\/quehacerpolitico.mx\/index.php?rest_route=%2Fwp%2Fv2%2Fmedia&parent=15450"}],"wp:term":[{"taxonomy":"category","embeddable":true,"href":"https:\/\/quehacerpolitico.mx\/index.php?rest_route=%2Fwp%2Fv2%2Fcategories&post=15450"},{"taxonomy":"post_tag","embeddable":true,"href":"https:\/\/quehacerpolitico.mx\/index.php?rest_route=%2Fwp%2Fv2%2Ftags&post=15450"}],"curies":[{"name":"wp","href":"https:\/\/api.w.org\/{rel}","templated":true}]}}