{"id":15448,"date":"2019-01-28T23:05:26","date_gmt":"2019-01-28T23:05:26","guid":{"rendered":"http:\/\/quehacerpolitico.mx\/voces-del-periodista-desde-filomeno-mata-8-mouris-salloum-george-de-veras-2019-es-un-ano-macabro\/"},"modified":"2019-01-28T23:05:26","modified_gmt":"2019-01-28T23:05:26","slug":"voces-del-periodista-desde-filomeno-mata-8-mouris-salloum-george-de-veras-2019-es-un-ano-macabro","status":"publish","type":"post","link":"https:\/\/quehacerpolitico.mx\/?p=15448","title":{"rendered":"Voces del Periodista Desde Filomeno Mata 8\/\/\/Mouris Salloum George\/\/\/\u00bfDe veras 2019 es un a\u00f1o macabro?"},"content":{"rendered":"<h1 class=\"entry-title penci-entry-title penci-title-\">\u00bfDe veras 2019 es un a\u00f1o macabro?<\/h1>\n<p>Por Mouris Salloum George<\/p>\n<p>Director General del Club de Periodistas de M\u00e9xico AC<\/p>\n<p>Seg\u00fan sople el viento en las negociaciones comerciales entre Estados Unidos y China, si es tranquilizante, eventualmente el peso mexicano podr\u00eda negociarse en los pr\u00f3ximos d\u00edas en <strong>18.80 por d\u00f3lar<\/strong>. Hoy se tasaba el d\u00f3lar en 19.07 pesos a la venta y 18.75 a la compra.<\/p>\n<p>El \u00cdndice de Precios y Cotizaciones de la Bolsa Mexicana de Valores registrar\u00eda hoy, al cierre de los mercados, <strong>una baja marginal<\/strong>.<\/p>\n<p>De acuerdo con an\u00e1lisis de factores externos e internos, algunos corporativos bancarios han dejado para la segunda quincena de febrero la estimaci\u00f3n de crecimiento de la econom\u00eda mexicana en 2019.<\/p>\n<p>Sin embargo, con el asunto del combate al <strong><em>huachicol<\/em><\/strong>, algunos sedicentes l\u00edderes de opini\u00f3n nativos nos siguen pintando <strong>el paisaje<\/strong> <strong>m\u00e1s sombr\u00edo<\/strong>, no s\u00f3lo para 2019 y la pr\u00f3xima d\u00e9cada, sino, de una buena vez, para todo el siglo.<\/p>\n<p><strong>Grandes cadenas invertir\u00e1n 3,250 millones de d\u00f3lares<\/strong><\/p>\n<p>Como no somos especialistas en econom\u00eda y finanzas, nos atenemos a los juicios de valor de los que s\u00ed dominan estas materias. Estos expertos concluyen que el motor de la econom\u00eda, es, b\u00e1sicamente, <strong>el consumo<\/strong>.<\/p>\n<p>En el balance de 2018, a\u00f1o que fue de doce y no s\u00f3lo de un mes, el reporte indica que el sector comercio registr\u00f3, <strong>no p\u00e9rdidas<\/strong>, sin una <strong>relativa baja<\/strong> en las <strong>utilidades<\/strong> de las grandes cadenas de autoservicio.<\/p>\n<p>Algo debe haber consistente en ese balance porque, a finales de la semana pasada, la Asociaci\u00f3n Nacional de Tiendas de Autoservicio y Departamentales (ANTAD) anunci\u00f3 inversiones por <strong>tres mil 250 millones de d\u00f3lares para 2019<\/strong>, m\u00e1s de <strong>60 mil millones de pesos<\/strong>.<\/p>\n<p>Seg\u00fan el organigrama de esas cadenas inversoras, 38.1 por ciento se aplicar\u00eda a la apertura de nuevas tiendas, 31.1 a remodelaciones, 14.9 por ciento a log\u00edstica y distribuci\u00f3n, y 15.9 por ciento a sistemas y tecnolog\u00eda, capacitaci\u00f3n y desarrollo de capital humano.<\/p>\n<p>Las alzas nominales en inversi\u00f3n para nuevas tiendas ser\u00edan de 3.1 por ciento; en facturaci\u00f3n, <strong>6.3 por ciento<\/strong>.<\/p>\n<p>Enclaves tur\u00edsticos como los de Quintana Roo, Yucat\u00e1n y Sinaloa, anuncian para 2019 vitales inversiones en torres condominales y desarrollos residenciales horizontales, por un monto de m\u00e1s <strong>mil 200 millones de d\u00f3lares<\/strong>. Otros 25 mil millones de pesos.<\/p>\n<p>Eso indica que en sector comercio y turismo, no le teme a los pron\u00f3sticos catastrofistas del <em>tsunami <\/em>de 2019.<\/p>\n<p><strong>Construcci\u00f3n, industria automotriz, frontera norte\u2026.<\/strong><\/p>\n<p>La C\u00e1mara Mexicana de la Industria de la Construcci\u00f3n, una de las actividades m\u00e1s din\u00e1micas de la econom\u00eda, anuncia para 2019 <strong>un crecimiento de 2.5<\/strong> <strong>por ciento<\/strong>.<\/p>\n<p>El Grupo Lintel, desarrollador de parques industriales, ve 2019 una buena racha sobre todo para la zona de El Baj\u00edo, con epicentro en Guanajuato, cuyo detonante es la <strong>industria automotriz<\/strong>.<\/p>\n<p>En la <strong>frontera norte<\/strong>, a pesar de la huelga contra maquiladoras en Tamaulipas, cuyo levantamiento ya se negoci\u00f3 con los sindicatos, las expectativas para 2019 se apoyan en las pol\u00edticas p\u00fablicas del nuevo gobierno, sobre todo en materia fiscal.<\/p>\n<p>Las ganas de <strong>ver todo en blanco y negro<\/strong>, pues, no concilian el voluntarismo personal de algunos opinantes medi\u00e1ticos con la voluntad de invertir de los due\u00f1os del dinero.<\/p>\n<p>Es una l\u00f3gica capitalista que opera sobre la <strong><em>regla de oro de las ganancias<\/em><\/strong>. Se aprende en un manual para pricipiantes.<\/p>\n","protected":false},"excerpt":{"rendered":"<p>\u00bfDe veras 2019 es un a\u00f1o macabro?<br \/>\nPor Mouris Salloum George<br \/>\nDirector General del Club de Periodistas de M\u00e9xico AC<\/p>\n","protected":false},"author":2,"featured_media":15447,"comment_status":"open","ping_status":"open","sticky":false,"template":"","format":"standard","meta":{"_monsterinsights_skip_tracking":false,"_monsterinsights_sitenote_active":false,"_monsterinsights_sitenote_note":"","_monsterinsights_sitenote_category":0,"footnotes":""},"categories":[2],"tags":[],"class_list":["post-15448","post","type-post","status-publish","format-standard","has-post-thumbnail","hentry","category-noticias"],"yoast_head":"<!-- This site is optimized with the Yoast SEO plugin v27.3 - https:\/\/yoast.com\/product\/yoast-seo-wordpress\/ -->\n<title>Voces del Periodista Desde Filomeno Mata 8\/\/\/Mouris Salloum George\/\/\/\u00bfDe veras 2019 es un a\u00f1o macabro? -<\/title>\n<meta name=\"robots\" content=\"index, follow, max-snippet:-1, max-image-preview:large, max-video-preview:-1\" \/>\n<link rel=\"canonical\" href=\"https:\/\/quehacerpolitico.mx\/?p=15448\" \/>\n<meta property=\"og:locale\" content=\"es_MX\" \/>\n<meta property=\"og:type\" content=\"article\" \/>\n<meta property=\"og:title\" content=\"Voces del Periodista Desde Filomeno Mata 8\/\/\/Mouris Salloum George\/\/\/\u00bfDe veras 2019 es un a\u00f1o macabro? -\" \/>\n<meta property=\"og:description\" content=\"\u00bfDe veras 2019 es un a\u00f1o macabro? Por Mouris Salloum George Director General del Club de Periodistas de M\u00e9xico AC\" \/>\n<meta property=\"og:url\" content=\"https:\/\/quehacerpolitico.mx\/?p=15448\" \/>\n<meta property=\"article:published_time\" content=\"2019-01-28T23:05:26+00:00\" \/>\n<meta name=\"author\" content=\"Redacci\u00f3n QP\" \/>\n<meta name=\"twitter:card\" content=\"summary_large_image\" \/>\n<meta name=\"twitter:label1\" content=\"Escrito por\" \/>\n\t<meta name=\"twitter:data1\" content=\"Redacci\u00f3n QP\" \/>\n\t<meta name=\"twitter:label2\" content=\"Tiempo de lectura\" \/>\n\t<meta name=\"twitter:data2\" content=\"3 minutos\" \/>\n<script type=\"application\/ld+json\" class=\"yoast-schema-graph\">{\"@context\":\"https:\\\/\\\/schema.org\",\"@graph\":[{\"@type\":\"Article\",\"@id\":\"https:\\\/\\\/quehacerpolitico.mx\\\/?p=15448#article\",\"isPartOf\":{\"@id\":\"https:\\\/\\\/quehacerpolitico.mx\\\/?p=15448\"},\"author\":{\"name\":\"Redacci\u00f3n QP\",\"@id\":\"https:\\\/\\\/quehacerpolitico.mx\\\/#\\\/schema\\\/person\\\/496d8ad2d1d3f8036101dca7ee39e585\"},\"headline\":\"Voces del Periodista Desde Filomeno Mata 8\\\/\\\/\\\/Mouris Salloum George\\\/\\\/\\\/\u00bfDe veras 2019 es un a\u00f1o macabro?\",\"datePublished\":\"2019-01-28T23:05:26+00:00\",\"mainEntityOfPage\":{\"@id\":\"https:\\\/\\\/quehacerpolitico.mx\\\/?p=15448\"},\"wordCount\":595,\"commentCount\":0,\"image\":{\"@id\":\"https:\\\/\\\/quehacerpolitico.mx\\\/?p=15448#primaryimage\"},\"thumbnailUrl\":\"\",\"articleSection\":[\"Noticias\"],\"inLanguage\":\"es\",\"potentialAction\":[{\"@type\":\"CommentAction\",\"name\":\"Comment\",\"target\":[\"https:\\\/\\\/quehacerpolitico.mx\\\/?p=15448#respond\"]}]},{\"@type\":\"WebPage\",\"@id\":\"https:\\\/\\\/quehacerpolitico.mx\\\/?p=15448\",\"url\":\"https:\\\/\\\/quehacerpolitico.mx\\\/?p=15448\",\"name\":\"Voces del Periodista Desde Filomeno Mata 8\\\/\\\/\\\/Mouris Salloum George\\\/\\\/\\\/\u00bfDe veras 2019 es un a\u00f1o macabro? -\",\"isPartOf\":{\"@id\":\"https:\\\/\\\/quehacerpolitico.mx\\\/#website\"},\"primaryImageOfPage\":{\"@id\":\"https:\\\/\\\/quehacerpolitico.mx\\\/?p=15448#primaryimage\"},\"image\":{\"@id\":\"https:\\\/\\\/quehacerpolitico.mx\\\/?p=15448#primaryimage\"},\"thumbnailUrl\":\"\",\"datePublished\":\"2019-01-28T23:05:26+00:00\",\"author\":{\"@id\":\"https:\\\/\\\/quehacerpolitico.mx\\\/#\\\/schema\\\/person\\\/496d8ad2d1d3f8036101dca7ee39e585\"},\"breadcrumb\":{\"@id\":\"https:\\\/\\\/quehacerpolitico.mx\\\/?p=15448#breadcrumb\"},\"inLanguage\":\"es\",\"potentialAction\":[{\"@type\":\"ReadAction\",\"target\":[\"https:\\\/\\\/quehacerpolitico.mx\\\/?p=15448\"]}]},{\"@type\":\"ImageObject\",\"inLanguage\":\"es\",\"@id\":\"https:\\\/\\\/quehacerpolitico.mx\\\/?p=15448#primaryimage\",\"url\":\"\",\"contentUrl\":\"\"},{\"@type\":\"BreadcrumbList\",\"@id\":\"https:\\\/\\\/quehacerpolitico.mx\\\/?p=15448#breadcrumb\",\"itemListElement\":[{\"@type\":\"ListItem\",\"position\":1,\"name\":\"Inicio\",\"item\":\"https:\\\/\\\/quehacerpolitico.mx\\\/\"},{\"@type\":\"ListItem\",\"position\":2,\"name\":\"Voces del Periodista Desde Filomeno Mata 8\\\/\\\/\\\/Mouris Salloum George\\\/\\\/\\\/\u00bfDe veras 2019 es un a\u00f1o macabro?\"}]},{\"@type\":\"WebSite\",\"@id\":\"https:\\\/\\\/quehacerpolitico.mx\\\/#website\",\"url\":\"https:\\\/\\\/quehacerpolitico.mx\\\/\",\"name\":\"\",\"description\":\"\",\"potentialAction\":[{\"@type\":\"SearchAction\",\"target\":{\"@type\":\"EntryPoint\",\"urlTemplate\":\"https:\\\/\\\/quehacerpolitico.mx\\\/?s={search_term_string}\"},\"query-input\":{\"@type\":\"PropertyValueSpecification\",\"valueRequired\":true,\"valueName\":\"search_term_string\"}}],\"inLanguage\":\"es\"},{\"@type\":\"Person\",\"@id\":\"https:\\\/\\\/quehacerpolitico.mx\\\/#\\\/schema\\\/person\\\/496d8ad2d1d3f8036101dca7ee39e585\",\"name\":\"Redacci\u00f3n QP\",\"image\":{\"@type\":\"ImageObject\",\"inLanguage\":\"es\",\"@id\":\"https:\\\/\\\/secure.gravatar.com\\\/avatar\\\/c7164ed6fdec453195284ad24a5ae5b6e1eed2b848477fa2a4787ba9adf39a41?s=96&d=mm&r=g\",\"url\":\"https:\\\/\\\/secure.gravatar.com\\\/avatar\\\/c7164ed6fdec453195284ad24a5ae5b6e1eed2b848477fa2a4787ba9adf39a41?s=96&d=mm&r=g\",\"contentUrl\":\"https:\\\/\\\/secure.gravatar.com\\\/avatar\\\/c7164ed6fdec453195284ad24a5ae5b6e1eed2b848477fa2a4787ba9adf39a41?s=96&d=mm&r=g\",\"caption\":\"Redacci\u00f3n QP\"},\"url\":\"https:\\\/\\\/quehacerpolitico.mx\\\/?author=2\"}]}<\/script>\n<!-- \/ Yoast SEO plugin. -->","yoast_head_json":{"title":"Voces del Periodista Desde Filomeno Mata 8\/\/\/Mouris Salloum George\/\/\/\u00bfDe veras 2019 es un a\u00f1o macabro? -","robots":{"index":"index","follow":"follow","max-snippet":"max-snippet:-1","max-image-preview":"max-image-preview:large","max-video-preview":"max-video-preview:-1"},"canonical":"https:\/\/quehacerpolitico.mx\/?p=15448","og_locale":"es_MX","og_type":"article","og_title":"Voces del Periodista Desde Filomeno Mata 8\/\/\/Mouris Salloum George\/\/\/\u00bfDe veras 2019 es un a\u00f1o macabro? -","og_description":"\u00bfDe veras 2019 es un a\u00f1o macabro? Por Mouris Salloum George Director General del Club de Periodistas de M\u00e9xico AC","og_url":"https:\/\/quehacerpolitico.mx\/?p=15448","article_published_time":"2019-01-28T23:05:26+00:00","author":"Redacci\u00f3n QP","twitter_card":"summary_large_image","twitter_misc":{"Escrito por":"Redacci\u00f3n QP","Tiempo de lectura":"3 minutos"},"schema":{"@context":"https:\/\/schema.org","@graph":[{"@type":"Article","@id":"https:\/\/quehacerpolitico.mx\/?p=15448#article","isPartOf":{"@id":"https:\/\/quehacerpolitico.mx\/?p=15448"},"author":{"name":"Redacci\u00f3n QP","@id":"https:\/\/quehacerpolitico.mx\/#\/schema\/person\/496d8ad2d1d3f8036101dca7ee39e585"},"headline":"Voces del Periodista Desde Filomeno Mata 8\/\/\/Mouris Salloum George\/\/\/\u00bfDe veras 2019 es un a\u00f1o macabro?","datePublished":"2019-01-28T23:05:26+00:00","mainEntityOfPage":{"@id":"https:\/\/quehacerpolitico.mx\/?p=15448"},"wordCount":595,"commentCount":0,"image":{"@id":"https:\/\/quehacerpolitico.mx\/?p=15448#primaryimage"},"thumbnailUrl":"","articleSection":["Noticias"],"inLanguage":"es","potentialAction":[{"@type":"CommentAction","name":"Comment","target":["https:\/\/quehacerpolitico.mx\/?p=15448#respond"]}]},{"@type":"WebPage","@id":"https:\/\/quehacerpolitico.mx\/?p=15448","url":"https:\/\/quehacerpolitico.mx\/?p=15448","name":"Voces del Periodista Desde Filomeno Mata 8\/\/\/Mouris Salloum George\/\/\/\u00bfDe veras 2019 es un a\u00f1o macabro? -","isPartOf":{"@id":"https:\/\/quehacerpolitico.mx\/#website"},"primaryImageOfPage":{"@id":"https:\/\/quehacerpolitico.mx\/?p=15448#primaryimage"},"image":{"@id":"https:\/\/quehacerpolitico.mx\/?p=15448#primaryimage"},"thumbnailUrl":"","datePublished":"2019-01-28T23:05:26+00:00","author":{"@id":"https:\/\/quehacerpolitico.mx\/#\/schema\/person\/496d8ad2d1d3f8036101dca7ee39e585"},"breadcrumb":{"@id":"https:\/\/quehacerpolitico.mx\/?p=15448#breadcrumb"},"inLanguage":"es","potentialAction":[{"@type":"ReadAction","target":["https:\/\/quehacerpolitico.mx\/?p=15448"]}]},{"@type":"ImageObject","inLanguage":"es","@id":"https:\/\/quehacerpolitico.mx\/?p=15448#primaryimage","url":"","contentUrl":""},{"@type":"BreadcrumbList","@id":"https:\/\/quehacerpolitico.mx\/?p=15448#breadcrumb","itemListElement":[{"@type":"ListItem","position":1,"name":"Inicio","item":"https:\/\/quehacerpolitico.mx\/"},{"@type":"ListItem","position":2,"name":"Voces del Periodista Desde Filomeno Mata 8\/\/\/Mouris Salloum George\/\/\/\u00bfDe veras 2019 es un a\u00f1o macabro?"}]},{"@type":"WebSite","@id":"https:\/\/quehacerpolitico.mx\/#website","url":"https:\/\/quehacerpolitico.mx\/","name":"","description":"","potentialAction":[{"@type":"SearchAction","target":{"@type":"EntryPoint","urlTemplate":"https:\/\/quehacerpolitico.mx\/?s={search_term_string}"},"query-input":{"@type":"PropertyValueSpecification","valueRequired":true,"valueName":"search_term_string"}}],"inLanguage":"es"},{"@type":"Person","@id":"https:\/\/quehacerpolitico.mx\/#\/schema\/person\/496d8ad2d1d3f8036101dca7ee39e585","name":"Redacci\u00f3n QP","image":{"@type":"ImageObject","inLanguage":"es","@id":"https:\/\/secure.gravatar.com\/avatar\/c7164ed6fdec453195284ad24a5ae5b6e1eed2b848477fa2a4787ba9adf39a41?s=96&d=mm&r=g","url":"https:\/\/secure.gravatar.com\/avatar\/c7164ed6fdec453195284ad24a5ae5b6e1eed2b848477fa2a4787ba9adf39a41?s=96&d=mm&r=g","contentUrl":"https:\/\/secure.gravatar.com\/avatar\/c7164ed6fdec453195284ad24a5ae5b6e1eed2b848477fa2a4787ba9adf39a41?s=96&d=mm&r=g","caption":"Redacci\u00f3n QP"},"url":"https:\/\/quehacerpolitico.mx\/?author=2"}]}},"featured_image_urls":{"full":"","thumbnail":"","medium":"","medium_large":"","large":"","1536x1536":"","2048x2048":"","covernews-featured":"","covernews-medium":""},"author_info":{"display_name":"Redacci\u00f3n QP","author_link":"https:\/\/quehacerpolitico.mx\/?author=2"},"category_info":"<a href=\"https:\/\/quehacerpolitico.mx\/?cat=2\" rel=\"category\">Noticias<\/a>","tag_info":"Noticias","comment_count":"0","_links":{"self":[{"href":"https:\/\/quehacerpolitico.mx\/index.php?rest_route=\/wp\/v2\/posts\/15448","targetHints":{"allow":["GET"]}}],"collection":[{"href":"https:\/\/quehacerpolitico.mx\/index.php?rest_route=\/wp\/v2\/posts"}],"about":[{"href":"https:\/\/quehacerpolitico.mx\/index.php?rest_route=\/wp\/v2\/types\/post"}],"author":[{"embeddable":true,"href":"https:\/\/quehacerpolitico.mx\/index.php?rest_route=\/wp\/v2\/users\/2"}],"replies":[{"embeddable":true,"href":"https:\/\/quehacerpolitico.mx\/index.php?rest_route=%2Fwp%2Fv2%2Fcomments&post=15448"}],"version-history":[{"count":0,"href":"https:\/\/quehacerpolitico.mx\/index.php?rest_route=\/wp\/v2\/posts\/15448\/revisions"}],"wp:featuredmedia":[{"embeddable":true,"href":"https:\/\/quehacerpolitico.mx\/index.php?rest_route=\/"}],"wp:attachment":[{"href":"https:\/\/quehacerpolitico.mx\/index.php?rest_route=%2Fwp%2Fv2%2Fmedia&parent=15448"}],"wp:term":[{"taxonomy":"category","embeddable":true,"href":"https:\/\/quehacerpolitico.mx\/index.php?rest_route=%2Fwp%2Fv2%2Fcategories&post=15448"},{"taxonomy":"post_tag","embeddable":true,"href":"https:\/\/quehacerpolitico.mx\/index.php?rest_route=%2Fwp%2Fv2%2Ftags&post=15448"}],"curies":[{"name":"wp","href":"https:\/\/api.w.org\/{rel}","templated":true}]}}