{"id":15434,"date":"2019-01-28T17:24:49","date_gmt":"2019-01-28T17:24:49","guid":{"rendered":"http:\/\/quehacerpolitico.mx\/video-yalitza-aparicio-y-diego-boneta-anuncian-que-trabajaran-juntos-en-un-nuevo-proyecto\/"},"modified":"2019-01-28T17:24:49","modified_gmt":"2019-01-28T17:24:49","slug":"video-yalitza-aparicio-y-diego-boneta-anuncian-que-trabajaran-juntos-en-un-nuevo-proyecto","status":"publish","type":"post","link":"https:\/\/quehacerpolitico.mx\/?p=15434","title":{"rendered":"VIDEO: Yalitza Aparicio y Diego Boneta anuncian que trabajar\u00e1n juntos en un nuevo proyecto"},"content":{"rendered":"<h1>VIDEO: Yalitza Aparicio y Diego Boneta anuncian que trabajar\u00e1n juntos en un nuevo proyecto<\/h1>\n<p>Por Redacci\u00f3n QP<\/p>\n<p>Contra los pron\u00f3sticos de los esc\u00e9pticos que difundieron que <em><strong>Roma<\/strong><\/em> era la <strong>primera y \u00faltima actuaci\u00f3n de Yalitza Aparicio<\/strong>, las redes sociales \u201carden\u201d con un video que subi\u00f3 el <strong>actor Diego Boneta<\/strong>y en el que adelanta un trabajo con la oaxaque\u00f1a nominada al \u00d3scar.<\/p>\n<blockquote>\n<p>En su cuenta de Instagram, el protagonista de Luis Miguel, de la serie de Netflix, comparti\u00f3 con alegr\u00eda la noticia de que \u00e9l y Yalitza unir\u00e1n esfuerzos en un nuevo proyecto cuya trama no fue revelada.<\/p>\n<\/blockquote>\n<p>\u201cYali y yo les tenemos una sorpresa, estoy feliz de que vamos a trabajar juntos, muy pronto ver\u00e1n qu\u00e9 es\u201d, expuso Boneta.<\/p>\n<p>La actriz respondi\u00f3: \u201cClaro que s\u00ed, es sorpresa, as\u00ed que esperen la noticia\u201d.<\/p>\n<p>https:\/\/www.instagram.com\/p\/BtKL9wQlbCC\/?utm_source=ig_web_copy_link<\/p>\n<p>Despu\u00e9s de dejar sin aliento a los fans con la buena nueva, Boneta aprovech\u00f3 el video para felicitar a Yalitza por su nominaci\u00f3n al Oscar a la mejor actriz y destacar que la joven \u201cest\u00e1 representando a M\u00e9xico, viva M\u00e9xico, orgullo mexicano\u201d.<\/p>\n<p><iframe loading=\"lazy\" title=\"ROMA | Official Trailer | Netflix\" width=\"640\" height=\"360\" src=\"https:\/\/www.youtube.com\/embed\/6BS27ngZtxg?feature=oembed\" frameborder=\"0\" allow=\"accelerometer; autoplay; clipboard-write; encrypted-media; gyroscope; picture-in-picture; web-share\" referrerpolicy=\"strict-origin-when-cross-origin\" allowfullscreen><\/iframe><\/p>\n<p>\u201cYali, pase lo que pase, t\u00fa ya eres una ganadora\u201d, dijo Boneta en el video; la protagonista de <em>Roma<\/em> se mostr\u00f3 agradecida.<\/p>\n<p><iframe loading=\"lazy\" title=\"Luis Miguel La Serie | Trailer Oficial | Netflix\" width=\"640\" height=\"360\" src=\"https:\/\/www.youtube.com\/embed\/ebI7b7NoH54?feature=oembed\" frameborder=\"0\" allow=\"accelerometer; autoplay; clipboard-write; encrypted-media; gyroscope; picture-in-picture; web-share\" referrerpolicy=\"strict-origin-when-cross-origin\" allowfullscreen><\/iframe><\/p>\n<p>De esta forma, los fans ahora ver\u00e1n la continuaci\u00f3n de la carrera de Yalitza con una de las estrellas j\u00f3venes de M\u00e9xico m\u00e1s queridas.<\/p>\n","protected":false},"excerpt":{"rendered":"<p>VIDEO: Yalitza Aparicio y Diego Boneta anuncian que trabajar\u00e1n juntos en un nuevo proyecto<br \/>\nPor Redacci\u00f3n QP<\/p>\n","protected":false},"author":2,"featured_media":15433,"comment_status":"open","ping_status":"open","sticky":false,"template":"","format":"standard","meta":{"_monsterinsights_skip_tracking":false,"_monsterinsights_sitenote_active":false,"_monsterinsights_sitenote_note":"","_monsterinsights_sitenote_category":0,"footnotes":""},"categories":[58],"tags":[],"class_list":["post-15434","post","type-post","status-publish","format-standard","has-post-thumbnail","hentry","category-cultura"],"yoast_head":"<!-- This site is optimized with the Yoast SEO plugin v27.3 - https:\/\/yoast.com\/product\/yoast-seo-wordpress\/ -->\n<title>VIDEO: Yalitza Aparicio y Diego Boneta anuncian que trabajar\u00e1n juntos en un nuevo proyecto -<\/title>\n<meta name=\"robots\" content=\"index, follow, max-snippet:-1, max-image-preview:large, max-video-preview:-1\" \/>\n<link rel=\"canonical\" href=\"https:\/\/quehacerpolitico.mx\/?p=15434\" \/>\n<meta property=\"og:locale\" content=\"es_MX\" \/>\n<meta property=\"og:type\" content=\"article\" \/>\n<meta property=\"og:title\" content=\"VIDEO: Yalitza Aparicio y Diego Boneta anuncian que trabajar\u00e1n juntos en un nuevo proyecto -\" \/>\n<meta property=\"og:description\" content=\"VIDEO: Yalitza Aparicio y Diego Boneta anuncian que trabajar\u00e1n juntos en un nuevo proyecto Por Redacci\u00f3n QP\" \/>\n<meta property=\"og:url\" content=\"https:\/\/quehacerpolitico.mx\/?p=15434\" \/>\n<meta property=\"article:published_time\" content=\"2019-01-28T17:24:49+00:00\" \/>\n<meta name=\"author\" content=\"Redacci\u00f3n QP\" \/>\n<meta name=\"twitter:card\" content=\"summary_large_image\" \/>\n<meta name=\"twitter:label1\" content=\"Escrito por\" \/>\n\t<meta name=\"twitter:data1\" content=\"Redacci\u00f3n QP\" \/>\n\t<meta name=\"twitter:label2\" content=\"Tiempo de lectura\" \/>\n\t<meta name=\"twitter:data2\" content=\"1 minuto\" \/>\n<script type=\"application\/ld+json\" class=\"yoast-schema-graph\">{\"@context\":\"https:\\\/\\\/schema.org\",\"@graph\":[{\"@type\":\"Article\",\"@id\":\"https:\\\/\\\/quehacerpolitico.mx\\\/?p=15434#article\",\"isPartOf\":{\"@id\":\"https:\\\/\\\/quehacerpolitico.mx\\\/?p=15434\"},\"author\":{\"name\":\"Redacci\u00f3n QP\",\"@id\":\"https:\\\/\\\/quehacerpolitico.mx\\\/#\\\/schema\\\/person\\\/496d8ad2d1d3f8036101dca7ee39e585\"},\"headline\":\"VIDEO: Yalitza Aparicio y Diego Boneta anuncian que trabajar\u00e1n juntos en un nuevo proyecto\",\"datePublished\":\"2019-01-28T17:24:49+00:00\",\"mainEntityOfPage\":{\"@id\":\"https:\\\/\\\/quehacerpolitico.mx\\\/?p=15434\"},\"wordCount\":277,\"commentCount\":0,\"image\":{\"@id\":\"https:\\\/\\\/quehacerpolitico.mx\\\/?p=15434#primaryimage\"},\"thumbnailUrl\":\"\",\"articleSection\":[\"Cultura y Entretenimiento\"],\"inLanguage\":\"es\",\"potentialAction\":[{\"@type\":\"CommentAction\",\"name\":\"Comment\",\"target\":[\"https:\\\/\\\/quehacerpolitico.mx\\\/?p=15434#respond\"]}]},{\"@type\":\"WebPage\",\"@id\":\"https:\\\/\\\/quehacerpolitico.mx\\\/?p=15434\",\"url\":\"https:\\\/\\\/quehacerpolitico.mx\\\/?p=15434\",\"name\":\"VIDEO: Yalitza Aparicio y Diego Boneta anuncian que trabajar\u00e1n juntos en un nuevo proyecto -\",\"isPartOf\":{\"@id\":\"https:\\\/\\\/quehacerpolitico.mx\\\/#website\"},\"primaryImageOfPage\":{\"@id\":\"https:\\\/\\\/quehacerpolitico.mx\\\/?p=15434#primaryimage\"},\"image\":{\"@id\":\"https:\\\/\\\/quehacerpolitico.mx\\\/?p=15434#primaryimage\"},\"thumbnailUrl\":\"\",\"datePublished\":\"2019-01-28T17:24:49+00:00\",\"author\":{\"@id\":\"https:\\\/\\\/quehacerpolitico.mx\\\/#\\\/schema\\\/person\\\/496d8ad2d1d3f8036101dca7ee39e585\"},\"breadcrumb\":{\"@id\":\"https:\\\/\\\/quehacerpolitico.mx\\\/?p=15434#breadcrumb\"},\"inLanguage\":\"es\",\"potentialAction\":[{\"@type\":\"ReadAction\",\"target\":[\"https:\\\/\\\/quehacerpolitico.mx\\\/?p=15434\"]}]},{\"@type\":\"ImageObject\",\"inLanguage\":\"es\",\"@id\":\"https:\\\/\\\/quehacerpolitico.mx\\\/?p=15434#primaryimage\",\"url\":\"\",\"contentUrl\":\"\"},{\"@type\":\"BreadcrumbList\",\"@id\":\"https:\\\/\\\/quehacerpolitico.mx\\\/?p=15434#breadcrumb\",\"itemListElement\":[{\"@type\":\"ListItem\",\"position\":1,\"name\":\"Inicio\",\"item\":\"https:\\\/\\\/quehacerpolitico.mx\\\/\"},{\"@type\":\"ListItem\",\"position\":2,\"name\":\"VIDEO: Yalitza Aparicio y Diego Boneta anuncian que trabajar\u00e1n juntos en un nuevo proyecto\"}]},{\"@type\":\"WebSite\",\"@id\":\"https:\\\/\\\/quehacerpolitico.mx\\\/#website\",\"url\":\"https:\\\/\\\/quehacerpolitico.mx\\\/\",\"name\":\"\",\"description\":\"\",\"potentialAction\":[{\"@type\":\"SearchAction\",\"target\":{\"@type\":\"EntryPoint\",\"urlTemplate\":\"https:\\\/\\\/quehacerpolitico.mx\\\/?s={search_term_string}\"},\"query-input\":{\"@type\":\"PropertyValueSpecification\",\"valueRequired\":true,\"valueName\":\"search_term_string\"}}],\"inLanguage\":\"es\"},{\"@type\":\"Person\",\"@id\":\"https:\\\/\\\/quehacerpolitico.mx\\\/#\\\/schema\\\/person\\\/496d8ad2d1d3f8036101dca7ee39e585\",\"name\":\"Redacci\u00f3n QP\",\"image\":{\"@type\":\"ImageObject\",\"inLanguage\":\"es\",\"@id\":\"https:\\\/\\\/secure.gravatar.com\\\/avatar\\\/c7164ed6fdec453195284ad24a5ae5b6e1eed2b848477fa2a4787ba9adf39a41?s=96&d=mm&r=g\",\"url\":\"https:\\\/\\\/secure.gravatar.com\\\/avatar\\\/c7164ed6fdec453195284ad24a5ae5b6e1eed2b848477fa2a4787ba9adf39a41?s=96&d=mm&r=g\",\"contentUrl\":\"https:\\\/\\\/secure.gravatar.com\\\/avatar\\\/c7164ed6fdec453195284ad24a5ae5b6e1eed2b848477fa2a4787ba9adf39a41?s=96&d=mm&r=g\",\"caption\":\"Redacci\u00f3n QP\"},\"url\":\"https:\\\/\\\/quehacerpolitico.mx\\\/?author=2\"}]}<\/script>\n<!-- \/ Yoast SEO plugin. -->","yoast_head_json":{"title":"VIDEO: Yalitza Aparicio y Diego Boneta anuncian que trabajar\u00e1n juntos en un nuevo proyecto -","robots":{"index":"index","follow":"follow","max-snippet":"max-snippet:-1","max-image-preview":"max-image-preview:large","max-video-preview":"max-video-preview:-1"},"canonical":"https:\/\/quehacerpolitico.mx\/?p=15434","og_locale":"es_MX","og_type":"article","og_title":"VIDEO: Yalitza Aparicio y Diego Boneta anuncian que trabajar\u00e1n juntos en un nuevo proyecto -","og_description":"VIDEO: Yalitza Aparicio y Diego Boneta anuncian que trabajar\u00e1n juntos en un nuevo proyecto Por Redacci\u00f3n QP","og_url":"https:\/\/quehacerpolitico.mx\/?p=15434","article_published_time":"2019-01-28T17:24:49+00:00","author":"Redacci\u00f3n QP","twitter_card":"summary_large_image","twitter_misc":{"Escrito por":"Redacci\u00f3n QP","Tiempo de lectura":"1 minuto"},"schema":{"@context":"https:\/\/schema.org","@graph":[{"@type":"Article","@id":"https:\/\/quehacerpolitico.mx\/?p=15434#article","isPartOf":{"@id":"https:\/\/quehacerpolitico.mx\/?p=15434"},"author":{"name":"Redacci\u00f3n QP","@id":"https:\/\/quehacerpolitico.mx\/#\/schema\/person\/496d8ad2d1d3f8036101dca7ee39e585"},"headline":"VIDEO: Yalitza Aparicio y Diego Boneta anuncian que trabajar\u00e1n juntos en un nuevo proyecto","datePublished":"2019-01-28T17:24:49+00:00","mainEntityOfPage":{"@id":"https:\/\/quehacerpolitico.mx\/?p=15434"},"wordCount":277,"commentCount":0,"image":{"@id":"https:\/\/quehacerpolitico.mx\/?p=15434#primaryimage"},"thumbnailUrl":"","articleSection":["Cultura y Entretenimiento"],"inLanguage":"es","potentialAction":[{"@type":"CommentAction","name":"Comment","target":["https:\/\/quehacerpolitico.mx\/?p=15434#respond"]}]},{"@type":"WebPage","@id":"https:\/\/quehacerpolitico.mx\/?p=15434","url":"https:\/\/quehacerpolitico.mx\/?p=15434","name":"VIDEO: Yalitza Aparicio y Diego Boneta anuncian que trabajar\u00e1n juntos en un nuevo proyecto -","isPartOf":{"@id":"https:\/\/quehacerpolitico.mx\/#website"},"primaryImageOfPage":{"@id":"https:\/\/quehacerpolitico.mx\/?p=15434#primaryimage"},"image":{"@id":"https:\/\/quehacerpolitico.mx\/?p=15434#primaryimage"},"thumbnailUrl":"","datePublished":"2019-01-28T17:24:49+00:00","author":{"@id":"https:\/\/quehacerpolitico.mx\/#\/schema\/person\/496d8ad2d1d3f8036101dca7ee39e585"},"breadcrumb":{"@id":"https:\/\/quehacerpolitico.mx\/?p=15434#breadcrumb"},"inLanguage":"es","potentialAction":[{"@type":"ReadAction","target":["https:\/\/quehacerpolitico.mx\/?p=15434"]}]},{"@type":"ImageObject","inLanguage":"es","@id":"https:\/\/quehacerpolitico.mx\/?p=15434#primaryimage","url":"","contentUrl":""},{"@type":"BreadcrumbList","@id":"https:\/\/quehacerpolitico.mx\/?p=15434#breadcrumb","itemListElement":[{"@type":"ListItem","position":1,"name":"Inicio","item":"https:\/\/quehacerpolitico.mx\/"},{"@type":"ListItem","position":2,"name":"VIDEO: Yalitza Aparicio y Diego Boneta anuncian que trabajar\u00e1n juntos en un nuevo proyecto"}]},{"@type":"WebSite","@id":"https:\/\/quehacerpolitico.mx\/#website","url":"https:\/\/quehacerpolitico.mx\/","name":"","description":"","potentialAction":[{"@type":"SearchAction","target":{"@type":"EntryPoint","urlTemplate":"https:\/\/quehacerpolitico.mx\/?s={search_term_string}"},"query-input":{"@type":"PropertyValueSpecification","valueRequired":true,"valueName":"search_term_string"}}],"inLanguage":"es"},{"@type":"Person","@id":"https:\/\/quehacerpolitico.mx\/#\/schema\/person\/496d8ad2d1d3f8036101dca7ee39e585","name":"Redacci\u00f3n QP","image":{"@type":"ImageObject","inLanguage":"es","@id":"https:\/\/secure.gravatar.com\/avatar\/c7164ed6fdec453195284ad24a5ae5b6e1eed2b848477fa2a4787ba9adf39a41?s=96&d=mm&r=g","url":"https:\/\/secure.gravatar.com\/avatar\/c7164ed6fdec453195284ad24a5ae5b6e1eed2b848477fa2a4787ba9adf39a41?s=96&d=mm&r=g","contentUrl":"https:\/\/secure.gravatar.com\/avatar\/c7164ed6fdec453195284ad24a5ae5b6e1eed2b848477fa2a4787ba9adf39a41?s=96&d=mm&r=g","caption":"Redacci\u00f3n QP"},"url":"https:\/\/quehacerpolitico.mx\/?author=2"}]}},"featured_image_urls":{"full":"","thumbnail":"","medium":"","medium_large":"","large":"","1536x1536":"","2048x2048":"","covernews-featured":"","covernews-medium":""},"author_info":{"display_name":"Redacci\u00f3n QP","author_link":"https:\/\/quehacerpolitico.mx\/?author=2"},"category_info":"<a href=\"https:\/\/quehacerpolitico.mx\/?cat=58\" rel=\"category\">Cultura y Entretenimiento<\/a>","tag_info":"Cultura y Entretenimiento","comment_count":"0","_links":{"self":[{"href":"https:\/\/quehacerpolitico.mx\/index.php?rest_route=\/wp\/v2\/posts\/15434","targetHints":{"allow":["GET"]}}],"collection":[{"href":"https:\/\/quehacerpolitico.mx\/index.php?rest_route=\/wp\/v2\/posts"}],"about":[{"href":"https:\/\/quehacerpolitico.mx\/index.php?rest_route=\/wp\/v2\/types\/post"}],"author":[{"embeddable":true,"href":"https:\/\/quehacerpolitico.mx\/index.php?rest_route=\/wp\/v2\/users\/2"}],"replies":[{"embeddable":true,"href":"https:\/\/quehacerpolitico.mx\/index.php?rest_route=%2Fwp%2Fv2%2Fcomments&post=15434"}],"version-history":[{"count":0,"href":"https:\/\/quehacerpolitico.mx\/index.php?rest_route=\/wp\/v2\/posts\/15434\/revisions"}],"wp:featuredmedia":[{"embeddable":true,"href":"https:\/\/quehacerpolitico.mx\/index.php?rest_route=\/"}],"wp:attachment":[{"href":"https:\/\/quehacerpolitico.mx\/index.php?rest_route=%2Fwp%2Fv2%2Fmedia&parent=15434"}],"wp:term":[{"taxonomy":"category","embeddable":true,"href":"https:\/\/quehacerpolitico.mx\/index.php?rest_route=%2Fwp%2Fv2%2Fcategories&post=15434"},{"taxonomy":"post_tag","embeddable":true,"href":"https:\/\/quehacerpolitico.mx\/index.php?rest_route=%2Fwp%2Fv2%2Ftags&post=15434"}],"curies":[{"name":"wp","href":"https:\/\/api.w.org\/{rel}","templated":true}]}}