{"id":15428,"date":"2019-01-28T16:58:50","date_gmt":"2019-01-28T16:58:50","guid":{"rendered":"http:\/\/quehacerpolitico.mx\/internacionales-carolina-alonso-romei-eu-advierte-de-represalias-si-hay-violencia-contra-oposicion-en-venezuela\/"},"modified":"2019-01-28T16:58:50","modified_gmt":"2019-01-28T16:58:50","slug":"internacionales-carolina-alonso-romei-eu-advierte-de-represalias-si-hay-violencia-contra-oposicion-en-venezuela","status":"publish","type":"post","link":"https:\/\/quehacerpolitico.mx\/?p=15428","title":{"rendered":"Internacionales\/\/\/Carolina Alonso Romei\/\/\/EU advierte de represalias si hay violencia contra oposici\u00f3n en Venezuela"},"content":{"rendered":"<h1 class=\"news-title\">EU advierte de represalias si hay violencia contra oposici\u00f3n en Venezuela<\/h1>\n<p>Por Carolina Alonso Romei\u00a0<\/p>\n<p>Internacionalista<\/p>\n<header class=\"news-header\">\n<div class=\"news-subtitle\">\n<p>El asesor de Seguridad Nacional amenaza con una &#8220;respuesta significativa&#8221; en caso de que se act\u00fae contra el personal diplom\u00e1tico de su pa\u00eds, la Asamblea Nacional y el autoproclamado presidente Juan Guaid\u00f3<\/p>\n<\/div>\n<\/header>\n<div class=\"news-content\">\n<div class=\"news-body row\">\n<p>El asesor de Seguridad Nacional de EU, John Bolton, advirti\u00f3 este domingo de que la Casa Blanca adoptar\u00e1 una &#8220;respuesta significativa&#8221; si percibe &#8220;violencia e intimidaci\u00f3n&#8221; contra la oposici\u00f3n venezolana o el personal diplom\u00e1tico estadounidense en Caracas.<\/p>\n<p>&#8220;Cualquier (acto de) violencia e intimidaci\u00f3n contra el personal diplom\u00e1tico estadounidense, el l\u00edder democr\u00e1tico de Venezuela, Juan Guaid\u00f3 o la Asamblea Nacional representar\u00eda un grave asalto a la legalidad y estar\u00e1 seguido de una respuesta significativa&#8221;, dijo Bolton en su cuenta de Twitter.<\/p>\n<p>El asesor del mandatario estadounidense, Donald Trump, tambi\u00e9n escribi\u00f3 que &#8220;el apoyo de Cuba y su control sobre la seguridad (del presidente venezolano, Nicol\u00e1s) Maduro y las fuerzas paramilitares son bien conocidos&#8221;, en una aparente advertencia tambi\u00e9n al Gobierno cubano.<\/p>\n<p>En un tuit posterior, Bolton asegur\u00f3 que Estados Unidos &#8220;est\u00e1 ayudando a recuperar un futuro brillante para Venezuela&#8221;.<\/p>\n<p>&#8220;Estamos aqu\u00ed para urgir a todas las naciones a apoyar las aspiraciones democr\u00e1ticas del pueblo venezolano en su intento de liberarse del Estado mafioso e ileg\u00edtimo del expresidente Maduro&#8221;, a\u00f1adi\u00f3.<\/p>\n<p>Trump reconoci\u00f3 esta semana como gobernante leg\u00edtimo de Venezuela al jefe de la Asamblea Nacional (AN, Parlamento) venezolana, Juan Guaid\u00f3, quien se autoproclam\u00f3 como presidente interino.<\/p>\n<p>El mandatario estadounidense ha advertido de que &#8220;todas las opciones est\u00e1n sobre la mesa&#8221; para responder en caso de que Nicol\u00e1s Maduro no acepte entregar el poder a Guaid\u00f3.<\/p>\n<p><strong>La Casa Blanca ha advertido de que hasta ahora &#8220;apenas ha rozado la superficie&#8221; de lo que podr\u00eda hacer, en cuanto a las sanciones contra Maduro, y no ha descartado que pueda golpear las exportaciones de petr\u00f3leo del pa\u00eds suramericano.<\/strong><\/p>\n<p><strong>Trump tampoco ha descartado nunca la posibilidad de una acci\u00f3n militar en Venezuela,<\/strong>aunque el senador republicano Marco Rubio, muy influyente en las deliberaciones de la Casa Blanca sobre el pa\u00eds suramericano, asegur\u00f3 este domingo en una entrevista con la cadena NBC que no sabe de &#8220;nadie&#8221; que est\u00e9 abogando por esa v\u00eda.<\/p>\n<p>El Departamento de Estado orden\u00f3 el pasado jueves la salida de Venezuela del personal no esencial de su embajada en Caracas y los familiares de los diplom\u00e1ticos estadounidenses en el pa\u00eds.<\/p>\n<p>Sin embargo, una fuente del Departamento de Estado dijo que se tom\u00f3 esa decisi\u00f3n debido a &#8220;la situaci\u00f3n de seguridad en Venezuela&#8221;, y no como respuesta a la orden de Maduro, quien anunci\u00f3 la ruptura de relaciones con Estados Unidos y dio 72 horas a los diplom\u00e1ticos estadounidenses para abandonar el pa\u00eds.<\/p>\n<p>&#8220;No tenemos ning\u00fan plan de cerrar la embajada&#8221; en Caracas, asegur\u00f3 la citada fuente, que pidi\u00f3 el anonimato.<\/p>\n<p>Con Informaci\u00f3n de EFE<\/p>\n<\/div>\n<\/div>\n","protected":false},"excerpt":{"rendered":"<p>EU advierte de represalias si hay violencia contra oposici\u00f3n en Venezuela<br \/>\nPor Carolina Alonso Romei<br \/>\nInternacionalista<\/p>\n","protected":false},"author":2,"featured_media":15427,"comment_status":"open","ping_status":"open","sticky":false,"template":"","format":"standard","meta":{"_monsterinsights_skip_tracking":false,"_monsterinsights_sitenote_active":false,"_monsterinsights_sitenote_note":"","_monsterinsights_sitenote_category":0,"footnotes":""},"categories":[1],"tags":[],"class_list":["post-15428","post","type-post","status-publish","format-standard","has-post-thumbnail","hentry","category-sin-categoria"],"yoast_head":"<!-- This site is optimized with the Yoast SEO plugin v27.3 - https:\/\/yoast.com\/product\/yoast-seo-wordpress\/ -->\n<title>Internacionales\/\/\/Carolina Alonso Romei\/\/\/EU advierte de represalias si hay violencia contra oposici\u00f3n en Venezuela -<\/title>\n<meta name=\"robots\" content=\"index, follow, max-snippet:-1, max-image-preview:large, max-video-preview:-1\" \/>\n<link rel=\"canonical\" href=\"https:\/\/quehacerpolitico.mx\/?p=15428\" \/>\n<meta property=\"og:locale\" content=\"es_MX\" \/>\n<meta property=\"og:type\" content=\"article\" \/>\n<meta property=\"og:title\" content=\"Internacionales\/\/\/Carolina Alonso Romei\/\/\/EU advierte de represalias si hay violencia contra oposici\u00f3n en Venezuela -\" \/>\n<meta property=\"og:description\" content=\"EU advierte de represalias si hay violencia contra oposici\u00f3n en Venezuela Por Carolina Alonso Romei Internacionalista\" \/>\n<meta property=\"og:url\" content=\"https:\/\/quehacerpolitico.mx\/?p=15428\" \/>\n<meta property=\"article:published_time\" content=\"2019-01-28T16:58:50+00:00\" \/>\n<meta name=\"author\" content=\"Redacci\u00f3n QP\" \/>\n<meta name=\"twitter:card\" content=\"summary_large_image\" \/>\n<meta name=\"twitter:label1\" content=\"Escrito por\" \/>\n\t<meta name=\"twitter:data1\" content=\"Redacci\u00f3n QP\" \/>\n\t<meta name=\"twitter:label2\" content=\"Tiempo de lectura\" \/>\n\t<meta name=\"twitter:data2\" content=\"3 minutos\" \/>\n<script type=\"application\/ld+json\" class=\"yoast-schema-graph\">{\"@context\":\"https:\\\/\\\/schema.org\",\"@graph\":[{\"@type\":\"Article\",\"@id\":\"https:\\\/\\\/quehacerpolitico.mx\\\/?p=15428#article\",\"isPartOf\":{\"@id\":\"https:\\\/\\\/quehacerpolitico.mx\\\/?p=15428\"},\"author\":{\"name\":\"Redacci\u00f3n QP\",\"@id\":\"https:\\\/\\\/quehacerpolitico.mx\\\/#\\\/schema\\\/person\\\/496d8ad2d1d3f8036101dca7ee39e585\"},\"headline\":\"Internacionales\\\/\\\/\\\/Carolina Alonso Romei\\\/\\\/\\\/EU advierte de represalias si hay violencia contra oposici\u00f3n en Venezuela\",\"datePublished\":\"2019-01-28T16:58:50+00:00\",\"mainEntityOfPage\":{\"@id\":\"https:\\\/\\\/quehacerpolitico.mx\\\/?p=15428\"},\"wordCount\":519,\"commentCount\":0,\"image\":{\"@id\":\"https:\\\/\\\/quehacerpolitico.mx\\\/?p=15428#primaryimage\"},\"thumbnailUrl\":\"\",\"articleSection\":[\"Internacionales\"],\"inLanguage\":\"es\",\"potentialAction\":[{\"@type\":\"CommentAction\",\"name\":\"Comment\",\"target\":[\"https:\\\/\\\/quehacerpolitico.mx\\\/?p=15428#respond\"]}]},{\"@type\":\"WebPage\",\"@id\":\"https:\\\/\\\/quehacerpolitico.mx\\\/?p=15428\",\"url\":\"https:\\\/\\\/quehacerpolitico.mx\\\/?p=15428\",\"name\":\"Internacionales\\\/\\\/\\\/Carolina Alonso Romei\\\/\\\/\\\/EU advierte de represalias si hay violencia contra oposici\u00f3n en Venezuela -\",\"isPartOf\":{\"@id\":\"https:\\\/\\\/quehacerpolitico.mx\\\/#website\"},\"primaryImageOfPage\":{\"@id\":\"https:\\\/\\\/quehacerpolitico.mx\\\/?p=15428#primaryimage\"},\"image\":{\"@id\":\"https:\\\/\\\/quehacerpolitico.mx\\\/?p=15428#primaryimage\"},\"thumbnailUrl\":\"\",\"datePublished\":\"2019-01-28T16:58:50+00:00\",\"author\":{\"@id\":\"https:\\\/\\\/quehacerpolitico.mx\\\/#\\\/schema\\\/person\\\/496d8ad2d1d3f8036101dca7ee39e585\"},\"breadcrumb\":{\"@id\":\"https:\\\/\\\/quehacerpolitico.mx\\\/?p=15428#breadcrumb\"},\"inLanguage\":\"es\",\"potentialAction\":[{\"@type\":\"ReadAction\",\"target\":[\"https:\\\/\\\/quehacerpolitico.mx\\\/?p=15428\"]}]},{\"@type\":\"ImageObject\",\"inLanguage\":\"es\",\"@id\":\"https:\\\/\\\/quehacerpolitico.mx\\\/?p=15428#primaryimage\",\"url\":\"\",\"contentUrl\":\"\"},{\"@type\":\"BreadcrumbList\",\"@id\":\"https:\\\/\\\/quehacerpolitico.mx\\\/?p=15428#breadcrumb\",\"itemListElement\":[{\"@type\":\"ListItem\",\"position\":1,\"name\":\"Inicio\",\"item\":\"https:\\\/\\\/quehacerpolitico.mx\\\/\"},{\"@type\":\"ListItem\",\"position\":2,\"name\":\"Internacionales\\\/\\\/\\\/Carolina Alonso Romei\\\/\\\/\\\/EU advierte de represalias si hay violencia contra oposici\u00f3n en Venezuela\"}]},{\"@type\":\"WebSite\",\"@id\":\"https:\\\/\\\/quehacerpolitico.mx\\\/#website\",\"url\":\"https:\\\/\\\/quehacerpolitico.mx\\\/\",\"name\":\"\",\"description\":\"\",\"potentialAction\":[{\"@type\":\"SearchAction\",\"target\":{\"@type\":\"EntryPoint\",\"urlTemplate\":\"https:\\\/\\\/quehacerpolitico.mx\\\/?s={search_term_string}\"},\"query-input\":{\"@type\":\"PropertyValueSpecification\",\"valueRequired\":true,\"valueName\":\"search_term_string\"}}],\"inLanguage\":\"es\"},{\"@type\":\"Person\",\"@id\":\"https:\\\/\\\/quehacerpolitico.mx\\\/#\\\/schema\\\/person\\\/496d8ad2d1d3f8036101dca7ee39e585\",\"name\":\"Redacci\u00f3n QP\",\"image\":{\"@type\":\"ImageObject\",\"inLanguage\":\"es\",\"@id\":\"https:\\\/\\\/secure.gravatar.com\\\/avatar\\\/c7164ed6fdec453195284ad24a5ae5b6e1eed2b848477fa2a4787ba9adf39a41?s=96&d=mm&r=g\",\"url\":\"https:\\\/\\\/secure.gravatar.com\\\/avatar\\\/c7164ed6fdec453195284ad24a5ae5b6e1eed2b848477fa2a4787ba9adf39a41?s=96&d=mm&r=g\",\"contentUrl\":\"https:\\\/\\\/secure.gravatar.com\\\/avatar\\\/c7164ed6fdec453195284ad24a5ae5b6e1eed2b848477fa2a4787ba9adf39a41?s=96&d=mm&r=g\",\"caption\":\"Redacci\u00f3n QP\"},\"url\":\"https:\\\/\\\/quehacerpolitico.mx\\\/?author=2\"}]}<\/script>\n<!-- \/ Yoast SEO plugin. -->","yoast_head_json":{"title":"Internacionales\/\/\/Carolina Alonso Romei\/\/\/EU advierte de represalias si hay violencia contra oposici\u00f3n en Venezuela -","robots":{"index":"index","follow":"follow","max-snippet":"max-snippet:-1","max-image-preview":"max-image-preview:large","max-video-preview":"max-video-preview:-1"},"canonical":"https:\/\/quehacerpolitico.mx\/?p=15428","og_locale":"es_MX","og_type":"article","og_title":"Internacionales\/\/\/Carolina Alonso Romei\/\/\/EU advierte de represalias si hay violencia contra oposici\u00f3n en Venezuela -","og_description":"EU advierte de represalias si hay violencia contra oposici\u00f3n en Venezuela Por Carolina Alonso Romei Internacionalista","og_url":"https:\/\/quehacerpolitico.mx\/?p=15428","article_published_time":"2019-01-28T16:58:50+00:00","author":"Redacci\u00f3n QP","twitter_card":"summary_large_image","twitter_misc":{"Escrito por":"Redacci\u00f3n QP","Tiempo de lectura":"3 minutos"},"schema":{"@context":"https:\/\/schema.org","@graph":[{"@type":"Article","@id":"https:\/\/quehacerpolitico.mx\/?p=15428#article","isPartOf":{"@id":"https:\/\/quehacerpolitico.mx\/?p=15428"},"author":{"name":"Redacci\u00f3n QP","@id":"https:\/\/quehacerpolitico.mx\/#\/schema\/person\/496d8ad2d1d3f8036101dca7ee39e585"},"headline":"Internacionales\/\/\/Carolina Alonso Romei\/\/\/EU advierte de represalias si hay violencia contra oposici\u00f3n en Venezuela","datePublished":"2019-01-28T16:58:50+00:00","mainEntityOfPage":{"@id":"https:\/\/quehacerpolitico.mx\/?p=15428"},"wordCount":519,"commentCount":0,"image":{"@id":"https:\/\/quehacerpolitico.mx\/?p=15428#primaryimage"},"thumbnailUrl":"","articleSection":["Internacionales"],"inLanguage":"es","potentialAction":[{"@type":"CommentAction","name":"Comment","target":["https:\/\/quehacerpolitico.mx\/?p=15428#respond"]}]},{"@type":"WebPage","@id":"https:\/\/quehacerpolitico.mx\/?p=15428","url":"https:\/\/quehacerpolitico.mx\/?p=15428","name":"Internacionales\/\/\/Carolina Alonso Romei\/\/\/EU advierte de represalias si hay violencia contra oposici\u00f3n en Venezuela -","isPartOf":{"@id":"https:\/\/quehacerpolitico.mx\/#website"},"primaryImageOfPage":{"@id":"https:\/\/quehacerpolitico.mx\/?p=15428#primaryimage"},"image":{"@id":"https:\/\/quehacerpolitico.mx\/?p=15428#primaryimage"},"thumbnailUrl":"","datePublished":"2019-01-28T16:58:50+00:00","author":{"@id":"https:\/\/quehacerpolitico.mx\/#\/schema\/person\/496d8ad2d1d3f8036101dca7ee39e585"},"breadcrumb":{"@id":"https:\/\/quehacerpolitico.mx\/?p=15428#breadcrumb"},"inLanguage":"es","potentialAction":[{"@type":"ReadAction","target":["https:\/\/quehacerpolitico.mx\/?p=15428"]}]},{"@type":"ImageObject","inLanguage":"es","@id":"https:\/\/quehacerpolitico.mx\/?p=15428#primaryimage","url":"","contentUrl":""},{"@type":"BreadcrumbList","@id":"https:\/\/quehacerpolitico.mx\/?p=15428#breadcrumb","itemListElement":[{"@type":"ListItem","position":1,"name":"Inicio","item":"https:\/\/quehacerpolitico.mx\/"},{"@type":"ListItem","position":2,"name":"Internacionales\/\/\/Carolina Alonso Romei\/\/\/EU advierte de represalias si hay violencia contra oposici\u00f3n en Venezuela"}]},{"@type":"WebSite","@id":"https:\/\/quehacerpolitico.mx\/#website","url":"https:\/\/quehacerpolitico.mx\/","name":"","description":"","potentialAction":[{"@type":"SearchAction","target":{"@type":"EntryPoint","urlTemplate":"https:\/\/quehacerpolitico.mx\/?s={search_term_string}"},"query-input":{"@type":"PropertyValueSpecification","valueRequired":true,"valueName":"search_term_string"}}],"inLanguage":"es"},{"@type":"Person","@id":"https:\/\/quehacerpolitico.mx\/#\/schema\/person\/496d8ad2d1d3f8036101dca7ee39e585","name":"Redacci\u00f3n QP","image":{"@type":"ImageObject","inLanguage":"es","@id":"https:\/\/secure.gravatar.com\/avatar\/c7164ed6fdec453195284ad24a5ae5b6e1eed2b848477fa2a4787ba9adf39a41?s=96&d=mm&r=g","url":"https:\/\/secure.gravatar.com\/avatar\/c7164ed6fdec453195284ad24a5ae5b6e1eed2b848477fa2a4787ba9adf39a41?s=96&d=mm&r=g","contentUrl":"https:\/\/secure.gravatar.com\/avatar\/c7164ed6fdec453195284ad24a5ae5b6e1eed2b848477fa2a4787ba9adf39a41?s=96&d=mm&r=g","caption":"Redacci\u00f3n QP"},"url":"https:\/\/quehacerpolitico.mx\/?author=2"}]}},"featured_image_urls":{"full":"","thumbnail":"","medium":"","medium_large":"","large":"","1536x1536":"","2048x2048":"","covernews-featured":"","covernews-medium":""},"author_info":{"display_name":"Redacci\u00f3n QP","author_link":"https:\/\/quehacerpolitico.mx\/?author=2"},"category_info":"<a href=\"https:\/\/quehacerpolitico.mx\/?cat=1\" rel=\"category\">Internacionales<\/a>","tag_info":"Internacionales","comment_count":"0","_links":{"self":[{"href":"https:\/\/quehacerpolitico.mx\/index.php?rest_route=\/wp\/v2\/posts\/15428","targetHints":{"allow":["GET"]}}],"collection":[{"href":"https:\/\/quehacerpolitico.mx\/index.php?rest_route=\/wp\/v2\/posts"}],"about":[{"href":"https:\/\/quehacerpolitico.mx\/index.php?rest_route=\/wp\/v2\/types\/post"}],"author":[{"embeddable":true,"href":"https:\/\/quehacerpolitico.mx\/index.php?rest_route=\/wp\/v2\/users\/2"}],"replies":[{"embeddable":true,"href":"https:\/\/quehacerpolitico.mx\/index.php?rest_route=%2Fwp%2Fv2%2Fcomments&post=15428"}],"version-history":[{"count":0,"href":"https:\/\/quehacerpolitico.mx\/index.php?rest_route=\/wp\/v2\/posts\/15428\/revisions"}],"wp:featuredmedia":[{"embeddable":true,"href":"https:\/\/quehacerpolitico.mx\/index.php?rest_route=\/"}],"wp:attachment":[{"href":"https:\/\/quehacerpolitico.mx\/index.php?rest_route=%2Fwp%2Fv2%2Fmedia&parent=15428"}],"wp:term":[{"taxonomy":"category","embeddable":true,"href":"https:\/\/quehacerpolitico.mx\/index.php?rest_route=%2Fwp%2Fv2%2Fcategories&post=15428"},{"taxonomy":"post_tag","embeddable":true,"href":"https:\/\/quehacerpolitico.mx\/index.php?rest_route=%2Fwp%2Fv2%2Ftags&post=15428"}],"curies":[{"name":"wp","href":"https:\/\/api.w.org\/{rel}","templated":true}]}}