{"id":15351,"date":"2019-01-27T15:04:10","date_gmt":"2019-01-27T15:04:10","guid":{"rendered":"http:\/\/quehacerpolitico.mx\/guardia-nacional-el-proceso-de-formalizacion-de-la-militarizacion-policial-en-mexico\/"},"modified":"2019-01-27T15:04:10","modified_gmt":"2019-01-27T15:04:10","slug":"guardia-nacional-el-proceso-de-formalizacion-de-la-militarizacion-policial-en-mexico","status":"publish","type":"post","link":"https:\/\/quehacerpolitico.mx\/?p=15351","title":{"rendered":"Guardia Nacional: el proceso de formalizaci\u00f3n de la militarizaci\u00f3n policial en M\u00e9xico"},"content":{"rendered":"<h1 class=\"news-title\">Guardia Nacional: el proceso de formalizaci\u00f3n de la militarizaci\u00f3n policial en M\u00e9xico<\/h1>\n<p>Por Redacci\u00f3n QP<\/p>\n<header class=\"news-header\">\n<div class=\"news-subtitle\">\n<p>Seguridad, Defensa Nacional y Marina juntas, si bien, son tres fuerzas constituidas para garantizar la integridad territorial, seguridad ciudadana y el bien com\u00fan, su naturaleza y fines son distintos<\/p>\n<\/div>\n<\/header>\n<div class=\"news-content\">\n<div class=\"news-body row\">\n<p>El debate en torno a la Guardia Nacional no cesa. Las dudas y cuestionamientos respecto a las funciones que tendr\u00e1 este cuerpo armado, as\u00ed como la formalizaci\u00f3n del proceso de militarizaci\u00f3n de la seguridad, contin\u00faan siendo ampliamente debatibles. Revisemos a continuaci\u00f3n algunos aspectos que inciden de manera particular en el debate.<\/p>\n<p>La propuesta de reforma al art\u00edculo 21 constitucional contenida en el Proyecto de Decreto aprobado por la C\u00e1mara de Diputados el pasado 16 de enero, resulta enga\u00f1osa; por un lado, el texto establece que la Guardia Nacional tendr\u00e1 un car\u00e1cter y direcci\u00f3n civil, adscrita a la Secretar\u00eda del ramo de Seguridad, pero por otro lado, configura la creaci\u00f3n de una \u201cJunta de Jefes de Estado Mayor\u201d (el t\u00e9rmino Estado Mayor conserva un sentido militar; hist\u00f3ricamente se ha ubicado dentro de los ej\u00e9rcitos como un organismo auxiliar del mando). La Junta -se\u00f1ala el texto- se conformar\u00e1 por integrantes de las dependencias de los ramos de Seguridad, Defensa Nacional y Marina. No existe duda que, dicha Junta, tendr\u00e1 mayor\u00eda militar.<\/p>\n<p>De igual manera, el Dictamen propone adicionar al art\u00edculo 21 constitucional que para el servicio de carrera (ingreso, ascensos, prestaciones, profesionalizaci\u00f3n), la estructura jer\u00e1rquica, disciplina, entre otros, estar\u00e1n homologados a las que se aplican en el \u00e1mbito de las Fuerzas Armadas. Tambi\u00e9n, el texto en menci\u00f3n es claro y refiere que la formaci\u00f3n, capacitaci\u00f3n y desempe\u00f1o de los integrantes de la Guardia Nacional se regir\u00e1n por una doctrina policial fundada en la disciplina, el acatamiento de \u00f3rdenes superiores, el respeto a los derechos humanos, entre otros.<\/p>\n<p>Las contradicciones contenidas en el Dictamen son evidentes; existe un \u201cchoque\u201d entre naturalezas, principios y valores distintos. El ej\u00e9rcito se entrena para destruir al enemigo, mientras que la polic\u00eda no tiene como fin o naturaleza eliminar al enemigo, sino garantizar la buena convivencia entre los ciudadanos y prevenir el delito. En palabras del soci\u00f3logo Mart\u00edn Fern\u00e1ndez, los militares son personal vinculado al estudio de la guerra y la defensa, pero no est\u00e1n preparados para estudiar (o prevenir) la delincuencia, la informaci\u00f3n al ciudadano o el trato al p\u00fablico. No lo es posible porque no es su oficio. Ellos tienen otra manera de entender esos temas, otra manera de entender la disciplina.<\/p>\n<p>Dada la naturaleza de la doctrina y disciplina militar, la proximidad hacia la ciudadan\u00eda presenta amplios obst\u00e1culos. Por esto, la tendencia en las sociedades democr\u00e1ticas es \u201cdesmilitarizar\u201d la funci\u00f3n policial justo porque reiteradamente se ha comprobado que las labores policiales desempe\u00f1adas por militares, disgrega la relaci\u00f3n comunidad-polic\u00eda y, en cierta medida, inhibe la participaci\u00f3n ciudadana; elemento fundamental de una perspectiva democr\u00e1tica.<\/p>\n<p>La evidencia disponible en el \u00e1mbito internacional y nacional es suficiente para sostener la tesis relativa a que en los pa\u00edses con sistemas democr\u00e1ticos d\u00e9biles o bien en los reg\u00edmenes autoritarios, la polic\u00eda tiende a adoptar organizaciones de tipo piramidal, central, jerarquizado, con procesos de formaci\u00f3n y socializaci\u00f3n inspirados en principios militares como la obediencia, la jerarqu\u00eda fuertemente centralizada o bien se sit\u00faa la disciplina como parte toral de la organizaci\u00f3n (Cousuelo G.J).<\/p>\n<p>Debemos tener presente que el origen de la polic\u00eda moderna es de naturaleza civil y esto tiene su raz\u00f3n de ser. La tendencia mundial es la democratizaci\u00f3n de los cuerpos policiales, es decir, el respeto a los derechos humanos (del polic\u00eda y del ciudadano), la transparencia y rendici\u00f3n de cuentas y la descentralizaci\u00f3n de las estructuras. Por esto, las polic\u00edas modernas no suelen identificarse con gobiernos autoritarios o con bajos valores democr\u00e1ticos. Un estudio reciente, publicado por la revista Nexos (S\u00e1nchez Vald\u00e9s) confirma que, a patir de un an\u00e1lisis realizado a 200 pa\u00edses se identific\u00f3 que solo 33 pa\u00edses tienen corporaciones de seguridad con mando militar; estos tienen mayores caracter\u00edsticas o concurrencia a ser pa\u00edses poco desarrollados y autoritarios.<\/p>\n<p>La militarizaci\u00f3n de la seguridad es un proceso que de manera informal se ha venido gestando en nuestro pa\u00eds en las \u00faltimas d\u00e9cadas. La presencia del Ej\u00e9rcito en las calles, militares al frente de polic\u00edas municipales y estatales, polic\u00edas preventivas \u201ctomadas\u201d por el Ej\u00e9rcito debido a la corrupci\u00f3n, son hechos reiterados que cada vez se dan con mayor frecuencia en nuestro pa\u00eds. La reforma a los distintos art\u00edculos constitucionales ser\u00e1 un proceso de formalizaci\u00f3n (legal) de la inclusi\u00f3n de la milicia en la seguridad p\u00fablica.<\/p>\n<p>El transitorio primero del Decreto hace referencia a un tema que no se le ha dado gran difusi\u00f3n o atenci\u00f3n y que, merece alusi\u00f3n. El art\u00edculo refiere que, el Congreso de la Uni\u00f3n expedir\u00e1 las leyes que reglamenten el uso leg\u00edtimo de la fuerza y el registro nacional de detenciones. Justo, la atribuci\u00f3n por excelencia de la polic\u00eda es el uso de la fuerza, sin embargo en nuestro pa\u00eds no contamos con alguna ley general que lo regule. Solo siete entidades en el pa\u00eds cuentan con alguna ley que norme de manera espec\u00edfica el uso de la fuerza. Esperemos que de esta iniciativa de reforma constitucional tengamos una ley general que brinde certeza jur\u00eddica tanto a los ciudadanos como a los polic\u00edas.<\/p>\n<p>Por \u00faltimo, hacer referencia a un tema al que poco se ha hecho menci\u00f3n en los \u00faltimos meses y que quiz\u00e1 tiene mayor trascendencia que la propia integraci\u00f3n de una Guardia Nacional: las polic\u00edas municipales. Distintas organizaciones mundiales y nacionales han insistido que la atenci\u00f3n de los problemas de seguridad deben promoverse desde lo local (municipios). Quiz\u00e1 la Guardia Nacional venga a brindar cierto respiro a zonas del pa\u00eds que se encuentran totalmente tomadas por la delincuencia organizada, sin embargo la mayor afectaci\u00f3n que tenemos los ciudadanos en materia de seguridad son los delitos del fuero com\u00fan (en 2017 cerca del 50 % de los delitos est\u00e1n vinculados al robo. ENVIPE); la prevenci\u00f3n de estos delitos es competencia de las polic\u00edas municipales. La pregunta es \u00bfqu\u00e9 estrategias de fortalecimiento para las polic\u00edas municipales han dise\u00f1ado o est\u00e1n dise\u00f1ando nuestros alcaldes? \u00bflas estrategias propuestas son viables o son las recurrentes estrategias relativas a m\u00e1s patrullas y m\u00e1s capacitaci\u00f3n?<\/p>\n<p><em>*Jos\u00e9 Colomo es profesor de la Facultad de Derecho de la Universidad Panamericana<\/em><\/p>\n<\/div>\n<\/div>\n","protected":false},"excerpt":{"rendered":"<p>Guardia Nacional: el proceso de formalizaci\u00f3n de la militarizaci\u00f3n policial en M\u00e9xico<br \/>\nPor Redacci\u00f3n QP<\/p>\n","protected":false},"author":2,"featured_media":15350,"comment_status":"open","ping_status":"open","sticky":false,"template":"","format":"standard","meta":{"_monsterinsights_skip_tracking":false,"_monsterinsights_sitenote_active":false,"_monsterinsights_sitenote_note":"","_monsterinsights_sitenote_category":0,"footnotes":""},"categories":[2],"tags":[],"class_list":["post-15351","post","type-post","status-publish","format-standard","has-post-thumbnail","hentry","category-noticias"],"yoast_head":"<!-- This site is optimized with the Yoast SEO plugin v27.3 - https:\/\/yoast.com\/product\/yoast-seo-wordpress\/ -->\n<title>Guardia Nacional: el proceso de formalizaci\u00f3n de la militarizaci\u00f3n policial en M\u00e9xico -<\/title>\n<meta name=\"robots\" content=\"index, follow, max-snippet:-1, max-image-preview:large, max-video-preview:-1\" \/>\n<link rel=\"canonical\" href=\"https:\/\/quehacerpolitico.mx\/?p=15351\" \/>\n<meta property=\"og:locale\" content=\"es_MX\" \/>\n<meta property=\"og:type\" content=\"article\" \/>\n<meta property=\"og:title\" content=\"Guardia Nacional: el proceso de formalizaci\u00f3n de la militarizaci\u00f3n policial en M\u00e9xico -\" \/>\n<meta property=\"og:description\" content=\"Guardia Nacional: el proceso de formalizaci\u00f3n de la militarizaci\u00f3n policial en M\u00e9xico Por Redacci\u00f3n QP\" \/>\n<meta property=\"og:url\" content=\"https:\/\/quehacerpolitico.mx\/?p=15351\" \/>\n<meta property=\"article:published_time\" content=\"2019-01-27T15:04:10+00:00\" \/>\n<meta name=\"author\" content=\"Redacci\u00f3n QP\" \/>\n<meta name=\"twitter:card\" content=\"summary_large_image\" \/>\n<meta name=\"twitter:label1\" content=\"Escrito por\" \/>\n\t<meta name=\"twitter:data1\" content=\"Redacci\u00f3n QP\" \/>\n\t<meta name=\"twitter:label2\" content=\"Tiempo de lectura\" \/>\n\t<meta name=\"twitter:data2\" content=\"6 minutos\" \/>\n<script type=\"application\/ld+json\" class=\"yoast-schema-graph\">{\"@context\":\"https:\\\/\\\/schema.org\",\"@graph\":[{\"@type\":\"Article\",\"@id\":\"https:\\\/\\\/quehacerpolitico.mx\\\/?p=15351#article\",\"isPartOf\":{\"@id\":\"https:\\\/\\\/quehacerpolitico.mx\\\/?p=15351\"},\"author\":{\"name\":\"Redacci\u00f3n QP\",\"@id\":\"https:\\\/\\\/quehacerpolitico.mx\\\/#\\\/schema\\\/person\\\/496d8ad2d1d3f8036101dca7ee39e585\"},\"headline\":\"Guardia Nacional: el proceso de formalizaci\u00f3n de la militarizaci\u00f3n policial en M\u00e9xico\",\"datePublished\":\"2019-01-27T15:04:10+00:00\",\"mainEntityOfPage\":{\"@id\":\"https:\\\/\\\/quehacerpolitico.mx\\\/?p=15351\"},\"wordCount\":1164,\"commentCount\":0,\"image\":{\"@id\":\"https:\\\/\\\/quehacerpolitico.mx\\\/?p=15351#primaryimage\"},\"thumbnailUrl\":\"\",\"articleSection\":[\"Noticias\"],\"inLanguage\":\"es\",\"potentialAction\":[{\"@type\":\"CommentAction\",\"name\":\"Comment\",\"target\":[\"https:\\\/\\\/quehacerpolitico.mx\\\/?p=15351#respond\"]}]},{\"@type\":\"WebPage\",\"@id\":\"https:\\\/\\\/quehacerpolitico.mx\\\/?p=15351\",\"url\":\"https:\\\/\\\/quehacerpolitico.mx\\\/?p=15351\",\"name\":\"Guardia Nacional: el proceso de formalizaci\u00f3n de la militarizaci\u00f3n policial en M\u00e9xico -\",\"isPartOf\":{\"@id\":\"https:\\\/\\\/quehacerpolitico.mx\\\/#website\"},\"primaryImageOfPage\":{\"@id\":\"https:\\\/\\\/quehacerpolitico.mx\\\/?p=15351#primaryimage\"},\"image\":{\"@id\":\"https:\\\/\\\/quehacerpolitico.mx\\\/?p=15351#primaryimage\"},\"thumbnailUrl\":\"\",\"datePublished\":\"2019-01-27T15:04:10+00:00\",\"author\":{\"@id\":\"https:\\\/\\\/quehacerpolitico.mx\\\/#\\\/schema\\\/person\\\/496d8ad2d1d3f8036101dca7ee39e585\"},\"breadcrumb\":{\"@id\":\"https:\\\/\\\/quehacerpolitico.mx\\\/?p=15351#breadcrumb\"},\"inLanguage\":\"es\",\"potentialAction\":[{\"@type\":\"ReadAction\",\"target\":[\"https:\\\/\\\/quehacerpolitico.mx\\\/?p=15351\"]}]},{\"@type\":\"ImageObject\",\"inLanguage\":\"es\",\"@id\":\"https:\\\/\\\/quehacerpolitico.mx\\\/?p=15351#primaryimage\",\"url\":\"\",\"contentUrl\":\"\"},{\"@type\":\"BreadcrumbList\",\"@id\":\"https:\\\/\\\/quehacerpolitico.mx\\\/?p=15351#breadcrumb\",\"itemListElement\":[{\"@type\":\"ListItem\",\"position\":1,\"name\":\"Inicio\",\"item\":\"https:\\\/\\\/quehacerpolitico.mx\\\/\"},{\"@type\":\"ListItem\",\"position\":2,\"name\":\"Guardia Nacional: el proceso de formalizaci\u00f3n de la militarizaci\u00f3n policial en M\u00e9xico\"}]},{\"@type\":\"WebSite\",\"@id\":\"https:\\\/\\\/quehacerpolitico.mx\\\/#website\",\"url\":\"https:\\\/\\\/quehacerpolitico.mx\\\/\",\"name\":\"\",\"description\":\"\",\"potentialAction\":[{\"@type\":\"SearchAction\",\"target\":{\"@type\":\"EntryPoint\",\"urlTemplate\":\"https:\\\/\\\/quehacerpolitico.mx\\\/?s={search_term_string}\"},\"query-input\":{\"@type\":\"PropertyValueSpecification\",\"valueRequired\":true,\"valueName\":\"search_term_string\"}}],\"inLanguage\":\"es\"},{\"@type\":\"Person\",\"@id\":\"https:\\\/\\\/quehacerpolitico.mx\\\/#\\\/schema\\\/person\\\/496d8ad2d1d3f8036101dca7ee39e585\",\"name\":\"Redacci\u00f3n QP\",\"image\":{\"@type\":\"ImageObject\",\"inLanguage\":\"es\",\"@id\":\"https:\\\/\\\/secure.gravatar.com\\\/avatar\\\/c7164ed6fdec453195284ad24a5ae5b6e1eed2b848477fa2a4787ba9adf39a41?s=96&d=mm&r=g\",\"url\":\"https:\\\/\\\/secure.gravatar.com\\\/avatar\\\/c7164ed6fdec453195284ad24a5ae5b6e1eed2b848477fa2a4787ba9adf39a41?s=96&d=mm&r=g\",\"contentUrl\":\"https:\\\/\\\/secure.gravatar.com\\\/avatar\\\/c7164ed6fdec453195284ad24a5ae5b6e1eed2b848477fa2a4787ba9adf39a41?s=96&d=mm&r=g\",\"caption\":\"Redacci\u00f3n QP\"},\"url\":\"https:\\\/\\\/quehacerpolitico.mx\\\/?author=2\"}]}<\/script>\n<!-- \/ Yoast SEO plugin. -->","yoast_head_json":{"title":"Guardia Nacional: el proceso de formalizaci\u00f3n de la militarizaci\u00f3n policial en M\u00e9xico -","robots":{"index":"index","follow":"follow","max-snippet":"max-snippet:-1","max-image-preview":"max-image-preview:large","max-video-preview":"max-video-preview:-1"},"canonical":"https:\/\/quehacerpolitico.mx\/?p=15351","og_locale":"es_MX","og_type":"article","og_title":"Guardia Nacional: el proceso de formalizaci\u00f3n de la militarizaci\u00f3n policial en M\u00e9xico -","og_description":"Guardia Nacional: el proceso de formalizaci\u00f3n de la militarizaci\u00f3n policial en M\u00e9xico Por Redacci\u00f3n QP","og_url":"https:\/\/quehacerpolitico.mx\/?p=15351","article_published_time":"2019-01-27T15:04:10+00:00","author":"Redacci\u00f3n QP","twitter_card":"summary_large_image","twitter_misc":{"Escrito por":"Redacci\u00f3n QP","Tiempo de lectura":"6 minutos"},"schema":{"@context":"https:\/\/schema.org","@graph":[{"@type":"Article","@id":"https:\/\/quehacerpolitico.mx\/?p=15351#article","isPartOf":{"@id":"https:\/\/quehacerpolitico.mx\/?p=15351"},"author":{"name":"Redacci\u00f3n QP","@id":"https:\/\/quehacerpolitico.mx\/#\/schema\/person\/496d8ad2d1d3f8036101dca7ee39e585"},"headline":"Guardia Nacional: el proceso de formalizaci\u00f3n de la militarizaci\u00f3n policial en M\u00e9xico","datePublished":"2019-01-27T15:04:10+00:00","mainEntityOfPage":{"@id":"https:\/\/quehacerpolitico.mx\/?p=15351"},"wordCount":1164,"commentCount":0,"image":{"@id":"https:\/\/quehacerpolitico.mx\/?p=15351#primaryimage"},"thumbnailUrl":"","articleSection":["Noticias"],"inLanguage":"es","potentialAction":[{"@type":"CommentAction","name":"Comment","target":["https:\/\/quehacerpolitico.mx\/?p=15351#respond"]}]},{"@type":"WebPage","@id":"https:\/\/quehacerpolitico.mx\/?p=15351","url":"https:\/\/quehacerpolitico.mx\/?p=15351","name":"Guardia Nacional: el proceso de formalizaci\u00f3n de la militarizaci\u00f3n policial en M\u00e9xico -","isPartOf":{"@id":"https:\/\/quehacerpolitico.mx\/#website"},"primaryImageOfPage":{"@id":"https:\/\/quehacerpolitico.mx\/?p=15351#primaryimage"},"image":{"@id":"https:\/\/quehacerpolitico.mx\/?p=15351#primaryimage"},"thumbnailUrl":"","datePublished":"2019-01-27T15:04:10+00:00","author":{"@id":"https:\/\/quehacerpolitico.mx\/#\/schema\/person\/496d8ad2d1d3f8036101dca7ee39e585"},"breadcrumb":{"@id":"https:\/\/quehacerpolitico.mx\/?p=15351#breadcrumb"},"inLanguage":"es","potentialAction":[{"@type":"ReadAction","target":["https:\/\/quehacerpolitico.mx\/?p=15351"]}]},{"@type":"ImageObject","inLanguage":"es","@id":"https:\/\/quehacerpolitico.mx\/?p=15351#primaryimage","url":"","contentUrl":""},{"@type":"BreadcrumbList","@id":"https:\/\/quehacerpolitico.mx\/?p=15351#breadcrumb","itemListElement":[{"@type":"ListItem","position":1,"name":"Inicio","item":"https:\/\/quehacerpolitico.mx\/"},{"@type":"ListItem","position":2,"name":"Guardia Nacional: el proceso de formalizaci\u00f3n de la militarizaci\u00f3n policial en M\u00e9xico"}]},{"@type":"WebSite","@id":"https:\/\/quehacerpolitico.mx\/#website","url":"https:\/\/quehacerpolitico.mx\/","name":"","description":"","potentialAction":[{"@type":"SearchAction","target":{"@type":"EntryPoint","urlTemplate":"https:\/\/quehacerpolitico.mx\/?s={search_term_string}"},"query-input":{"@type":"PropertyValueSpecification","valueRequired":true,"valueName":"search_term_string"}}],"inLanguage":"es"},{"@type":"Person","@id":"https:\/\/quehacerpolitico.mx\/#\/schema\/person\/496d8ad2d1d3f8036101dca7ee39e585","name":"Redacci\u00f3n QP","image":{"@type":"ImageObject","inLanguage":"es","@id":"https:\/\/secure.gravatar.com\/avatar\/c7164ed6fdec453195284ad24a5ae5b6e1eed2b848477fa2a4787ba9adf39a41?s=96&d=mm&r=g","url":"https:\/\/secure.gravatar.com\/avatar\/c7164ed6fdec453195284ad24a5ae5b6e1eed2b848477fa2a4787ba9adf39a41?s=96&d=mm&r=g","contentUrl":"https:\/\/secure.gravatar.com\/avatar\/c7164ed6fdec453195284ad24a5ae5b6e1eed2b848477fa2a4787ba9adf39a41?s=96&d=mm&r=g","caption":"Redacci\u00f3n QP"},"url":"https:\/\/quehacerpolitico.mx\/?author=2"}]}},"featured_image_urls":{"full":"","thumbnail":"","medium":"","medium_large":"","large":"","1536x1536":"","2048x2048":"","covernews-featured":"","covernews-medium":""},"author_info":{"display_name":"Redacci\u00f3n QP","author_link":"https:\/\/quehacerpolitico.mx\/?author=2"},"category_info":"<a href=\"https:\/\/quehacerpolitico.mx\/?cat=2\" rel=\"category\">Noticias<\/a>","tag_info":"Noticias","comment_count":"0","_links":{"self":[{"href":"https:\/\/quehacerpolitico.mx\/index.php?rest_route=\/wp\/v2\/posts\/15351","targetHints":{"allow":["GET"]}}],"collection":[{"href":"https:\/\/quehacerpolitico.mx\/index.php?rest_route=\/wp\/v2\/posts"}],"about":[{"href":"https:\/\/quehacerpolitico.mx\/index.php?rest_route=\/wp\/v2\/types\/post"}],"author":[{"embeddable":true,"href":"https:\/\/quehacerpolitico.mx\/index.php?rest_route=\/wp\/v2\/users\/2"}],"replies":[{"embeddable":true,"href":"https:\/\/quehacerpolitico.mx\/index.php?rest_route=%2Fwp%2Fv2%2Fcomments&post=15351"}],"version-history":[{"count":0,"href":"https:\/\/quehacerpolitico.mx\/index.php?rest_route=\/wp\/v2\/posts\/15351\/revisions"}],"wp:featuredmedia":[{"embeddable":true,"href":"https:\/\/quehacerpolitico.mx\/index.php?rest_route=\/"}],"wp:attachment":[{"href":"https:\/\/quehacerpolitico.mx\/index.php?rest_route=%2Fwp%2Fv2%2Fmedia&parent=15351"}],"wp:term":[{"taxonomy":"category","embeddable":true,"href":"https:\/\/quehacerpolitico.mx\/index.php?rest_route=%2Fwp%2Fv2%2Fcategories&post=15351"},{"taxonomy":"post_tag","embeddable":true,"href":"https:\/\/quehacerpolitico.mx\/index.php?rest_route=%2Fwp%2Fv2%2Ftags&post=15351"}],"curies":[{"name":"wp","href":"https:\/\/api.w.org\/{rel}","templated":true}]}}