{"id":15297,"date":"2019-01-26T16:17:50","date_gmt":"2019-01-26T16:17:50","guid":{"rendered":"http:\/\/quehacerpolitico.mx\/alfonso-cuaron-un-viaje-por-su-filmografia-desde-su-opera-prima-hasta-harry-potter-y-roma\/"},"modified":"2019-01-26T16:17:50","modified_gmt":"2019-01-26T16:17:50","slug":"alfonso-cuaron-un-viaje-por-su-filmografia-desde-su-opera-prima-hasta-harry-potter-y-roma","status":"publish","type":"post","link":"https:\/\/quehacerpolitico.mx\/?p=15297","title":{"rendered":"Alfonso Cuar\u00f3n, un viaje por su filmograf\u00eda: desde su \u00f3pera prima hasta Harry Potter y Roma"},"content":{"rendered":"<h1>Alfonso Cuar\u00f3n, un viaje por su filmograf\u00eda: desde su \u00f3pera prima hasta <em>Harry Potter<\/em> y <em>Roma<\/em><\/h1>\n<p>Por Redacci\u00f3n QP<\/p>\n<p>Con sus pel\u00edculas <strong>Alfonso Cuar\u00f3n<\/strong> nos ha llevado a lugares tan remotos como el espacio exterior, tan m\u00e1gicos como una escuela de hechicer\u00eda y tan \u00edntimos como el barrio donde creci\u00f3, pero a pesar de las tem\u00e1ticas tan variadas, en ellas hay <strong>elementos recurrentes<\/strong>como aviones y madres o mujeres embarazadas.<\/p>\n<p>\u201cYo de ni\u00f1o quer\u00eda ser piloto. Despu\u00e9s de no poder ser astronauta dec\u00eda \u2018bueno, piloto\u2019\u201d, explic\u00f3 Cuar\u00f3n en una entrevista con <em>The Associated Press<\/em> sobre la presencia de naves en sus cintas.<\/p>\n<blockquote>\n<p>En cuanto a la maternidad: \u201cEst\u00e1s hablando del principio de todas las cosas\u201d, dijo. \u201cEs la experiencia formativa. Es el v\u00ednculo primario que tiene cualquier ser humano\u201d.<\/p>\n<p>A continuaci\u00f3n una mirada a su <strong>filmograf\u00eda<\/strong>como director, desde su \u00f3pera prima <strong><em>S\u00f3lo con tu pareja<\/em><\/strong>\u00a0hasta su aclamada <strong><em>Roma<\/em><\/strong>, que el martes recibi\u00f3 10 nominaciones al <strong>\u00d3scar<\/strong>incluyendo a mejor pel\u00edcula, direcci\u00f3n y cinta en lengua extranjera.<\/p>\n<p><strong>S\u00d3LO CON TU PAREJA\u00a0(1991)<\/strong><\/p>\n<p>Con esta pel\u00edcula de comedia Alfonso Cuar\u00f3n gan\u00f3 el Premio Ariel del cine mexicano al mejor argumento original. Al igual que <em>Roma<\/em>, la cinta protagonizada por Daniel Gim\u00e9nez Cacho (Tom\u00e1s Tom\u00e1s) tiene escenas filmadas en el barrio donde el director creci\u00f3, pues ah\u00ed vive el personaje principal. El humor gira en torno a la negaci\u00f3n del mujeriego Tom\u00e1s de tener relaciones con cond\u00f3n, hasta que le dicen que tiene VIH.<\/p>\n<p>Escenas de aviones: S\u00ed. Tom\u00e1s Tom\u00e1s est\u00e1 enamorado de una sobrecargo y tiene un sue\u00f1o a bordo de un avi\u00f3n. Tambi\u00e9n hay una toma de un avi\u00f3n en el aire.<\/p>\n<p>Escenas de embarazo o maternidad: S\u00ed. Tom\u00e1s Tom\u00e1s tiene un vecino ginec\u00f3logo al que va a consultar cuando se siente mal, y en la sala de espera est\u00e1 rodeado de embarazadas.<\/p>\n<p><iframe loading=\"lazy\" title=\"S\u00d3LO CON TU PAREJA - Tr\u00e1iler\" width=\"640\" height=\"480\" src=\"https:\/\/www.youtube.com\/embed\/li_m6cba_YQ?feature=oembed\" frameborder=\"0\" allow=\"accelerometer; autoplay; clipboard-write; encrypted-media; gyroscope; picture-in-picture; web-share\" referrerpolicy=\"strict-origin-when-cross-origin\" allowfullscreen><\/iframe><\/p>\n<p><strong>LA PRINCESITA\u00a0(1995)<\/strong><\/p>\n<p>Mientras M\u00e9xico estaba sumido en una crisis econ\u00f3mica, Cuar\u00f3n viaj\u00f3 a Estados Unidos a continuar su carrera. Su primer proyecto extranjero fue <em>La princesita<\/em>, un remake de la pel\u00edcula original de 1939 con Shirley Temple basada en la novela de Frances Hodgson Burnett. En su versi\u00f3n, Cuar\u00f3n logra un mayor dramatismo y le da un papel mucho m\u00e1s prominente a Becky, la ni\u00f1a sirvienta con la que trabaja la protagonista Sara. Otro cambio es que Becky en su pel\u00edcula es negra en vez de blanca, quiz\u00e1s una muestra de su sensibilidad a las diferencias de clase y raza que se ven igualmente representadas en <em>Roma<\/em>. Becky y Sara se vuelven inseparables, mientras que Sara demuestra que todas las mujeres son princesas.<\/p>\n<p>Escenas de aviones: S\u00ed. Hay una escena de la Primera Guerra Mundial en la que un avi\u00f3n sobrevuela al padre de Sara.<\/p>\n<p>Escenas de embarazo o maternidad: No.<\/p>\n<p><iframe loading=\"lazy\" title=\"A Little Princess (1995) Official Trailer - Alfonso Cuar\u00f3n, Liam Cunningham Movie HD\" width=\"640\" height=\"360\" src=\"https:\/\/www.youtube.com\/embed\/Q3WJrWZ_npg?feature=oembed\" frameborder=\"0\" allow=\"accelerometer; autoplay; clipboard-write; encrypted-media; gyroscope; picture-in-picture; web-share\" referrerpolicy=\"strict-origin-when-cross-origin\" allowfullscreen><\/iframe><\/p>\n<p><strong>GRANDES ESPERANZAS\u00a0(1998)<\/strong><\/p>\n<p>Cuar\u00f3n continu\u00f3 por el camino de las adaptaciones con <em>Grandes esperanzas<\/em>. En entrevistas ha dicho que fue un proyecto para el cual no se entreg\u00f3 por completo, por lo que no qued\u00f3 muy satisfecho. Sin embargo, logra llevar a un plano moderno el cl\u00e1sico de Charles Dickens con un elenco estelar que incluye a Ethan Hawke (Finn), Gwyneth Paltrow (Estella) y Robert De Niro (Lustig). El amor imposible entre el pobre aspirante a artista Finn y la rica y desde\u00f1osa Estella sufre por la falta de recreaci\u00f3n de la \u00e9poca (los 70 y los 80 se sienten igual que los 90), pero presenta bellas im\u00e1genes de una Nueva York que desapareci\u00f3 tras los atentados del 11 de septiembre. Otro punto positivo: incluye m\u00fasica de Chris Cornell, Iggy Pop y Cesaria Evora.<\/p>\n<p>Escenas de aviones: S\u00ed. Estella vuela en un jet privado.<\/p>\n<p>Escenas de embarazo o maternidad: S\u00ed. Cuando Finn llega a Nueva York va a una galer\u00eda con una instalaci\u00f3n en la que los vientres de varias embarazadas salen de huecos en forma de huevo. La instalaci\u00f3n fue dise\u00f1ada por el artista mexicano Gabriel Orozco.<\/p>\n<p><iframe loading=\"lazy\" title=\"Trailer Grandes Esperanzas\" width=\"640\" height=\"480\" src=\"https:\/\/www.youtube.com\/embed\/_O94DGCAwwI?feature=oembed\" frameborder=\"0\" allow=\"accelerometer; autoplay; clipboard-write; encrypted-media; gyroscope; picture-in-picture; web-share\" referrerpolicy=\"strict-origin-when-cross-origin\" allowfullscreen><\/iframe><\/p>\n<p><strong>Y TU MAM\u00c1 TAMBI\u00c9N\u00a0(2001)<\/strong><\/p>\n<p>Tras su desilusi\u00f3n por <em>Grandes esperanzas<\/em>Cuar\u00f3n quiso cambiar de aires y volver a filmar en M\u00e9xico, una decisi\u00f3n que le mereci\u00f3 su primera nominaci\u00f3n al Oscar al mejor guion original, que coescribi\u00f3 con su hermano Carlos, as\u00ed como un premio en Venecia. Este filme de viaje por carretera y paso a la edad adulta fue una especie de <em>big bang<\/em> para el cine latinoamericano que lanz\u00f3 las carreras de sus protagonistas, Gael Garc\u00eda Bernal (Julio) y Diego Luna (Tenoch). Marivel Verd\u00fa (Luisa), la manzana de la discordia entre estos amigos \u201ccharolastras\u201d, es igualmente fant\u00e1stica en su papel. Al igual que en <em>S\u00f3lo con tu pareja<\/em>\u00a0Cuar\u00f3n aborda la sexualidad con humor, y como en <em>Roma<\/em> presenta las profundas divisiones de clase de M\u00e9xico. A 18 a\u00f1os de estrenada, no ha perdido la vitalidad ni la irreverencia de su esp\u00edritu adolescente.<\/p>\n<p>Escenas de aviones: S\u00ed. No s\u00f3lo vemos un avi\u00f3n volar; al comienzo de la pel\u00edcula Tenoch y Julio van a dejar a sus novias al aeropuerto.<\/p>\n<p>Escenas de embarazo o maternidad: S\u00ed. Luisa entabla amistad con la esposa de un pescador que tiene hijos peque\u00f1os. La mujer le dice que est\u00e1 en edad de tener sus propios hijos mientras Luisa carga a uno de ellos.<\/p>\n<div id=\"attachment_3526810\" class=\"wp-caption alignnone\"><img loading=\"lazy\" decoding=\"async\" class=\"wp-image-3526810 size-full\" src=\"https:\/\/www.sinembargo.mx\/wp-content\/uploads\/2019\/01\/mama-tambien.jpg\" sizes=\"auto, (max-width: 700px) 100vw, 700px\" srcset=\"https:\/\/www.sinembargo.mx\/wp-content\/uploads\/2019\/01\/mama-tambien.jpg 700w, https:\/\/www.sinembargo.mx\/wp-content\/uploads\/2019\/01\/mama-tambien-300x247.jpg 300w\" alt=\"\" width=\"700\" height=\"576\" \/><\/p>\n<p class=\"wp-caption-text\">Alfonso Cuar\u00f3n, a la izquierda, y su hermano Carlos, luego de ganar el premio al mejor gui\u00f3n por \u201cY tu mam\u00e1 tambi\u00e9n\u201d. Foto: AP<\/p>\n<\/div>\n<p><strong>HARRY POTTER Y EL PRISIONERO DE AZKABAN\u00a0(2004)<\/strong><\/p>\n<p>Seg\u00fan Cuar\u00f3n, fue su amigo Guillermo del Toro quien lo convenci\u00f3 de la importancia de dirigir esta pel\u00edcula, pues no hab\u00eda le\u00eddo los libros de Harry Potter ni era consciente de su magnitud. Adem\u00e1s, es quiz\u00e1 la cinta en la que tuvo que ce\u00f1irse m\u00e1s a un guion que no escribi\u00f3 y cumplir con los requerimientos de J.K Rowling, autora de la saga y quien tiene control creativo sobre las adaptaciones. Pero dentro del universo de Potter es una de las pel\u00edculas mejor calificadas (90% fresca seg\u00fan Rotten Tomatoes) y suele ser mencionada como una de las favoritas de los fans. A casi 15 a\u00f1os de estrenada, sus efectos visuales siguen luciendo bastante bien, como el Mapa del Merodeador que recibe Harry o el hipogrifo que logra montar.<\/p>\n<p>Escenas de aviones: No. Pero hay partidos de quidditch.<\/p>\n<p>Escenas de embarazo o maternidad: No.<\/p>\n<div id=\"attachment_3526806\" class=\"wp-caption alignnone\"><img loading=\"lazy\" decoding=\"async\" class=\"wp-image-3526806 size-full\" src=\"https:\/\/www.sinembargo.mx\/wp-content\/uploads\/2019\/01\/harry-potter-cuaron.jpg\" sizes=\"auto, (max-width: 700px) 100vw, 700px\" srcset=\"https:\/\/www.sinembargo.mx\/wp-content\/uploads\/2019\/01\/harry-potter-cuaron.jpg 700w, https:\/\/www.sinembargo.mx\/wp-content\/uploads\/2019\/01\/harry-potter-cuaron-300x201.jpg 300w\" alt=\"\" width=\"700\" height=\"469\" \/><\/p>\n<p class=\"wp-caption-text\">Alfonso Cuar\u00f3n, Emma Watson, Rupert Grint y David Heyman, de izquierda a derecha, en conferencia de \u201cHarry Potter y el prisionero de Azkaban\u201d. Foto: AP<\/p>\n<\/div>\n<p><strong>NI\u00d1OS DEL HOMBRE\u00a0(2006)<\/strong><\/p>\n<p>Para muchos seguidores de Cuar\u00f3n, esta pel\u00edcula situada en Londres en el 2027 es su favorita. Se trata nuevamente de una adaptaci\u00f3n, en este caso de la novela de P.D. James publicada en 1992. En la cinta el mundo ha pasado por 18 a\u00f1os de infertilidad, por lo que el embarazo de Kee (Clare-Hope Ashitey), una inmigrante africana, es un milagro. Y si bien no ha ocurrido esto en la vida real, otros temas que toca, como el flujo de refugiados y el cierre de fronteras, resuenan con la crisis migratoria actual en Europa y Am\u00e9rica. De igual manera la cinta presenta ataques terroristas, militarizaci\u00f3n de calles y una desigualdad de clases cada vez m\u00e1s abismal. Adem\u00e1s de incluir m\u00fasica de King Crimson, Cuar\u00f3n presenta una toma de la planta el\u00e9ctrica de Batersea con un cerdo inflable como el de \u201cPink Floyd\u201d en el \u00e1lbum <em>Animals<\/em>. Curiosamente existe un proyecto real para construir apartamentos de lujo en el terreno de la planta como el que visita el protagonista Theo Faron (Chive Owen).<\/p>\n<p>Escenas de aviones: S\u00ed. Hacia el final de la pel\u00edcula vemos aviones que sobrevuelan a Kee.<\/p>\n<p>Escenas de embarazo o maternidad: S\u00ed.<\/p>\n<div id=\"attachment_3526803\" class=\"wp-caption alignnone\"><img loading=\"lazy\" decoding=\"async\" class=\"wp-image-3526803 size-full\" src=\"https:\/\/www.sinembargo.mx\/wp-content\/uploads\/2019\/01\/ninos-del-hombre.jpg\" sizes=\"auto, (max-width: 700px) 100vw, 700px\" srcset=\"https:\/\/www.sinembargo.mx\/wp-content\/uploads\/2019\/01\/ninos-del-hombre.jpg 700w, https:\/\/www.sinembargo.mx\/wp-content\/uploads\/2019\/01\/ninos-del-hombre-300x208.jpg 300w\" alt=\"\" width=\"700\" height=\"485\" \/><\/p>\n<p class=\"wp-caption-text\">Alfonso Cuaron y los actores Claire-Hope Ashitey y Clive Owen, de izquierda a derecha, en presentaci\u00f3n de \u201cNi\u00f1os del hombre\u201d. Foto: AP<\/p>\n<\/div>\n<p><strong>GRAVEDAD\u00a0(2013)<\/strong><\/p>\n<p>Tras un largo silencio, Cuar\u00f3n cautiv\u00f3 al p\u00fablico con este viaje espacial cumpliendo su sue\u00f1o de ser astronauta, aunque en el plano f\u00edlmico. Con un guion coescrito por \u00e9l mismo con su hijo Jon\u00e1s, el filme fue elogiado por sus efectos visuales y m\u00e9rito t\u00e9cnico al crear escenas que simulan una gravedad cero. El director dio igual importancia al plano humano con esta conmovedora historia de supervivencia protagonizada por Sandra Bullock. La pel\u00edcula le dio a Cuar\u00f3n su primer Oscar a mejor director y a su inseparable director de fotograf\u00eda Emmanuel \u201cChivo\u201d Lubezki, con quien hab\u00eda trabajado desde <em>Solo con tu pareja<\/em>, el primero de tres Premios a la Academia consecutivos.<\/p>\n<p>Escenas de aviones: No. Pero s\u00ed de cohetes espaciales.<\/p>\n<p>Escenas de embarazo o maternidad: Casi. Ryan es una madre que guarda un dolor muy profundo.<\/p>\n<div id=\"attachment_3526795\" class=\"wp-caption alignnone\"><img loading=\"lazy\" decoding=\"async\" class=\"wp-image-3526795 size-full\" src=\"https:\/\/www.sinembargo.mx\/wp-content\/uploads\/2019\/01\/gravity.jpg\" sizes=\"auto, (max-width: 700px) 100vw, 700px\" srcset=\"https:\/\/www.sinembargo.mx\/wp-content\/uploads\/2019\/01\/gravity.jpg 700w, https:\/\/www.sinembargo.mx\/wp-content\/uploads\/2019\/01\/gravity-300x202.jpg 300w\" alt=\"\" width=\"700\" height=\"471\" \/><\/p>\n<p class=\"wp-caption-text\">De izquierda a derecha, Jonas Cuar\u00f3n, George Clooney, Sandra Bullock, Alfonso Cuar\u00f3n y David Heyman en estreno de \u201cGravedad\u201d. Foto: AP<\/p>\n<\/div>\n<p><strong>ROMA\u00a0(2018)<\/strong><\/p>\n<p>Marca el segundo regreso de Cuar\u00f3n a M\u00e9xico, donde no filmaba desde \u201cY tu mam\u00e1 tambi\u00e9n\u201d, con su historia m\u00e1s personal hasta el momento, pues est\u00e1 basada en sus memorias de infancia y en las de la empleada dom\u00e9stica que lo cri\u00f3. <em>Roma<\/em>\u00a0adem\u00e1s fue escrita, editada y fotografiada por Cuar\u00f3n. Al igual que en <em>Gravity<\/em>\u00a0su protagonista, Cleo (Yalitza Aparicio), es una mujer en un momento decisivo de su vida, y como en sus cintas anteriores aborda las diferencias de raza y clase, en este caso en M\u00e9xico de la d\u00e9cada de 1970. La pel\u00edcula, que cuenta con una gran cantidad de efectos visuales para recrear una ciudad casi extinta, ha sido elogiada desde su estreno en Venecia, donde recibi\u00f3 el Le\u00f3n de Oro, y el martes fue nominada a 10 Premios de la Academia.<\/p>\n<p>Escenas de aviones: S\u00ed, varias. La pel\u00edcula comienza con el reflejo de un avi\u00f3n en un charco. M\u00e1s adelante vemos un avi\u00f3n sobrevolar una ciudad miseria y la imagen de un avi\u00f3n desplom\u00e1ndose en la pantalla de un cine al que va Cleo. Pepe, el hijo menor de la familia, le dice a Cleo que antes de nacer era piloto de guerra.<\/p>\n<p>Escenas de embarazo o maternidad: S\u00ed. Al igual que en <em>Children of Men<\/em>, es uno de los temas centrales de la pel\u00edcula.<\/p>\n<div id=\"attachment_3526258\" class=\"wp-caption alignnone\"><img loading=\"lazy\" decoding=\"async\" class=\"size-full wp-image-3526258\" src=\"https:\/\/www.sinembargo.mx\/wp-content\/uploads\/2019\/01\/roma-familia-abrazada-1.jpg\" sizes=\"auto, (max-width: 700px) 100vw, 700px\" srcset=\"https:\/\/www.sinembargo.mx\/wp-content\/uploads\/2019\/01\/roma-familia-abrazada-1.jpg 700w, https:\/\/www.sinembargo.mx\/wp-content\/uploads\/2019\/01\/roma-familia-abrazada-1-300x200.jpg 300w\" alt=\"\" width=\"700\" height=\"466\" \/><\/p>\n<p class=\"wp-caption-text\">Cleo se encarga de crear los lazos afectivos en la familia. Foto: Especial<\/p>\n<\/div>\n<\/blockquote>\n","protected":false},"excerpt":{"rendered":"<p>Alfonso Cuar\u00f3n, un viaje por su filmograf\u00eda: desde su \u00f3pera prima hasta Harry Potter y Roma<br \/>\nPor Redacci\u00f3n QP<\/p>\n","protected":false},"author":2,"featured_media":15296,"comment_status":"open","ping_status":"open","sticky":false,"template":"","format":"standard","meta":{"_monsterinsights_skip_tracking":false,"_monsterinsights_sitenote_active":false,"_monsterinsights_sitenote_note":"","_monsterinsights_sitenote_category":0,"footnotes":""},"categories":[58],"tags":[],"class_list":["post-15297","post","type-post","status-publish","format-standard","has-post-thumbnail","hentry","category-cultura"],"yoast_head":"<!-- This site is optimized with the Yoast SEO plugin v27.3 - https:\/\/yoast.com\/product\/yoast-seo-wordpress\/ -->\n<title>Alfonso Cuar\u00f3n, un viaje por su filmograf\u00eda: desde su \u00f3pera prima hasta Harry Potter y Roma -<\/title>\n<meta name=\"robots\" content=\"index, follow, max-snippet:-1, max-image-preview:large, max-video-preview:-1\" \/>\n<link rel=\"canonical\" href=\"https:\/\/quehacerpolitico.mx\/?p=15297\" \/>\n<meta property=\"og:locale\" content=\"es_MX\" \/>\n<meta property=\"og:type\" content=\"article\" \/>\n<meta property=\"og:title\" content=\"Alfonso Cuar\u00f3n, un viaje por su filmograf\u00eda: desde su \u00f3pera prima hasta Harry Potter y Roma -\" \/>\n<meta property=\"og:description\" content=\"Alfonso Cuar\u00f3n, un viaje por su filmograf\u00eda: desde su \u00f3pera prima hasta Harry Potter y Roma Por Redacci\u00f3n QP\" \/>\n<meta property=\"og:url\" content=\"https:\/\/quehacerpolitico.mx\/?p=15297\" \/>\n<meta property=\"article:published_time\" content=\"2019-01-26T16:17:50+00:00\" \/>\n<meta name=\"author\" content=\"Redacci\u00f3n QP\" \/>\n<meta name=\"twitter:card\" content=\"summary_large_image\" \/>\n<meta name=\"twitter:label1\" content=\"Escrito por\" \/>\n\t<meta name=\"twitter:data1\" content=\"Redacci\u00f3n QP\" \/>\n\t<meta name=\"twitter:label2\" content=\"Tiempo de lectura\" \/>\n\t<meta name=\"twitter:data2\" content=\"9 minutos\" \/>\n<script type=\"application\/ld+json\" class=\"yoast-schema-graph\">{\"@context\":\"https:\\\/\\\/schema.org\",\"@graph\":[{\"@type\":\"Article\",\"@id\":\"https:\\\/\\\/quehacerpolitico.mx\\\/?p=15297#article\",\"isPartOf\":{\"@id\":\"https:\\\/\\\/quehacerpolitico.mx\\\/?p=15297\"},\"author\":{\"name\":\"Redacci\u00f3n QP\",\"@id\":\"https:\\\/\\\/quehacerpolitico.mx\\\/#\\\/schema\\\/person\\\/496d8ad2d1d3f8036101dca7ee39e585\"},\"headline\":\"Alfonso Cuar\u00f3n, un viaje por su filmograf\u00eda: desde su \u00f3pera prima hasta Harry Potter y Roma\",\"datePublished\":\"2019-01-26T16:17:50+00:00\",\"mainEntityOfPage\":{\"@id\":\"https:\\\/\\\/quehacerpolitico.mx\\\/?p=15297\"},\"wordCount\":1818,\"commentCount\":0,\"image\":{\"@id\":\"https:\\\/\\\/quehacerpolitico.mx\\\/?p=15297#primaryimage\"},\"thumbnailUrl\":\"\",\"articleSection\":[\"Cultura y Entretenimiento\"],\"inLanguage\":\"es\",\"potentialAction\":[{\"@type\":\"CommentAction\",\"name\":\"Comment\",\"target\":[\"https:\\\/\\\/quehacerpolitico.mx\\\/?p=15297#respond\"]}]},{\"@type\":\"WebPage\",\"@id\":\"https:\\\/\\\/quehacerpolitico.mx\\\/?p=15297\",\"url\":\"https:\\\/\\\/quehacerpolitico.mx\\\/?p=15297\",\"name\":\"Alfonso Cuar\u00f3n, un viaje por su filmograf\u00eda: desde su \u00f3pera prima hasta Harry Potter y Roma -\",\"isPartOf\":{\"@id\":\"https:\\\/\\\/quehacerpolitico.mx\\\/#website\"},\"primaryImageOfPage\":{\"@id\":\"https:\\\/\\\/quehacerpolitico.mx\\\/?p=15297#primaryimage\"},\"image\":{\"@id\":\"https:\\\/\\\/quehacerpolitico.mx\\\/?p=15297#primaryimage\"},\"thumbnailUrl\":\"\",\"datePublished\":\"2019-01-26T16:17:50+00:00\",\"author\":{\"@id\":\"https:\\\/\\\/quehacerpolitico.mx\\\/#\\\/schema\\\/person\\\/496d8ad2d1d3f8036101dca7ee39e585\"},\"breadcrumb\":{\"@id\":\"https:\\\/\\\/quehacerpolitico.mx\\\/?p=15297#breadcrumb\"},\"inLanguage\":\"es\",\"potentialAction\":[{\"@type\":\"ReadAction\",\"target\":[\"https:\\\/\\\/quehacerpolitico.mx\\\/?p=15297\"]}]},{\"@type\":\"ImageObject\",\"inLanguage\":\"es\",\"@id\":\"https:\\\/\\\/quehacerpolitico.mx\\\/?p=15297#primaryimage\",\"url\":\"\",\"contentUrl\":\"\"},{\"@type\":\"BreadcrumbList\",\"@id\":\"https:\\\/\\\/quehacerpolitico.mx\\\/?p=15297#breadcrumb\",\"itemListElement\":[{\"@type\":\"ListItem\",\"position\":1,\"name\":\"Inicio\",\"item\":\"https:\\\/\\\/quehacerpolitico.mx\\\/\"},{\"@type\":\"ListItem\",\"position\":2,\"name\":\"Alfonso Cuar\u00f3n, un viaje por su filmograf\u00eda: desde su \u00f3pera prima hasta Harry Potter y Roma\"}]},{\"@type\":\"WebSite\",\"@id\":\"https:\\\/\\\/quehacerpolitico.mx\\\/#website\",\"url\":\"https:\\\/\\\/quehacerpolitico.mx\\\/\",\"name\":\"\",\"description\":\"\",\"potentialAction\":[{\"@type\":\"SearchAction\",\"target\":{\"@type\":\"EntryPoint\",\"urlTemplate\":\"https:\\\/\\\/quehacerpolitico.mx\\\/?s={search_term_string}\"},\"query-input\":{\"@type\":\"PropertyValueSpecification\",\"valueRequired\":true,\"valueName\":\"search_term_string\"}}],\"inLanguage\":\"es\"},{\"@type\":\"Person\",\"@id\":\"https:\\\/\\\/quehacerpolitico.mx\\\/#\\\/schema\\\/person\\\/496d8ad2d1d3f8036101dca7ee39e585\",\"name\":\"Redacci\u00f3n QP\",\"image\":{\"@type\":\"ImageObject\",\"inLanguage\":\"es\",\"@id\":\"https:\\\/\\\/secure.gravatar.com\\\/avatar\\\/c7164ed6fdec453195284ad24a5ae5b6e1eed2b848477fa2a4787ba9adf39a41?s=96&d=mm&r=g\",\"url\":\"https:\\\/\\\/secure.gravatar.com\\\/avatar\\\/c7164ed6fdec453195284ad24a5ae5b6e1eed2b848477fa2a4787ba9adf39a41?s=96&d=mm&r=g\",\"contentUrl\":\"https:\\\/\\\/secure.gravatar.com\\\/avatar\\\/c7164ed6fdec453195284ad24a5ae5b6e1eed2b848477fa2a4787ba9adf39a41?s=96&d=mm&r=g\",\"caption\":\"Redacci\u00f3n QP\"},\"url\":\"https:\\\/\\\/quehacerpolitico.mx\\\/?author=2\"}]}<\/script>\n<!-- \/ Yoast SEO plugin. -->","yoast_head_json":{"title":"Alfonso Cuar\u00f3n, un viaje por su filmograf\u00eda: desde su \u00f3pera prima hasta Harry Potter y Roma -","robots":{"index":"index","follow":"follow","max-snippet":"max-snippet:-1","max-image-preview":"max-image-preview:large","max-video-preview":"max-video-preview:-1"},"canonical":"https:\/\/quehacerpolitico.mx\/?p=15297","og_locale":"es_MX","og_type":"article","og_title":"Alfonso Cuar\u00f3n, un viaje por su filmograf\u00eda: desde su \u00f3pera prima hasta Harry Potter y Roma -","og_description":"Alfonso Cuar\u00f3n, un viaje por su filmograf\u00eda: desde su \u00f3pera prima hasta Harry Potter y Roma Por Redacci\u00f3n QP","og_url":"https:\/\/quehacerpolitico.mx\/?p=15297","article_published_time":"2019-01-26T16:17:50+00:00","author":"Redacci\u00f3n QP","twitter_card":"summary_large_image","twitter_misc":{"Escrito por":"Redacci\u00f3n QP","Tiempo de lectura":"9 minutos"},"schema":{"@context":"https:\/\/schema.org","@graph":[{"@type":"Article","@id":"https:\/\/quehacerpolitico.mx\/?p=15297#article","isPartOf":{"@id":"https:\/\/quehacerpolitico.mx\/?p=15297"},"author":{"name":"Redacci\u00f3n QP","@id":"https:\/\/quehacerpolitico.mx\/#\/schema\/person\/496d8ad2d1d3f8036101dca7ee39e585"},"headline":"Alfonso Cuar\u00f3n, un viaje por su filmograf\u00eda: desde su \u00f3pera prima hasta Harry Potter y Roma","datePublished":"2019-01-26T16:17:50+00:00","mainEntityOfPage":{"@id":"https:\/\/quehacerpolitico.mx\/?p=15297"},"wordCount":1818,"commentCount":0,"image":{"@id":"https:\/\/quehacerpolitico.mx\/?p=15297#primaryimage"},"thumbnailUrl":"","articleSection":["Cultura y Entretenimiento"],"inLanguage":"es","potentialAction":[{"@type":"CommentAction","name":"Comment","target":["https:\/\/quehacerpolitico.mx\/?p=15297#respond"]}]},{"@type":"WebPage","@id":"https:\/\/quehacerpolitico.mx\/?p=15297","url":"https:\/\/quehacerpolitico.mx\/?p=15297","name":"Alfonso Cuar\u00f3n, un viaje por su filmograf\u00eda: desde su \u00f3pera prima hasta Harry Potter y Roma -","isPartOf":{"@id":"https:\/\/quehacerpolitico.mx\/#website"},"primaryImageOfPage":{"@id":"https:\/\/quehacerpolitico.mx\/?p=15297#primaryimage"},"image":{"@id":"https:\/\/quehacerpolitico.mx\/?p=15297#primaryimage"},"thumbnailUrl":"","datePublished":"2019-01-26T16:17:50+00:00","author":{"@id":"https:\/\/quehacerpolitico.mx\/#\/schema\/person\/496d8ad2d1d3f8036101dca7ee39e585"},"breadcrumb":{"@id":"https:\/\/quehacerpolitico.mx\/?p=15297#breadcrumb"},"inLanguage":"es","potentialAction":[{"@type":"ReadAction","target":["https:\/\/quehacerpolitico.mx\/?p=15297"]}]},{"@type":"ImageObject","inLanguage":"es","@id":"https:\/\/quehacerpolitico.mx\/?p=15297#primaryimage","url":"","contentUrl":""},{"@type":"BreadcrumbList","@id":"https:\/\/quehacerpolitico.mx\/?p=15297#breadcrumb","itemListElement":[{"@type":"ListItem","position":1,"name":"Inicio","item":"https:\/\/quehacerpolitico.mx\/"},{"@type":"ListItem","position":2,"name":"Alfonso Cuar\u00f3n, un viaje por su filmograf\u00eda: desde su \u00f3pera prima hasta Harry Potter y Roma"}]},{"@type":"WebSite","@id":"https:\/\/quehacerpolitico.mx\/#website","url":"https:\/\/quehacerpolitico.mx\/","name":"","description":"","potentialAction":[{"@type":"SearchAction","target":{"@type":"EntryPoint","urlTemplate":"https:\/\/quehacerpolitico.mx\/?s={search_term_string}"},"query-input":{"@type":"PropertyValueSpecification","valueRequired":true,"valueName":"search_term_string"}}],"inLanguage":"es"},{"@type":"Person","@id":"https:\/\/quehacerpolitico.mx\/#\/schema\/person\/496d8ad2d1d3f8036101dca7ee39e585","name":"Redacci\u00f3n QP","image":{"@type":"ImageObject","inLanguage":"es","@id":"https:\/\/secure.gravatar.com\/avatar\/c7164ed6fdec453195284ad24a5ae5b6e1eed2b848477fa2a4787ba9adf39a41?s=96&d=mm&r=g","url":"https:\/\/secure.gravatar.com\/avatar\/c7164ed6fdec453195284ad24a5ae5b6e1eed2b848477fa2a4787ba9adf39a41?s=96&d=mm&r=g","contentUrl":"https:\/\/secure.gravatar.com\/avatar\/c7164ed6fdec453195284ad24a5ae5b6e1eed2b848477fa2a4787ba9adf39a41?s=96&d=mm&r=g","caption":"Redacci\u00f3n QP"},"url":"https:\/\/quehacerpolitico.mx\/?author=2"}]}},"featured_image_urls":{"full":"","thumbnail":"","medium":"","medium_large":"","large":"","1536x1536":"","2048x2048":"","covernews-featured":"","covernews-medium":""},"author_info":{"display_name":"Redacci\u00f3n QP","author_link":"https:\/\/quehacerpolitico.mx\/?author=2"},"category_info":"<a href=\"https:\/\/quehacerpolitico.mx\/?cat=58\" rel=\"category\">Cultura y Entretenimiento<\/a>","tag_info":"Cultura y Entretenimiento","comment_count":"0","_links":{"self":[{"href":"https:\/\/quehacerpolitico.mx\/index.php?rest_route=\/wp\/v2\/posts\/15297","targetHints":{"allow":["GET"]}}],"collection":[{"href":"https:\/\/quehacerpolitico.mx\/index.php?rest_route=\/wp\/v2\/posts"}],"about":[{"href":"https:\/\/quehacerpolitico.mx\/index.php?rest_route=\/wp\/v2\/types\/post"}],"author":[{"embeddable":true,"href":"https:\/\/quehacerpolitico.mx\/index.php?rest_route=\/wp\/v2\/users\/2"}],"replies":[{"embeddable":true,"href":"https:\/\/quehacerpolitico.mx\/index.php?rest_route=%2Fwp%2Fv2%2Fcomments&post=15297"}],"version-history":[{"count":0,"href":"https:\/\/quehacerpolitico.mx\/index.php?rest_route=\/wp\/v2\/posts\/15297\/revisions"}],"wp:featuredmedia":[{"embeddable":true,"href":"https:\/\/quehacerpolitico.mx\/index.php?rest_route=\/"}],"wp:attachment":[{"href":"https:\/\/quehacerpolitico.mx\/index.php?rest_route=%2Fwp%2Fv2%2Fmedia&parent=15297"}],"wp:term":[{"taxonomy":"category","embeddable":true,"href":"https:\/\/quehacerpolitico.mx\/index.php?rest_route=%2Fwp%2Fv2%2Fcategories&post=15297"},{"taxonomy":"post_tag","embeddable":true,"href":"https:\/\/quehacerpolitico.mx\/index.php?rest_route=%2Fwp%2Fv2%2Ftags&post=15297"}],"curies":[{"name":"wp","href":"https:\/\/api.w.org\/{rel}","templated":true}]}}