{"id":15293,"date":"2019-01-26T15:59:55","date_gmt":"2019-01-26T15:59:55","guid":{"rendered":"http:\/\/quehacerpolitico.mx\/voces-del-periodista-desde-filomeno-mata-8-mouris-salloum-george-los-cuervos-estan-de-luto\/"},"modified":"2019-01-26T15:59:55","modified_gmt":"2019-01-26T15:59:55","slug":"voces-del-periodista-desde-filomeno-mata-8-mouris-salloum-george-los-cuervos-estan-de-luto","status":"publish","type":"post","link":"https:\/\/quehacerpolitico.mx\/?p=15293","title":{"rendered":"Voces del Periodista Desde Filomeno Mata 8\/\/\/Mouris Salloum George\/\/\/Los cuervos est\u00e1n de luto"},"content":{"rendered":"<h1 class=\"entry-title penci-entry-title penci-title-\">Los cuervos est\u00e1n de luto<\/h1>\n<p>Por Mouris Salloum George<\/p>\n<p>Director General del Club de Periodistas de M\u00e9xico AC<\/p>\n<p>Podr\u00eda decirse que <strong>Andr\u00e9s Manuel L\u00f3pez Obrador <\/strong>inici\u00f3 su carrera de resistencia a campo traviesa en 1988.<\/p>\n<p><strong><em>Animal pol\u00edtico<\/em><\/strong> en la acepci\u00f3n aristot\u00e9lica, AMLO no da tregua a sus adversarios ni a s\u00ed mismo. Frente a la acechanza humana y los riesgos f\u00edsicos -los cardiovasculares, por ejemplo-, <strong><em>se crece al castigo<\/em><\/strong>.<\/p>\n<p>La energ\u00eda vital que mueve al tabasque\u00f1o, <strong>es la que se genera en el llano<\/strong>. Tuvo leales contingentes cuando, en los 90, acometi\u00f3 su lucha al frente de ind\u00edgenas, campesinos y obreros <strong>en causas relacionadas<\/strong> con la industria petrolera.<\/p>\n<p>Como se ve, el ahora inquilino de Palacio Nacional <strong><em>no quita el dedo del rengl\u00f3n<\/em><\/strong>. Acaso dicho con m\u00e1s propiedad, de <strong>la llaga<\/strong> <strong>rebosante<\/strong> <strong>de<\/strong> <strong>pus<\/strong>.<\/p>\n<p>Sus multitudinarias caravanas desde Villahermosa a la Ciudad de M\u00e9xico, para <strong>denunciar el fraude electoral<\/strong>, registran los mayores llenos que recuerde el Z\u00f3calo metropolitano, s\u00f3lo empatados con los de 2006.<\/p>\n<p>Durante su gesti\u00f3n como jefe de Gobierno del Distrito Federal, en la evaluaci\u00f3n anual por desempe\u00f1o sostuvo la aceptaci\u00f3n popular por arriba del <strong>85 por<\/strong> <strong>ciento<\/strong>.<\/p>\n<p>No por otra cosa <strong>se le asest\u00f3 el desafuero<\/strong> para excluirlo de la sucesi\u00f3n presidencial de 2006. No se amilan\u00f3. <strong>Finalmente despacha<\/strong> <strong>en Palacio Nacional<\/strong>.<\/p>\n<p><strong>La tercera fue la vencida<\/strong><\/p>\n<p>Como Francois Mitterrand, en Francia, y Lula da Silva, en Brasil, es el terco pol\u00edtico que llega al poder presidencial despu\u00e9s de dos tentativas. <strong><em>La tercera es la vencida<\/em><\/strong>, anunci\u00f3 desde que fue registrada su candidatura<\/p>\n<p>Controversial, pero exitoso, arrastra multitudes, pero, paralelamente, multiplica detractores; son de buena fe, los que discrepan de su discurso doctrinario.<\/p>\n<p>Los otros <strong><em>no ocultan la cruz de su parroquia<\/em><\/strong>, en la que se idolatra al <strong><em>becerro de oro<\/em><\/strong>.<\/p>\n<p>No se trata este tema de la apolog\u00eda de un triunfador. Es de advertencia:<\/p>\n<p>La escena p\u00fablica mexicana se ha crispado <strong>como no ocurr\u00eda desde<\/strong> <strong>1968<\/strong>. Est\u00e1 hoy en riesgo la persona, pero ese riesgo es extensivo a la investidura. En \u00faltima lectura, <strong>lo que cuenta es la salud de la Rep\u00fablica. <\/strong><\/p>\n<p>No se salvar\u00e1 al Estado mexicano s\u00f3lo con <strong>voluntarismo personal<\/strong>. La banda presidencial es emblema. <strong>No debe ser mortaja<\/strong>. Tomar nota.<\/p>\n","protected":false},"excerpt":{"rendered":"<p>Los cuervos est\u00e1n de luto<br \/>\nPor Mouris Salloum George<br \/>\nDirector General del Club de Periodistas de M\u00e9xico AC<\/p>\n","protected":false},"author":2,"featured_media":15292,"comment_status":"open","ping_status":"open","sticky":false,"template":"","format":"standard","meta":{"_monsterinsights_skip_tracking":false,"_monsterinsights_sitenote_active":false,"_monsterinsights_sitenote_note":"","_monsterinsights_sitenote_category":0,"footnotes":""},"categories":[2],"tags":[],"class_list":["post-15293","post","type-post","status-publish","format-standard","has-post-thumbnail","hentry","category-noticias"],"yoast_head":"<!-- This site is optimized with the Yoast SEO plugin v27.3 - https:\/\/yoast.com\/product\/yoast-seo-wordpress\/ -->\n<title>Voces del Periodista Desde Filomeno Mata 8\/\/\/Mouris Salloum George\/\/\/Los cuervos est\u00e1n de luto -<\/title>\n<meta name=\"robots\" content=\"index, follow, max-snippet:-1, max-image-preview:large, max-video-preview:-1\" \/>\n<link rel=\"canonical\" href=\"https:\/\/quehacerpolitico.mx\/?p=15293\" \/>\n<meta property=\"og:locale\" content=\"es_MX\" \/>\n<meta property=\"og:type\" content=\"article\" \/>\n<meta property=\"og:title\" content=\"Voces del Periodista Desde Filomeno Mata 8\/\/\/Mouris Salloum George\/\/\/Los cuervos est\u00e1n de luto -\" \/>\n<meta property=\"og:description\" content=\"Los cuervos est\u00e1n de luto Por Mouris Salloum George Director General del Club de Periodistas de M\u00e9xico AC\" \/>\n<meta property=\"og:url\" content=\"https:\/\/quehacerpolitico.mx\/?p=15293\" \/>\n<meta property=\"article:published_time\" content=\"2019-01-26T15:59:55+00:00\" \/>\n<meta name=\"author\" content=\"Redacci\u00f3n QP\" \/>\n<meta name=\"twitter:card\" content=\"summary_large_image\" \/>\n<meta name=\"twitter:label1\" content=\"Escrito por\" \/>\n\t<meta name=\"twitter:data1\" content=\"Redacci\u00f3n QP\" \/>\n\t<meta name=\"twitter:label2\" content=\"Tiempo de lectura\" \/>\n\t<meta name=\"twitter:data2\" content=\"2 minutos\" \/>\n<script type=\"application\/ld+json\" class=\"yoast-schema-graph\">{\"@context\":\"https:\\\/\\\/schema.org\",\"@graph\":[{\"@type\":\"Article\",\"@id\":\"https:\\\/\\\/quehacerpolitico.mx\\\/?p=15293#article\",\"isPartOf\":{\"@id\":\"https:\\\/\\\/quehacerpolitico.mx\\\/?p=15293\"},\"author\":{\"name\":\"Redacci\u00f3n QP\",\"@id\":\"https:\\\/\\\/quehacerpolitico.mx\\\/#\\\/schema\\\/person\\\/496d8ad2d1d3f8036101dca7ee39e585\"},\"headline\":\"Voces del Periodista Desde Filomeno Mata 8\\\/\\\/\\\/Mouris Salloum George\\\/\\\/\\\/Los cuervos est\u00e1n de luto\",\"datePublished\":\"2019-01-26T15:59:55+00:00\",\"mainEntityOfPage\":{\"@id\":\"https:\\\/\\\/quehacerpolitico.mx\\\/?p=15293\"},\"wordCount\":405,\"commentCount\":0,\"image\":{\"@id\":\"https:\\\/\\\/quehacerpolitico.mx\\\/?p=15293#primaryimage\"},\"thumbnailUrl\":\"\",\"articleSection\":[\"Noticias\"],\"inLanguage\":\"es\",\"potentialAction\":[{\"@type\":\"CommentAction\",\"name\":\"Comment\",\"target\":[\"https:\\\/\\\/quehacerpolitico.mx\\\/?p=15293#respond\"]}]},{\"@type\":\"WebPage\",\"@id\":\"https:\\\/\\\/quehacerpolitico.mx\\\/?p=15293\",\"url\":\"https:\\\/\\\/quehacerpolitico.mx\\\/?p=15293\",\"name\":\"Voces del Periodista Desde Filomeno Mata 8\\\/\\\/\\\/Mouris Salloum George\\\/\\\/\\\/Los cuervos est\u00e1n de luto -\",\"isPartOf\":{\"@id\":\"https:\\\/\\\/quehacerpolitico.mx\\\/#website\"},\"primaryImageOfPage\":{\"@id\":\"https:\\\/\\\/quehacerpolitico.mx\\\/?p=15293#primaryimage\"},\"image\":{\"@id\":\"https:\\\/\\\/quehacerpolitico.mx\\\/?p=15293#primaryimage\"},\"thumbnailUrl\":\"\",\"datePublished\":\"2019-01-26T15:59:55+00:00\",\"author\":{\"@id\":\"https:\\\/\\\/quehacerpolitico.mx\\\/#\\\/schema\\\/person\\\/496d8ad2d1d3f8036101dca7ee39e585\"},\"breadcrumb\":{\"@id\":\"https:\\\/\\\/quehacerpolitico.mx\\\/?p=15293#breadcrumb\"},\"inLanguage\":\"es\",\"potentialAction\":[{\"@type\":\"ReadAction\",\"target\":[\"https:\\\/\\\/quehacerpolitico.mx\\\/?p=15293\"]}]},{\"@type\":\"ImageObject\",\"inLanguage\":\"es\",\"@id\":\"https:\\\/\\\/quehacerpolitico.mx\\\/?p=15293#primaryimage\",\"url\":\"\",\"contentUrl\":\"\"},{\"@type\":\"BreadcrumbList\",\"@id\":\"https:\\\/\\\/quehacerpolitico.mx\\\/?p=15293#breadcrumb\",\"itemListElement\":[{\"@type\":\"ListItem\",\"position\":1,\"name\":\"Inicio\",\"item\":\"https:\\\/\\\/quehacerpolitico.mx\\\/\"},{\"@type\":\"ListItem\",\"position\":2,\"name\":\"Voces del Periodista Desde Filomeno Mata 8\\\/\\\/\\\/Mouris Salloum George\\\/\\\/\\\/Los cuervos est\u00e1n de luto\"}]},{\"@type\":\"WebSite\",\"@id\":\"https:\\\/\\\/quehacerpolitico.mx\\\/#website\",\"url\":\"https:\\\/\\\/quehacerpolitico.mx\\\/\",\"name\":\"\",\"description\":\"\",\"potentialAction\":[{\"@type\":\"SearchAction\",\"target\":{\"@type\":\"EntryPoint\",\"urlTemplate\":\"https:\\\/\\\/quehacerpolitico.mx\\\/?s={search_term_string}\"},\"query-input\":{\"@type\":\"PropertyValueSpecification\",\"valueRequired\":true,\"valueName\":\"search_term_string\"}}],\"inLanguage\":\"es\"},{\"@type\":\"Person\",\"@id\":\"https:\\\/\\\/quehacerpolitico.mx\\\/#\\\/schema\\\/person\\\/496d8ad2d1d3f8036101dca7ee39e585\",\"name\":\"Redacci\u00f3n QP\",\"image\":{\"@type\":\"ImageObject\",\"inLanguage\":\"es\",\"@id\":\"https:\\\/\\\/secure.gravatar.com\\\/avatar\\\/c7164ed6fdec453195284ad24a5ae5b6e1eed2b848477fa2a4787ba9adf39a41?s=96&d=mm&r=g\",\"url\":\"https:\\\/\\\/secure.gravatar.com\\\/avatar\\\/c7164ed6fdec453195284ad24a5ae5b6e1eed2b848477fa2a4787ba9adf39a41?s=96&d=mm&r=g\",\"contentUrl\":\"https:\\\/\\\/secure.gravatar.com\\\/avatar\\\/c7164ed6fdec453195284ad24a5ae5b6e1eed2b848477fa2a4787ba9adf39a41?s=96&d=mm&r=g\",\"caption\":\"Redacci\u00f3n QP\"},\"url\":\"https:\\\/\\\/quehacerpolitico.mx\\\/?author=2\"}]}<\/script>\n<!-- \/ Yoast SEO plugin. -->","yoast_head_json":{"title":"Voces del Periodista Desde Filomeno Mata 8\/\/\/Mouris Salloum George\/\/\/Los cuervos est\u00e1n de luto -","robots":{"index":"index","follow":"follow","max-snippet":"max-snippet:-1","max-image-preview":"max-image-preview:large","max-video-preview":"max-video-preview:-1"},"canonical":"https:\/\/quehacerpolitico.mx\/?p=15293","og_locale":"es_MX","og_type":"article","og_title":"Voces del Periodista Desde Filomeno Mata 8\/\/\/Mouris Salloum George\/\/\/Los cuervos est\u00e1n de luto -","og_description":"Los cuervos est\u00e1n de luto Por Mouris Salloum George Director General del Club de Periodistas de M\u00e9xico AC","og_url":"https:\/\/quehacerpolitico.mx\/?p=15293","article_published_time":"2019-01-26T15:59:55+00:00","author":"Redacci\u00f3n QP","twitter_card":"summary_large_image","twitter_misc":{"Escrito por":"Redacci\u00f3n QP","Tiempo de lectura":"2 minutos"},"schema":{"@context":"https:\/\/schema.org","@graph":[{"@type":"Article","@id":"https:\/\/quehacerpolitico.mx\/?p=15293#article","isPartOf":{"@id":"https:\/\/quehacerpolitico.mx\/?p=15293"},"author":{"name":"Redacci\u00f3n QP","@id":"https:\/\/quehacerpolitico.mx\/#\/schema\/person\/496d8ad2d1d3f8036101dca7ee39e585"},"headline":"Voces del Periodista Desde Filomeno Mata 8\/\/\/Mouris Salloum George\/\/\/Los cuervos est\u00e1n de luto","datePublished":"2019-01-26T15:59:55+00:00","mainEntityOfPage":{"@id":"https:\/\/quehacerpolitico.mx\/?p=15293"},"wordCount":405,"commentCount":0,"image":{"@id":"https:\/\/quehacerpolitico.mx\/?p=15293#primaryimage"},"thumbnailUrl":"","articleSection":["Noticias"],"inLanguage":"es","potentialAction":[{"@type":"CommentAction","name":"Comment","target":["https:\/\/quehacerpolitico.mx\/?p=15293#respond"]}]},{"@type":"WebPage","@id":"https:\/\/quehacerpolitico.mx\/?p=15293","url":"https:\/\/quehacerpolitico.mx\/?p=15293","name":"Voces del Periodista Desde Filomeno Mata 8\/\/\/Mouris Salloum George\/\/\/Los cuervos est\u00e1n de luto -","isPartOf":{"@id":"https:\/\/quehacerpolitico.mx\/#website"},"primaryImageOfPage":{"@id":"https:\/\/quehacerpolitico.mx\/?p=15293#primaryimage"},"image":{"@id":"https:\/\/quehacerpolitico.mx\/?p=15293#primaryimage"},"thumbnailUrl":"","datePublished":"2019-01-26T15:59:55+00:00","author":{"@id":"https:\/\/quehacerpolitico.mx\/#\/schema\/person\/496d8ad2d1d3f8036101dca7ee39e585"},"breadcrumb":{"@id":"https:\/\/quehacerpolitico.mx\/?p=15293#breadcrumb"},"inLanguage":"es","potentialAction":[{"@type":"ReadAction","target":["https:\/\/quehacerpolitico.mx\/?p=15293"]}]},{"@type":"ImageObject","inLanguage":"es","@id":"https:\/\/quehacerpolitico.mx\/?p=15293#primaryimage","url":"","contentUrl":""},{"@type":"BreadcrumbList","@id":"https:\/\/quehacerpolitico.mx\/?p=15293#breadcrumb","itemListElement":[{"@type":"ListItem","position":1,"name":"Inicio","item":"https:\/\/quehacerpolitico.mx\/"},{"@type":"ListItem","position":2,"name":"Voces del Periodista Desde Filomeno Mata 8\/\/\/Mouris Salloum George\/\/\/Los cuervos est\u00e1n de luto"}]},{"@type":"WebSite","@id":"https:\/\/quehacerpolitico.mx\/#website","url":"https:\/\/quehacerpolitico.mx\/","name":"","description":"","potentialAction":[{"@type":"SearchAction","target":{"@type":"EntryPoint","urlTemplate":"https:\/\/quehacerpolitico.mx\/?s={search_term_string}"},"query-input":{"@type":"PropertyValueSpecification","valueRequired":true,"valueName":"search_term_string"}}],"inLanguage":"es"},{"@type":"Person","@id":"https:\/\/quehacerpolitico.mx\/#\/schema\/person\/496d8ad2d1d3f8036101dca7ee39e585","name":"Redacci\u00f3n QP","image":{"@type":"ImageObject","inLanguage":"es","@id":"https:\/\/secure.gravatar.com\/avatar\/c7164ed6fdec453195284ad24a5ae5b6e1eed2b848477fa2a4787ba9adf39a41?s=96&d=mm&r=g","url":"https:\/\/secure.gravatar.com\/avatar\/c7164ed6fdec453195284ad24a5ae5b6e1eed2b848477fa2a4787ba9adf39a41?s=96&d=mm&r=g","contentUrl":"https:\/\/secure.gravatar.com\/avatar\/c7164ed6fdec453195284ad24a5ae5b6e1eed2b848477fa2a4787ba9adf39a41?s=96&d=mm&r=g","caption":"Redacci\u00f3n QP"},"url":"https:\/\/quehacerpolitico.mx\/?author=2"}]}},"featured_image_urls":{"full":"","thumbnail":"","medium":"","medium_large":"","large":"","1536x1536":"","2048x2048":"","covernews-featured":"","covernews-medium":""},"author_info":{"display_name":"Redacci\u00f3n QP","author_link":"https:\/\/quehacerpolitico.mx\/?author=2"},"category_info":"<a href=\"https:\/\/quehacerpolitico.mx\/?cat=2\" rel=\"category\">Noticias<\/a>","tag_info":"Noticias","comment_count":"0","_links":{"self":[{"href":"https:\/\/quehacerpolitico.mx\/index.php?rest_route=\/wp\/v2\/posts\/15293","targetHints":{"allow":["GET"]}}],"collection":[{"href":"https:\/\/quehacerpolitico.mx\/index.php?rest_route=\/wp\/v2\/posts"}],"about":[{"href":"https:\/\/quehacerpolitico.mx\/index.php?rest_route=\/wp\/v2\/types\/post"}],"author":[{"embeddable":true,"href":"https:\/\/quehacerpolitico.mx\/index.php?rest_route=\/wp\/v2\/users\/2"}],"replies":[{"embeddable":true,"href":"https:\/\/quehacerpolitico.mx\/index.php?rest_route=%2Fwp%2Fv2%2Fcomments&post=15293"}],"version-history":[{"count":0,"href":"https:\/\/quehacerpolitico.mx\/index.php?rest_route=\/wp\/v2\/posts\/15293\/revisions"}],"wp:featuredmedia":[{"embeddable":true,"href":"https:\/\/quehacerpolitico.mx\/index.php?rest_route=\/"}],"wp:attachment":[{"href":"https:\/\/quehacerpolitico.mx\/index.php?rest_route=%2Fwp%2Fv2%2Fmedia&parent=15293"}],"wp:term":[{"taxonomy":"category","embeddable":true,"href":"https:\/\/quehacerpolitico.mx\/index.php?rest_route=%2Fwp%2Fv2%2Fcategories&post=15293"},{"taxonomy":"post_tag","embeddable":true,"href":"https:\/\/quehacerpolitico.mx\/index.php?rest_route=%2Fwp%2Fv2%2Ftags&post=15293"}],"curies":[{"name":"wp","href":"https:\/\/api.w.org\/{rel}","templated":true}]}}