{"id":15291,"date":"2019-01-26T15:47:57","date_gmt":"2019-01-26T15:47:57","guid":{"rendered":"http:\/\/quehacerpolitico.mx\/un-juez-federal-niega-amparo-a-carlos-romero-deschamps-para-no-ser-detenido-reforma\/"},"modified":"2019-01-26T15:47:57","modified_gmt":"2019-01-26T15:47:57","slug":"un-juez-federal-niega-amparo-a-carlos-romero-deschamps-para-no-ser-detenido-reforma","status":"publish","type":"post","link":"https:\/\/quehacerpolitico.mx\/?p=15291","title":{"rendered":"Un juez federal niega amparo a Carlos Romero Deschamps para no ser detenido: Reforma"},"content":{"rendered":"<h1>Un juez federal niega amparo a Carlos Romero Deschamps para no ser detenido: <em>Reforma<\/em><\/h1>\n<p>Por Redacci\u00f3n QP<\/p>\n<p>Un<strong> juez federal<\/strong> rechaz\u00f3 un amparo promovido por el l\u00edder del<strong>\u00a0Sindicato de Trabajadores Petroleros de la Rep\u00fablica Mexicana<\/strong>(<strong>STPRM<\/strong>),\u00a0<strong>Carlos Romero Deschamp<\/strong>s, con el que buscaba la suspensi\u00f3n de cualquier<strong>\u00a0orden de aprehensi\u00f3n<\/strong>\u00a0en su contra.<\/p>\n<p>El Juez federal Jes\u00fas Alberto Ch\u00e1vez rechaz\u00f3 la medida legal que el pasado 8 de enero solicit\u00f3 <strong>Romero Deschamps<\/strong> porque \u00e9ste no aclar\u00f3 por escrito, y en un plazo de cinco d\u00edas, c\u00f3mo pod\u00eda comprobar que polic\u00edas federales hab\u00edan acudido a buscarlo a las oficinas de sus abogados, de acuerdo con informaci\u00f3n publicada en <em>Reforma.<\/em><\/p>\n<p>Con el amparo, el ex Senador priista buscaba protegerse contra cualquier orden de comparecencia y tener acceso a las investigaciones en su contra. La petici\u00f3n la hizo d\u00edas de que el Presidente Andr\u00e9s Manuel L\u00f3pez Obrador anunciara una estrategia contra el robo de combustible en el pa\u00eds.<\/p>\n<p><strong>Romero Deschamps<\/strong>\u00a0solicit\u00f3 la demanda\u00a011\/2019 contra todos los jueces federales de la Ciudad de M\u00e9xico, la Polic\u00eda Federal, la Agencia de Investigaci\u00f3n Criminal y su Polic\u00eda Federal Ministerial, de la Fiscal\u00eda General de la Rep\u00fablica, se\u00f1al\u00f3 el diario nacional.<\/p>\n<p>El l\u00edder del s<strong>indicato petrolero<\/strong> expuso que los sujetos que acudieron a buscarlo vest\u00edan uniformes de polic\u00eda y lo buscaron en las oficinas de sus abogados porque, dijeron, ten\u00edan \u201cun asunto\u201d qu\u00e9 atender con \u00e9l.<br \/>Pese a que el amparo le fue negado, Romero Deschamps a\u00fan puede impugnar la decisi\u00f3n y un tribunal colegiado podr\u00eda solicitar al juez admitir la medida.<\/p>\n<p>En octubre pasado, Carlos Romero Deschamps se reeligi\u00f3 por quinta vez como el Secretario General del STPRM, conformado por 120 mil trabajadores en 36 secciones. Lleg\u00f3 al cargo en 1993 y no lo ha soltado.\u00a0A la fecha, acumula denuncias penales, una petici\u00f3n de juicio pol\u00edtico e impugnaciones electorales.<\/p>\n<p><strong>ACUSACIONES CONTRA DESCHAMPS<\/strong><\/p>\n<p>Acusaciones de secuestro, golpizas, venta de plazas, desv\u00edo de recursos y tr\u00e1fico de combustible, aparecen en un expediente de la extinta\u00a0Direcci\u00f3n Federal de Seguridad de 1982,\u00a0sobre la forma en que ha operado el l\u00edder del sindicato petrolero.<\/p>\n<p>El informe en poder\u00a0del diario\u00a0<em>Reforma,<\/em> de 256 fojas, incluye la narraci\u00f3n de un secuestro ocurrido el 8 de abril de 1982, en contra de Jos\u00e9 Luis Rodr\u00edguez Quezada, que entonces era coordinador del propaganda del Movimiento Independiente Liberal de Trabajadores Petroleros.<\/p>\n<p>Jos\u00e9 Luis fue detenido arbitrariamente, golpeado e interrogatorio, supuestamente por \u00f3rdenes de Romero Deschamps. Los hechos ocurrieron el 8 de abril de 1982. El disidente fue secuestrado por polic\u00edas judiciales que lo trasladaron en un Ford LTD, de Naucalpan, en el Estado de M\u00e9xico, al entonces Distrito Federal.<\/p>\n<p>El ex legislador ha sido acusado durante a\u00f1os de haber saqueado las finanzas de Petr\u00f3leos Mexicanos (Pemex) y de ser la cabeza de una hidra de corrupci\u00f3n. En 2000, cuando lleg\u00f3 a la Presidencia Vicente Fox Quesada, fue encontrado culpable de desviar mil millones de pesos a la campa\u00f1a de Francisco Labastida Ochoa, del Partido Revolucionario Institucional (PRI), pero no sucedi\u00f3 nada. Sus hijos han sido se\u00f1alados de llevar una vida de ostentaci\u00f3n y lujos en el extranjero, con gastos que s\u00f3lo los multimillonarios pueden mantener.<\/p>\n<p><strong>TRABAJADORES CONTRA STPRM<\/strong><\/p>\n<p>Ayer, integrantes del\u00a0Sindicato Petroleros de M\u00e9xico\u00a0(Petromex), alterno al del l\u00edder petrolero\u00a0Romero Deschamps, reclamaron la indiferencia de la titular de la\u00a0Secretar\u00eda del Trabajo y Previsi\u00f3n Social\u00a0(STPS),\u00a0Luisa Mar\u00eda Alcalde Luj\u00e1n, ante la petici\u00f3n de acelerar su toma de nota luego de ya haber cumplido con los requisitos.<\/p>\n<p>La ma\u00f1ana del viernes, un grupo de miembros de Petromex bloque\u00f3 la avenida Paseo de la Reforma frente a la Secretar\u00eda del Trabajo para exigir que se complete su registro como un sindicato legalmente constituido y, dijeron los manifestantes, en contra de la corrupci\u00f3n dentro de Pemex.<\/p>\n<p>La semana pasada, en una conferencia ma\u00f1anera, el mandatario L\u00f3pez Obrador asegur\u00f3 que no hab\u00eda ning\u00fan \u201cinconveniente\u201d con la conformaci\u00f3n de este nuevo sindicato petrolero. D\u00edas despu\u00e9s, el l\u00edder de izquierda Cuauht\u00e9moc C\u00e1rdenas Sol\u00f3rzano manifest\u00f3 su apoyo en un video.<\/p>\n<p>Los trabajadores petroleros vinieron a la protesta desde Puebla, Tabasco, Veracruz, Hidalgo, Campeche y Guanajuato. El sindicato lo conforman entre 10 mil y 25 mil preafiliados. Entre cl\u00e1xones de automovilistas molestos por el bloqueo, se manifestaron frente al edificio de la STPS para pedir el registro.<\/p>\n","protected":false},"excerpt":{"rendered":"<p>Un juez federal niega amparo a Carlos Romero Deschamps para no ser detenido: Reforma<br \/>\nPor Redacci\u00f3n QP<\/p>\n","protected":false},"author":2,"featured_media":15290,"comment_status":"open","ping_status":"open","sticky":false,"template":"","format":"standard","meta":{"_monsterinsights_skip_tracking":false,"_monsterinsights_sitenote_active":false,"_monsterinsights_sitenote_note":"","_monsterinsights_sitenote_category":0,"footnotes":""},"categories":[2],"tags":[],"class_list":["post-15291","post","type-post","status-publish","format-standard","has-post-thumbnail","hentry","category-noticias"],"yoast_head":"<!-- This site is optimized with the Yoast SEO plugin v27.3 - https:\/\/yoast.com\/product\/yoast-seo-wordpress\/ -->\n<title>Un juez federal niega amparo a Carlos Romero Deschamps para no ser detenido: Reforma -<\/title>\n<meta name=\"robots\" content=\"index, follow, max-snippet:-1, max-image-preview:large, max-video-preview:-1\" \/>\n<link rel=\"canonical\" href=\"https:\/\/quehacerpolitico.mx\/?p=15291\" \/>\n<meta property=\"og:locale\" content=\"es_MX\" \/>\n<meta property=\"og:type\" content=\"article\" \/>\n<meta property=\"og:title\" content=\"Un juez federal niega amparo a Carlos Romero Deschamps para no ser detenido: Reforma -\" \/>\n<meta property=\"og:description\" content=\"Un juez federal niega amparo a Carlos Romero Deschamps para no ser detenido: Reforma Por Redacci\u00f3n QP\" \/>\n<meta property=\"og:url\" content=\"https:\/\/quehacerpolitico.mx\/?p=15291\" \/>\n<meta property=\"article:published_time\" content=\"2019-01-26T15:47:57+00:00\" \/>\n<meta name=\"author\" content=\"Redacci\u00f3n QP\" \/>\n<meta name=\"twitter:card\" content=\"summary_large_image\" \/>\n<meta name=\"twitter:label1\" content=\"Escrito por\" \/>\n\t<meta name=\"twitter:data1\" content=\"Redacci\u00f3n QP\" \/>\n\t<meta name=\"twitter:label2\" content=\"Tiempo de lectura\" \/>\n\t<meta name=\"twitter:data2\" content=\"4 minutos\" \/>\n<script type=\"application\/ld+json\" class=\"yoast-schema-graph\">{\"@context\":\"https:\\\/\\\/schema.org\",\"@graph\":[{\"@type\":\"Article\",\"@id\":\"https:\\\/\\\/quehacerpolitico.mx\\\/?p=15291#article\",\"isPartOf\":{\"@id\":\"https:\\\/\\\/quehacerpolitico.mx\\\/?p=15291\"},\"author\":{\"name\":\"Redacci\u00f3n QP\",\"@id\":\"https:\\\/\\\/quehacerpolitico.mx\\\/#\\\/schema\\\/person\\\/496d8ad2d1d3f8036101dca7ee39e585\"},\"headline\":\"Un juez federal niega amparo a Carlos Romero Deschamps para no ser detenido: Reforma\",\"datePublished\":\"2019-01-26T15:47:57+00:00\",\"mainEntityOfPage\":{\"@id\":\"https:\\\/\\\/quehacerpolitico.mx\\\/?p=15291\"},\"wordCount\":783,\"commentCount\":0,\"image\":{\"@id\":\"https:\\\/\\\/quehacerpolitico.mx\\\/?p=15291#primaryimage\"},\"thumbnailUrl\":\"\",\"articleSection\":[\"Noticias\"],\"inLanguage\":\"es\",\"potentialAction\":[{\"@type\":\"CommentAction\",\"name\":\"Comment\",\"target\":[\"https:\\\/\\\/quehacerpolitico.mx\\\/?p=15291#respond\"]}]},{\"@type\":\"WebPage\",\"@id\":\"https:\\\/\\\/quehacerpolitico.mx\\\/?p=15291\",\"url\":\"https:\\\/\\\/quehacerpolitico.mx\\\/?p=15291\",\"name\":\"Un juez federal niega amparo a Carlos Romero Deschamps para no ser detenido: Reforma -\",\"isPartOf\":{\"@id\":\"https:\\\/\\\/quehacerpolitico.mx\\\/#website\"},\"primaryImageOfPage\":{\"@id\":\"https:\\\/\\\/quehacerpolitico.mx\\\/?p=15291#primaryimage\"},\"image\":{\"@id\":\"https:\\\/\\\/quehacerpolitico.mx\\\/?p=15291#primaryimage\"},\"thumbnailUrl\":\"\",\"datePublished\":\"2019-01-26T15:47:57+00:00\",\"author\":{\"@id\":\"https:\\\/\\\/quehacerpolitico.mx\\\/#\\\/schema\\\/person\\\/496d8ad2d1d3f8036101dca7ee39e585\"},\"breadcrumb\":{\"@id\":\"https:\\\/\\\/quehacerpolitico.mx\\\/?p=15291#breadcrumb\"},\"inLanguage\":\"es\",\"potentialAction\":[{\"@type\":\"ReadAction\",\"target\":[\"https:\\\/\\\/quehacerpolitico.mx\\\/?p=15291\"]}]},{\"@type\":\"ImageObject\",\"inLanguage\":\"es\",\"@id\":\"https:\\\/\\\/quehacerpolitico.mx\\\/?p=15291#primaryimage\",\"url\":\"\",\"contentUrl\":\"\"},{\"@type\":\"BreadcrumbList\",\"@id\":\"https:\\\/\\\/quehacerpolitico.mx\\\/?p=15291#breadcrumb\",\"itemListElement\":[{\"@type\":\"ListItem\",\"position\":1,\"name\":\"Inicio\",\"item\":\"https:\\\/\\\/quehacerpolitico.mx\\\/\"},{\"@type\":\"ListItem\",\"position\":2,\"name\":\"Un juez federal niega amparo a Carlos Romero Deschamps para no ser detenido: Reforma\"}]},{\"@type\":\"WebSite\",\"@id\":\"https:\\\/\\\/quehacerpolitico.mx\\\/#website\",\"url\":\"https:\\\/\\\/quehacerpolitico.mx\\\/\",\"name\":\"\",\"description\":\"\",\"potentialAction\":[{\"@type\":\"SearchAction\",\"target\":{\"@type\":\"EntryPoint\",\"urlTemplate\":\"https:\\\/\\\/quehacerpolitico.mx\\\/?s={search_term_string}\"},\"query-input\":{\"@type\":\"PropertyValueSpecification\",\"valueRequired\":true,\"valueName\":\"search_term_string\"}}],\"inLanguage\":\"es\"},{\"@type\":\"Person\",\"@id\":\"https:\\\/\\\/quehacerpolitico.mx\\\/#\\\/schema\\\/person\\\/496d8ad2d1d3f8036101dca7ee39e585\",\"name\":\"Redacci\u00f3n QP\",\"image\":{\"@type\":\"ImageObject\",\"inLanguage\":\"es\",\"@id\":\"https:\\\/\\\/secure.gravatar.com\\\/avatar\\\/c7164ed6fdec453195284ad24a5ae5b6e1eed2b848477fa2a4787ba9adf39a41?s=96&d=mm&r=g\",\"url\":\"https:\\\/\\\/secure.gravatar.com\\\/avatar\\\/c7164ed6fdec453195284ad24a5ae5b6e1eed2b848477fa2a4787ba9adf39a41?s=96&d=mm&r=g\",\"contentUrl\":\"https:\\\/\\\/secure.gravatar.com\\\/avatar\\\/c7164ed6fdec453195284ad24a5ae5b6e1eed2b848477fa2a4787ba9adf39a41?s=96&d=mm&r=g\",\"caption\":\"Redacci\u00f3n QP\"},\"url\":\"https:\\\/\\\/quehacerpolitico.mx\\\/?author=2\"}]}<\/script>\n<!-- \/ Yoast SEO plugin. -->","yoast_head_json":{"title":"Un juez federal niega amparo a Carlos Romero Deschamps para no ser detenido: Reforma -","robots":{"index":"index","follow":"follow","max-snippet":"max-snippet:-1","max-image-preview":"max-image-preview:large","max-video-preview":"max-video-preview:-1"},"canonical":"https:\/\/quehacerpolitico.mx\/?p=15291","og_locale":"es_MX","og_type":"article","og_title":"Un juez federal niega amparo a Carlos Romero Deschamps para no ser detenido: Reforma -","og_description":"Un juez federal niega amparo a Carlos Romero Deschamps para no ser detenido: Reforma Por Redacci\u00f3n QP","og_url":"https:\/\/quehacerpolitico.mx\/?p=15291","article_published_time":"2019-01-26T15:47:57+00:00","author":"Redacci\u00f3n QP","twitter_card":"summary_large_image","twitter_misc":{"Escrito por":"Redacci\u00f3n QP","Tiempo de lectura":"4 minutos"},"schema":{"@context":"https:\/\/schema.org","@graph":[{"@type":"Article","@id":"https:\/\/quehacerpolitico.mx\/?p=15291#article","isPartOf":{"@id":"https:\/\/quehacerpolitico.mx\/?p=15291"},"author":{"name":"Redacci\u00f3n QP","@id":"https:\/\/quehacerpolitico.mx\/#\/schema\/person\/496d8ad2d1d3f8036101dca7ee39e585"},"headline":"Un juez federal niega amparo a Carlos Romero Deschamps para no ser detenido: Reforma","datePublished":"2019-01-26T15:47:57+00:00","mainEntityOfPage":{"@id":"https:\/\/quehacerpolitico.mx\/?p=15291"},"wordCount":783,"commentCount":0,"image":{"@id":"https:\/\/quehacerpolitico.mx\/?p=15291#primaryimage"},"thumbnailUrl":"","articleSection":["Noticias"],"inLanguage":"es","potentialAction":[{"@type":"CommentAction","name":"Comment","target":["https:\/\/quehacerpolitico.mx\/?p=15291#respond"]}]},{"@type":"WebPage","@id":"https:\/\/quehacerpolitico.mx\/?p=15291","url":"https:\/\/quehacerpolitico.mx\/?p=15291","name":"Un juez federal niega amparo a Carlos Romero Deschamps para no ser detenido: Reforma -","isPartOf":{"@id":"https:\/\/quehacerpolitico.mx\/#website"},"primaryImageOfPage":{"@id":"https:\/\/quehacerpolitico.mx\/?p=15291#primaryimage"},"image":{"@id":"https:\/\/quehacerpolitico.mx\/?p=15291#primaryimage"},"thumbnailUrl":"","datePublished":"2019-01-26T15:47:57+00:00","author":{"@id":"https:\/\/quehacerpolitico.mx\/#\/schema\/person\/496d8ad2d1d3f8036101dca7ee39e585"},"breadcrumb":{"@id":"https:\/\/quehacerpolitico.mx\/?p=15291#breadcrumb"},"inLanguage":"es","potentialAction":[{"@type":"ReadAction","target":["https:\/\/quehacerpolitico.mx\/?p=15291"]}]},{"@type":"ImageObject","inLanguage":"es","@id":"https:\/\/quehacerpolitico.mx\/?p=15291#primaryimage","url":"","contentUrl":""},{"@type":"BreadcrumbList","@id":"https:\/\/quehacerpolitico.mx\/?p=15291#breadcrumb","itemListElement":[{"@type":"ListItem","position":1,"name":"Inicio","item":"https:\/\/quehacerpolitico.mx\/"},{"@type":"ListItem","position":2,"name":"Un juez federal niega amparo a Carlos Romero Deschamps para no ser detenido: Reforma"}]},{"@type":"WebSite","@id":"https:\/\/quehacerpolitico.mx\/#website","url":"https:\/\/quehacerpolitico.mx\/","name":"","description":"","potentialAction":[{"@type":"SearchAction","target":{"@type":"EntryPoint","urlTemplate":"https:\/\/quehacerpolitico.mx\/?s={search_term_string}"},"query-input":{"@type":"PropertyValueSpecification","valueRequired":true,"valueName":"search_term_string"}}],"inLanguage":"es"},{"@type":"Person","@id":"https:\/\/quehacerpolitico.mx\/#\/schema\/person\/496d8ad2d1d3f8036101dca7ee39e585","name":"Redacci\u00f3n QP","image":{"@type":"ImageObject","inLanguage":"es","@id":"https:\/\/secure.gravatar.com\/avatar\/c7164ed6fdec453195284ad24a5ae5b6e1eed2b848477fa2a4787ba9adf39a41?s=96&d=mm&r=g","url":"https:\/\/secure.gravatar.com\/avatar\/c7164ed6fdec453195284ad24a5ae5b6e1eed2b848477fa2a4787ba9adf39a41?s=96&d=mm&r=g","contentUrl":"https:\/\/secure.gravatar.com\/avatar\/c7164ed6fdec453195284ad24a5ae5b6e1eed2b848477fa2a4787ba9adf39a41?s=96&d=mm&r=g","caption":"Redacci\u00f3n QP"},"url":"https:\/\/quehacerpolitico.mx\/?author=2"}]}},"featured_image_urls":{"full":"","thumbnail":"","medium":"","medium_large":"","large":"","1536x1536":"","2048x2048":"","covernews-featured":"","covernews-medium":""},"author_info":{"display_name":"Redacci\u00f3n QP","author_link":"https:\/\/quehacerpolitico.mx\/?author=2"},"category_info":"<a href=\"https:\/\/quehacerpolitico.mx\/?cat=2\" rel=\"category\">Noticias<\/a>","tag_info":"Noticias","comment_count":"0","_links":{"self":[{"href":"https:\/\/quehacerpolitico.mx\/index.php?rest_route=\/wp\/v2\/posts\/15291","targetHints":{"allow":["GET"]}}],"collection":[{"href":"https:\/\/quehacerpolitico.mx\/index.php?rest_route=\/wp\/v2\/posts"}],"about":[{"href":"https:\/\/quehacerpolitico.mx\/index.php?rest_route=\/wp\/v2\/types\/post"}],"author":[{"embeddable":true,"href":"https:\/\/quehacerpolitico.mx\/index.php?rest_route=\/wp\/v2\/users\/2"}],"replies":[{"embeddable":true,"href":"https:\/\/quehacerpolitico.mx\/index.php?rest_route=%2Fwp%2Fv2%2Fcomments&post=15291"}],"version-history":[{"count":0,"href":"https:\/\/quehacerpolitico.mx\/index.php?rest_route=\/wp\/v2\/posts\/15291\/revisions"}],"wp:featuredmedia":[{"embeddable":true,"href":"https:\/\/quehacerpolitico.mx\/index.php?rest_route=\/"}],"wp:attachment":[{"href":"https:\/\/quehacerpolitico.mx\/index.php?rest_route=%2Fwp%2Fv2%2Fmedia&parent=15291"}],"wp:term":[{"taxonomy":"category","embeddable":true,"href":"https:\/\/quehacerpolitico.mx\/index.php?rest_route=%2Fwp%2Fv2%2Fcategories&post=15291"},{"taxonomy":"post_tag","embeddable":true,"href":"https:\/\/quehacerpolitico.mx\/index.php?rest_route=%2Fwp%2Fv2%2Ftags&post=15291"}],"curies":[{"name":"wp","href":"https:\/\/api.w.org\/{rel}","templated":true}]}}