{"id":15249,"date":"2019-01-25T20:31:00","date_gmt":"2019-01-25T20:31:00","guid":{"rendered":"http:\/\/quehacerpolitico.mx\/internacionales-carolina-alonso-romei-el-gobierno-de-mexico-esta-dispuesto-a-mediar-en-venezuela-si-las-partes-en-pugna-lo-solicitan-amlo\/"},"modified":"2019-01-25T20:31:00","modified_gmt":"2019-01-25T20:31:00","slug":"internacionales-carolina-alonso-romei-el-gobierno-de-mexico-esta-dispuesto-a-mediar-en-venezuela-si-las-partes-en-pugna-lo-solicitan-amlo","status":"publish","type":"post","link":"https:\/\/quehacerpolitico.mx\/?p=15249","title":{"rendered":"Internacionales\/\/\/Carolina Alonso Romei\/\/\/El Gobierno de M\u00e9xico est\u00e1 dispuesto a mediar en Venezuela si las partes en pugna lo solicitan: AMLO"},"content":{"rendered":"<h1>El Gobierno de M\u00e9xico est\u00e1 dispuesto a mediar en Venezuela si las partes en pugna lo solicitan: AMLO<\/h1>\n<p>Por Carolina Alonso Romei\u00a0<\/p>\n<p>Internacionalista<\/p>\n<p>El Presidente de <strong>M\u00e9xico<\/strong>, <strong>Andr\u00e9s Manuel L\u00f3pez Obrador<\/strong>, declar\u00f3 este viernes la disposici\u00f3n de su <strong>Gobierno<\/strong> a <strong>mediar<\/strong> en la <strong>crisis<\/strong> de <strong>Venezuela<\/strong>, pero se\u00f1al\u00f3 que esa labor s\u00f3lo la podr\u00eda realizar si las partes en pugna lo solicitan y sin violar el principio de la autodeterminaci\u00f3n de los pueblos.<\/p>\n<p>Interrogado en su conferencia de prensa matutina sobre el conflicto venezolano, el mandatario se\u00f1al\u00f3 que la Constituci\u00f3n mexicana establece que la pol\u00edtica exterior del pa\u00eds debe estar apegada a los principios de no intervenci\u00f3n, autodeterminaci\u00f3n de los pueblos y soluci\u00f3n pac\u00edfica de las controversias.<\/p>\n<blockquote>\n<p>\u201cNo es que estemos a favor o en contra de nadie. Estamos por defender los principios constitucionales de la pol\u00edtica exterior\u201d, especific\u00f3.<\/p>\n<div id=\"attachment_3527294\" class=\"wp-caption alignnone\"><img loading=\"lazy\" decoding=\"async\" class=\"size-full wp-image-3527294\" src=\"https:\/\/www.sinembargo.mx\/wp-content\/uploads\/2019\/01\/crisis-venezuela.jpg\" sizes=\"auto, (max-width: 700px) 100vw, 700px\" srcset=\"https:\/\/www.sinembargo.mx\/wp-content\/uploads\/2019\/01\/crisis-venezuela.jpg 700w, https:\/\/www.sinembargo.mx\/wp-content\/uploads\/2019\/01\/crisis-venezuela-300x189.jpg 300w\" alt=\"\" width=\"700\" height=\"440\" \/><\/p>\n<p class=\"wp-caption-text\">Fotograf\u00eda del 21 de enero de 2019 de un enfrentamiento entre opositores y fuerzas de seguridad en el barrio Cotiza de Caracas, Venezuela. Foto: Ariana Cubillos, AP<\/p>\n<\/div>\n<p>Acerca de si <strong>M\u00e9xico<\/strong> est\u00e1 en condiciones de que las partes en conflicto de <strong>Venezuela<\/strong>cuenten con la <strong>intermediaci\u00f3n<\/strong> mexicana, indic\u00f3 que el <strong>Gobierno<\/strong> estar\u00eda dispuesto a ejercer ese papel.<\/p>\n<blockquote>\n<p>\u201cS\u00ed podr\u00edamos hacerlo, pero no lo podr\u00edamos llevar a cabo si no hay la petici\u00f3n de las partes; no vamos a ser oficiosos. Nosotros vamos a respetar nuestros principios y si las partes lo solicitan, estamos en la mejor disposici\u00f3n de ayudar para que haya un di\u00e1logo\u201d, expuso.<\/p>\n<\/blockquote>\n<p>A\u00f1adi\u00f3 que el Secretario de Relaciones Exteriores, Marcelo Ebrard, ya tiene instrucciones \u201cpara apoyar en la medida de nuestras posibilidades, sin injerencia en el conflicto\u201d y sin tomar partido.<\/p>\n<blockquote>\n<p>\u201cEsto tiene que ver con una tradici\u00f3n hist\u00f3rica de nuestro pa\u00eds en pol\u00edtica exterior. No nos debemos de meter en asuntos de otros pueblos y de otras naciones, porque no queremos que ninguna hegemon\u00eda, ning\u00fan <strong>Gobierno<\/strong>extranjero, intervenga en los asuntos que s\u00f3lo corresponden a los mexicanos\u201d, acot\u00f3.<\/p>\n<\/blockquote>\n<div id=\"attachment_3527295\" class=\"wp-caption alignnone\"><img loading=\"lazy\" decoding=\"async\" class=\"size-full wp-image-3527295\" src=\"https:\/\/www.sinembargo.mx\/wp-content\/uploads\/2019\/01\/crisis-venezuela-2.jpg\" sizes=\"auto, (max-width: 700px) 100vw, 700px\" srcset=\"https:\/\/www.sinembargo.mx\/wp-content\/uploads\/2019\/01\/crisis-venezuela-2.jpg 700w, https:\/\/www.sinembargo.mx\/wp-content\/uploads\/2019\/01\/crisis-venezuela-2-300x200.jpg 300w\" alt=\"\" width=\"700\" height=\"467\" \/><\/p>\n<p class=\"wp-caption-text\">Un manifestante venezolano participa en una protesta contra el Gobierno de Venezuela en Buenos Aires, Argentina, el mi\u00e9rcoles 23 de enero de 2019. Foto: Natacha Pisarenko, AP<\/p>\n<\/div>\n<p>Este jueves, el Presidente de <strong>Venezuela<\/strong>, Nicol\u00e1s Maduro, dijo que est\u00e1 \u201cde acuerdo\u201d con la iniciativa de una nueva ronda de di\u00e1logos con la oposici\u00f3n para destrabar la acuciante <strong>crisis<\/strong> pol\u00edtica, econ\u00f3mica y social de su pa\u00eds.<\/p>\n<p>\u201cEl Gobierno de <strong>M\u00e9xico<\/strong> y el Gobierno de Uruguay han propuesto que se cree una iniciativa internacional para promover un di\u00e1logo de las partes en Venezuela (\u2026), les digo p\u00fablicamente (que) estoy de acuerdo\u201d, asever\u00f3 Maduro en un discurso que ofreci\u00f3 ante el Supremo, donde recibi\u00f3 el respaldo de los jefes de los poderes p\u00fablicos.<\/p>\n<p>Maduro, en el poder desde 2013, respondi\u00f3 as\u00ed a la propuesta lanzada ayer por M\u00e9xico y Uruguay, que en un comunicado conjunto urgieron a los venezolanos \u201ca encontrar una soluci\u00f3n pac\u00edfica y democr\u00e1tica frente al complejo panorama\u201d que enfrenta el pa\u00eds.<\/p>\n<blockquote>\n<p>\u201cDe forma conjunta, el Gobierno de Uruguay y M\u00e9xico formulan un llamado a todas las partes involucradas, tanto al interior del pa\u00eds como al exterior, para reducir las tensiones y evitar una escalada de violencia que pudiera agravar la situaci\u00f3n\u201d, se\u00f1alaron los pa\u00edses en el documento divulgado por la Canciller\u00eda uruguaya.<\/p>\n<\/blockquote>\n<p>La tensi\u00f3n aument\u00f3 este viernes cuando el presidente de la Asamblea Nacional, Juan Guaid\u00f3, anunci\u00f3 que se adjudicaba las competencias del Ejecutivo venezolano para luchar contra la \u201cusurpaci\u00f3n\u201d de la Presidencia por parte de Maduro.<\/p>\n<p>La violencia y los choques en los \u00faltimos d\u00edas entre manifestantes y la polic\u00eda ha causado al menos 20 muertos y 350 detenidos, seg\u00fan varias organizaciones.<\/p>\n<p>Con Informaci\u00f3n de EFE<\/p>\n<\/blockquote>\n","protected":false},"excerpt":{"rendered":"<p>El Gobierno de M\u00e9xico est\u00e1 dispuesto a mediar en Venezuela si las partes en pugna lo solicitan: AMLO<br \/>\nPor Carolina Alonso Romei<br \/>\nInternacionalista<\/p>\n","protected":false},"author":2,"featured_media":15248,"comment_status":"open","ping_status":"open","sticky":false,"template":"","format":"standard","meta":{"_monsterinsights_skip_tracking":false,"_monsterinsights_sitenote_active":false,"_monsterinsights_sitenote_note":"","_monsterinsights_sitenote_category":0,"footnotes":""},"categories":[1],"tags":[],"class_list":["post-15249","post","type-post","status-publish","format-standard","has-post-thumbnail","hentry","category-sin-categoria"],"yoast_head":"<!-- This site is optimized with the Yoast SEO plugin v27.3 - https:\/\/yoast.com\/product\/yoast-seo-wordpress\/ -->\n<title>Internacionales\/\/\/Carolina Alonso Romei\/\/\/El Gobierno de M\u00e9xico est\u00e1 dispuesto a mediar en Venezuela si las partes en pugna lo solicitan: AMLO -<\/title>\n<meta name=\"robots\" content=\"index, follow, max-snippet:-1, max-image-preview:large, max-video-preview:-1\" \/>\n<link rel=\"canonical\" href=\"https:\/\/quehacerpolitico.mx\/?p=15249\" \/>\n<meta property=\"og:locale\" content=\"es_MX\" \/>\n<meta property=\"og:type\" content=\"article\" \/>\n<meta property=\"og:title\" content=\"Internacionales\/\/\/Carolina Alonso Romei\/\/\/El Gobierno de M\u00e9xico est\u00e1 dispuesto a mediar en Venezuela si las partes en pugna lo solicitan: AMLO -\" \/>\n<meta property=\"og:description\" content=\"El Gobierno de M\u00e9xico est\u00e1 dispuesto a mediar en Venezuela si las partes en pugna lo solicitan: AMLO Por Carolina Alonso Romei Internacionalista\" \/>\n<meta property=\"og:url\" content=\"https:\/\/quehacerpolitico.mx\/?p=15249\" \/>\n<meta property=\"article:published_time\" content=\"2019-01-25T20:31:00+00:00\" \/>\n<meta name=\"author\" content=\"Redacci\u00f3n QP\" \/>\n<meta name=\"twitter:card\" content=\"summary_large_image\" \/>\n<meta name=\"twitter:label1\" content=\"Escrito por\" \/>\n\t<meta name=\"twitter:data1\" content=\"Redacci\u00f3n QP\" \/>\n\t<meta name=\"twitter:label2\" content=\"Tiempo de lectura\" \/>\n\t<meta name=\"twitter:data2\" content=\"3 minutos\" \/>\n<script type=\"application\/ld+json\" class=\"yoast-schema-graph\">{\"@context\":\"https:\\\/\\\/schema.org\",\"@graph\":[{\"@type\":\"Article\",\"@id\":\"https:\\\/\\\/quehacerpolitico.mx\\\/?p=15249#article\",\"isPartOf\":{\"@id\":\"https:\\\/\\\/quehacerpolitico.mx\\\/?p=15249\"},\"author\":{\"name\":\"Redacci\u00f3n QP\",\"@id\":\"https:\\\/\\\/quehacerpolitico.mx\\\/#\\\/schema\\\/person\\\/496d8ad2d1d3f8036101dca7ee39e585\"},\"headline\":\"Internacionales\\\/\\\/\\\/Carolina Alonso Romei\\\/\\\/\\\/El Gobierno de M\u00e9xico est\u00e1 dispuesto a mediar en Venezuela si las partes en pugna lo solicitan: AMLO\",\"datePublished\":\"2019-01-25T20:31:00+00:00\",\"mainEntityOfPage\":{\"@id\":\"https:\\\/\\\/quehacerpolitico.mx\\\/?p=15249\"},\"wordCount\":673,\"commentCount\":0,\"image\":{\"@id\":\"https:\\\/\\\/quehacerpolitico.mx\\\/?p=15249#primaryimage\"},\"thumbnailUrl\":\"\",\"articleSection\":[\"Internacionales\"],\"inLanguage\":\"es\",\"potentialAction\":[{\"@type\":\"CommentAction\",\"name\":\"Comment\",\"target\":[\"https:\\\/\\\/quehacerpolitico.mx\\\/?p=15249#respond\"]}]},{\"@type\":\"WebPage\",\"@id\":\"https:\\\/\\\/quehacerpolitico.mx\\\/?p=15249\",\"url\":\"https:\\\/\\\/quehacerpolitico.mx\\\/?p=15249\",\"name\":\"Internacionales\\\/\\\/\\\/Carolina Alonso Romei\\\/\\\/\\\/El Gobierno de M\u00e9xico est\u00e1 dispuesto a mediar en Venezuela si las partes en pugna lo solicitan: AMLO -\",\"isPartOf\":{\"@id\":\"https:\\\/\\\/quehacerpolitico.mx\\\/#website\"},\"primaryImageOfPage\":{\"@id\":\"https:\\\/\\\/quehacerpolitico.mx\\\/?p=15249#primaryimage\"},\"image\":{\"@id\":\"https:\\\/\\\/quehacerpolitico.mx\\\/?p=15249#primaryimage\"},\"thumbnailUrl\":\"\",\"datePublished\":\"2019-01-25T20:31:00+00:00\",\"author\":{\"@id\":\"https:\\\/\\\/quehacerpolitico.mx\\\/#\\\/schema\\\/person\\\/496d8ad2d1d3f8036101dca7ee39e585\"},\"breadcrumb\":{\"@id\":\"https:\\\/\\\/quehacerpolitico.mx\\\/?p=15249#breadcrumb\"},\"inLanguage\":\"es\",\"potentialAction\":[{\"@type\":\"ReadAction\",\"target\":[\"https:\\\/\\\/quehacerpolitico.mx\\\/?p=15249\"]}]},{\"@type\":\"ImageObject\",\"inLanguage\":\"es\",\"@id\":\"https:\\\/\\\/quehacerpolitico.mx\\\/?p=15249#primaryimage\",\"url\":\"\",\"contentUrl\":\"\"},{\"@type\":\"BreadcrumbList\",\"@id\":\"https:\\\/\\\/quehacerpolitico.mx\\\/?p=15249#breadcrumb\",\"itemListElement\":[{\"@type\":\"ListItem\",\"position\":1,\"name\":\"Inicio\",\"item\":\"https:\\\/\\\/quehacerpolitico.mx\\\/\"},{\"@type\":\"ListItem\",\"position\":2,\"name\":\"Internacionales\\\/\\\/\\\/Carolina Alonso Romei\\\/\\\/\\\/El Gobierno de M\u00e9xico est\u00e1 dispuesto a mediar en Venezuela si las partes en pugna lo solicitan: AMLO\"}]},{\"@type\":\"WebSite\",\"@id\":\"https:\\\/\\\/quehacerpolitico.mx\\\/#website\",\"url\":\"https:\\\/\\\/quehacerpolitico.mx\\\/\",\"name\":\"\",\"description\":\"\",\"potentialAction\":[{\"@type\":\"SearchAction\",\"target\":{\"@type\":\"EntryPoint\",\"urlTemplate\":\"https:\\\/\\\/quehacerpolitico.mx\\\/?s={search_term_string}\"},\"query-input\":{\"@type\":\"PropertyValueSpecification\",\"valueRequired\":true,\"valueName\":\"search_term_string\"}}],\"inLanguage\":\"es\"},{\"@type\":\"Person\",\"@id\":\"https:\\\/\\\/quehacerpolitico.mx\\\/#\\\/schema\\\/person\\\/496d8ad2d1d3f8036101dca7ee39e585\",\"name\":\"Redacci\u00f3n QP\",\"image\":{\"@type\":\"ImageObject\",\"inLanguage\":\"es\",\"@id\":\"https:\\\/\\\/secure.gravatar.com\\\/avatar\\\/c7164ed6fdec453195284ad24a5ae5b6e1eed2b848477fa2a4787ba9adf39a41?s=96&d=mm&r=g\",\"url\":\"https:\\\/\\\/secure.gravatar.com\\\/avatar\\\/c7164ed6fdec453195284ad24a5ae5b6e1eed2b848477fa2a4787ba9adf39a41?s=96&d=mm&r=g\",\"contentUrl\":\"https:\\\/\\\/secure.gravatar.com\\\/avatar\\\/c7164ed6fdec453195284ad24a5ae5b6e1eed2b848477fa2a4787ba9adf39a41?s=96&d=mm&r=g\",\"caption\":\"Redacci\u00f3n QP\"},\"url\":\"https:\\\/\\\/quehacerpolitico.mx\\\/?author=2\"}]}<\/script>\n<!-- \/ Yoast SEO plugin. -->","yoast_head_json":{"title":"Internacionales\/\/\/Carolina Alonso Romei\/\/\/El Gobierno de M\u00e9xico est\u00e1 dispuesto a mediar en Venezuela si las partes en pugna lo solicitan: AMLO -","robots":{"index":"index","follow":"follow","max-snippet":"max-snippet:-1","max-image-preview":"max-image-preview:large","max-video-preview":"max-video-preview:-1"},"canonical":"https:\/\/quehacerpolitico.mx\/?p=15249","og_locale":"es_MX","og_type":"article","og_title":"Internacionales\/\/\/Carolina Alonso Romei\/\/\/El Gobierno de M\u00e9xico est\u00e1 dispuesto a mediar en Venezuela si las partes en pugna lo solicitan: AMLO -","og_description":"El Gobierno de M\u00e9xico est\u00e1 dispuesto a mediar en Venezuela si las partes en pugna lo solicitan: AMLO Por Carolina Alonso Romei Internacionalista","og_url":"https:\/\/quehacerpolitico.mx\/?p=15249","article_published_time":"2019-01-25T20:31:00+00:00","author":"Redacci\u00f3n QP","twitter_card":"summary_large_image","twitter_misc":{"Escrito por":"Redacci\u00f3n QP","Tiempo de lectura":"3 minutos"},"schema":{"@context":"https:\/\/schema.org","@graph":[{"@type":"Article","@id":"https:\/\/quehacerpolitico.mx\/?p=15249#article","isPartOf":{"@id":"https:\/\/quehacerpolitico.mx\/?p=15249"},"author":{"name":"Redacci\u00f3n QP","@id":"https:\/\/quehacerpolitico.mx\/#\/schema\/person\/496d8ad2d1d3f8036101dca7ee39e585"},"headline":"Internacionales\/\/\/Carolina Alonso Romei\/\/\/El Gobierno de M\u00e9xico est\u00e1 dispuesto a mediar en Venezuela si las partes en pugna lo solicitan: AMLO","datePublished":"2019-01-25T20:31:00+00:00","mainEntityOfPage":{"@id":"https:\/\/quehacerpolitico.mx\/?p=15249"},"wordCount":673,"commentCount":0,"image":{"@id":"https:\/\/quehacerpolitico.mx\/?p=15249#primaryimage"},"thumbnailUrl":"","articleSection":["Internacionales"],"inLanguage":"es","potentialAction":[{"@type":"CommentAction","name":"Comment","target":["https:\/\/quehacerpolitico.mx\/?p=15249#respond"]}]},{"@type":"WebPage","@id":"https:\/\/quehacerpolitico.mx\/?p=15249","url":"https:\/\/quehacerpolitico.mx\/?p=15249","name":"Internacionales\/\/\/Carolina Alonso Romei\/\/\/El Gobierno de M\u00e9xico est\u00e1 dispuesto a mediar en Venezuela si las partes en pugna lo solicitan: AMLO -","isPartOf":{"@id":"https:\/\/quehacerpolitico.mx\/#website"},"primaryImageOfPage":{"@id":"https:\/\/quehacerpolitico.mx\/?p=15249#primaryimage"},"image":{"@id":"https:\/\/quehacerpolitico.mx\/?p=15249#primaryimage"},"thumbnailUrl":"","datePublished":"2019-01-25T20:31:00+00:00","author":{"@id":"https:\/\/quehacerpolitico.mx\/#\/schema\/person\/496d8ad2d1d3f8036101dca7ee39e585"},"breadcrumb":{"@id":"https:\/\/quehacerpolitico.mx\/?p=15249#breadcrumb"},"inLanguage":"es","potentialAction":[{"@type":"ReadAction","target":["https:\/\/quehacerpolitico.mx\/?p=15249"]}]},{"@type":"ImageObject","inLanguage":"es","@id":"https:\/\/quehacerpolitico.mx\/?p=15249#primaryimage","url":"","contentUrl":""},{"@type":"BreadcrumbList","@id":"https:\/\/quehacerpolitico.mx\/?p=15249#breadcrumb","itemListElement":[{"@type":"ListItem","position":1,"name":"Inicio","item":"https:\/\/quehacerpolitico.mx\/"},{"@type":"ListItem","position":2,"name":"Internacionales\/\/\/Carolina Alonso Romei\/\/\/El Gobierno de M\u00e9xico est\u00e1 dispuesto a mediar en Venezuela si las partes en pugna lo solicitan: AMLO"}]},{"@type":"WebSite","@id":"https:\/\/quehacerpolitico.mx\/#website","url":"https:\/\/quehacerpolitico.mx\/","name":"","description":"","potentialAction":[{"@type":"SearchAction","target":{"@type":"EntryPoint","urlTemplate":"https:\/\/quehacerpolitico.mx\/?s={search_term_string}"},"query-input":{"@type":"PropertyValueSpecification","valueRequired":true,"valueName":"search_term_string"}}],"inLanguage":"es"},{"@type":"Person","@id":"https:\/\/quehacerpolitico.mx\/#\/schema\/person\/496d8ad2d1d3f8036101dca7ee39e585","name":"Redacci\u00f3n QP","image":{"@type":"ImageObject","inLanguage":"es","@id":"https:\/\/secure.gravatar.com\/avatar\/c7164ed6fdec453195284ad24a5ae5b6e1eed2b848477fa2a4787ba9adf39a41?s=96&d=mm&r=g","url":"https:\/\/secure.gravatar.com\/avatar\/c7164ed6fdec453195284ad24a5ae5b6e1eed2b848477fa2a4787ba9adf39a41?s=96&d=mm&r=g","contentUrl":"https:\/\/secure.gravatar.com\/avatar\/c7164ed6fdec453195284ad24a5ae5b6e1eed2b848477fa2a4787ba9adf39a41?s=96&d=mm&r=g","caption":"Redacci\u00f3n QP"},"url":"https:\/\/quehacerpolitico.mx\/?author=2"}]}},"featured_image_urls":{"full":"","thumbnail":"","medium":"","medium_large":"","large":"","1536x1536":"","2048x2048":"","covernews-featured":"","covernews-medium":""},"author_info":{"display_name":"Redacci\u00f3n QP","author_link":"https:\/\/quehacerpolitico.mx\/?author=2"},"category_info":"<a href=\"https:\/\/quehacerpolitico.mx\/?cat=1\" rel=\"category\">Internacionales<\/a>","tag_info":"Internacionales","comment_count":"0","_links":{"self":[{"href":"https:\/\/quehacerpolitico.mx\/index.php?rest_route=\/wp\/v2\/posts\/15249","targetHints":{"allow":["GET"]}}],"collection":[{"href":"https:\/\/quehacerpolitico.mx\/index.php?rest_route=\/wp\/v2\/posts"}],"about":[{"href":"https:\/\/quehacerpolitico.mx\/index.php?rest_route=\/wp\/v2\/types\/post"}],"author":[{"embeddable":true,"href":"https:\/\/quehacerpolitico.mx\/index.php?rest_route=\/wp\/v2\/users\/2"}],"replies":[{"embeddable":true,"href":"https:\/\/quehacerpolitico.mx\/index.php?rest_route=%2Fwp%2Fv2%2Fcomments&post=15249"}],"version-history":[{"count":0,"href":"https:\/\/quehacerpolitico.mx\/index.php?rest_route=\/wp\/v2\/posts\/15249\/revisions"}],"wp:featuredmedia":[{"embeddable":true,"href":"https:\/\/quehacerpolitico.mx\/index.php?rest_route=\/"}],"wp:attachment":[{"href":"https:\/\/quehacerpolitico.mx\/index.php?rest_route=%2Fwp%2Fv2%2Fmedia&parent=15249"}],"wp:term":[{"taxonomy":"category","embeddable":true,"href":"https:\/\/quehacerpolitico.mx\/index.php?rest_route=%2Fwp%2Fv2%2Fcategories&post=15249"},{"taxonomy":"post_tag","embeddable":true,"href":"https:\/\/quehacerpolitico.mx\/index.php?rest_route=%2Fwp%2Fv2%2Ftags&post=15249"}],"curies":[{"name":"wp","href":"https:\/\/api.w.org\/{rel}","templated":true}]}}