{"id":15247,"date":"2019-01-25T20:13:08","date_gmt":"2019-01-25T20:13:08","guid":{"rendered":"http:\/\/quehacerpolitico.mx\/pobladores-de-cuautlancingo-edomex-enfrentan-a-militares-para-defender-a-huachicoleros\/"},"modified":"2019-01-25T20:13:08","modified_gmt":"2019-01-25T20:13:08","slug":"pobladores-de-cuautlancingo-edomex-enfrentan-a-militares-para-defender-a-huachicoleros","status":"publish","type":"post","link":"https:\/\/quehacerpolitico.mx\/?p=15247","title":{"rendered":"Pobladores de Cuautlancingo, Edomex, enfrentan a militares para defender a huachicoleros"},"content":{"rendered":"<h1>Pobladores de Cuautlancingo, Edomex, enfrentan a militares para defender a huachicoleros<\/h1>\n<p>Por Redacci\u00f3n QP<\/p>\n<p>Un <strong>enfrentamiento armado<\/strong> se suscit\u00f3 esta ma\u00f1ana en el poblado de <strong>Cuautlancingo<\/strong>, en el municipio de <strong>Otumba<\/strong>, <strong>Estado de M\u00e9xico<\/strong>, luego de que <strong>militares<\/strong> que patrullaban la zona sorprendieran a un grupo de gente robando combustible de ductos de <strong>Petr\u00f3leos Mexicanos<\/strong> (<strong>Pemex<\/strong>).<\/p>\n<p>De acuerdo con los primeros reportes, los hechos iniciaron cuando personal de la <strong>Secretar\u00eda de Defensa Nacional<\/strong> (Sedena) asignados a vigilar la zona, por donde corren varios ductos de Pemex y que en los \u00faltimos a\u00f1os se ha caracterizado por ser un lugar donde se roba combustible, vieron camionetas y varias personas junto a dichos <strong>ductos<\/strong>.<\/p>\n<p>Los militare acudieron\u00a0a Cuautlancingo, pero habr\u00edan sido recibidos con balazos; al menos tres integrantes del Ej\u00e9rcito estar\u00edan heridos.<\/p>\n<div id=\"attachment_3527414\" class=\"wp-caption alignnone\"><img loading=\"lazy\" decoding=\"async\" class=\"wp-image-3527414 size-full\" src=\"https:\/\/www.sinembargo.mx\/wp-content\/uploads\/2019\/01\/otumba-militares.jpg\" sizes=\"auto, (max-width: 700px) 100vw, 700px\" srcset=\"https:\/\/www.sinembargo.mx\/wp-content\/uploads\/2019\/01\/otumba-militares.jpg 700w, https:\/\/www.sinembargo.mx\/wp-content\/uploads\/2019\/01\/otumba-militares-300x164.jpg 300w\" alt=\"\" width=\"700\" height=\"382\" \/><\/p>\n<p class=\"wp-caption-text\">En el lugar\u00a0fueron encontradas <span class=\"s1\">15 camionetas formadas que estar\u00edan cargando combustible robado.\u00a0<\/span>Foto: Tomada de Twitter (@allizesalgado).<\/p>\n<\/div>\n<p>Fuentes de la <strong>Sedena<\/strong> informaron al diario <em>Reforma <\/em>que en el lugar\u00a0fueron encontradas <span class=\"s1\">15 camionetas formadas que estar\u00edan cargando combustible robado,<\/span><span class=\"s1\"> un grupo de pobladores protegi\u00f3 a estas personas y lanz\u00f3 piedras a los militares.<\/span><\/p>\n<p>Ante esto, los elementos solicitaron apoyo y en minutos acudieron m\u00e1s unidades junto con elementos de la Polic\u00eda Federal.<\/p>\n<div id=\"attachment_3527421\" class=\"wp-caption alignnone\"><img loading=\"lazy\" decoding=\"async\" class=\"size-full wp-image-3527421\" src=\"https:\/\/www.sinembargo.mx\/wp-content\/uploads\/2019\/01\/tomas-clandestinas-tlahuelilpan.jpg\" sizes=\"auto, (max-width: 700px) 100vw, 700px\" srcset=\"https:\/\/www.sinembargo.mx\/wp-content\/uploads\/2019\/01\/tomas-clandestinas-tlahuelilpan.jpg 700w, https:\/\/www.sinembargo.mx\/wp-content\/uploads\/2019\/01\/tomas-clandestinas-tlahuelilpan-300x225.jpg 300w\" alt=\"\" width=\"700\" height=\"525\" \/><\/p>\n<p class=\"wp-caption-text\">Pobladores de Tlahuelilpan denunciaron con autoridades la existencia de 14 tomas clandestinas. Foto: Imagen tomada de transmisi\u00f3n en vivo<\/p>\n<\/div>\n<p>La zona qued\u00f3 cercada y el paso a cualquier persona fue impedido mientras los elementos intentan dar con los responsables del ataque en un operativo que tambi\u00e9n requiri\u00f3 la utilizaci\u00f3n de helic\u00f3pteros de elementos de la seguridad.<\/p>\n<p>Arturo Jim\u00e9nez, Comisionado de la Polic\u00eda Federal (PF), inform\u00f3 la ma\u00f1ana de este viernes que los habitantes de Tlahuelilpan, Hidalgo, denunciaron con las autoridades la existencia de 14 tomas clandestinas en el municipio, por lo que fueron aseguradas con el objetivo de evitar el robo de hidrocarburos.<\/p>\n<blockquote>\n<p>\u201cHa sido la propia sociedad, la comunidad quien nos ha informado la existencia de 14 tomas clandestinas que estaban en las inmediaciones de esa poblaci\u00f3n. Ante el riesgo que tiene la propia comunidad, nos llevaron a deshabilitarlas\u201d, asegur\u00f3 en la conferencia matutina del Presidente Andr\u00e9s Manuel L\u00f3pez Obrador.<\/p>\n<p>El pasado 18 de enero se registr\u00f3 la explosi\u00f3n de una toma clandestina en Tlahuelilpan, mientras cientos de personas se encontraban a su alrededor intentando llenar bidones y diversos recipientes con gasolina. Los hechos han dejado hasta el momento un total de 109 muertos, algunos perdieron la vida calcinados en el sitio y otros durante su atenci\u00f3n m\u00e9dica en hospitales.<\/p>\n<div id=\"attachment_3524672\" class=\"wp-caption alignnone\"><img loading=\"lazy\" decoding=\"async\" class=\"size-full wp-image-3524672\" src=\"https:\/\/www.sinembargo.mx\/wp-content\/uploads\/2019\/01\/explosion-hidalgo-5.jpeg\" sizes=\"auto, (max-width: 700px) 100vw, 700px\" srcset=\"https:\/\/www.sinembargo.mx\/wp-content\/uploads\/2019\/01\/explosion-hidalgo-5.jpeg 700w, https:\/\/www.sinembargo.mx\/wp-content\/uploads\/2019\/01\/explosion-hidalgo-5-300x196.jpeg 300w\" alt=\"\" width=\"700\" height=\"458\" \/><\/p>\n<p class=\"wp-caption-text\">El pasado 18 de enero, se registr\u00f3 una explosi\u00f3n presuntamente de una toma clandestina de esta entidad, en la que de acuerdo a los primeros reportes de las autoridades se reportan varios lesionados. Foto: Sedena, Cuartoscuro<\/p>\n<\/div>\n<p><strong>MILITARES SE ENFRENTAN A POBLADORES<\/strong><\/p>\n<p>No es la primera vez que ciudadanos se enfrentan con elementos de la Sedena durante operativos para frenar el robo de combustible, el pasado 13 de enero, un grupo de habitantes de\u00a0Santa Ana Ahuehuepan, en Tula,\u00a0Hidalgo, retuvieron a tres\u00a0militares luego de un enfrentamiento registrado entre los efectivos\u00a0militares\u00a0y presuntos\u00a0huachicoleros, el cual habr\u00eda dejado como saldo un civil muerto y un herido.<\/p>\n<p>De acuerdo con informaci\u00f3n publicada por medios nacionales, los\u00a0soldados\u00a0fueron\u00a0entregados\u00a0a la Polic\u00eda\u00a0Militar\u00a0con la exigencia de que fueran puestos a disposici\u00f3n de las autoridades correspondientes por su presunta responsabilidad en la muerte del civil.<\/p>\n<p>Se trata del primer enfrentamiento, al menos conocido, desde que el Gobierno de la Rep\u00fablica decidi\u00f3 poner en marcha un ambicioso plan nacional para detener el robo de combustibles a Pemex.<\/p>\n<p>El enfrentamiento al parecer provoc\u00f3 que decenas de pobladores salieran a las calles, algunos incluso armados, para enfrentarse a los\u00a0<strong>militares<\/strong>. Fueron ellos quienes lograron detener a tres efectivos, a quienes amenazan con quemar vivos.<\/p>\n<p><b>EDOMEX, ZONA DE HUACHICOL<\/b><\/p>\n<p>En los \u00faltimos 18 a\u00f1os, el n\u00famero de <strong>tomas clandestinas<\/strong> en el <strong>Estado de M\u00e9xico<\/strong> aument\u00f3 3,990 por ciento, de acuerdo con datos de <strong>Pemex<\/strong>. El n\u00famero de perforaciones increment\u00f3 notoriamente durante la administraci\u00f3n de Eruviel \u00c1vila Villegas y en el primer a\u00f1o de Gobierno de Alfredo del Mazo Maza.<\/p>\n<p>Bajo la administraci\u00f3n de pol\u00edticos provenientes del Partido Revolucionario Institucional (PRI), Pemex ha contabilizado 4 mil 218 tomas clandestinas de hidrocarburos en el Estado de M\u00e9xico y el \u00faltimo reporte de la petrolera coloca a la entidad en el tercer lugar del pa\u00eds. Adem\u00e1s, con Pe\u00f1a Nieto como Presidente, el delito del <strong>huachicol<\/strong> se dispar\u00f3 262 por ciento en todo el pa\u00eds, de acuerdo con cifras de la Empresa Productiva del Estado.<\/p>\n<p>Los datos oficiales indican que en la entidad, a octubre de 2018, se tienen mil 268 tomas clandestinas registradas. Si se analizan por gobierno el de Arturo Montiel Rojas (1999-2005) cerr\u00f3 con 31; en el de Enrique Pe\u00f1a Nieto hubo registro de 228 y con Eruviel \u00c1vila (2011-2017) con 2 mil 691.<\/p>\n<p>El Estado de M\u00e9xico ha escalado lugares en la lista de entidades l\u00edderes en robo de combustibles junto con Puebla, Veracruz, Tamaulipas y Guanajuato. Por ese territorio cruzan tres ductos y a la par, el n\u00famero de accidentes por orde\u00f1a tambi\u00e9n ha aumentado.<\/p>\n<p>Los n\u00fameros de Pemex indican que el n\u00famero de tomas s\u00f3lo ha ido en aumento a\u00f1o con a\u00f1o. De acuerdo con una solicitud de informaci\u00f3n, de 2000 a 2006 se registraron solo 31 tomas. En los siguientes a\u00f1os, ya con informaci\u00f3n desagregada, se pas\u00f3 de 17 a 68, luego a 976 y finalmente a las mil 268.<\/p>\n<p><em>Con informaci\u00f3n de A Fondo Edomex<\/em><\/p>\n<\/blockquote>\n","protected":false},"excerpt":{"rendered":"<p>Pobladores de Cuautlancingo, Edomex, enfrentan a militares para defender a huachicoleros<br \/>\nPor Redacci\u00f3n QP<\/p>\n","protected":false},"author":2,"featured_media":15246,"comment_status":"open","ping_status":"open","sticky":false,"template":"","format":"standard","meta":{"_monsterinsights_skip_tracking":false,"_monsterinsights_sitenote_active":false,"_monsterinsights_sitenote_note":"","_monsterinsights_sitenote_category":0,"footnotes":""},"categories":[2],"tags":[],"class_list":["post-15247","post","type-post","status-publish","format-standard","has-post-thumbnail","hentry","category-noticias"],"yoast_head":"<!-- This site is optimized with the Yoast SEO plugin v27.3 - https:\/\/yoast.com\/product\/yoast-seo-wordpress\/ -->\n<title>Pobladores de Cuautlancingo, Edomex, enfrentan a militares para defender a huachicoleros -<\/title>\n<meta name=\"robots\" content=\"index, follow, max-snippet:-1, max-image-preview:large, max-video-preview:-1\" \/>\n<link rel=\"canonical\" href=\"https:\/\/quehacerpolitico.mx\/?p=15247\" \/>\n<meta property=\"og:locale\" content=\"es_MX\" \/>\n<meta property=\"og:type\" content=\"article\" \/>\n<meta property=\"og:title\" content=\"Pobladores de Cuautlancingo, Edomex, enfrentan a militares para defender a huachicoleros -\" \/>\n<meta property=\"og:description\" content=\"Pobladores de Cuautlancingo, Edomex, enfrentan a militares para defender a huachicoleros Por Redacci\u00f3n QP\" \/>\n<meta property=\"og:url\" content=\"https:\/\/quehacerpolitico.mx\/?p=15247\" \/>\n<meta property=\"article:published_time\" content=\"2019-01-25T20:13:08+00:00\" \/>\n<meta name=\"author\" content=\"Redacci\u00f3n QP\" \/>\n<meta name=\"twitter:card\" content=\"summary_large_image\" \/>\n<meta name=\"twitter:label1\" content=\"Escrito por\" \/>\n\t<meta name=\"twitter:data1\" content=\"Redacci\u00f3n QP\" \/>\n\t<meta name=\"twitter:label2\" content=\"Tiempo de lectura\" \/>\n\t<meta name=\"twitter:data2\" content=\"5 minutos\" \/>\n<script type=\"application\/ld+json\" class=\"yoast-schema-graph\">{\"@context\":\"https:\\\/\\\/schema.org\",\"@graph\":[{\"@type\":\"Article\",\"@id\":\"https:\\\/\\\/quehacerpolitico.mx\\\/?p=15247#article\",\"isPartOf\":{\"@id\":\"https:\\\/\\\/quehacerpolitico.mx\\\/?p=15247\"},\"author\":{\"name\":\"Redacci\u00f3n QP\",\"@id\":\"https:\\\/\\\/quehacerpolitico.mx\\\/#\\\/schema\\\/person\\\/496d8ad2d1d3f8036101dca7ee39e585\"},\"headline\":\"Pobladores de Cuautlancingo, Edomex, enfrentan a militares para defender a huachicoleros\",\"datePublished\":\"2019-01-25T20:13:08+00:00\",\"mainEntityOfPage\":{\"@id\":\"https:\\\/\\\/quehacerpolitico.mx\\\/?p=15247\"},\"wordCount\":954,\"commentCount\":0,\"image\":{\"@id\":\"https:\\\/\\\/quehacerpolitico.mx\\\/?p=15247#primaryimage\"},\"thumbnailUrl\":\"\",\"articleSection\":[\"Noticias\"],\"inLanguage\":\"es\",\"potentialAction\":[{\"@type\":\"CommentAction\",\"name\":\"Comment\",\"target\":[\"https:\\\/\\\/quehacerpolitico.mx\\\/?p=15247#respond\"]}]},{\"@type\":\"WebPage\",\"@id\":\"https:\\\/\\\/quehacerpolitico.mx\\\/?p=15247\",\"url\":\"https:\\\/\\\/quehacerpolitico.mx\\\/?p=15247\",\"name\":\"Pobladores de Cuautlancingo, Edomex, enfrentan a militares para defender a huachicoleros -\",\"isPartOf\":{\"@id\":\"https:\\\/\\\/quehacerpolitico.mx\\\/#website\"},\"primaryImageOfPage\":{\"@id\":\"https:\\\/\\\/quehacerpolitico.mx\\\/?p=15247#primaryimage\"},\"image\":{\"@id\":\"https:\\\/\\\/quehacerpolitico.mx\\\/?p=15247#primaryimage\"},\"thumbnailUrl\":\"\",\"datePublished\":\"2019-01-25T20:13:08+00:00\",\"author\":{\"@id\":\"https:\\\/\\\/quehacerpolitico.mx\\\/#\\\/schema\\\/person\\\/496d8ad2d1d3f8036101dca7ee39e585\"},\"breadcrumb\":{\"@id\":\"https:\\\/\\\/quehacerpolitico.mx\\\/?p=15247#breadcrumb\"},\"inLanguage\":\"es\",\"potentialAction\":[{\"@type\":\"ReadAction\",\"target\":[\"https:\\\/\\\/quehacerpolitico.mx\\\/?p=15247\"]}]},{\"@type\":\"ImageObject\",\"inLanguage\":\"es\",\"@id\":\"https:\\\/\\\/quehacerpolitico.mx\\\/?p=15247#primaryimage\",\"url\":\"\",\"contentUrl\":\"\"},{\"@type\":\"BreadcrumbList\",\"@id\":\"https:\\\/\\\/quehacerpolitico.mx\\\/?p=15247#breadcrumb\",\"itemListElement\":[{\"@type\":\"ListItem\",\"position\":1,\"name\":\"Inicio\",\"item\":\"https:\\\/\\\/quehacerpolitico.mx\\\/\"},{\"@type\":\"ListItem\",\"position\":2,\"name\":\"Pobladores de Cuautlancingo, Edomex, enfrentan a militares para defender a huachicoleros\"}]},{\"@type\":\"WebSite\",\"@id\":\"https:\\\/\\\/quehacerpolitico.mx\\\/#website\",\"url\":\"https:\\\/\\\/quehacerpolitico.mx\\\/\",\"name\":\"\",\"description\":\"\",\"potentialAction\":[{\"@type\":\"SearchAction\",\"target\":{\"@type\":\"EntryPoint\",\"urlTemplate\":\"https:\\\/\\\/quehacerpolitico.mx\\\/?s={search_term_string}\"},\"query-input\":{\"@type\":\"PropertyValueSpecification\",\"valueRequired\":true,\"valueName\":\"search_term_string\"}}],\"inLanguage\":\"es\"},{\"@type\":\"Person\",\"@id\":\"https:\\\/\\\/quehacerpolitico.mx\\\/#\\\/schema\\\/person\\\/496d8ad2d1d3f8036101dca7ee39e585\",\"name\":\"Redacci\u00f3n QP\",\"image\":{\"@type\":\"ImageObject\",\"inLanguage\":\"es\",\"@id\":\"https:\\\/\\\/secure.gravatar.com\\\/avatar\\\/c7164ed6fdec453195284ad24a5ae5b6e1eed2b848477fa2a4787ba9adf39a41?s=96&d=mm&r=g\",\"url\":\"https:\\\/\\\/secure.gravatar.com\\\/avatar\\\/c7164ed6fdec453195284ad24a5ae5b6e1eed2b848477fa2a4787ba9adf39a41?s=96&d=mm&r=g\",\"contentUrl\":\"https:\\\/\\\/secure.gravatar.com\\\/avatar\\\/c7164ed6fdec453195284ad24a5ae5b6e1eed2b848477fa2a4787ba9adf39a41?s=96&d=mm&r=g\",\"caption\":\"Redacci\u00f3n QP\"},\"url\":\"https:\\\/\\\/quehacerpolitico.mx\\\/?author=2\"}]}<\/script>\n<!-- \/ Yoast SEO plugin. -->","yoast_head_json":{"title":"Pobladores de Cuautlancingo, Edomex, enfrentan a militares para defender a huachicoleros -","robots":{"index":"index","follow":"follow","max-snippet":"max-snippet:-1","max-image-preview":"max-image-preview:large","max-video-preview":"max-video-preview:-1"},"canonical":"https:\/\/quehacerpolitico.mx\/?p=15247","og_locale":"es_MX","og_type":"article","og_title":"Pobladores de Cuautlancingo, Edomex, enfrentan a militares para defender a huachicoleros -","og_description":"Pobladores de Cuautlancingo, Edomex, enfrentan a militares para defender a huachicoleros Por Redacci\u00f3n QP","og_url":"https:\/\/quehacerpolitico.mx\/?p=15247","article_published_time":"2019-01-25T20:13:08+00:00","author":"Redacci\u00f3n QP","twitter_card":"summary_large_image","twitter_misc":{"Escrito por":"Redacci\u00f3n QP","Tiempo de lectura":"5 minutos"},"schema":{"@context":"https:\/\/schema.org","@graph":[{"@type":"Article","@id":"https:\/\/quehacerpolitico.mx\/?p=15247#article","isPartOf":{"@id":"https:\/\/quehacerpolitico.mx\/?p=15247"},"author":{"name":"Redacci\u00f3n QP","@id":"https:\/\/quehacerpolitico.mx\/#\/schema\/person\/496d8ad2d1d3f8036101dca7ee39e585"},"headline":"Pobladores de Cuautlancingo, Edomex, enfrentan a militares para defender a huachicoleros","datePublished":"2019-01-25T20:13:08+00:00","mainEntityOfPage":{"@id":"https:\/\/quehacerpolitico.mx\/?p=15247"},"wordCount":954,"commentCount":0,"image":{"@id":"https:\/\/quehacerpolitico.mx\/?p=15247#primaryimage"},"thumbnailUrl":"","articleSection":["Noticias"],"inLanguage":"es","potentialAction":[{"@type":"CommentAction","name":"Comment","target":["https:\/\/quehacerpolitico.mx\/?p=15247#respond"]}]},{"@type":"WebPage","@id":"https:\/\/quehacerpolitico.mx\/?p=15247","url":"https:\/\/quehacerpolitico.mx\/?p=15247","name":"Pobladores de Cuautlancingo, Edomex, enfrentan a militares para defender a huachicoleros -","isPartOf":{"@id":"https:\/\/quehacerpolitico.mx\/#website"},"primaryImageOfPage":{"@id":"https:\/\/quehacerpolitico.mx\/?p=15247#primaryimage"},"image":{"@id":"https:\/\/quehacerpolitico.mx\/?p=15247#primaryimage"},"thumbnailUrl":"","datePublished":"2019-01-25T20:13:08+00:00","author":{"@id":"https:\/\/quehacerpolitico.mx\/#\/schema\/person\/496d8ad2d1d3f8036101dca7ee39e585"},"breadcrumb":{"@id":"https:\/\/quehacerpolitico.mx\/?p=15247#breadcrumb"},"inLanguage":"es","potentialAction":[{"@type":"ReadAction","target":["https:\/\/quehacerpolitico.mx\/?p=15247"]}]},{"@type":"ImageObject","inLanguage":"es","@id":"https:\/\/quehacerpolitico.mx\/?p=15247#primaryimage","url":"","contentUrl":""},{"@type":"BreadcrumbList","@id":"https:\/\/quehacerpolitico.mx\/?p=15247#breadcrumb","itemListElement":[{"@type":"ListItem","position":1,"name":"Inicio","item":"https:\/\/quehacerpolitico.mx\/"},{"@type":"ListItem","position":2,"name":"Pobladores de Cuautlancingo, Edomex, enfrentan a militares para defender a huachicoleros"}]},{"@type":"WebSite","@id":"https:\/\/quehacerpolitico.mx\/#website","url":"https:\/\/quehacerpolitico.mx\/","name":"","description":"","potentialAction":[{"@type":"SearchAction","target":{"@type":"EntryPoint","urlTemplate":"https:\/\/quehacerpolitico.mx\/?s={search_term_string}"},"query-input":{"@type":"PropertyValueSpecification","valueRequired":true,"valueName":"search_term_string"}}],"inLanguage":"es"},{"@type":"Person","@id":"https:\/\/quehacerpolitico.mx\/#\/schema\/person\/496d8ad2d1d3f8036101dca7ee39e585","name":"Redacci\u00f3n QP","image":{"@type":"ImageObject","inLanguage":"es","@id":"https:\/\/secure.gravatar.com\/avatar\/c7164ed6fdec453195284ad24a5ae5b6e1eed2b848477fa2a4787ba9adf39a41?s=96&d=mm&r=g","url":"https:\/\/secure.gravatar.com\/avatar\/c7164ed6fdec453195284ad24a5ae5b6e1eed2b848477fa2a4787ba9adf39a41?s=96&d=mm&r=g","contentUrl":"https:\/\/secure.gravatar.com\/avatar\/c7164ed6fdec453195284ad24a5ae5b6e1eed2b848477fa2a4787ba9adf39a41?s=96&d=mm&r=g","caption":"Redacci\u00f3n QP"},"url":"https:\/\/quehacerpolitico.mx\/?author=2"}]}},"featured_image_urls":{"full":"","thumbnail":"","medium":"","medium_large":"","large":"","1536x1536":"","2048x2048":"","covernews-featured":"","covernews-medium":""},"author_info":{"display_name":"Redacci\u00f3n QP","author_link":"https:\/\/quehacerpolitico.mx\/?author=2"},"category_info":"<a href=\"https:\/\/quehacerpolitico.mx\/?cat=2\" rel=\"category\">Noticias<\/a>","tag_info":"Noticias","comment_count":"0","_links":{"self":[{"href":"https:\/\/quehacerpolitico.mx\/index.php?rest_route=\/wp\/v2\/posts\/15247","targetHints":{"allow":["GET"]}}],"collection":[{"href":"https:\/\/quehacerpolitico.mx\/index.php?rest_route=\/wp\/v2\/posts"}],"about":[{"href":"https:\/\/quehacerpolitico.mx\/index.php?rest_route=\/wp\/v2\/types\/post"}],"author":[{"embeddable":true,"href":"https:\/\/quehacerpolitico.mx\/index.php?rest_route=\/wp\/v2\/users\/2"}],"replies":[{"embeddable":true,"href":"https:\/\/quehacerpolitico.mx\/index.php?rest_route=%2Fwp%2Fv2%2Fcomments&post=15247"}],"version-history":[{"count":0,"href":"https:\/\/quehacerpolitico.mx\/index.php?rest_route=\/wp\/v2\/posts\/15247\/revisions"}],"wp:featuredmedia":[{"embeddable":true,"href":"https:\/\/quehacerpolitico.mx\/index.php?rest_route=\/"}],"wp:attachment":[{"href":"https:\/\/quehacerpolitico.mx\/index.php?rest_route=%2Fwp%2Fv2%2Fmedia&parent=15247"}],"wp:term":[{"taxonomy":"category","embeddable":true,"href":"https:\/\/quehacerpolitico.mx\/index.php?rest_route=%2Fwp%2Fv2%2Fcategories&post=15247"},{"taxonomy":"post_tag","embeddable":true,"href":"https:\/\/quehacerpolitico.mx\/index.php?rest_route=%2Fwp%2Fv2%2Ftags&post=15247"}],"curies":[{"name":"wp","href":"https:\/\/api.w.org\/{rel}","templated":true}]}}