{"id":15184,"date":"2019-01-24T21:30:47","date_gmt":"2019-01-24T21:30:47","guid":{"rendered":"http:\/\/quehacerpolitico.mx\/a-sus-55-anos-no-le-impidieron-estudiar-la-prepa-en-linea-ahora-cursa-psicologia\/"},"modified":"2019-01-24T21:30:47","modified_gmt":"2019-01-24T21:30:47","slug":"a-sus-55-anos-no-le-impidieron-estudiar-la-prepa-en-linea-ahora-cursa-psicologia","status":"publish","type":"post","link":"https:\/\/quehacerpolitico.mx\/?p=15184","title":{"rendered":"A sus 55 a\u00f1os no le impidieron estudiar la Prepa en L\u00ednea, ahora cursa Psicolog\u00eda"},"content":{"rendered":"<blockquote>\n<h1 class=\"amp-wp-title\">A sus 55 a\u00f1os no le impidieron estudiar la Prepa en L\u00ednea, ahora cursa Psicolog\u00eda<\/h1>\n<\/blockquote>\n<p>Por Redacci\u00f3n QP<\/p>\n<p><strong>Carolina V\u00e1ldez Velasco<\/strong> es una de las primeras egresadas del programa prepa en linea el cual inici\u00f3 en la administraci\u00f3n del ex presidente <strong>Enrique Pe\u00f1a Nieto<\/strong>, lo que representa un caso de \u00e9xito de los programas federales que retom\u00f3 el actual mandatario <strong>Andr\u00e9s Manuel L\u00f3pez Obrador<\/strong>.<\/p>\n<p>En entrevista cont\u00f3 parte de su experiencia al cursar por aproximadamente dos a\u00f1os y medio un total de 23 m\u00f3dulos.<\/p>\n<blockquote>\n<p>\u201cCuando yo escuch\u00e9 la propuesta que ten\u00eda la SEP durante la administraci\u00f3n del ex presidente <strong>Enrique Pe\u00f1a Nieto,<\/strong> me encant\u00f3 porque yo ten\u00eda muchas ganas de continuar hacia una licenciatura\u201d, afirm\u00f3.<\/p>\n<\/blockquote>\n<p><strong>V\u00e1ldez Velasco<\/strong> quien radica en <strong>Guadalajara, Jalisco,<\/strong> explic\u00f3 que tras revisar los requisitos que ped\u00eda la<strong> SEP<\/strong>, la aceptaron; sin embargo, recibi\u00f3 un correo en donde la dependencia federal le explic\u00f3 que a pesar de la aceptaci\u00f3n formar\u00eda parte de la segunda generaci\u00f3n.<\/p>\n<p>Asimismo, explic\u00f3 que previamente tom\u00f3 un curso propede\u00fatico para verificar que ten\u00eda las herramientas necesarias para poder seguir con los estudios.<\/p>\n<blockquote>\n<p>\u201c\u2026a pesar de que soy una persona que no naci\u00f3 con la generaci\u00f3n de la electr\u00f3nica , me tuve que adecuarme para poder concluir el estudio\u201d, refiri\u00f3 en entrevista telef\u00f3nica.<\/p>\n<\/blockquote>\n<p>Ante el cuestionamiento de qu\u00e9 fue lo que m\u00e1s se le dificult\u00f3, <strong>V\u00e1ldez<\/strong> dijo que algunos de los tutores no se dedican realmente a dar asesor\u00edas a trav\u00e9s de internet<\/p>\n<blockquote>\n<p>\u201cAlgunos tutores fueron \u2018nefastos\u2019 solamente iban por el cheque de final de mes y no ten\u00edan una conciencia de pasarte todo lo debido\u201d.<\/p>\n<\/blockquote>\n<p>Tambi\u00e9n el convivir con personas de diferente edades en las clases presenciales en l\u00ednea hab\u00eda un lenguaje diferente entre personas maduras y los llamados<strong>\u2018millenials\u2019<\/strong>, por lo que sugiri\u00f3 a las autoridades actuales que llevan a cabo este programa federal que exista una segmentaci\u00f3n entre las personas por edades.<\/p>\n<div id=\"attachment_288194\" class=\"wp-caption aligncenter amp-wp-inline-837a4db2ec395ad83cc468c59b3b6d81\"><img decoding=\"async\" class=\"i-amphtml-fill-content i-amphtml-replaced-content\" src=\"https:\/\/elbigdata.mx\/wp-content\/uploads\/2019\/01\/certificado.jpg\" sizes=\"(min-width: 565px) 565px, 100vw\" srcset=\"https:\/\/elbigdata.mx\/wp-content\/uploads\/2019\/01\/certificado.jpg 565w, https:\/\/elbigdata.mx\/wp-content\/uploads\/2019\/01\/certificado-360x265.jpg 360w\" alt=\"\" \/><\/p>\n<p class=\"wp-caption-text\">Foto: Carolina Valdez<\/p>\n<\/div>\n<h3><strong>\u00bfPor qu\u00e9 estudiar en L\u00ednea?<\/strong><\/h3>\n<p>Porque hoy en d\u00eda es lo del momento, es lo que te optimiza, mi edad, y tercera el trabajo, mi tiempo lo tengo que administrar muy bien para hacer las cosas que quiero.<\/p>\n<p>Actualmente se dedica a la florister\u00eda, y es propietaria de una florer\u00eda desde hace 15 a\u00f1os; sin embargo, sigue con sus estudios y estudiar una maestr\u00eda.<\/p>\n<p>Acaba de ingresar a cuarto semestre el cual comenzar\u00e1 el pr\u00f3ximo 28 de enero con un promedio de nueve.<\/p>\n<div id=\"attachment_286838\" class=\"wp-caption alignnone amp-wp-inline-e8f60a0c49454e49ba6bdfa1e7de907c\"><img decoding=\"async\" class=\"i-amphtml-fill-content i-amphtml-replaced-content\" src=\"https:\/\/elbigdata.mx\/wp-content\/uploads\/2019\/01\/boleta_estudio-768x461.jpg\" sizes=\"(min-width: 768px) 768px, 100vw\" srcset=\"https:\/\/elbigdata.mx\/wp-content\/uploads\/2019\/01\/boleta_estudio-768x461.jpg 768w, https:\/\/elbigdata.mx\/wp-content\/uploads\/2019\/01\/boleta_estudio-360x216.jpg 360w, https:\/\/elbigdata.mx\/wp-content\/uploads\/2019\/01\/boleta_estudio-300x180.jpg 300w, https:\/\/elbigdata.mx\/wp-content\/uploads\/2019\/01\/boleta_estudio.jpg 1000w\" alt=\"\" \/><\/p>\n<p class=\"wp-caption-text\">Foto: Especial<\/p>\n<\/div>\n<p>Por \u00faltimo y con la voz entrecortada, refiere que sus dos hijos est\u00e1n orgullosos de que ella continu\u00e9 con sus estudios.<\/p>\n","protected":false},"excerpt":{"rendered":"<p>A sus 55 a\u00f1os no le impidieron estudiar la Prepa en L\u00ednea, ahora cursa Psicolog\u00eda<br \/>\nPor Redacci\u00f3n QP<\/p>\n","protected":false},"author":2,"featured_media":15183,"comment_status":"open","ping_status":"open","sticky":false,"template":"","format":"standard","meta":{"_monsterinsights_skip_tracking":false,"_monsterinsights_sitenote_active":false,"_monsterinsights_sitenote_note":"","_monsterinsights_sitenote_category":0,"footnotes":""},"categories":[2],"tags":[],"class_list":["post-15184","post","type-post","status-publish","format-standard","has-post-thumbnail","hentry","category-noticias"],"yoast_head":"<!-- This site is optimized with the Yoast SEO plugin v27.3 - https:\/\/yoast.com\/product\/yoast-seo-wordpress\/ -->\n<title>A sus 55 a\u00f1os no le impidieron estudiar la Prepa en L\u00ednea, ahora cursa Psicolog\u00eda -<\/title>\n<meta name=\"robots\" content=\"index, follow, max-snippet:-1, max-image-preview:large, max-video-preview:-1\" \/>\n<link rel=\"canonical\" href=\"https:\/\/quehacerpolitico.mx\/?p=15184\" \/>\n<meta property=\"og:locale\" content=\"es_MX\" \/>\n<meta property=\"og:type\" content=\"article\" \/>\n<meta property=\"og:title\" content=\"A sus 55 a\u00f1os no le impidieron estudiar la Prepa en L\u00ednea, ahora cursa Psicolog\u00eda -\" \/>\n<meta property=\"og:description\" content=\"A sus 55 a\u00f1os no le impidieron estudiar la Prepa en L\u00ednea, ahora cursa Psicolog\u00eda Por Redacci\u00f3n QP\" \/>\n<meta property=\"og:url\" content=\"https:\/\/quehacerpolitico.mx\/?p=15184\" \/>\n<meta property=\"article:published_time\" content=\"2019-01-24T21:30:47+00:00\" \/>\n<meta name=\"author\" content=\"Redacci\u00f3n QP\" \/>\n<meta name=\"twitter:card\" content=\"summary_large_image\" \/>\n<meta name=\"twitter:label1\" content=\"Escrito por\" \/>\n\t<meta name=\"twitter:data1\" content=\"Redacci\u00f3n QP\" \/>\n\t<meta name=\"twitter:label2\" content=\"Tiempo de lectura\" \/>\n\t<meta name=\"twitter:data2\" content=\"2 minutos\" \/>\n<script type=\"application\/ld+json\" class=\"yoast-schema-graph\">{\"@context\":\"https:\\\/\\\/schema.org\",\"@graph\":[{\"@type\":\"Article\",\"@id\":\"https:\\\/\\\/quehacerpolitico.mx\\\/?p=15184#article\",\"isPartOf\":{\"@id\":\"https:\\\/\\\/quehacerpolitico.mx\\\/?p=15184\"},\"author\":{\"name\":\"Redacci\u00f3n QP\",\"@id\":\"https:\\\/\\\/quehacerpolitico.mx\\\/#\\\/schema\\\/person\\\/496d8ad2d1d3f8036101dca7ee39e585\"},\"headline\":\"A sus 55 a\u00f1os no le impidieron estudiar la Prepa en L\u00ednea, ahora cursa Psicolog\u00eda\",\"datePublished\":\"2019-01-24T21:30:47+00:00\",\"mainEntityOfPage\":{\"@id\":\"https:\\\/\\\/quehacerpolitico.mx\\\/?p=15184\"},\"wordCount\":474,\"commentCount\":0,\"image\":{\"@id\":\"https:\\\/\\\/quehacerpolitico.mx\\\/?p=15184#primaryimage\"},\"thumbnailUrl\":\"\",\"articleSection\":[\"Noticias\"],\"inLanguage\":\"es\",\"potentialAction\":[{\"@type\":\"CommentAction\",\"name\":\"Comment\",\"target\":[\"https:\\\/\\\/quehacerpolitico.mx\\\/?p=15184#respond\"]}]},{\"@type\":\"WebPage\",\"@id\":\"https:\\\/\\\/quehacerpolitico.mx\\\/?p=15184\",\"url\":\"https:\\\/\\\/quehacerpolitico.mx\\\/?p=15184\",\"name\":\"A sus 55 a\u00f1os no le impidieron estudiar la Prepa en L\u00ednea, ahora cursa Psicolog\u00eda -\",\"isPartOf\":{\"@id\":\"https:\\\/\\\/quehacerpolitico.mx\\\/#website\"},\"primaryImageOfPage\":{\"@id\":\"https:\\\/\\\/quehacerpolitico.mx\\\/?p=15184#primaryimage\"},\"image\":{\"@id\":\"https:\\\/\\\/quehacerpolitico.mx\\\/?p=15184#primaryimage\"},\"thumbnailUrl\":\"\",\"datePublished\":\"2019-01-24T21:30:47+00:00\",\"author\":{\"@id\":\"https:\\\/\\\/quehacerpolitico.mx\\\/#\\\/schema\\\/person\\\/496d8ad2d1d3f8036101dca7ee39e585\"},\"breadcrumb\":{\"@id\":\"https:\\\/\\\/quehacerpolitico.mx\\\/?p=15184#breadcrumb\"},\"inLanguage\":\"es\",\"potentialAction\":[{\"@type\":\"ReadAction\",\"target\":[\"https:\\\/\\\/quehacerpolitico.mx\\\/?p=15184\"]}]},{\"@type\":\"ImageObject\",\"inLanguage\":\"es\",\"@id\":\"https:\\\/\\\/quehacerpolitico.mx\\\/?p=15184#primaryimage\",\"url\":\"\",\"contentUrl\":\"\"},{\"@type\":\"BreadcrumbList\",\"@id\":\"https:\\\/\\\/quehacerpolitico.mx\\\/?p=15184#breadcrumb\",\"itemListElement\":[{\"@type\":\"ListItem\",\"position\":1,\"name\":\"Inicio\",\"item\":\"https:\\\/\\\/quehacerpolitico.mx\\\/\"},{\"@type\":\"ListItem\",\"position\":2,\"name\":\"A sus 55 a\u00f1os no le impidieron estudiar la Prepa en L\u00ednea, ahora cursa Psicolog\u00eda\"}]},{\"@type\":\"WebSite\",\"@id\":\"https:\\\/\\\/quehacerpolitico.mx\\\/#website\",\"url\":\"https:\\\/\\\/quehacerpolitico.mx\\\/\",\"name\":\"\",\"description\":\"\",\"potentialAction\":[{\"@type\":\"SearchAction\",\"target\":{\"@type\":\"EntryPoint\",\"urlTemplate\":\"https:\\\/\\\/quehacerpolitico.mx\\\/?s={search_term_string}\"},\"query-input\":{\"@type\":\"PropertyValueSpecification\",\"valueRequired\":true,\"valueName\":\"search_term_string\"}}],\"inLanguage\":\"es\"},{\"@type\":\"Person\",\"@id\":\"https:\\\/\\\/quehacerpolitico.mx\\\/#\\\/schema\\\/person\\\/496d8ad2d1d3f8036101dca7ee39e585\",\"name\":\"Redacci\u00f3n QP\",\"image\":{\"@type\":\"ImageObject\",\"inLanguage\":\"es\",\"@id\":\"https:\\\/\\\/secure.gravatar.com\\\/avatar\\\/c7164ed6fdec453195284ad24a5ae5b6e1eed2b848477fa2a4787ba9adf39a41?s=96&d=mm&r=g\",\"url\":\"https:\\\/\\\/secure.gravatar.com\\\/avatar\\\/c7164ed6fdec453195284ad24a5ae5b6e1eed2b848477fa2a4787ba9adf39a41?s=96&d=mm&r=g\",\"contentUrl\":\"https:\\\/\\\/secure.gravatar.com\\\/avatar\\\/c7164ed6fdec453195284ad24a5ae5b6e1eed2b848477fa2a4787ba9adf39a41?s=96&d=mm&r=g\",\"caption\":\"Redacci\u00f3n QP\"},\"url\":\"https:\\\/\\\/quehacerpolitico.mx\\\/?author=2\"}]}<\/script>\n<!-- \/ Yoast SEO plugin. -->","yoast_head_json":{"title":"A sus 55 a\u00f1os no le impidieron estudiar la Prepa en L\u00ednea, ahora cursa Psicolog\u00eda -","robots":{"index":"index","follow":"follow","max-snippet":"max-snippet:-1","max-image-preview":"max-image-preview:large","max-video-preview":"max-video-preview:-1"},"canonical":"https:\/\/quehacerpolitico.mx\/?p=15184","og_locale":"es_MX","og_type":"article","og_title":"A sus 55 a\u00f1os no le impidieron estudiar la Prepa en L\u00ednea, ahora cursa Psicolog\u00eda -","og_description":"A sus 55 a\u00f1os no le impidieron estudiar la Prepa en L\u00ednea, ahora cursa Psicolog\u00eda Por Redacci\u00f3n QP","og_url":"https:\/\/quehacerpolitico.mx\/?p=15184","article_published_time":"2019-01-24T21:30:47+00:00","author":"Redacci\u00f3n QP","twitter_card":"summary_large_image","twitter_misc":{"Escrito por":"Redacci\u00f3n QP","Tiempo de lectura":"2 minutos"},"schema":{"@context":"https:\/\/schema.org","@graph":[{"@type":"Article","@id":"https:\/\/quehacerpolitico.mx\/?p=15184#article","isPartOf":{"@id":"https:\/\/quehacerpolitico.mx\/?p=15184"},"author":{"name":"Redacci\u00f3n QP","@id":"https:\/\/quehacerpolitico.mx\/#\/schema\/person\/496d8ad2d1d3f8036101dca7ee39e585"},"headline":"A sus 55 a\u00f1os no le impidieron estudiar la Prepa en L\u00ednea, ahora cursa Psicolog\u00eda","datePublished":"2019-01-24T21:30:47+00:00","mainEntityOfPage":{"@id":"https:\/\/quehacerpolitico.mx\/?p=15184"},"wordCount":474,"commentCount":0,"image":{"@id":"https:\/\/quehacerpolitico.mx\/?p=15184#primaryimage"},"thumbnailUrl":"","articleSection":["Noticias"],"inLanguage":"es","potentialAction":[{"@type":"CommentAction","name":"Comment","target":["https:\/\/quehacerpolitico.mx\/?p=15184#respond"]}]},{"@type":"WebPage","@id":"https:\/\/quehacerpolitico.mx\/?p=15184","url":"https:\/\/quehacerpolitico.mx\/?p=15184","name":"A sus 55 a\u00f1os no le impidieron estudiar la Prepa en L\u00ednea, ahora cursa Psicolog\u00eda -","isPartOf":{"@id":"https:\/\/quehacerpolitico.mx\/#website"},"primaryImageOfPage":{"@id":"https:\/\/quehacerpolitico.mx\/?p=15184#primaryimage"},"image":{"@id":"https:\/\/quehacerpolitico.mx\/?p=15184#primaryimage"},"thumbnailUrl":"","datePublished":"2019-01-24T21:30:47+00:00","author":{"@id":"https:\/\/quehacerpolitico.mx\/#\/schema\/person\/496d8ad2d1d3f8036101dca7ee39e585"},"breadcrumb":{"@id":"https:\/\/quehacerpolitico.mx\/?p=15184#breadcrumb"},"inLanguage":"es","potentialAction":[{"@type":"ReadAction","target":["https:\/\/quehacerpolitico.mx\/?p=15184"]}]},{"@type":"ImageObject","inLanguage":"es","@id":"https:\/\/quehacerpolitico.mx\/?p=15184#primaryimage","url":"","contentUrl":""},{"@type":"BreadcrumbList","@id":"https:\/\/quehacerpolitico.mx\/?p=15184#breadcrumb","itemListElement":[{"@type":"ListItem","position":1,"name":"Inicio","item":"https:\/\/quehacerpolitico.mx\/"},{"@type":"ListItem","position":2,"name":"A sus 55 a\u00f1os no le impidieron estudiar la Prepa en L\u00ednea, ahora cursa Psicolog\u00eda"}]},{"@type":"WebSite","@id":"https:\/\/quehacerpolitico.mx\/#website","url":"https:\/\/quehacerpolitico.mx\/","name":"","description":"","potentialAction":[{"@type":"SearchAction","target":{"@type":"EntryPoint","urlTemplate":"https:\/\/quehacerpolitico.mx\/?s={search_term_string}"},"query-input":{"@type":"PropertyValueSpecification","valueRequired":true,"valueName":"search_term_string"}}],"inLanguage":"es"},{"@type":"Person","@id":"https:\/\/quehacerpolitico.mx\/#\/schema\/person\/496d8ad2d1d3f8036101dca7ee39e585","name":"Redacci\u00f3n QP","image":{"@type":"ImageObject","inLanguage":"es","@id":"https:\/\/secure.gravatar.com\/avatar\/c7164ed6fdec453195284ad24a5ae5b6e1eed2b848477fa2a4787ba9adf39a41?s=96&d=mm&r=g","url":"https:\/\/secure.gravatar.com\/avatar\/c7164ed6fdec453195284ad24a5ae5b6e1eed2b848477fa2a4787ba9adf39a41?s=96&d=mm&r=g","contentUrl":"https:\/\/secure.gravatar.com\/avatar\/c7164ed6fdec453195284ad24a5ae5b6e1eed2b848477fa2a4787ba9adf39a41?s=96&d=mm&r=g","caption":"Redacci\u00f3n QP"},"url":"https:\/\/quehacerpolitico.mx\/?author=2"}]}},"featured_image_urls":{"full":"","thumbnail":"","medium":"","medium_large":"","large":"","1536x1536":"","2048x2048":"","covernews-featured":"","covernews-medium":""},"author_info":{"display_name":"Redacci\u00f3n QP","author_link":"https:\/\/quehacerpolitico.mx\/?author=2"},"category_info":"<a href=\"https:\/\/quehacerpolitico.mx\/?cat=2\" rel=\"category\">Noticias<\/a>","tag_info":"Noticias","comment_count":"0","_links":{"self":[{"href":"https:\/\/quehacerpolitico.mx\/index.php?rest_route=\/wp\/v2\/posts\/15184","targetHints":{"allow":["GET"]}}],"collection":[{"href":"https:\/\/quehacerpolitico.mx\/index.php?rest_route=\/wp\/v2\/posts"}],"about":[{"href":"https:\/\/quehacerpolitico.mx\/index.php?rest_route=\/wp\/v2\/types\/post"}],"author":[{"embeddable":true,"href":"https:\/\/quehacerpolitico.mx\/index.php?rest_route=\/wp\/v2\/users\/2"}],"replies":[{"embeddable":true,"href":"https:\/\/quehacerpolitico.mx\/index.php?rest_route=%2Fwp%2Fv2%2Fcomments&post=15184"}],"version-history":[{"count":0,"href":"https:\/\/quehacerpolitico.mx\/index.php?rest_route=\/wp\/v2\/posts\/15184\/revisions"}],"wp:featuredmedia":[{"embeddable":true,"href":"https:\/\/quehacerpolitico.mx\/index.php?rest_route=\/"}],"wp:attachment":[{"href":"https:\/\/quehacerpolitico.mx\/index.php?rest_route=%2Fwp%2Fv2%2Fmedia&parent=15184"}],"wp:term":[{"taxonomy":"category","embeddable":true,"href":"https:\/\/quehacerpolitico.mx\/index.php?rest_route=%2Fwp%2Fv2%2Fcategories&post=15184"},{"taxonomy":"post_tag","embeddable":true,"href":"https:\/\/quehacerpolitico.mx\/index.php?rest_route=%2Fwp%2Fv2%2Ftags&post=15184"}],"curies":[{"name":"wp","href":"https:\/\/api.w.org\/{rel}","templated":true}]}}