{"id":15178,"date":"2019-01-24T16:50:19","date_gmt":"2019-01-24T16:50:19","guid":{"rendered":"http:\/\/quehacerpolitico.mx\/vamos-a-castigar-a-asesinos-intelectuales-y-materiales-de-javier-valdez-amlo\/"},"modified":"2019-01-24T16:50:19","modified_gmt":"2019-01-24T16:50:19","slug":"vamos-a-castigar-a-asesinos-intelectuales-y-materiales-de-javier-valdez-amlo","status":"publish","type":"post","link":"https:\/\/quehacerpolitico.mx\/?p=15178","title":{"rendered":"Vamos a castigar a asesinos intelectuales y materiales de Javier Valdez: AMLO"},"content":{"rendered":"<h1 class=\"amp-wp-title\">Vamos a castigar a asesinos intelectuales y materiales de Javier Valdez: AMLO<\/h1>\n<p>Por Redaccion QP<\/p>\n<p>Despu\u00e9s de que se diera conocer que los <strong>hijos<\/strong> de <strong>\u2018El Chapo\u2019<\/strong> <strong>Guzm\u00e1n<\/strong>, supuestamente, mandaron a <strong>asesinar<\/strong> a el periodista <strong>Javier Valdez;<\/strong> el Presidente de la Rep\u00fablica, <strong>Andr\u00e9s Manuel L\u00f3pez Obrador,<\/strong>asegur\u00f3 que <strong>recibir\u00e1n<\/strong> su castigo los<strong> asesinos intelectuales<\/strong> y materiales del <strong>delito<\/strong>.<\/p>\n<p>Adem\u00e1s, <strong>puntualiz\u00f3<\/strong> que el viernes dar\u00e1 <strong>mayores<\/strong>informes acerca del <strong>caso<\/strong>.<\/p>\n<p>Durante el juicio que enfrenta el narcotraficante <strong>Joaqu\u00edn \u2018El Chapo\u2019 Guzm\u00e1n<\/strong> en Estados Unidos, <strong>D\u00e1maso L\u00f3pez<\/strong> alias \u2018<em>El Licenciado<\/em>\u2018 o \u2018<em>El Lic<\/em>\u2018 afirm\u00f3 en la<strong> Corte<\/strong> que los hijos del <strong>ex l\u00edder del C\u00e1rtel de Sinaloa<\/strong> asesinaron al periodista sinaloense Javier Valdez.<\/p>\n<p>Cabe destacar que de acuerdo con las <strong>investigaciones<\/strong> de la Procuradur\u00eda General de la <strong>Rep\u00fablica<\/strong>, el homicidio de <strong>Javier Valdez<\/strong> fue producto de publicaciones que realiz\u00f3 contra el mismo <strong>D\u00e1maso L\u00f3pez<\/strong> alias \u2018<em>El licenciado<\/em>\u2018 y su hijo <strong>D\u00e1maso L\u00f3pez Serrano.<\/strong><\/p>\n<p>Hasta <strong>abril de 2018<\/strong> se detuvieron a <strong>Heriberto<\/strong> \u2018<em>El Koala<\/em>\u2018 y <strong>Juan Francisco Picos<\/strong> \u2018<em>El Quillo<\/em>\u2018, aunque se refiri\u00f3 que hab\u00eda un<strong> tercer implicado<\/strong>.<\/p>\n<p>Valdez \u201c<strong>desobedeci\u00f3<\/strong> las \u00f3rdenes amenazantes de los <strong>hijos<\/strong> de mi <strong>compadre<\/strong> y por eso lo <strong>mataron<\/strong>\u201c, dijo el \u2018<em>Licenciado<\/em>\u2018 en la Corte, a pocos metros del \u2018Chapo\u2019. Valdez, especialista en <strong>narcotr\u00e1fico<\/strong>, <strong>cofundador<\/strong> del semanario de <strong>Riodoce<\/strong> de <strong>Sinaloa<\/strong> (noroeste) y colaborador de la AFP, fue asesinado a balazos en <strong>Culiac\u00e1n, Sinaloa,<\/strong> el 15 de <strong>mayo de 2017.<\/strong><\/p>\n","protected":false},"excerpt":{"rendered":"<p>Vamos a castigar a asesinos intelectuales y materiales de Javier Valdez: AMLO<br \/>\nPor Redacci\u00f3n QP<\/p>\n","protected":false},"author":2,"featured_media":15177,"comment_status":"open","ping_status":"open","sticky":false,"template":"","format":"standard","meta":{"_monsterinsights_skip_tracking":false,"_monsterinsights_sitenote_active":false,"_monsterinsights_sitenote_note":"","_monsterinsights_sitenote_category":0,"footnotes":""},"categories":[2],"tags":[],"class_list":["post-15178","post","type-post","status-publish","format-standard","has-post-thumbnail","hentry","category-noticias"],"yoast_head":"<!-- This site is optimized with the Yoast SEO plugin v27.3 - https:\/\/yoast.com\/product\/yoast-seo-wordpress\/ -->\n<title>Vamos a castigar a asesinos intelectuales y materiales de Javier Valdez: AMLO -<\/title>\n<meta name=\"robots\" content=\"index, follow, max-snippet:-1, max-image-preview:large, max-video-preview:-1\" \/>\n<link rel=\"canonical\" href=\"https:\/\/quehacerpolitico.mx\/?p=15178\" \/>\n<meta property=\"og:locale\" content=\"es_MX\" \/>\n<meta property=\"og:type\" content=\"article\" \/>\n<meta property=\"og:title\" content=\"Vamos a castigar a asesinos intelectuales y materiales de Javier Valdez: AMLO -\" \/>\n<meta property=\"og:description\" content=\"Vamos a castigar a asesinos intelectuales y materiales de Javier Valdez: AMLO Por Redacci\u00f3n QP\" \/>\n<meta property=\"og:url\" content=\"https:\/\/quehacerpolitico.mx\/?p=15178\" \/>\n<meta property=\"article:published_time\" content=\"2019-01-24T16:50:19+00:00\" \/>\n<meta name=\"author\" content=\"Redacci\u00f3n QP\" \/>\n<meta name=\"twitter:card\" content=\"summary_large_image\" \/>\n<meta name=\"twitter:label1\" content=\"Escrito por\" \/>\n\t<meta name=\"twitter:data1\" content=\"Redacci\u00f3n QP\" \/>\n\t<meta name=\"twitter:label2\" content=\"Tiempo de lectura\" \/>\n\t<meta name=\"twitter:data2\" content=\"1 minuto\" \/>\n<script type=\"application\/ld+json\" class=\"yoast-schema-graph\">{\"@context\":\"https:\\\/\\\/schema.org\",\"@graph\":[{\"@type\":\"Article\",\"@id\":\"https:\\\/\\\/quehacerpolitico.mx\\\/?p=15178#article\",\"isPartOf\":{\"@id\":\"https:\\\/\\\/quehacerpolitico.mx\\\/?p=15178\"},\"author\":{\"name\":\"Redacci\u00f3n QP\",\"@id\":\"https:\\\/\\\/quehacerpolitico.mx\\\/#\\\/schema\\\/person\\\/496d8ad2d1d3f8036101dca7ee39e585\"},\"headline\":\"Vamos a castigar a asesinos intelectuales y materiales de Javier Valdez: AMLO\",\"datePublished\":\"2019-01-24T16:50:19+00:00\",\"mainEntityOfPage\":{\"@id\":\"https:\\\/\\\/quehacerpolitico.mx\\\/?p=15178\"},\"wordCount\":262,\"commentCount\":0,\"image\":{\"@id\":\"https:\\\/\\\/quehacerpolitico.mx\\\/?p=15178#primaryimage\"},\"thumbnailUrl\":\"\",\"articleSection\":[\"Noticias\"],\"inLanguage\":\"es\",\"potentialAction\":[{\"@type\":\"CommentAction\",\"name\":\"Comment\",\"target\":[\"https:\\\/\\\/quehacerpolitico.mx\\\/?p=15178#respond\"]}]},{\"@type\":\"WebPage\",\"@id\":\"https:\\\/\\\/quehacerpolitico.mx\\\/?p=15178\",\"url\":\"https:\\\/\\\/quehacerpolitico.mx\\\/?p=15178\",\"name\":\"Vamos a castigar a asesinos intelectuales y materiales de Javier Valdez: AMLO -\",\"isPartOf\":{\"@id\":\"https:\\\/\\\/quehacerpolitico.mx\\\/#website\"},\"primaryImageOfPage\":{\"@id\":\"https:\\\/\\\/quehacerpolitico.mx\\\/?p=15178#primaryimage\"},\"image\":{\"@id\":\"https:\\\/\\\/quehacerpolitico.mx\\\/?p=15178#primaryimage\"},\"thumbnailUrl\":\"\",\"datePublished\":\"2019-01-24T16:50:19+00:00\",\"author\":{\"@id\":\"https:\\\/\\\/quehacerpolitico.mx\\\/#\\\/schema\\\/person\\\/496d8ad2d1d3f8036101dca7ee39e585\"},\"breadcrumb\":{\"@id\":\"https:\\\/\\\/quehacerpolitico.mx\\\/?p=15178#breadcrumb\"},\"inLanguage\":\"es\",\"potentialAction\":[{\"@type\":\"ReadAction\",\"target\":[\"https:\\\/\\\/quehacerpolitico.mx\\\/?p=15178\"]}]},{\"@type\":\"ImageObject\",\"inLanguage\":\"es\",\"@id\":\"https:\\\/\\\/quehacerpolitico.mx\\\/?p=15178#primaryimage\",\"url\":\"\",\"contentUrl\":\"\"},{\"@type\":\"BreadcrumbList\",\"@id\":\"https:\\\/\\\/quehacerpolitico.mx\\\/?p=15178#breadcrumb\",\"itemListElement\":[{\"@type\":\"ListItem\",\"position\":1,\"name\":\"Inicio\",\"item\":\"https:\\\/\\\/quehacerpolitico.mx\\\/\"},{\"@type\":\"ListItem\",\"position\":2,\"name\":\"Vamos a castigar a asesinos intelectuales y materiales de Javier Valdez: AMLO\"}]},{\"@type\":\"WebSite\",\"@id\":\"https:\\\/\\\/quehacerpolitico.mx\\\/#website\",\"url\":\"https:\\\/\\\/quehacerpolitico.mx\\\/\",\"name\":\"\",\"description\":\"\",\"potentialAction\":[{\"@type\":\"SearchAction\",\"target\":{\"@type\":\"EntryPoint\",\"urlTemplate\":\"https:\\\/\\\/quehacerpolitico.mx\\\/?s={search_term_string}\"},\"query-input\":{\"@type\":\"PropertyValueSpecification\",\"valueRequired\":true,\"valueName\":\"search_term_string\"}}],\"inLanguage\":\"es\"},{\"@type\":\"Person\",\"@id\":\"https:\\\/\\\/quehacerpolitico.mx\\\/#\\\/schema\\\/person\\\/496d8ad2d1d3f8036101dca7ee39e585\",\"name\":\"Redacci\u00f3n QP\",\"image\":{\"@type\":\"ImageObject\",\"inLanguage\":\"es\",\"@id\":\"https:\\\/\\\/secure.gravatar.com\\\/avatar\\\/c7164ed6fdec453195284ad24a5ae5b6e1eed2b848477fa2a4787ba9adf39a41?s=96&d=mm&r=g\",\"url\":\"https:\\\/\\\/secure.gravatar.com\\\/avatar\\\/c7164ed6fdec453195284ad24a5ae5b6e1eed2b848477fa2a4787ba9adf39a41?s=96&d=mm&r=g\",\"contentUrl\":\"https:\\\/\\\/secure.gravatar.com\\\/avatar\\\/c7164ed6fdec453195284ad24a5ae5b6e1eed2b848477fa2a4787ba9adf39a41?s=96&d=mm&r=g\",\"caption\":\"Redacci\u00f3n QP\"},\"url\":\"https:\\\/\\\/quehacerpolitico.mx\\\/?author=2\"}]}<\/script>\n<!-- \/ Yoast SEO plugin. -->","yoast_head_json":{"title":"Vamos a castigar a asesinos intelectuales y materiales de Javier Valdez: AMLO -","robots":{"index":"index","follow":"follow","max-snippet":"max-snippet:-1","max-image-preview":"max-image-preview:large","max-video-preview":"max-video-preview:-1"},"canonical":"https:\/\/quehacerpolitico.mx\/?p=15178","og_locale":"es_MX","og_type":"article","og_title":"Vamos a castigar a asesinos intelectuales y materiales de Javier Valdez: AMLO -","og_description":"Vamos a castigar a asesinos intelectuales y materiales de Javier Valdez: AMLO Por Redacci\u00f3n QP","og_url":"https:\/\/quehacerpolitico.mx\/?p=15178","article_published_time":"2019-01-24T16:50:19+00:00","author":"Redacci\u00f3n QP","twitter_card":"summary_large_image","twitter_misc":{"Escrito por":"Redacci\u00f3n QP","Tiempo de lectura":"1 minuto"},"schema":{"@context":"https:\/\/schema.org","@graph":[{"@type":"Article","@id":"https:\/\/quehacerpolitico.mx\/?p=15178#article","isPartOf":{"@id":"https:\/\/quehacerpolitico.mx\/?p=15178"},"author":{"name":"Redacci\u00f3n QP","@id":"https:\/\/quehacerpolitico.mx\/#\/schema\/person\/496d8ad2d1d3f8036101dca7ee39e585"},"headline":"Vamos a castigar a asesinos intelectuales y materiales de Javier Valdez: AMLO","datePublished":"2019-01-24T16:50:19+00:00","mainEntityOfPage":{"@id":"https:\/\/quehacerpolitico.mx\/?p=15178"},"wordCount":262,"commentCount":0,"image":{"@id":"https:\/\/quehacerpolitico.mx\/?p=15178#primaryimage"},"thumbnailUrl":"","articleSection":["Noticias"],"inLanguage":"es","potentialAction":[{"@type":"CommentAction","name":"Comment","target":["https:\/\/quehacerpolitico.mx\/?p=15178#respond"]}]},{"@type":"WebPage","@id":"https:\/\/quehacerpolitico.mx\/?p=15178","url":"https:\/\/quehacerpolitico.mx\/?p=15178","name":"Vamos a castigar a asesinos intelectuales y materiales de Javier Valdez: AMLO -","isPartOf":{"@id":"https:\/\/quehacerpolitico.mx\/#website"},"primaryImageOfPage":{"@id":"https:\/\/quehacerpolitico.mx\/?p=15178#primaryimage"},"image":{"@id":"https:\/\/quehacerpolitico.mx\/?p=15178#primaryimage"},"thumbnailUrl":"","datePublished":"2019-01-24T16:50:19+00:00","author":{"@id":"https:\/\/quehacerpolitico.mx\/#\/schema\/person\/496d8ad2d1d3f8036101dca7ee39e585"},"breadcrumb":{"@id":"https:\/\/quehacerpolitico.mx\/?p=15178#breadcrumb"},"inLanguage":"es","potentialAction":[{"@type":"ReadAction","target":["https:\/\/quehacerpolitico.mx\/?p=15178"]}]},{"@type":"ImageObject","inLanguage":"es","@id":"https:\/\/quehacerpolitico.mx\/?p=15178#primaryimage","url":"","contentUrl":""},{"@type":"BreadcrumbList","@id":"https:\/\/quehacerpolitico.mx\/?p=15178#breadcrumb","itemListElement":[{"@type":"ListItem","position":1,"name":"Inicio","item":"https:\/\/quehacerpolitico.mx\/"},{"@type":"ListItem","position":2,"name":"Vamos a castigar a asesinos intelectuales y materiales de Javier Valdez: AMLO"}]},{"@type":"WebSite","@id":"https:\/\/quehacerpolitico.mx\/#website","url":"https:\/\/quehacerpolitico.mx\/","name":"","description":"","potentialAction":[{"@type":"SearchAction","target":{"@type":"EntryPoint","urlTemplate":"https:\/\/quehacerpolitico.mx\/?s={search_term_string}"},"query-input":{"@type":"PropertyValueSpecification","valueRequired":true,"valueName":"search_term_string"}}],"inLanguage":"es"},{"@type":"Person","@id":"https:\/\/quehacerpolitico.mx\/#\/schema\/person\/496d8ad2d1d3f8036101dca7ee39e585","name":"Redacci\u00f3n QP","image":{"@type":"ImageObject","inLanguage":"es","@id":"https:\/\/secure.gravatar.com\/avatar\/c7164ed6fdec453195284ad24a5ae5b6e1eed2b848477fa2a4787ba9adf39a41?s=96&d=mm&r=g","url":"https:\/\/secure.gravatar.com\/avatar\/c7164ed6fdec453195284ad24a5ae5b6e1eed2b848477fa2a4787ba9adf39a41?s=96&d=mm&r=g","contentUrl":"https:\/\/secure.gravatar.com\/avatar\/c7164ed6fdec453195284ad24a5ae5b6e1eed2b848477fa2a4787ba9adf39a41?s=96&d=mm&r=g","caption":"Redacci\u00f3n QP"},"url":"https:\/\/quehacerpolitico.mx\/?author=2"}]}},"featured_image_urls":{"full":"","thumbnail":"","medium":"","medium_large":"","large":"","1536x1536":"","2048x2048":"","covernews-featured":"","covernews-medium":""},"author_info":{"display_name":"Redacci\u00f3n QP","author_link":"https:\/\/quehacerpolitico.mx\/?author=2"},"category_info":"<a href=\"https:\/\/quehacerpolitico.mx\/?cat=2\" rel=\"category\">Noticias<\/a>","tag_info":"Noticias","comment_count":"0","_links":{"self":[{"href":"https:\/\/quehacerpolitico.mx\/index.php?rest_route=\/wp\/v2\/posts\/15178","targetHints":{"allow":["GET"]}}],"collection":[{"href":"https:\/\/quehacerpolitico.mx\/index.php?rest_route=\/wp\/v2\/posts"}],"about":[{"href":"https:\/\/quehacerpolitico.mx\/index.php?rest_route=\/wp\/v2\/types\/post"}],"author":[{"embeddable":true,"href":"https:\/\/quehacerpolitico.mx\/index.php?rest_route=\/wp\/v2\/users\/2"}],"replies":[{"embeddable":true,"href":"https:\/\/quehacerpolitico.mx\/index.php?rest_route=%2Fwp%2Fv2%2Fcomments&post=15178"}],"version-history":[{"count":0,"href":"https:\/\/quehacerpolitico.mx\/index.php?rest_route=\/wp\/v2\/posts\/15178\/revisions"}],"wp:featuredmedia":[{"embeddable":true,"href":"https:\/\/quehacerpolitico.mx\/index.php?rest_route=\/"}],"wp:attachment":[{"href":"https:\/\/quehacerpolitico.mx\/index.php?rest_route=%2Fwp%2Fv2%2Fmedia&parent=15178"}],"wp:term":[{"taxonomy":"category","embeddable":true,"href":"https:\/\/quehacerpolitico.mx\/index.php?rest_route=%2Fwp%2Fv2%2Fcategories&post=15178"},{"taxonomy":"post_tag","embeddable":true,"href":"https:\/\/quehacerpolitico.mx\/index.php?rest_route=%2Fwp%2Fv2%2Ftags&post=15178"}],"curies":[{"name":"wp","href":"https:\/\/api.w.org\/{rel}","templated":true}]}}