{"id":15174,"date":"2019-01-24T15:57:49","date_gmt":"2019-01-24T15:57:49","guid":{"rendered":"http:\/\/quehacerpolitico.mx\/se-transparentara-recursos-destinados-a-la-publicidad-gubernamental-amlo\/"},"modified":"2019-01-24T15:57:49","modified_gmt":"2019-01-24T15:57:49","slug":"se-transparentara-recursos-destinados-a-la-publicidad-gubernamental-amlo","status":"publish","type":"post","link":"https:\/\/quehacerpolitico.mx\/?p=15174","title":{"rendered":"Se transparentar\u00e1 recursos destinados a la publicidad gubernamental: AMLO"},"content":{"rendered":"<p>Se transparentar\u00e1 recursos destinados a la publicidad gubernamental: AMLO<\/p>\n<p>Por Redacci\u00f3n QP<\/p>\n<p>El Presidente de la <strong>Rep\u00fablica<\/strong>, <strong>Andr\u00e9s Manuel L\u00f3pez Obrador,<\/strong> asegur\u00f3 que los recursos destinados a la publicidad <strong>gubernamental<\/strong> ser\u00e1n <strong>transparentados<\/strong>. Esto despu\u00e9s de que le preguntaran si ya no existir\u00e1 el tan famoso \u2018<em>chayote<\/em>\u2018 a los medios de <strong>comunicaci\u00f3n<\/strong>.<\/p>\n<blockquote>\n<p>\u201cSer\u00e1n <strong>transparentes<\/strong>, se est\u00e1n definiendo y se van a <strong>transparentarlos<\/strong> recursos destinados a la <strong>publicidad<\/strong> <strong>gubernamental<\/strong>\u201c<\/p>\n<\/blockquote>\n<p>Cabe se\u00f1alar que durante el sexenio de <strong>Enrique Pe\u00f1a Nieto<\/strong>, las cadenas de televisi\u00f3n <strong><em>Televisa<\/em><\/strong>,<em> TV Azteca<\/em> e <strong><em>Imagen<\/em> <\/strong>se encontraban a la cabeza de la asignaci\u00f3n de <strong>publicidad oficial. <\/strong><\/p>\n<p>En sus primeros<strong> cuatro a\u00f1os,<\/strong> de <strong>2013 a 2016,<\/strong> la administraci\u00f3n de <strong>Enrique Pe\u00f1a Nieto<\/strong> ha gastado 36 mil 261 millones de pesos en publicidad oficial, un 71% m\u00e1s de lo que le aprob\u00f3 el <strong>Congreso<\/strong>, de acuerdo con un estudio de <strong>Fundar.<\/strong><\/p>\n<p>Esa cifra representa un<strong> gasto de 24.8 millones de pesos<\/strong> por d\u00eda, o un mill\u00f3n de pesos por <strong>hora<\/strong>, para difusi\u00f3n en <strong>medios<\/strong>.<\/p>\n<p>En el periodo se\u00f1alado, la <strong>C\u00e1mara de Diputados<\/strong>aprob\u00f3 un presupuesto de <strong>21 mil 99 millones<\/strong> de pesos para publicidad oficial, pero el gobierno de <strong>Pe\u00f1a Nieto<\/strong> rebas\u00f3 esa cifra por un monto de <strong>15 mil 161 millones<\/strong> de pesos.<\/p>\n<p>Con el gasto erogado en publicidad oficial en la administraci\u00f3n de<strong> Pe\u00f1a Nieto,<\/strong> se hubieran podido pagar cuatro veces las becas de posgrado que el Consejo Nacional de Ciencia y Tecnolog\u00eda dio durante todo el 2016.<\/p>\n","protected":false},"excerpt":{"rendered":"<p>Se transparentar\u00e1 recursos destinados a la publicidad gubernamental: AMLO<br \/>\nPor Redacci\u00f3n QP<\/p>\n","protected":false},"author":2,"featured_media":15173,"comment_status":"open","ping_status":"open","sticky":false,"template":"","format":"standard","meta":{"_monsterinsights_skip_tracking":false,"_monsterinsights_sitenote_active":false,"_monsterinsights_sitenote_note":"","_monsterinsights_sitenote_category":0,"footnotes":""},"categories":[2],"tags":[],"class_list":["post-15174","post","type-post","status-publish","format-standard","has-post-thumbnail","hentry","category-noticias"],"yoast_head":"<!-- This site is optimized with the Yoast SEO plugin v27.3 - https:\/\/yoast.com\/product\/yoast-seo-wordpress\/ -->\n<title>Se transparentar\u00e1 recursos destinados a la publicidad gubernamental: AMLO -<\/title>\n<meta name=\"robots\" content=\"index, follow, max-snippet:-1, max-image-preview:large, max-video-preview:-1\" \/>\n<link rel=\"canonical\" href=\"https:\/\/quehacerpolitico.mx\/?p=15174\" \/>\n<meta property=\"og:locale\" content=\"es_MX\" \/>\n<meta property=\"og:type\" content=\"article\" \/>\n<meta property=\"og:title\" content=\"Se transparentar\u00e1 recursos destinados a la publicidad gubernamental: AMLO -\" \/>\n<meta property=\"og:description\" content=\"Se transparentar\u00e1 recursos destinados a la publicidad gubernamental: AMLO Por Redacci\u00f3n QP\" \/>\n<meta property=\"og:url\" content=\"https:\/\/quehacerpolitico.mx\/?p=15174\" \/>\n<meta property=\"article:published_time\" content=\"2019-01-24T15:57:49+00:00\" \/>\n<meta name=\"author\" content=\"Redacci\u00f3n QP\" \/>\n<meta name=\"twitter:card\" content=\"summary_large_image\" \/>\n<meta name=\"twitter:label1\" content=\"Escrito por\" \/>\n\t<meta name=\"twitter:data1\" content=\"Redacci\u00f3n QP\" \/>\n\t<meta name=\"twitter:label2\" content=\"Tiempo de lectura\" \/>\n\t<meta name=\"twitter:data2\" content=\"1 minuto\" \/>\n<script type=\"application\/ld+json\" class=\"yoast-schema-graph\">{\"@context\":\"https:\\\/\\\/schema.org\",\"@graph\":[{\"@type\":\"Article\",\"@id\":\"https:\\\/\\\/quehacerpolitico.mx\\\/?p=15174#article\",\"isPartOf\":{\"@id\":\"https:\\\/\\\/quehacerpolitico.mx\\\/?p=15174\"},\"author\":{\"name\":\"Redacci\u00f3n QP\",\"@id\":\"https:\\\/\\\/quehacerpolitico.mx\\\/#\\\/schema\\\/person\\\/496d8ad2d1d3f8036101dca7ee39e585\"},\"headline\":\"Se transparentar\u00e1 recursos destinados a la publicidad gubernamental: AMLO\",\"datePublished\":\"2019-01-24T15:57:49+00:00\",\"mainEntityOfPage\":{\"@id\":\"https:\\\/\\\/quehacerpolitico.mx\\\/?p=15174\"},\"wordCount\":262,\"commentCount\":0,\"image\":{\"@id\":\"https:\\\/\\\/quehacerpolitico.mx\\\/?p=15174#primaryimage\"},\"thumbnailUrl\":\"\",\"articleSection\":[\"Noticias\"],\"inLanguage\":\"es\",\"potentialAction\":[{\"@type\":\"CommentAction\",\"name\":\"Comment\",\"target\":[\"https:\\\/\\\/quehacerpolitico.mx\\\/?p=15174#respond\"]}]},{\"@type\":\"WebPage\",\"@id\":\"https:\\\/\\\/quehacerpolitico.mx\\\/?p=15174\",\"url\":\"https:\\\/\\\/quehacerpolitico.mx\\\/?p=15174\",\"name\":\"Se transparentar\u00e1 recursos destinados a la publicidad gubernamental: AMLO -\",\"isPartOf\":{\"@id\":\"https:\\\/\\\/quehacerpolitico.mx\\\/#website\"},\"primaryImageOfPage\":{\"@id\":\"https:\\\/\\\/quehacerpolitico.mx\\\/?p=15174#primaryimage\"},\"image\":{\"@id\":\"https:\\\/\\\/quehacerpolitico.mx\\\/?p=15174#primaryimage\"},\"thumbnailUrl\":\"\",\"datePublished\":\"2019-01-24T15:57:49+00:00\",\"author\":{\"@id\":\"https:\\\/\\\/quehacerpolitico.mx\\\/#\\\/schema\\\/person\\\/496d8ad2d1d3f8036101dca7ee39e585\"},\"breadcrumb\":{\"@id\":\"https:\\\/\\\/quehacerpolitico.mx\\\/?p=15174#breadcrumb\"},\"inLanguage\":\"es\",\"potentialAction\":[{\"@type\":\"ReadAction\",\"target\":[\"https:\\\/\\\/quehacerpolitico.mx\\\/?p=15174\"]}]},{\"@type\":\"ImageObject\",\"inLanguage\":\"es\",\"@id\":\"https:\\\/\\\/quehacerpolitico.mx\\\/?p=15174#primaryimage\",\"url\":\"\",\"contentUrl\":\"\"},{\"@type\":\"BreadcrumbList\",\"@id\":\"https:\\\/\\\/quehacerpolitico.mx\\\/?p=15174#breadcrumb\",\"itemListElement\":[{\"@type\":\"ListItem\",\"position\":1,\"name\":\"Inicio\",\"item\":\"https:\\\/\\\/quehacerpolitico.mx\\\/\"},{\"@type\":\"ListItem\",\"position\":2,\"name\":\"Se transparentar\u00e1 recursos destinados a la publicidad gubernamental: AMLO\"}]},{\"@type\":\"WebSite\",\"@id\":\"https:\\\/\\\/quehacerpolitico.mx\\\/#website\",\"url\":\"https:\\\/\\\/quehacerpolitico.mx\\\/\",\"name\":\"\",\"description\":\"\",\"potentialAction\":[{\"@type\":\"SearchAction\",\"target\":{\"@type\":\"EntryPoint\",\"urlTemplate\":\"https:\\\/\\\/quehacerpolitico.mx\\\/?s={search_term_string}\"},\"query-input\":{\"@type\":\"PropertyValueSpecification\",\"valueRequired\":true,\"valueName\":\"search_term_string\"}}],\"inLanguage\":\"es\"},{\"@type\":\"Person\",\"@id\":\"https:\\\/\\\/quehacerpolitico.mx\\\/#\\\/schema\\\/person\\\/496d8ad2d1d3f8036101dca7ee39e585\",\"name\":\"Redacci\u00f3n QP\",\"image\":{\"@type\":\"ImageObject\",\"inLanguage\":\"es\",\"@id\":\"https:\\\/\\\/secure.gravatar.com\\\/avatar\\\/c7164ed6fdec453195284ad24a5ae5b6e1eed2b848477fa2a4787ba9adf39a41?s=96&d=mm&r=g\",\"url\":\"https:\\\/\\\/secure.gravatar.com\\\/avatar\\\/c7164ed6fdec453195284ad24a5ae5b6e1eed2b848477fa2a4787ba9adf39a41?s=96&d=mm&r=g\",\"contentUrl\":\"https:\\\/\\\/secure.gravatar.com\\\/avatar\\\/c7164ed6fdec453195284ad24a5ae5b6e1eed2b848477fa2a4787ba9adf39a41?s=96&d=mm&r=g\",\"caption\":\"Redacci\u00f3n QP\"},\"url\":\"https:\\\/\\\/quehacerpolitico.mx\\\/?author=2\"}]}<\/script>\n<!-- \/ Yoast SEO plugin. -->","yoast_head_json":{"title":"Se transparentar\u00e1 recursos destinados a la publicidad gubernamental: AMLO -","robots":{"index":"index","follow":"follow","max-snippet":"max-snippet:-1","max-image-preview":"max-image-preview:large","max-video-preview":"max-video-preview:-1"},"canonical":"https:\/\/quehacerpolitico.mx\/?p=15174","og_locale":"es_MX","og_type":"article","og_title":"Se transparentar\u00e1 recursos destinados a la publicidad gubernamental: AMLO -","og_description":"Se transparentar\u00e1 recursos destinados a la publicidad gubernamental: AMLO Por Redacci\u00f3n QP","og_url":"https:\/\/quehacerpolitico.mx\/?p=15174","article_published_time":"2019-01-24T15:57:49+00:00","author":"Redacci\u00f3n QP","twitter_card":"summary_large_image","twitter_misc":{"Escrito por":"Redacci\u00f3n QP","Tiempo de lectura":"1 minuto"},"schema":{"@context":"https:\/\/schema.org","@graph":[{"@type":"Article","@id":"https:\/\/quehacerpolitico.mx\/?p=15174#article","isPartOf":{"@id":"https:\/\/quehacerpolitico.mx\/?p=15174"},"author":{"name":"Redacci\u00f3n QP","@id":"https:\/\/quehacerpolitico.mx\/#\/schema\/person\/496d8ad2d1d3f8036101dca7ee39e585"},"headline":"Se transparentar\u00e1 recursos destinados a la publicidad gubernamental: AMLO","datePublished":"2019-01-24T15:57:49+00:00","mainEntityOfPage":{"@id":"https:\/\/quehacerpolitico.mx\/?p=15174"},"wordCount":262,"commentCount":0,"image":{"@id":"https:\/\/quehacerpolitico.mx\/?p=15174#primaryimage"},"thumbnailUrl":"","articleSection":["Noticias"],"inLanguage":"es","potentialAction":[{"@type":"CommentAction","name":"Comment","target":["https:\/\/quehacerpolitico.mx\/?p=15174#respond"]}]},{"@type":"WebPage","@id":"https:\/\/quehacerpolitico.mx\/?p=15174","url":"https:\/\/quehacerpolitico.mx\/?p=15174","name":"Se transparentar\u00e1 recursos destinados a la publicidad gubernamental: AMLO -","isPartOf":{"@id":"https:\/\/quehacerpolitico.mx\/#website"},"primaryImageOfPage":{"@id":"https:\/\/quehacerpolitico.mx\/?p=15174#primaryimage"},"image":{"@id":"https:\/\/quehacerpolitico.mx\/?p=15174#primaryimage"},"thumbnailUrl":"","datePublished":"2019-01-24T15:57:49+00:00","author":{"@id":"https:\/\/quehacerpolitico.mx\/#\/schema\/person\/496d8ad2d1d3f8036101dca7ee39e585"},"breadcrumb":{"@id":"https:\/\/quehacerpolitico.mx\/?p=15174#breadcrumb"},"inLanguage":"es","potentialAction":[{"@type":"ReadAction","target":["https:\/\/quehacerpolitico.mx\/?p=15174"]}]},{"@type":"ImageObject","inLanguage":"es","@id":"https:\/\/quehacerpolitico.mx\/?p=15174#primaryimage","url":"","contentUrl":""},{"@type":"BreadcrumbList","@id":"https:\/\/quehacerpolitico.mx\/?p=15174#breadcrumb","itemListElement":[{"@type":"ListItem","position":1,"name":"Inicio","item":"https:\/\/quehacerpolitico.mx\/"},{"@type":"ListItem","position":2,"name":"Se transparentar\u00e1 recursos destinados a la publicidad gubernamental: AMLO"}]},{"@type":"WebSite","@id":"https:\/\/quehacerpolitico.mx\/#website","url":"https:\/\/quehacerpolitico.mx\/","name":"","description":"","potentialAction":[{"@type":"SearchAction","target":{"@type":"EntryPoint","urlTemplate":"https:\/\/quehacerpolitico.mx\/?s={search_term_string}"},"query-input":{"@type":"PropertyValueSpecification","valueRequired":true,"valueName":"search_term_string"}}],"inLanguage":"es"},{"@type":"Person","@id":"https:\/\/quehacerpolitico.mx\/#\/schema\/person\/496d8ad2d1d3f8036101dca7ee39e585","name":"Redacci\u00f3n QP","image":{"@type":"ImageObject","inLanguage":"es","@id":"https:\/\/secure.gravatar.com\/avatar\/c7164ed6fdec453195284ad24a5ae5b6e1eed2b848477fa2a4787ba9adf39a41?s=96&d=mm&r=g","url":"https:\/\/secure.gravatar.com\/avatar\/c7164ed6fdec453195284ad24a5ae5b6e1eed2b848477fa2a4787ba9adf39a41?s=96&d=mm&r=g","contentUrl":"https:\/\/secure.gravatar.com\/avatar\/c7164ed6fdec453195284ad24a5ae5b6e1eed2b848477fa2a4787ba9adf39a41?s=96&d=mm&r=g","caption":"Redacci\u00f3n QP"},"url":"https:\/\/quehacerpolitico.mx\/?author=2"}]}},"featured_image_urls":{"full":"","thumbnail":"","medium":"","medium_large":"","large":"","1536x1536":"","2048x2048":"","covernews-featured":"","covernews-medium":""},"author_info":{"display_name":"Redacci\u00f3n QP","author_link":"https:\/\/quehacerpolitico.mx\/?author=2"},"category_info":"<a href=\"https:\/\/quehacerpolitico.mx\/?cat=2\" rel=\"category\">Noticias<\/a>","tag_info":"Noticias","comment_count":"0","_links":{"self":[{"href":"https:\/\/quehacerpolitico.mx\/index.php?rest_route=\/wp\/v2\/posts\/15174","targetHints":{"allow":["GET"]}}],"collection":[{"href":"https:\/\/quehacerpolitico.mx\/index.php?rest_route=\/wp\/v2\/posts"}],"about":[{"href":"https:\/\/quehacerpolitico.mx\/index.php?rest_route=\/wp\/v2\/types\/post"}],"author":[{"embeddable":true,"href":"https:\/\/quehacerpolitico.mx\/index.php?rest_route=\/wp\/v2\/users\/2"}],"replies":[{"embeddable":true,"href":"https:\/\/quehacerpolitico.mx\/index.php?rest_route=%2Fwp%2Fv2%2Fcomments&post=15174"}],"version-history":[{"count":0,"href":"https:\/\/quehacerpolitico.mx\/index.php?rest_route=\/wp\/v2\/posts\/15174\/revisions"}],"wp:featuredmedia":[{"embeddable":true,"href":"https:\/\/quehacerpolitico.mx\/index.php?rest_route=\/"}],"wp:attachment":[{"href":"https:\/\/quehacerpolitico.mx\/index.php?rest_route=%2Fwp%2Fv2%2Fmedia&parent=15174"}],"wp:term":[{"taxonomy":"category","embeddable":true,"href":"https:\/\/quehacerpolitico.mx\/index.php?rest_route=%2Fwp%2Fv2%2Fcategories&post=15174"},{"taxonomy":"post_tag","embeddable":true,"href":"https:\/\/quehacerpolitico.mx\/index.php?rest_route=%2Fwp%2Fv2%2Ftags&post=15174"}],"curies":[{"name":"wp","href":"https:\/\/api.w.org\/{rel}","templated":true}]}}