{"id":15172,"date":"2019-01-24T15:06:41","date_gmt":"2019-01-24T15:06:41","guid":{"rendered":"http:\/\/quehacerpolitico.mx\/mexico-no-intervendra-y-buscara-la-paz-a-mexico-le-preocupa-el-respeto-a-los-ddhh-en-venezuela-ebrard-pero-no-intervendra-dice-amlo\/"},"modified":"2019-01-24T15:06:41","modified_gmt":"2019-01-24T15:06:41","slug":"mexico-no-intervendra-y-buscara-la-paz-a-mexico-le-preocupa-el-respeto-a-los-ddhh-en-venezuela-ebrard-pero-no-intervendra-dice-amlo","status":"publish","type":"post","link":"https:\/\/quehacerpolitico.mx\/?p=15172","title":{"rendered":"M\u00e9xico no intervendr\u00e1 y buscar\u00e1 la paz a M\u00e9xico le preocupa el respeto a los DDHH en Venezuela: Ebrard; pero no intervendr\u00e1, dice AMLO"},"content":{"rendered":"<p>M\u00e9xico no intervendr\u00e1 y buscar\u00e1 la paz a M\u00e9xico le preocupa el respeto a los DDHH en Venezuela: Ebrard; pero no intervendr\u00e1, dice AMLO<\/p>\n<p>Por Redacci\u00f3n QP<\/p>\n<p>El presidente de M\u00e9xico, <strong>Andr\u00e9s Manuel L\u00f3pez Obrador<\/strong>, reiter\u00f3 que su Gobierno no intervendr\u00e1 ni desconocer\u00e1 a su hom\u00f3logo venezolano, <strong>Nicol\u00e1s Maduro<\/strong>, y se buscar\u00e1 el di\u00e1logo en el conflicto interno que padece la naci\u00f3n sudamericana.<\/p>\n<p><strong>L\u00f3pez Obrador<\/strong> afirm\u00f3 que su postura est\u00e1 fundamentada en el art\u00edculo 89 de la Constituci\u00f3n y seguir\u00e1 con ella en torno a cualquier conflicto en otro pa\u00eds.<\/p>\n<blockquote>\n<p>\u201cHa sido reconocida mundialmente en momentos dif\u00edciles, lo mejor es ce\u00f1irnos a lo que establece la Constituci\u00f3n y poder conjugar en armon\u00eda cuatro principios; no intervenci\u00f3n, autodeterminaci\u00f3n de los pueblos, soluci\u00f3n pac\u00edfica de las controversias y respeto a los derechos humanos\u201d, explic\u00f3 en su conferencia de prensa ma\u00f1anera desde Palacio Nacional.<\/p>\n<\/blockquote>\n<h3><strong>-Postura de la SRE-<\/strong><\/h3>\n<p>El Canciller mexicano, Marcelo Ebrard, sostuvo esta ma\u00f1ana que en s\u00edntesis M\u00e9xico seguir\u00e1 en la postura de no intervenci\u00f3n y a contribuir en cualquier proceso que conlleve a la paz. \u201cEfectivamente la posici\u00f3n que adoptamos est\u00e1 basada en los principios constitucionales de la pol\u00edtica exterior mexicana. M\u00e9xico no va a acompa\u00f1ar el desconocimiento, que por cierto lo que pas\u00f3 ayer tiene muy pocos precedentes\u201d, dijo. \u201cM\u00e9xico fij\u00f3 una postura de conformidad con la Constituci\u00f3n, nosotros no vamos a acompa\u00f1ar ninguna acci\u00f3n de esa naturaleza\u201d.<\/p>\n<p>Dijo que a M\u00e9xico le preocupa la paz y los derechos humanos, y concuerda con la ONU respecto a reducir tensiones y rechazar cualquier tipo de violencia pol\u00edtica. Con el Gobierno de Uruguay, dijo, tambi\u00e9n compartieron postura: \u201cNosotros no estamos buscando otra cosa m\u00e1s que se avance en el di\u00e1logo\u201d. Anunci\u00f3 que estos d\u00edas tendr\u00e1n di\u00e1logos con pa\u00edses de la Uni\u00f3n Europea. Y dijo que M\u00e9xico coincide en que cualquier paso que pueda llevar al di\u00e1logo y a la paz, es una paso que vale la pena.<\/p>\n<blockquote>\n<p>\u2013\u00bfM\u00e9xico reconoce a Nicol\u00e1s Maduro como presidente? \u2013le preguntaron al Canciller.<\/p>\n<p>\u2013No vamos en este momento a romper relaciones o desconocer ese Gobierno \u2013dijo.<\/p>\n<blockquote class=\"twitter-tweet\" data-width=\"550\" data-dnt=\"true\">\n<p lang=\"es\" dir=\"ltr\">\u2b55 M\u00e9xico \u00bfrespalda o no a Nicol\u00e1s Maduro?<br \/>Esto fue lo que dijo el Canciller <a href=\"https:\/\/twitter.com\/m_ebrard?ref_src=twsrc%5Etfw\">@M_ebrard<\/a> sobre la postura del gobierno de <a href=\"https:\/\/twitter.com\/lopezobrador_?ref_src=twsrc%5Etfw\">@lopezobrador_<\/a> en el conflicto en Venezuela <a href=\"https:\/\/t.co\/cBqQPMbjtC\">pic.twitter.com\/cBqQPMbjtC<\/a><\/p>\n<p>&mdash; Ruido en la Red (@RuidoEnLaRed) <a href=\"https:\/\/twitter.com\/RuidoEnLaRed\/status\/1088446644918468615?ref_src=twsrc%5Etfw\">January 24, 2019<\/a><\/p><\/blockquote>\n<p><script async src=\"https:\/\/platform.twitter.com\/widgets.js\" charset=\"utf-8\"><\/script><\/p>\n<\/blockquote>\n","protected":false},"excerpt":{"rendered":"<p>M\u00e9xico no intervendr\u00e1 y buscar\u00e1 la paz a M\u00e9xico le preocupa el respeto a los DDHH en Venezuela: Ebrard; pero no intervendr\u00e1, dice AMLO<\/p>\n","protected":false},"author":2,"featured_media":15171,"comment_status":"open","ping_status":"open","sticky":false,"template":"","format":"standard","meta":{"_monsterinsights_skip_tracking":false,"_monsterinsights_sitenote_active":false,"_monsterinsights_sitenote_note":"","_monsterinsights_sitenote_category":0,"footnotes":""},"categories":[2],"tags":[],"class_list":["post-15172","post","type-post","status-publish","format-standard","has-post-thumbnail","hentry","category-noticias"],"yoast_head":"<!-- This site is optimized with the Yoast SEO plugin v27.3 - https:\/\/yoast.com\/product\/yoast-seo-wordpress\/ -->\n<title>M\u00e9xico no intervendr\u00e1 y buscar\u00e1 la paz a M\u00e9xico le preocupa el respeto a los DDHH en Venezuela: Ebrard; pero no intervendr\u00e1, dice AMLO -<\/title>\n<meta name=\"robots\" content=\"index, follow, max-snippet:-1, max-image-preview:large, max-video-preview:-1\" \/>\n<link rel=\"canonical\" href=\"https:\/\/quehacerpolitico.mx\/?p=15172\" \/>\n<meta property=\"og:locale\" content=\"es_MX\" \/>\n<meta property=\"og:type\" content=\"article\" \/>\n<meta property=\"og:title\" content=\"M\u00e9xico no intervendr\u00e1 y buscar\u00e1 la paz a M\u00e9xico le preocupa el respeto a los DDHH en Venezuela: Ebrard; pero no intervendr\u00e1, dice AMLO -\" \/>\n<meta property=\"og:description\" content=\"M\u00e9xico no intervendr\u00e1 y buscar\u00e1 la paz a M\u00e9xico le preocupa el respeto a los DDHH en Venezuela: Ebrard; pero no intervendr\u00e1, dice AMLO\" \/>\n<meta property=\"og:url\" content=\"https:\/\/quehacerpolitico.mx\/?p=15172\" \/>\n<meta property=\"article:published_time\" content=\"2019-01-24T15:06:41+00:00\" \/>\n<meta name=\"author\" content=\"Redacci\u00f3n QP\" \/>\n<meta name=\"twitter:card\" content=\"summary_large_image\" \/>\n<meta name=\"twitter:label1\" content=\"Escrito por\" \/>\n\t<meta name=\"twitter:data1\" content=\"Redacci\u00f3n QP\" \/>\n\t<meta name=\"twitter:label2\" content=\"Tiempo de lectura\" \/>\n\t<meta name=\"twitter:data2\" content=\"2 minutos\" \/>\n<script type=\"application\/ld+json\" class=\"yoast-schema-graph\">{\"@context\":\"https:\\\/\\\/schema.org\",\"@graph\":[{\"@type\":\"Article\",\"@id\":\"https:\\\/\\\/quehacerpolitico.mx\\\/?p=15172#article\",\"isPartOf\":{\"@id\":\"https:\\\/\\\/quehacerpolitico.mx\\\/?p=15172\"},\"author\":{\"name\":\"Redacci\u00f3n QP\",\"@id\":\"https:\\\/\\\/quehacerpolitico.mx\\\/#\\\/schema\\\/person\\\/496d8ad2d1d3f8036101dca7ee39e585\"},\"headline\":\"M\u00e9xico no intervendr\u00e1 y buscar\u00e1 la paz a M\u00e9xico le preocupa el respeto a los DDHH en Venezuela: Ebrard; pero no intervendr\u00e1, dice AMLO\",\"datePublished\":\"2019-01-24T15:06:41+00:00\",\"mainEntityOfPage\":{\"@id\":\"https:\\\/\\\/quehacerpolitico.mx\\\/?p=15172\"},\"wordCount\":420,\"commentCount\":0,\"image\":{\"@id\":\"https:\\\/\\\/quehacerpolitico.mx\\\/?p=15172#primaryimage\"},\"thumbnailUrl\":\"\",\"articleSection\":[\"Noticias\"],\"inLanguage\":\"es\",\"potentialAction\":[{\"@type\":\"CommentAction\",\"name\":\"Comment\",\"target\":[\"https:\\\/\\\/quehacerpolitico.mx\\\/?p=15172#respond\"]}]},{\"@type\":\"WebPage\",\"@id\":\"https:\\\/\\\/quehacerpolitico.mx\\\/?p=15172\",\"url\":\"https:\\\/\\\/quehacerpolitico.mx\\\/?p=15172\",\"name\":\"M\u00e9xico no intervendr\u00e1 y buscar\u00e1 la paz a M\u00e9xico le preocupa el respeto a los DDHH en Venezuela: Ebrard; pero no intervendr\u00e1, dice AMLO -\",\"isPartOf\":{\"@id\":\"https:\\\/\\\/quehacerpolitico.mx\\\/#website\"},\"primaryImageOfPage\":{\"@id\":\"https:\\\/\\\/quehacerpolitico.mx\\\/?p=15172#primaryimage\"},\"image\":{\"@id\":\"https:\\\/\\\/quehacerpolitico.mx\\\/?p=15172#primaryimage\"},\"thumbnailUrl\":\"\",\"datePublished\":\"2019-01-24T15:06:41+00:00\",\"author\":{\"@id\":\"https:\\\/\\\/quehacerpolitico.mx\\\/#\\\/schema\\\/person\\\/496d8ad2d1d3f8036101dca7ee39e585\"},\"breadcrumb\":{\"@id\":\"https:\\\/\\\/quehacerpolitico.mx\\\/?p=15172#breadcrumb\"},\"inLanguage\":\"es\",\"potentialAction\":[{\"@type\":\"ReadAction\",\"target\":[\"https:\\\/\\\/quehacerpolitico.mx\\\/?p=15172\"]}]},{\"@type\":\"ImageObject\",\"inLanguage\":\"es\",\"@id\":\"https:\\\/\\\/quehacerpolitico.mx\\\/?p=15172#primaryimage\",\"url\":\"\",\"contentUrl\":\"\"},{\"@type\":\"BreadcrumbList\",\"@id\":\"https:\\\/\\\/quehacerpolitico.mx\\\/?p=15172#breadcrumb\",\"itemListElement\":[{\"@type\":\"ListItem\",\"position\":1,\"name\":\"Inicio\",\"item\":\"https:\\\/\\\/quehacerpolitico.mx\\\/\"},{\"@type\":\"ListItem\",\"position\":2,\"name\":\"M\u00e9xico no intervendr\u00e1 y buscar\u00e1 la paz a M\u00e9xico le preocupa el respeto a los DDHH en Venezuela: Ebrard; pero no intervendr\u00e1, dice AMLO\"}]},{\"@type\":\"WebSite\",\"@id\":\"https:\\\/\\\/quehacerpolitico.mx\\\/#website\",\"url\":\"https:\\\/\\\/quehacerpolitico.mx\\\/\",\"name\":\"\",\"description\":\"\",\"potentialAction\":[{\"@type\":\"SearchAction\",\"target\":{\"@type\":\"EntryPoint\",\"urlTemplate\":\"https:\\\/\\\/quehacerpolitico.mx\\\/?s={search_term_string}\"},\"query-input\":{\"@type\":\"PropertyValueSpecification\",\"valueRequired\":true,\"valueName\":\"search_term_string\"}}],\"inLanguage\":\"es\"},{\"@type\":\"Person\",\"@id\":\"https:\\\/\\\/quehacerpolitico.mx\\\/#\\\/schema\\\/person\\\/496d8ad2d1d3f8036101dca7ee39e585\",\"name\":\"Redacci\u00f3n QP\",\"image\":{\"@type\":\"ImageObject\",\"inLanguage\":\"es\",\"@id\":\"https:\\\/\\\/secure.gravatar.com\\\/avatar\\\/c7164ed6fdec453195284ad24a5ae5b6e1eed2b848477fa2a4787ba9adf39a41?s=96&d=mm&r=g\",\"url\":\"https:\\\/\\\/secure.gravatar.com\\\/avatar\\\/c7164ed6fdec453195284ad24a5ae5b6e1eed2b848477fa2a4787ba9adf39a41?s=96&d=mm&r=g\",\"contentUrl\":\"https:\\\/\\\/secure.gravatar.com\\\/avatar\\\/c7164ed6fdec453195284ad24a5ae5b6e1eed2b848477fa2a4787ba9adf39a41?s=96&d=mm&r=g\",\"caption\":\"Redacci\u00f3n QP\"},\"url\":\"https:\\\/\\\/quehacerpolitico.mx\\\/?author=2\"}]}<\/script>\n<!-- \/ Yoast SEO plugin. -->","yoast_head_json":{"title":"M\u00e9xico no intervendr\u00e1 y buscar\u00e1 la paz a M\u00e9xico le preocupa el respeto a los DDHH en Venezuela: Ebrard; pero no intervendr\u00e1, dice AMLO -","robots":{"index":"index","follow":"follow","max-snippet":"max-snippet:-1","max-image-preview":"max-image-preview:large","max-video-preview":"max-video-preview:-1"},"canonical":"https:\/\/quehacerpolitico.mx\/?p=15172","og_locale":"es_MX","og_type":"article","og_title":"M\u00e9xico no intervendr\u00e1 y buscar\u00e1 la paz a M\u00e9xico le preocupa el respeto a los DDHH en Venezuela: Ebrard; pero no intervendr\u00e1, dice AMLO -","og_description":"M\u00e9xico no intervendr\u00e1 y buscar\u00e1 la paz a M\u00e9xico le preocupa el respeto a los DDHH en Venezuela: Ebrard; pero no intervendr\u00e1, dice AMLO","og_url":"https:\/\/quehacerpolitico.mx\/?p=15172","article_published_time":"2019-01-24T15:06:41+00:00","author":"Redacci\u00f3n QP","twitter_card":"summary_large_image","twitter_misc":{"Escrito por":"Redacci\u00f3n QP","Tiempo de lectura":"2 minutos"},"schema":{"@context":"https:\/\/schema.org","@graph":[{"@type":"Article","@id":"https:\/\/quehacerpolitico.mx\/?p=15172#article","isPartOf":{"@id":"https:\/\/quehacerpolitico.mx\/?p=15172"},"author":{"name":"Redacci\u00f3n QP","@id":"https:\/\/quehacerpolitico.mx\/#\/schema\/person\/496d8ad2d1d3f8036101dca7ee39e585"},"headline":"M\u00e9xico no intervendr\u00e1 y buscar\u00e1 la paz a M\u00e9xico le preocupa el respeto a los DDHH en Venezuela: Ebrard; pero no intervendr\u00e1, dice AMLO","datePublished":"2019-01-24T15:06:41+00:00","mainEntityOfPage":{"@id":"https:\/\/quehacerpolitico.mx\/?p=15172"},"wordCount":420,"commentCount":0,"image":{"@id":"https:\/\/quehacerpolitico.mx\/?p=15172#primaryimage"},"thumbnailUrl":"","articleSection":["Noticias"],"inLanguage":"es","potentialAction":[{"@type":"CommentAction","name":"Comment","target":["https:\/\/quehacerpolitico.mx\/?p=15172#respond"]}]},{"@type":"WebPage","@id":"https:\/\/quehacerpolitico.mx\/?p=15172","url":"https:\/\/quehacerpolitico.mx\/?p=15172","name":"M\u00e9xico no intervendr\u00e1 y buscar\u00e1 la paz a M\u00e9xico le preocupa el respeto a los DDHH en Venezuela: Ebrard; pero no intervendr\u00e1, dice AMLO -","isPartOf":{"@id":"https:\/\/quehacerpolitico.mx\/#website"},"primaryImageOfPage":{"@id":"https:\/\/quehacerpolitico.mx\/?p=15172#primaryimage"},"image":{"@id":"https:\/\/quehacerpolitico.mx\/?p=15172#primaryimage"},"thumbnailUrl":"","datePublished":"2019-01-24T15:06:41+00:00","author":{"@id":"https:\/\/quehacerpolitico.mx\/#\/schema\/person\/496d8ad2d1d3f8036101dca7ee39e585"},"breadcrumb":{"@id":"https:\/\/quehacerpolitico.mx\/?p=15172#breadcrumb"},"inLanguage":"es","potentialAction":[{"@type":"ReadAction","target":["https:\/\/quehacerpolitico.mx\/?p=15172"]}]},{"@type":"ImageObject","inLanguage":"es","@id":"https:\/\/quehacerpolitico.mx\/?p=15172#primaryimage","url":"","contentUrl":""},{"@type":"BreadcrumbList","@id":"https:\/\/quehacerpolitico.mx\/?p=15172#breadcrumb","itemListElement":[{"@type":"ListItem","position":1,"name":"Inicio","item":"https:\/\/quehacerpolitico.mx\/"},{"@type":"ListItem","position":2,"name":"M\u00e9xico no intervendr\u00e1 y buscar\u00e1 la paz a M\u00e9xico le preocupa el respeto a los DDHH en Venezuela: Ebrard; pero no intervendr\u00e1, dice AMLO"}]},{"@type":"WebSite","@id":"https:\/\/quehacerpolitico.mx\/#website","url":"https:\/\/quehacerpolitico.mx\/","name":"","description":"","potentialAction":[{"@type":"SearchAction","target":{"@type":"EntryPoint","urlTemplate":"https:\/\/quehacerpolitico.mx\/?s={search_term_string}"},"query-input":{"@type":"PropertyValueSpecification","valueRequired":true,"valueName":"search_term_string"}}],"inLanguage":"es"},{"@type":"Person","@id":"https:\/\/quehacerpolitico.mx\/#\/schema\/person\/496d8ad2d1d3f8036101dca7ee39e585","name":"Redacci\u00f3n QP","image":{"@type":"ImageObject","inLanguage":"es","@id":"https:\/\/secure.gravatar.com\/avatar\/c7164ed6fdec453195284ad24a5ae5b6e1eed2b848477fa2a4787ba9adf39a41?s=96&d=mm&r=g","url":"https:\/\/secure.gravatar.com\/avatar\/c7164ed6fdec453195284ad24a5ae5b6e1eed2b848477fa2a4787ba9adf39a41?s=96&d=mm&r=g","contentUrl":"https:\/\/secure.gravatar.com\/avatar\/c7164ed6fdec453195284ad24a5ae5b6e1eed2b848477fa2a4787ba9adf39a41?s=96&d=mm&r=g","caption":"Redacci\u00f3n QP"},"url":"https:\/\/quehacerpolitico.mx\/?author=2"}]}},"featured_image_urls":{"full":"","thumbnail":"","medium":"","medium_large":"","large":"","1536x1536":"","2048x2048":"","covernews-featured":"","covernews-medium":""},"author_info":{"display_name":"Redacci\u00f3n QP","author_link":"https:\/\/quehacerpolitico.mx\/?author=2"},"category_info":"<a href=\"https:\/\/quehacerpolitico.mx\/?cat=2\" rel=\"category\">Noticias<\/a>","tag_info":"Noticias","comment_count":"0","_links":{"self":[{"href":"https:\/\/quehacerpolitico.mx\/index.php?rest_route=\/wp\/v2\/posts\/15172","targetHints":{"allow":["GET"]}}],"collection":[{"href":"https:\/\/quehacerpolitico.mx\/index.php?rest_route=\/wp\/v2\/posts"}],"about":[{"href":"https:\/\/quehacerpolitico.mx\/index.php?rest_route=\/wp\/v2\/types\/post"}],"author":[{"embeddable":true,"href":"https:\/\/quehacerpolitico.mx\/index.php?rest_route=\/wp\/v2\/users\/2"}],"replies":[{"embeddable":true,"href":"https:\/\/quehacerpolitico.mx\/index.php?rest_route=%2Fwp%2Fv2%2Fcomments&post=15172"}],"version-history":[{"count":0,"href":"https:\/\/quehacerpolitico.mx\/index.php?rest_route=\/wp\/v2\/posts\/15172\/revisions"}],"wp:featuredmedia":[{"embeddable":true,"href":"https:\/\/quehacerpolitico.mx\/index.php?rest_route=\/"}],"wp:attachment":[{"href":"https:\/\/quehacerpolitico.mx\/index.php?rest_route=%2Fwp%2Fv2%2Fmedia&parent=15172"}],"wp:term":[{"taxonomy":"category","embeddable":true,"href":"https:\/\/quehacerpolitico.mx\/index.php?rest_route=%2Fwp%2Fv2%2Fcategories&post=15172"},{"taxonomy":"post_tag","embeddable":true,"href":"https:\/\/quehacerpolitico.mx\/index.php?rest_route=%2Fwp%2Fv2%2Ftags&post=15172"}],"curies":[{"name":"wp","href":"https:\/\/api.w.org\/{rel}","templated":true}]}}