{"id":15162,"date":"2019-01-24T04:27:15","date_gmt":"2019-01-24T04:27:15","guid":{"rendered":"http:\/\/quehacerpolitico.mx\/vayanse-con-cuidado-dice-sujeto-a-pasajeros-luego-de-asaltarlos-en-combi-del-edomex-video\/"},"modified":"2019-01-24T04:27:15","modified_gmt":"2019-01-24T04:27:15","slug":"vayanse-con-cuidado-dice-sujeto-a-pasajeros-luego-de-asaltarlos-en-combi-del-edomex-video","status":"publish","type":"post","link":"https:\/\/quehacerpolitico.mx\/?p=15162","title":{"rendered":"\u201cV\u00e1yanse con cuidado\u201d, dice sujeto a pasajeros luego de asaltarlos en combi del Edomex (VIDEO)"},"content":{"rendered":"<h1>\u201cV\u00e1yanse con cuidado\u201d, dice sujeto a pasajeros luego de asaltarlos en combi del Edomex (VIDEO)<\/h1>\n<p>Por Redacci\u00f3n QP<\/p>\n<p>https:\/\/twitter.com\/mreldiablo8\/status\/1088186532945686540?s=21<\/p>\n<p>La <strong>noche de este martes<\/strong>, <strong>dos sujetos asaltaron<\/strong> una <strong>unidad de transporte p\u00fablico<\/strong>en una <strong>autopista<\/strong> del municipio de <strong>Zumpango, Estado de M\u00e9xico<\/strong>. El instante fue captado por una c\u00e1mara de <strong>videovigilancia<\/strong>.<\/p>\n<p>En el video se observa que el operador cierra la puerta de la combi tras ocuparse la totalidad de los lugares y comienza a avanzar. Una vez que el veh\u00edculo est\u00e1 en movimiento uno de los hampones, de chamarra azul, saca un arma y amaga a algunos usuarios, mientras su c\u00f3mplice, de chamarra negra y gorra, despoja de sus pertenencias a otros m\u00e1s.<\/p>\n<blockquote>\n<p>\u201c\u00a1A ver se\u00f1ores, quietos, prietos!\u201d, dice el individuo de azul mientras saca una pistola y corta cartucho.<\/p>\n<\/blockquote>\n<p>\u201c\u00bfUstedes son \u201cguachos\u201d va?\u201d, le dice a un joven al tiempo de exigirle le entregue el celular y la cartera. \u201cUstedes son bien pasaditos de verga, ap\u00e1gamelo, dame tu cartera\u201d.<\/p>\n<blockquote>\n<p>Inmediatamente, el hamp\u00f3n obliga a un pasajero a cambiarse de lugar para ordenarle al chofer d\u00f3nde bajarlo: \u201cP\u00e1sate para ac\u00e1, viejo\u2026 \u00a1P\u00e1sate para ac\u00e1; pues si no estoy jugando, hijo de tu perra madre\u201d.<\/p>\n<p>Del mismo modo, amenaza a otros usuarios Al primer cambio de luces le voy a volar su pinche madre!\u201d.<\/p>\n<p>\u201cP\u00e1sate para all\u00e1, compadrito. T\u00fa p\u00e1same tu celular y tu cartera, hermanito\u201d, ordena a otros usuarios.<\/p>\n<p>\u201cMe vas a bajar adelantito de la gas, \u00bfsale? Por favor\u201d, le indica al chofer.<\/p>\n<p>\u201cEs en vivo, perro, no vine a jugar\u201d, le dice a otro pasajero.<\/p>\n<blockquote>\n<p>\u201cV\u00e1yanse con cuidado\u201d, dijeron los asaltantes antes de descender de la unidad.<\/p>\n<\/blockquote>\n<p>El asalto ocurri\u00f3 la noche del pasado martes 22 de enero en la carretera Los Reyes-Zumpango en el municipio del mismo nombre, en el Estado de M\u00e9xico.<\/p>\n<\/blockquote>\n","protected":false},"excerpt":{"rendered":"<p>\u201cV\u00e1yanse con cuidado\u201d, dice sujeto a pasajeros luego de asaltarlos en combi del Edomex (VIDEO)<br \/>\nPor Redacci\u00f3n QP<\/p>\n","protected":false},"author":2,"featured_media":15161,"comment_status":"open","ping_status":"open","sticky":false,"template":"","format":"standard","meta":{"_monsterinsights_skip_tracking":false,"_monsterinsights_sitenote_active":false,"_monsterinsights_sitenote_note":"","_monsterinsights_sitenote_category":0,"footnotes":""},"categories":[2],"tags":[],"class_list":["post-15162","post","type-post","status-publish","format-standard","has-post-thumbnail","hentry","category-noticias"],"yoast_head":"<!-- This site is optimized with the Yoast SEO plugin v27.3 - https:\/\/yoast.com\/product\/yoast-seo-wordpress\/ -->\n<title>\u201cV\u00e1yanse con cuidado\u201d, dice sujeto a pasajeros luego de asaltarlos en combi del Edomex (VIDEO) -<\/title>\n<meta name=\"robots\" content=\"index, follow, max-snippet:-1, max-image-preview:large, max-video-preview:-1\" \/>\n<link rel=\"canonical\" href=\"https:\/\/quehacerpolitico.mx\/?p=15162\" \/>\n<meta property=\"og:locale\" content=\"es_MX\" \/>\n<meta property=\"og:type\" content=\"article\" \/>\n<meta property=\"og:title\" content=\"\u201cV\u00e1yanse con cuidado\u201d, dice sujeto a pasajeros luego de asaltarlos en combi del Edomex (VIDEO) -\" \/>\n<meta property=\"og:description\" content=\"\u201cV\u00e1yanse con cuidado\u201d, dice sujeto a pasajeros luego de asaltarlos en combi del Edomex (VIDEO) Por Redacci\u00f3n QP\" \/>\n<meta property=\"og:url\" content=\"https:\/\/quehacerpolitico.mx\/?p=15162\" \/>\n<meta property=\"article:published_time\" content=\"2019-01-24T04:27:15+00:00\" \/>\n<meta name=\"author\" content=\"Redacci\u00f3n QP\" \/>\n<meta name=\"twitter:card\" content=\"summary_large_image\" \/>\n<meta name=\"twitter:label1\" content=\"Escrito por\" \/>\n\t<meta name=\"twitter:data1\" content=\"Redacci\u00f3n QP\" \/>\n\t<meta name=\"twitter:label2\" content=\"Tiempo de lectura\" \/>\n\t<meta name=\"twitter:data2\" content=\"2 minutos\" \/>\n<script type=\"application\/ld+json\" class=\"yoast-schema-graph\">{\"@context\":\"https:\\\/\\\/schema.org\",\"@graph\":[{\"@type\":\"Article\",\"@id\":\"https:\\\/\\\/quehacerpolitico.mx\\\/?p=15162#article\",\"isPartOf\":{\"@id\":\"https:\\\/\\\/quehacerpolitico.mx\\\/?p=15162\"},\"author\":{\"name\":\"Redacci\u00f3n QP\",\"@id\":\"https:\\\/\\\/quehacerpolitico.mx\\\/#\\\/schema\\\/person\\\/496d8ad2d1d3f8036101dca7ee39e585\"},\"headline\":\"\u201cV\u00e1yanse con cuidado\u201d, dice sujeto a pasajeros luego de asaltarlos en combi del Edomex (VIDEO)\",\"datePublished\":\"2019-01-24T04:27:15+00:00\",\"mainEntityOfPage\":{\"@id\":\"https:\\\/\\\/quehacerpolitico.mx\\\/?p=15162\"},\"wordCount\":334,\"commentCount\":0,\"image\":{\"@id\":\"https:\\\/\\\/quehacerpolitico.mx\\\/?p=15162#primaryimage\"},\"thumbnailUrl\":\"\",\"articleSection\":[\"Noticias\"],\"inLanguage\":\"es\",\"potentialAction\":[{\"@type\":\"CommentAction\",\"name\":\"Comment\",\"target\":[\"https:\\\/\\\/quehacerpolitico.mx\\\/?p=15162#respond\"]}]},{\"@type\":\"WebPage\",\"@id\":\"https:\\\/\\\/quehacerpolitico.mx\\\/?p=15162\",\"url\":\"https:\\\/\\\/quehacerpolitico.mx\\\/?p=15162\",\"name\":\"\u201cV\u00e1yanse con cuidado\u201d, dice sujeto a pasajeros luego de asaltarlos en combi del Edomex (VIDEO) -\",\"isPartOf\":{\"@id\":\"https:\\\/\\\/quehacerpolitico.mx\\\/#website\"},\"primaryImageOfPage\":{\"@id\":\"https:\\\/\\\/quehacerpolitico.mx\\\/?p=15162#primaryimage\"},\"image\":{\"@id\":\"https:\\\/\\\/quehacerpolitico.mx\\\/?p=15162#primaryimage\"},\"thumbnailUrl\":\"\",\"datePublished\":\"2019-01-24T04:27:15+00:00\",\"author\":{\"@id\":\"https:\\\/\\\/quehacerpolitico.mx\\\/#\\\/schema\\\/person\\\/496d8ad2d1d3f8036101dca7ee39e585\"},\"breadcrumb\":{\"@id\":\"https:\\\/\\\/quehacerpolitico.mx\\\/?p=15162#breadcrumb\"},\"inLanguage\":\"es\",\"potentialAction\":[{\"@type\":\"ReadAction\",\"target\":[\"https:\\\/\\\/quehacerpolitico.mx\\\/?p=15162\"]}]},{\"@type\":\"ImageObject\",\"inLanguage\":\"es\",\"@id\":\"https:\\\/\\\/quehacerpolitico.mx\\\/?p=15162#primaryimage\",\"url\":\"\",\"contentUrl\":\"\"},{\"@type\":\"BreadcrumbList\",\"@id\":\"https:\\\/\\\/quehacerpolitico.mx\\\/?p=15162#breadcrumb\",\"itemListElement\":[{\"@type\":\"ListItem\",\"position\":1,\"name\":\"Inicio\",\"item\":\"https:\\\/\\\/quehacerpolitico.mx\\\/\"},{\"@type\":\"ListItem\",\"position\":2,\"name\":\"\u201cV\u00e1yanse con cuidado\u201d, dice sujeto a pasajeros luego de asaltarlos en combi del Edomex (VIDEO)\"}]},{\"@type\":\"WebSite\",\"@id\":\"https:\\\/\\\/quehacerpolitico.mx\\\/#website\",\"url\":\"https:\\\/\\\/quehacerpolitico.mx\\\/\",\"name\":\"\",\"description\":\"\",\"potentialAction\":[{\"@type\":\"SearchAction\",\"target\":{\"@type\":\"EntryPoint\",\"urlTemplate\":\"https:\\\/\\\/quehacerpolitico.mx\\\/?s={search_term_string}\"},\"query-input\":{\"@type\":\"PropertyValueSpecification\",\"valueRequired\":true,\"valueName\":\"search_term_string\"}}],\"inLanguage\":\"es\"},{\"@type\":\"Person\",\"@id\":\"https:\\\/\\\/quehacerpolitico.mx\\\/#\\\/schema\\\/person\\\/496d8ad2d1d3f8036101dca7ee39e585\",\"name\":\"Redacci\u00f3n QP\",\"image\":{\"@type\":\"ImageObject\",\"inLanguage\":\"es\",\"@id\":\"https:\\\/\\\/secure.gravatar.com\\\/avatar\\\/c7164ed6fdec453195284ad24a5ae5b6e1eed2b848477fa2a4787ba9adf39a41?s=96&d=mm&r=g\",\"url\":\"https:\\\/\\\/secure.gravatar.com\\\/avatar\\\/c7164ed6fdec453195284ad24a5ae5b6e1eed2b848477fa2a4787ba9adf39a41?s=96&d=mm&r=g\",\"contentUrl\":\"https:\\\/\\\/secure.gravatar.com\\\/avatar\\\/c7164ed6fdec453195284ad24a5ae5b6e1eed2b848477fa2a4787ba9adf39a41?s=96&d=mm&r=g\",\"caption\":\"Redacci\u00f3n QP\"},\"url\":\"https:\\\/\\\/quehacerpolitico.mx\\\/?author=2\"}]}<\/script>\n<!-- \/ Yoast SEO plugin. -->","yoast_head_json":{"title":"\u201cV\u00e1yanse con cuidado\u201d, dice sujeto a pasajeros luego de asaltarlos en combi del Edomex (VIDEO) -","robots":{"index":"index","follow":"follow","max-snippet":"max-snippet:-1","max-image-preview":"max-image-preview:large","max-video-preview":"max-video-preview:-1"},"canonical":"https:\/\/quehacerpolitico.mx\/?p=15162","og_locale":"es_MX","og_type":"article","og_title":"\u201cV\u00e1yanse con cuidado\u201d, dice sujeto a pasajeros luego de asaltarlos en combi del Edomex (VIDEO) -","og_description":"\u201cV\u00e1yanse con cuidado\u201d, dice sujeto a pasajeros luego de asaltarlos en combi del Edomex (VIDEO) Por Redacci\u00f3n QP","og_url":"https:\/\/quehacerpolitico.mx\/?p=15162","article_published_time":"2019-01-24T04:27:15+00:00","author":"Redacci\u00f3n QP","twitter_card":"summary_large_image","twitter_misc":{"Escrito por":"Redacci\u00f3n QP","Tiempo de lectura":"2 minutos"},"schema":{"@context":"https:\/\/schema.org","@graph":[{"@type":"Article","@id":"https:\/\/quehacerpolitico.mx\/?p=15162#article","isPartOf":{"@id":"https:\/\/quehacerpolitico.mx\/?p=15162"},"author":{"name":"Redacci\u00f3n QP","@id":"https:\/\/quehacerpolitico.mx\/#\/schema\/person\/496d8ad2d1d3f8036101dca7ee39e585"},"headline":"\u201cV\u00e1yanse con cuidado\u201d, dice sujeto a pasajeros luego de asaltarlos en combi del Edomex (VIDEO)","datePublished":"2019-01-24T04:27:15+00:00","mainEntityOfPage":{"@id":"https:\/\/quehacerpolitico.mx\/?p=15162"},"wordCount":334,"commentCount":0,"image":{"@id":"https:\/\/quehacerpolitico.mx\/?p=15162#primaryimage"},"thumbnailUrl":"","articleSection":["Noticias"],"inLanguage":"es","potentialAction":[{"@type":"CommentAction","name":"Comment","target":["https:\/\/quehacerpolitico.mx\/?p=15162#respond"]}]},{"@type":"WebPage","@id":"https:\/\/quehacerpolitico.mx\/?p=15162","url":"https:\/\/quehacerpolitico.mx\/?p=15162","name":"\u201cV\u00e1yanse con cuidado\u201d, dice sujeto a pasajeros luego de asaltarlos en combi del Edomex (VIDEO) -","isPartOf":{"@id":"https:\/\/quehacerpolitico.mx\/#website"},"primaryImageOfPage":{"@id":"https:\/\/quehacerpolitico.mx\/?p=15162#primaryimage"},"image":{"@id":"https:\/\/quehacerpolitico.mx\/?p=15162#primaryimage"},"thumbnailUrl":"","datePublished":"2019-01-24T04:27:15+00:00","author":{"@id":"https:\/\/quehacerpolitico.mx\/#\/schema\/person\/496d8ad2d1d3f8036101dca7ee39e585"},"breadcrumb":{"@id":"https:\/\/quehacerpolitico.mx\/?p=15162#breadcrumb"},"inLanguage":"es","potentialAction":[{"@type":"ReadAction","target":["https:\/\/quehacerpolitico.mx\/?p=15162"]}]},{"@type":"ImageObject","inLanguage":"es","@id":"https:\/\/quehacerpolitico.mx\/?p=15162#primaryimage","url":"","contentUrl":""},{"@type":"BreadcrumbList","@id":"https:\/\/quehacerpolitico.mx\/?p=15162#breadcrumb","itemListElement":[{"@type":"ListItem","position":1,"name":"Inicio","item":"https:\/\/quehacerpolitico.mx\/"},{"@type":"ListItem","position":2,"name":"\u201cV\u00e1yanse con cuidado\u201d, dice sujeto a pasajeros luego de asaltarlos en combi del Edomex (VIDEO)"}]},{"@type":"WebSite","@id":"https:\/\/quehacerpolitico.mx\/#website","url":"https:\/\/quehacerpolitico.mx\/","name":"","description":"","potentialAction":[{"@type":"SearchAction","target":{"@type":"EntryPoint","urlTemplate":"https:\/\/quehacerpolitico.mx\/?s={search_term_string}"},"query-input":{"@type":"PropertyValueSpecification","valueRequired":true,"valueName":"search_term_string"}}],"inLanguage":"es"},{"@type":"Person","@id":"https:\/\/quehacerpolitico.mx\/#\/schema\/person\/496d8ad2d1d3f8036101dca7ee39e585","name":"Redacci\u00f3n QP","image":{"@type":"ImageObject","inLanguage":"es","@id":"https:\/\/secure.gravatar.com\/avatar\/c7164ed6fdec453195284ad24a5ae5b6e1eed2b848477fa2a4787ba9adf39a41?s=96&d=mm&r=g","url":"https:\/\/secure.gravatar.com\/avatar\/c7164ed6fdec453195284ad24a5ae5b6e1eed2b848477fa2a4787ba9adf39a41?s=96&d=mm&r=g","contentUrl":"https:\/\/secure.gravatar.com\/avatar\/c7164ed6fdec453195284ad24a5ae5b6e1eed2b848477fa2a4787ba9adf39a41?s=96&d=mm&r=g","caption":"Redacci\u00f3n QP"},"url":"https:\/\/quehacerpolitico.mx\/?author=2"}]}},"featured_image_urls":{"full":"","thumbnail":"","medium":"","medium_large":"","large":"","1536x1536":"","2048x2048":"","covernews-featured":"","covernews-medium":""},"author_info":{"display_name":"Redacci\u00f3n QP","author_link":"https:\/\/quehacerpolitico.mx\/?author=2"},"category_info":"<a href=\"https:\/\/quehacerpolitico.mx\/?cat=2\" rel=\"category\">Noticias<\/a>","tag_info":"Noticias","comment_count":"0","_links":{"self":[{"href":"https:\/\/quehacerpolitico.mx\/index.php?rest_route=\/wp\/v2\/posts\/15162","targetHints":{"allow":["GET"]}}],"collection":[{"href":"https:\/\/quehacerpolitico.mx\/index.php?rest_route=\/wp\/v2\/posts"}],"about":[{"href":"https:\/\/quehacerpolitico.mx\/index.php?rest_route=\/wp\/v2\/types\/post"}],"author":[{"embeddable":true,"href":"https:\/\/quehacerpolitico.mx\/index.php?rest_route=\/wp\/v2\/users\/2"}],"replies":[{"embeddable":true,"href":"https:\/\/quehacerpolitico.mx\/index.php?rest_route=%2Fwp%2Fv2%2Fcomments&post=15162"}],"version-history":[{"count":0,"href":"https:\/\/quehacerpolitico.mx\/index.php?rest_route=\/wp\/v2\/posts\/15162\/revisions"}],"wp:featuredmedia":[{"embeddable":true,"href":"https:\/\/quehacerpolitico.mx\/index.php?rest_route=\/"}],"wp:attachment":[{"href":"https:\/\/quehacerpolitico.mx\/index.php?rest_route=%2Fwp%2Fv2%2Fmedia&parent=15162"}],"wp:term":[{"taxonomy":"category","embeddable":true,"href":"https:\/\/quehacerpolitico.mx\/index.php?rest_route=%2Fwp%2Fv2%2Fcategories&post=15162"},{"taxonomy":"post_tag","embeddable":true,"href":"https:\/\/quehacerpolitico.mx\/index.php?rest_route=%2Fwp%2Fv2%2Ftags&post=15162"}],"curies":[{"name":"wp","href":"https:\/\/api.w.org\/{rel}","templated":true}]}}