{"id":15156,"date":"2019-01-24T03:53:08","date_gmt":"2019-01-24T03:53:08","guid":{"rendered":"http:\/\/quehacerpolitico.mx\/entregan-primeras-obras-2019-en-huixquilucan\/"},"modified":"2019-01-24T03:53:08","modified_gmt":"2019-01-24T03:53:08","slug":"entregan-primeras-obras-2019-en-huixquilucan","status":"publish","type":"post","link":"https:\/\/quehacerpolitico.mx\/?p=15156","title":{"rendered":"ENTREGAN PRIMERAS OBRAS 2019 EN HUIXQUILUCAN"},"content":{"rendered":"<h3 class=\"post-title entry-title\">ENTREGAN PRIMERAS OBRAS 2019 EN HUIXQUILUCAN<\/h3>\n<p>Por Redacci\u00f3n QP<\/p>\n<p class=\"yiv6152653651MsoNormal\">El presidente municipal de Huixquilucan, Enrique Vargas del Villar entreg\u00f3 en la escuela primaria &#8220;Mariano Azuela&#8221; y en el Jard\u00edn de Ni\u00f1os &#8220;Aquiles Serd\u00e1n&#8221;, aulas para que los alumnos tengan espacios dignos para su aprendizaje.\u00a0<\/p>\n<p class=\"yiv6152653651MsoNormal\">Ante la comunidad estudiantil y padres de familia, el Edil enfatiz\u00f3 que en el primer mes de gobierno se est\u00e1n entregando obras gracias al manejo responsable de las finanzas p\u00fablicas, que ha sido reconocido por calificadoras de talla internacional, lo que permiti\u00f3 que este segundo periodo de gobierno, haya iniciado con m\u00e1s de 140 millones de pesos en las arcas municipales.\u00a0<\/p>\n<p class=\"yiv6152653651MsoNormal\">Agreg\u00f3 que para este a\u00f1o, en coordinaci\u00f3n con el sistema municipal para el Desarrollo Integral de la Familia, dirigido por Romina Contreras Carrasco, se seguir\u00e1n realizando visitas a parques tem\u00e1ticos, para que ni\u00f1as y ni\u00f1os aprendan jugando.\u00a0<\/p>\n<p class=\"yiv6152653651MsoNormal\">Acompa\u00f1ado por integrantes del Cabildo, gabinete, autoridades auxiliares y escolares, Vargas del Villar se comprometi\u00f3 a seguir haciendo de Huixquilucan el mejor lugar para vivir con un gobierno cercano a la ciudadan\u00eda.\u00a0<\/p>\n<p class=\"yiv6152653651MsoNormal\">Edgar de la Torre Benavides, director de Infraestructura y Edificaci\u00f3n, detall\u00f3 que cada aula consta de 48 metros cuadrados, en los que se utilizaron materiales de primera calidad y con los requerimientos necesarios para soportar en el futuro un crecimiento de las escuelas.\u00a0<\/p>\n<p class=\"yiv6152653651MsoNormal\">Personal docente y padres de familia, coincidieron al reconocer el trabajo del Alcalde y la administraci\u00f3n municipal en materia educativa, ya que obras de esta magnitud permiten a los alumnos recibir sus clases en espacios dignos, en los que se desarrollan de manera integral y sana.\u00a0<\/p>\n<blockquote class=\"twitter-tweet\" data-width=\"550\" data-dnt=\"true\">\n<p lang=\"es\" dir=\"ltr\">El d\u00eda de hoy, iniciamos con la entrega de obras del a\u00f1o. Los alumnos de la Escuela Primaria Mariano Azuela de la comunidad de El Mirador, cuentan hoy, con un aula nueva. <a href=\"https:\/\/twitter.com\/hashtag\/HuixquilucanEducado?src=hash&amp;ref_src=twsrc%5Etfw\">#HuixquilucanEducado<\/a> <a href=\"https:\/\/twitter.com\/hashtag\/SigamosCreciendo?src=hash&amp;ref_src=twsrc%5Etfw\">#SigamosCreciendo<\/a> <a href=\"https:\/\/t.co\/87DatXijBC\">pic.twitter.com\/87DatXijBC<\/a><\/p>\n<p>&mdash; Gob Huixquilucan (@HuixquiGob) <a href=\"https:\/\/twitter.com\/HuixquiGob\/status\/1088088440451854342?ref_src=twsrc%5Etfw\">January 23, 2019<\/a><\/p><\/blockquote>\n<p><script async src=\"https:\/\/platform.twitter.com\/widgets.js\" charset=\"utf-8\"><\/script><\/p>\n","protected":false},"excerpt":{"rendered":"<p>ENTREGAN PRIMERAS OBRAS 2019 EN HUIXQUILUCAN<br \/>\nPor Redacci\u00f3n QP<\/p>\n","protected":false},"author":2,"featured_media":15155,"comment_status":"open","ping_status":"open","sticky":false,"template":"","format":"standard","meta":{"_monsterinsights_skip_tracking":false,"_monsterinsights_sitenote_active":false,"_monsterinsights_sitenote_note":"","_monsterinsights_sitenote_category":0,"footnotes":""},"categories":[2],"tags":[],"class_list":["post-15156","post","type-post","status-publish","format-standard","has-post-thumbnail","hentry","category-noticias"],"yoast_head":"<!-- This site is optimized with the Yoast SEO plugin v27.3 - https:\/\/yoast.com\/product\/yoast-seo-wordpress\/ -->\n<title>ENTREGAN PRIMERAS OBRAS 2019 EN HUIXQUILUCAN -<\/title>\n<meta name=\"robots\" content=\"index, follow, max-snippet:-1, max-image-preview:large, max-video-preview:-1\" \/>\n<link rel=\"canonical\" href=\"https:\/\/quehacerpolitico.mx\/?p=15156\" \/>\n<meta property=\"og:locale\" content=\"es_MX\" \/>\n<meta property=\"og:type\" content=\"article\" \/>\n<meta property=\"og:title\" content=\"ENTREGAN PRIMERAS OBRAS 2019 EN HUIXQUILUCAN -\" \/>\n<meta property=\"og:description\" content=\"ENTREGAN PRIMERAS OBRAS 2019 EN HUIXQUILUCAN Por Redacci\u00f3n QP\" \/>\n<meta property=\"og:url\" content=\"https:\/\/quehacerpolitico.mx\/?p=15156\" \/>\n<meta property=\"article:published_time\" content=\"2019-01-24T03:53:08+00:00\" \/>\n<meta name=\"author\" content=\"Redacci\u00f3n QP\" \/>\n<meta name=\"twitter:card\" content=\"summary_large_image\" \/>\n<meta name=\"twitter:label1\" content=\"Escrito por\" \/>\n\t<meta name=\"twitter:data1\" content=\"Redacci\u00f3n QP\" \/>\n\t<meta name=\"twitter:label2\" content=\"Tiempo de lectura\" \/>\n\t<meta name=\"twitter:data2\" content=\"1 minuto\" \/>\n<script type=\"application\/ld+json\" class=\"yoast-schema-graph\">{\"@context\":\"https:\\\/\\\/schema.org\",\"@graph\":[{\"@type\":\"Article\",\"@id\":\"https:\\\/\\\/quehacerpolitico.mx\\\/?p=15156#article\",\"isPartOf\":{\"@id\":\"https:\\\/\\\/quehacerpolitico.mx\\\/?p=15156\"},\"author\":{\"name\":\"Redacci\u00f3n QP\",\"@id\":\"https:\\\/\\\/quehacerpolitico.mx\\\/#\\\/schema\\\/person\\\/496d8ad2d1d3f8036101dca7ee39e585\"},\"headline\":\"ENTREGAN PRIMERAS OBRAS 2019 EN HUIXQUILUCAN\",\"datePublished\":\"2019-01-24T03:53:08+00:00\",\"mainEntityOfPage\":{\"@id\":\"https:\\\/\\\/quehacerpolitico.mx\\\/?p=15156\"},\"wordCount\":288,\"commentCount\":0,\"image\":{\"@id\":\"https:\\\/\\\/quehacerpolitico.mx\\\/?p=15156#primaryimage\"},\"thumbnailUrl\":\"\",\"articleSection\":[\"Noticias\"],\"inLanguage\":\"es\",\"potentialAction\":[{\"@type\":\"CommentAction\",\"name\":\"Comment\",\"target\":[\"https:\\\/\\\/quehacerpolitico.mx\\\/?p=15156#respond\"]}]},{\"@type\":\"WebPage\",\"@id\":\"https:\\\/\\\/quehacerpolitico.mx\\\/?p=15156\",\"url\":\"https:\\\/\\\/quehacerpolitico.mx\\\/?p=15156\",\"name\":\"ENTREGAN PRIMERAS OBRAS 2019 EN HUIXQUILUCAN -\",\"isPartOf\":{\"@id\":\"https:\\\/\\\/quehacerpolitico.mx\\\/#website\"},\"primaryImageOfPage\":{\"@id\":\"https:\\\/\\\/quehacerpolitico.mx\\\/?p=15156#primaryimage\"},\"image\":{\"@id\":\"https:\\\/\\\/quehacerpolitico.mx\\\/?p=15156#primaryimage\"},\"thumbnailUrl\":\"\",\"datePublished\":\"2019-01-24T03:53:08+00:00\",\"author\":{\"@id\":\"https:\\\/\\\/quehacerpolitico.mx\\\/#\\\/schema\\\/person\\\/496d8ad2d1d3f8036101dca7ee39e585\"},\"breadcrumb\":{\"@id\":\"https:\\\/\\\/quehacerpolitico.mx\\\/?p=15156#breadcrumb\"},\"inLanguage\":\"es\",\"potentialAction\":[{\"@type\":\"ReadAction\",\"target\":[\"https:\\\/\\\/quehacerpolitico.mx\\\/?p=15156\"]}]},{\"@type\":\"ImageObject\",\"inLanguage\":\"es\",\"@id\":\"https:\\\/\\\/quehacerpolitico.mx\\\/?p=15156#primaryimage\",\"url\":\"\",\"contentUrl\":\"\"},{\"@type\":\"BreadcrumbList\",\"@id\":\"https:\\\/\\\/quehacerpolitico.mx\\\/?p=15156#breadcrumb\",\"itemListElement\":[{\"@type\":\"ListItem\",\"position\":1,\"name\":\"Inicio\",\"item\":\"https:\\\/\\\/quehacerpolitico.mx\\\/\"},{\"@type\":\"ListItem\",\"position\":2,\"name\":\"ENTREGAN PRIMERAS OBRAS 2019 EN HUIXQUILUCAN\"}]},{\"@type\":\"WebSite\",\"@id\":\"https:\\\/\\\/quehacerpolitico.mx\\\/#website\",\"url\":\"https:\\\/\\\/quehacerpolitico.mx\\\/\",\"name\":\"\",\"description\":\"\",\"potentialAction\":[{\"@type\":\"SearchAction\",\"target\":{\"@type\":\"EntryPoint\",\"urlTemplate\":\"https:\\\/\\\/quehacerpolitico.mx\\\/?s={search_term_string}\"},\"query-input\":{\"@type\":\"PropertyValueSpecification\",\"valueRequired\":true,\"valueName\":\"search_term_string\"}}],\"inLanguage\":\"es\"},{\"@type\":\"Person\",\"@id\":\"https:\\\/\\\/quehacerpolitico.mx\\\/#\\\/schema\\\/person\\\/496d8ad2d1d3f8036101dca7ee39e585\",\"name\":\"Redacci\u00f3n QP\",\"image\":{\"@type\":\"ImageObject\",\"inLanguage\":\"es\",\"@id\":\"https:\\\/\\\/secure.gravatar.com\\\/avatar\\\/c7164ed6fdec453195284ad24a5ae5b6e1eed2b848477fa2a4787ba9adf39a41?s=96&d=mm&r=g\",\"url\":\"https:\\\/\\\/secure.gravatar.com\\\/avatar\\\/c7164ed6fdec453195284ad24a5ae5b6e1eed2b848477fa2a4787ba9adf39a41?s=96&d=mm&r=g\",\"contentUrl\":\"https:\\\/\\\/secure.gravatar.com\\\/avatar\\\/c7164ed6fdec453195284ad24a5ae5b6e1eed2b848477fa2a4787ba9adf39a41?s=96&d=mm&r=g\",\"caption\":\"Redacci\u00f3n QP\"},\"url\":\"https:\\\/\\\/quehacerpolitico.mx\\\/?author=2\"}]}<\/script>\n<!-- \/ Yoast SEO plugin. -->","yoast_head_json":{"title":"ENTREGAN PRIMERAS OBRAS 2019 EN HUIXQUILUCAN -","robots":{"index":"index","follow":"follow","max-snippet":"max-snippet:-1","max-image-preview":"max-image-preview:large","max-video-preview":"max-video-preview:-1"},"canonical":"https:\/\/quehacerpolitico.mx\/?p=15156","og_locale":"es_MX","og_type":"article","og_title":"ENTREGAN PRIMERAS OBRAS 2019 EN HUIXQUILUCAN -","og_description":"ENTREGAN PRIMERAS OBRAS 2019 EN HUIXQUILUCAN Por Redacci\u00f3n QP","og_url":"https:\/\/quehacerpolitico.mx\/?p=15156","article_published_time":"2019-01-24T03:53:08+00:00","author":"Redacci\u00f3n QP","twitter_card":"summary_large_image","twitter_misc":{"Escrito por":"Redacci\u00f3n QP","Tiempo de lectura":"1 minuto"},"schema":{"@context":"https:\/\/schema.org","@graph":[{"@type":"Article","@id":"https:\/\/quehacerpolitico.mx\/?p=15156#article","isPartOf":{"@id":"https:\/\/quehacerpolitico.mx\/?p=15156"},"author":{"name":"Redacci\u00f3n QP","@id":"https:\/\/quehacerpolitico.mx\/#\/schema\/person\/496d8ad2d1d3f8036101dca7ee39e585"},"headline":"ENTREGAN PRIMERAS OBRAS 2019 EN HUIXQUILUCAN","datePublished":"2019-01-24T03:53:08+00:00","mainEntityOfPage":{"@id":"https:\/\/quehacerpolitico.mx\/?p=15156"},"wordCount":288,"commentCount":0,"image":{"@id":"https:\/\/quehacerpolitico.mx\/?p=15156#primaryimage"},"thumbnailUrl":"","articleSection":["Noticias"],"inLanguage":"es","potentialAction":[{"@type":"CommentAction","name":"Comment","target":["https:\/\/quehacerpolitico.mx\/?p=15156#respond"]}]},{"@type":"WebPage","@id":"https:\/\/quehacerpolitico.mx\/?p=15156","url":"https:\/\/quehacerpolitico.mx\/?p=15156","name":"ENTREGAN PRIMERAS OBRAS 2019 EN HUIXQUILUCAN -","isPartOf":{"@id":"https:\/\/quehacerpolitico.mx\/#website"},"primaryImageOfPage":{"@id":"https:\/\/quehacerpolitico.mx\/?p=15156#primaryimage"},"image":{"@id":"https:\/\/quehacerpolitico.mx\/?p=15156#primaryimage"},"thumbnailUrl":"","datePublished":"2019-01-24T03:53:08+00:00","author":{"@id":"https:\/\/quehacerpolitico.mx\/#\/schema\/person\/496d8ad2d1d3f8036101dca7ee39e585"},"breadcrumb":{"@id":"https:\/\/quehacerpolitico.mx\/?p=15156#breadcrumb"},"inLanguage":"es","potentialAction":[{"@type":"ReadAction","target":["https:\/\/quehacerpolitico.mx\/?p=15156"]}]},{"@type":"ImageObject","inLanguage":"es","@id":"https:\/\/quehacerpolitico.mx\/?p=15156#primaryimage","url":"","contentUrl":""},{"@type":"BreadcrumbList","@id":"https:\/\/quehacerpolitico.mx\/?p=15156#breadcrumb","itemListElement":[{"@type":"ListItem","position":1,"name":"Inicio","item":"https:\/\/quehacerpolitico.mx\/"},{"@type":"ListItem","position":2,"name":"ENTREGAN PRIMERAS OBRAS 2019 EN HUIXQUILUCAN"}]},{"@type":"WebSite","@id":"https:\/\/quehacerpolitico.mx\/#website","url":"https:\/\/quehacerpolitico.mx\/","name":"","description":"","potentialAction":[{"@type":"SearchAction","target":{"@type":"EntryPoint","urlTemplate":"https:\/\/quehacerpolitico.mx\/?s={search_term_string}"},"query-input":{"@type":"PropertyValueSpecification","valueRequired":true,"valueName":"search_term_string"}}],"inLanguage":"es"},{"@type":"Person","@id":"https:\/\/quehacerpolitico.mx\/#\/schema\/person\/496d8ad2d1d3f8036101dca7ee39e585","name":"Redacci\u00f3n QP","image":{"@type":"ImageObject","inLanguage":"es","@id":"https:\/\/secure.gravatar.com\/avatar\/c7164ed6fdec453195284ad24a5ae5b6e1eed2b848477fa2a4787ba9adf39a41?s=96&d=mm&r=g","url":"https:\/\/secure.gravatar.com\/avatar\/c7164ed6fdec453195284ad24a5ae5b6e1eed2b848477fa2a4787ba9adf39a41?s=96&d=mm&r=g","contentUrl":"https:\/\/secure.gravatar.com\/avatar\/c7164ed6fdec453195284ad24a5ae5b6e1eed2b848477fa2a4787ba9adf39a41?s=96&d=mm&r=g","caption":"Redacci\u00f3n QP"},"url":"https:\/\/quehacerpolitico.mx\/?author=2"}]}},"featured_image_urls":{"full":"","thumbnail":"","medium":"","medium_large":"","large":"","1536x1536":"","2048x2048":"","covernews-featured":"","covernews-medium":""},"author_info":{"display_name":"Redacci\u00f3n QP","author_link":"https:\/\/quehacerpolitico.mx\/?author=2"},"category_info":"<a href=\"https:\/\/quehacerpolitico.mx\/?cat=2\" rel=\"category\">Noticias<\/a>","tag_info":"Noticias","comment_count":"0","_links":{"self":[{"href":"https:\/\/quehacerpolitico.mx\/index.php?rest_route=\/wp\/v2\/posts\/15156","targetHints":{"allow":["GET"]}}],"collection":[{"href":"https:\/\/quehacerpolitico.mx\/index.php?rest_route=\/wp\/v2\/posts"}],"about":[{"href":"https:\/\/quehacerpolitico.mx\/index.php?rest_route=\/wp\/v2\/types\/post"}],"author":[{"embeddable":true,"href":"https:\/\/quehacerpolitico.mx\/index.php?rest_route=\/wp\/v2\/users\/2"}],"replies":[{"embeddable":true,"href":"https:\/\/quehacerpolitico.mx\/index.php?rest_route=%2Fwp%2Fv2%2Fcomments&post=15156"}],"version-history":[{"count":0,"href":"https:\/\/quehacerpolitico.mx\/index.php?rest_route=\/wp\/v2\/posts\/15156\/revisions"}],"wp:featuredmedia":[{"embeddable":true,"href":"https:\/\/quehacerpolitico.mx\/index.php?rest_route=\/"}],"wp:attachment":[{"href":"https:\/\/quehacerpolitico.mx\/index.php?rest_route=%2Fwp%2Fv2%2Fmedia&parent=15156"}],"wp:term":[{"taxonomy":"category","embeddable":true,"href":"https:\/\/quehacerpolitico.mx\/index.php?rest_route=%2Fwp%2Fv2%2Fcategories&post=15156"},{"taxonomy":"post_tag","embeddable":true,"href":"https:\/\/quehacerpolitico.mx\/index.php?rest_route=%2Fwp%2Fv2%2Ftags&post=15156"}],"curies":[{"name":"wp","href":"https:\/\/api.w.org\/{rel}","templated":true}]}}