{"id":15148,"date":"2019-01-24T03:12:50","date_gmt":"2019-01-24T03:12:50","guid":{"rendered":"http:\/\/quehacerpolitico.mx\/el-ine-aprueba-ajustes-por-recorte-a-su-presupuesto-en-2019\/"},"modified":"2019-01-24T03:12:50","modified_gmt":"2019-01-24T03:12:50","slug":"el-ine-aprueba-ajustes-por-recorte-a-su-presupuesto-en-2019","status":"publish","type":"post","link":"https:\/\/quehacerpolitico.mx\/?p=15148","title":{"rendered":"El INE aprueba ajustes por recorte a su presupuesto en 2019"},"content":{"rendered":"<h1 class=\"news-title\">El INE aprueba ajustes por recorte a su presupuesto en 2019<\/h1>\n<p>Por Redacci\u00f3n QP<\/p>\n<header class=\"news-header\">\n<div class=\"news-subtitle\">\n<p>Piden ampliaci\u00f3n presupuestal por 619.2 millones de pesos para elecciones de este a\u00f1o<\/p>\n<\/div>\n<\/header>\n<div class=\"news-content\">\n<div class=\"news-body row\">\n<p>El Consejo General del Instituto Nacional Electoral (INE),\u00a0aprob\u00f3 el acuerdo para aplicar medidas de ajuste econ\u00f3mico, debido al recorte de 950 millones de pesos que realiz\u00f3 la C\u00e1mara de Diputados a este organismo al aprobar el Presupuesto de Egresos de la Federaci\u00f3n.<\/p>\n<blockquote>\n<p>&#8220;El recorte coloca al INE en un estado de insolvencia para cumplir a cabalidad con sus facultades y obligaciones&#8221;<\/p>\n<\/blockquote>\n<p>Al exponer el proyecto de acuerdo, el consejero presidente Lorenzo C\u00f3rdova Vianello <strong>advirti\u00f3 que este recorte presupuestal &#8220;coloca al INE en un estado de insolvencia para cumplir a cabalidadcon sus facultades y obligaciones&#8221;.<\/strong><\/p>\n<p>Este recorte es una paradoja, dijo, pues se da en un contexto en que el gasto p\u00fablico para este a\u00f1o subi\u00f3 en casi 10.6 por ciento en t\u00e9rminos nominales con respecto a 2018, por lo que consider\u00f3 que no hab\u00eda una raz\u00f3n fundada para el recorte presupuestal.<\/p>\n<p>En sesi\u00f3n extraordinaria urgente, con 10 votos a favor y uno en contra, tambi\u00e9n <strong>se aval\u00f3 pedir una ampliaci\u00f3n presupuestal al gobierno federal, por 619.2 millones de pesos<\/strong> que son los recursos que se necesitan para poder cumplir con la responsabilidad de participar en las cinco elecciones locales que se realizar\u00e1n en 2019.<\/p>\n<p>En este punto dijo que est\u00e1 seguro que en breve, &#8220;el gobierno federal y el INE, con responsabilidad y con pleno respeto a nuestros \u00e1mbitos de competencia y a la autonom\u00eda constitucional del \u00f3rgano electoral, solucionaremos el problema financiero, en el que lamentablemente se encuentra este instituto y podremos subsanar puntualmente los faltantes que contablemente tendremos en la parte final del a\u00f1o&#8221;.<\/p>\n<p>Explic\u00f3 que el monto restante, m\u00e1s de 330 millones de pesos, ser\u00e1n absorbidos por la instituci\u00f3n a partir de un esfuerzo adicional de ajuste que supone la reducci\u00f3n de 32 por ciento en telefon\u00eda convencional, de casi 30 por ciento en pasajes, 29 por ciento en vi\u00e1ticos, 25 por ciento en las asesor\u00edas, casi 10 por ciento en combustible, as\u00ed como la supresi\u00f3n de varios proyectos y reducciones sustantivas en otros.<\/p>\n<blockquote>\n<p>&#8220;Nunca en la historia del instituto \u00e9ste ha dejado de cumplir cabal y plenamente con sus atribuciones constitucionales&#8221;<\/p>\n<\/blockquote>\n<p>&#8220;El esfuerzo no es menor y actuamos con toda la responsabilidad. Quiero ser enf\u00e1tico y claro en lo siguiente: nunca en la historia del instituto \u00e9ste ha dejado de cumplir cabal y plenamente con sus atribuciones constitucionales, pero tambi\u00e9n con sus obligaciones legales, as\u00ed ha ocurrido y as\u00ed seguir\u00e1 ocurriendo&#8221;.<\/p>\n<p>Precis\u00f3 que entre las acciones que se aplicar\u00e1n est\u00e1n: tomar temporalmente recursos de los \u00faltimos meses del a\u00f1o, para no afectar los derechos ciudadanos ni la recreaci\u00f3n de los procesos democr\u00e1ticos del pa\u00eds, mientras se soluciona el problema de los faltantes financieros a los que se orill\u00f3 a esta instituci\u00f3n.<\/p>\n<p>&#8220;De eso se trata no de otra cosa, no nos equivoquemos&#8221;, afirm\u00f3, al destacar que la situaci\u00f3n del instituto es grave e in\u00e9dita, pues nunca en su historia el INE, y antes el IFE, se le hab\u00eda colocado en una situaci\u00f3n similar de insolvencia para cumplir cabalmente para cumplir con sus funciones.<\/p>\n<p>&#8220;Las decisiones que tenemos que tomar son tambi\u00e9n in\u00e9ditas y buscan un equilibrio que nos permita cumplir con todas las funciones que la Constituci\u00f3n nos encomienda&#8221;, se\u00f1al\u00f3 C\u00f3rdova Vianello.<\/p>\n<p>Agreg\u00f3 que de lo que se trata con la aprobaci\u00f3n de estas medidas es ver c\u00f3mo se evita que el recorte afecte a los ciudadanos en sus derechos, que se vulneren las condiciones de equidad de la competencia pol\u00edtica, impida la realizaci\u00f3n de elecciones libres y aut\u00e9nticas o bien se afecte a los trabajadores del INE en sus derechos.<\/p>\n<blockquote class=\"twitter-tweet\" data-width=\"550\" data-dnt=\"true\">\n<p lang=\"es\" dir=\"ltr\">Les comparto mi intervenci\u00f3n de hoy en el Consejo General del <a href=\"https:\/\/twitter.com\/INEMexico?ref_src=twsrc%5Etfw\">@INEMexico<\/a> donde aprobamos el presupuesto 2019 del Instituto y los ajustes que debimos hacer para cumplir con nuestras obligaciones Constitucionales <a href=\"https:\/\/t.co\/YNGUUn1ckw\">pic.twitter.com\/YNGUUn1ckw<\/a><\/p>\n<p>&mdash; Lorenzo C\u00f3rdova V. (@lorenzocordovav) <a href=\"https:\/\/twitter.com\/lorenzocordovav\/status\/1088225979149967360?ref_src=twsrc%5Etfw\">January 24, 2019<\/a><\/p><\/blockquote>\n<p><script async src=\"https:\/\/platform.twitter.com\/widgets.js\" charset=\"utf-8\"><\/script><\/p>\n<\/div>\n<\/div>\n","protected":false},"excerpt":{"rendered":"<p>El INE aprueba ajustes por recorte a su presupuesto en 2019<br \/>\nPor Redacci\u00f3n QP<\/p>\n","protected":false},"author":2,"featured_media":15147,"comment_status":"open","ping_status":"open","sticky":false,"template":"","format":"standard","meta":{"_monsterinsights_skip_tracking":false,"_monsterinsights_sitenote_active":false,"_monsterinsights_sitenote_note":"","_monsterinsights_sitenote_category":0,"footnotes":""},"categories":[2],"tags":[],"class_list":["post-15148","post","type-post","status-publish","format-standard","has-post-thumbnail","hentry","category-noticias"],"yoast_head":"<!-- This site is optimized with the Yoast SEO plugin v27.3 - https:\/\/yoast.com\/product\/yoast-seo-wordpress\/ -->\n<title>El INE aprueba ajustes por recorte a su presupuesto en 2019 -<\/title>\n<meta name=\"robots\" content=\"index, follow, max-snippet:-1, max-image-preview:large, max-video-preview:-1\" \/>\n<link rel=\"canonical\" href=\"https:\/\/quehacerpolitico.mx\/?p=15148\" \/>\n<meta property=\"og:locale\" content=\"es_MX\" \/>\n<meta property=\"og:type\" content=\"article\" \/>\n<meta property=\"og:title\" content=\"El INE aprueba ajustes por recorte a su presupuesto en 2019 -\" \/>\n<meta property=\"og:description\" content=\"El INE aprueba ajustes por recorte a su presupuesto en 2019 Por Redacci\u00f3n QP\" \/>\n<meta property=\"og:url\" content=\"https:\/\/quehacerpolitico.mx\/?p=15148\" \/>\n<meta property=\"article:published_time\" content=\"2019-01-24T03:12:50+00:00\" \/>\n<meta name=\"author\" content=\"Redacci\u00f3n QP\" \/>\n<meta name=\"twitter:card\" content=\"summary_large_image\" \/>\n<meta name=\"twitter:label1\" content=\"Escrito por\" \/>\n\t<meta name=\"twitter:data1\" content=\"Redacci\u00f3n QP\" \/>\n\t<meta name=\"twitter:label2\" content=\"Tiempo de lectura\" \/>\n\t<meta name=\"twitter:data2\" content=\"3 minutos\" \/>\n<script type=\"application\/ld+json\" class=\"yoast-schema-graph\">{\"@context\":\"https:\\\/\\\/schema.org\",\"@graph\":[{\"@type\":\"Article\",\"@id\":\"https:\\\/\\\/quehacerpolitico.mx\\\/?p=15148#article\",\"isPartOf\":{\"@id\":\"https:\\\/\\\/quehacerpolitico.mx\\\/?p=15148\"},\"author\":{\"name\":\"Redacci\u00f3n QP\",\"@id\":\"https:\\\/\\\/quehacerpolitico.mx\\\/#\\\/schema\\\/person\\\/496d8ad2d1d3f8036101dca7ee39e585\"},\"headline\":\"El INE aprueba ajustes por recorte a su presupuesto en 2019\",\"datePublished\":\"2019-01-24T03:12:50+00:00\",\"mainEntityOfPage\":{\"@id\":\"https:\\\/\\\/quehacerpolitico.mx\\\/?p=15148\"},\"wordCount\":664,\"commentCount\":0,\"image\":{\"@id\":\"https:\\\/\\\/quehacerpolitico.mx\\\/?p=15148#primaryimage\"},\"thumbnailUrl\":\"\",\"articleSection\":[\"Noticias\"],\"inLanguage\":\"es\",\"potentialAction\":[{\"@type\":\"CommentAction\",\"name\":\"Comment\",\"target\":[\"https:\\\/\\\/quehacerpolitico.mx\\\/?p=15148#respond\"]}]},{\"@type\":\"WebPage\",\"@id\":\"https:\\\/\\\/quehacerpolitico.mx\\\/?p=15148\",\"url\":\"https:\\\/\\\/quehacerpolitico.mx\\\/?p=15148\",\"name\":\"El INE aprueba ajustes por recorte a su presupuesto en 2019 -\",\"isPartOf\":{\"@id\":\"https:\\\/\\\/quehacerpolitico.mx\\\/#website\"},\"primaryImageOfPage\":{\"@id\":\"https:\\\/\\\/quehacerpolitico.mx\\\/?p=15148#primaryimage\"},\"image\":{\"@id\":\"https:\\\/\\\/quehacerpolitico.mx\\\/?p=15148#primaryimage\"},\"thumbnailUrl\":\"\",\"datePublished\":\"2019-01-24T03:12:50+00:00\",\"author\":{\"@id\":\"https:\\\/\\\/quehacerpolitico.mx\\\/#\\\/schema\\\/person\\\/496d8ad2d1d3f8036101dca7ee39e585\"},\"breadcrumb\":{\"@id\":\"https:\\\/\\\/quehacerpolitico.mx\\\/?p=15148#breadcrumb\"},\"inLanguage\":\"es\",\"potentialAction\":[{\"@type\":\"ReadAction\",\"target\":[\"https:\\\/\\\/quehacerpolitico.mx\\\/?p=15148\"]}]},{\"@type\":\"ImageObject\",\"inLanguage\":\"es\",\"@id\":\"https:\\\/\\\/quehacerpolitico.mx\\\/?p=15148#primaryimage\",\"url\":\"\",\"contentUrl\":\"\"},{\"@type\":\"BreadcrumbList\",\"@id\":\"https:\\\/\\\/quehacerpolitico.mx\\\/?p=15148#breadcrumb\",\"itemListElement\":[{\"@type\":\"ListItem\",\"position\":1,\"name\":\"Inicio\",\"item\":\"https:\\\/\\\/quehacerpolitico.mx\\\/\"},{\"@type\":\"ListItem\",\"position\":2,\"name\":\"El INE aprueba ajustes por recorte a su presupuesto en 2019\"}]},{\"@type\":\"WebSite\",\"@id\":\"https:\\\/\\\/quehacerpolitico.mx\\\/#website\",\"url\":\"https:\\\/\\\/quehacerpolitico.mx\\\/\",\"name\":\"\",\"description\":\"\",\"potentialAction\":[{\"@type\":\"SearchAction\",\"target\":{\"@type\":\"EntryPoint\",\"urlTemplate\":\"https:\\\/\\\/quehacerpolitico.mx\\\/?s={search_term_string}\"},\"query-input\":{\"@type\":\"PropertyValueSpecification\",\"valueRequired\":true,\"valueName\":\"search_term_string\"}}],\"inLanguage\":\"es\"},{\"@type\":\"Person\",\"@id\":\"https:\\\/\\\/quehacerpolitico.mx\\\/#\\\/schema\\\/person\\\/496d8ad2d1d3f8036101dca7ee39e585\",\"name\":\"Redacci\u00f3n QP\",\"image\":{\"@type\":\"ImageObject\",\"inLanguage\":\"es\",\"@id\":\"https:\\\/\\\/secure.gravatar.com\\\/avatar\\\/c7164ed6fdec453195284ad24a5ae5b6e1eed2b848477fa2a4787ba9adf39a41?s=96&d=mm&r=g\",\"url\":\"https:\\\/\\\/secure.gravatar.com\\\/avatar\\\/c7164ed6fdec453195284ad24a5ae5b6e1eed2b848477fa2a4787ba9adf39a41?s=96&d=mm&r=g\",\"contentUrl\":\"https:\\\/\\\/secure.gravatar.com\\\/avatar\\\/c7164ed6fdec453195284ad24a5ae5b6e1eed2b848477fa2a4787ba9adf39a41?s=96&d=mm&r=g\",\"caption\":\"Redacci\u00f3n QP\"},\"url\":\"https:\\\/\\\/quehacerpolitico.mx\\\/?author=2\"}]}<\/script>\n<!-- \/ Yoast SEO plugin. -->","yoast_head_json":{"title":"El INE aprueba ajustes por recorte a su presupuesto en 2019 -","robots":{"index":"index","follow":"follow","max-snippet":"max-snippet:-1","max-image-preview":"max-image-preview:large","max-video-preview":"max-video-preview:-1"},"canonical":"https:\/\/quehacerpolitico.mx\/?p=15148","og_locale":"es_MX","og_type":"article","og_title":"El INE aprueba ajustes por recorte a su presupuesto en 2019 -","og_description":"El INE aprueba ajustes por recorte a su presupuesto en 2019 Por Redacci\u00f3n QP","og_url":"https:\/\/quehacerpolitico.mx\/?p=15148","article_published_time":"2019-01-24T03:12:50+00:00","author":"Redacci\u00f3n QP","twitter_card":"summary_large_image","twitter_misc":{"Escrito por":"Redacci\u00f3n QP","Tiempo de lectura":"3 minutos"},"schema":{"@context":"https:\/\/schema.org","@graph":[{"@type":"Article","@id":"https:\/\/quehacerpolitico.mx\/?p=15148#article","isPartOf":{"@id":"https:\/\/quehacerpolitico.mx\/?p=15148"},"author":{"name":"Redacci\u00f3n QP","@id":"https:\/\/quehacerpolitico.mx\/#\/schema\/person\/496d8ad2d1d3f8036101dca7ee39e585"},"headline":"El INE aprueba ajustes por recorte a su presupuesto en 2019","datePublished":"2019-01-24T03:12:50+00:00","mainEntityOfPage":{"@id":"https:\/\/quehacerpolitico.mx\/?p=15148"},"wordCount":664,"commentCount":0,"image":{"@id":"https:\/\/quehacerpolitico.mx\/?p=15148#primaryimage"},"thumbnailUrl":"","articleSection":["Noticias"],"inLanguage":"es","potentialAction":[{"@type":"CommentAction","name":"Comment","target":["https:\/\/quehacerpolitico.mx\/?p=15148#respond"]}]},{"@type":"WebPage","@id":"https:\/\/quehacerpolitico.mx\/?p=15148","url":"https:\/\/quehacerpolitico.mx\/?p=15148","name":"El INE aprueba ajustes por recorte a su presupuesto en 2019 -","isPartOf":{"@id":"https:\/\/quehacerpolitico.mx\/#website"},"primaryImageOfPage":{"@id":"https:\/\/quehacerpolitico.mx\/?p=15148#primaryimage"},"image":{"@id":"https:\/\/quehacerpolitico.mx\/?p=15148#primaryimage"},"thumbnailUrl":"","datePublished":"2019-01-24T03:12:50+00:00","author":{"@id":"https:\/\/quehacerpolitico.mx\/#\/schema\/person\/496d8ad2d1d3f8036101dca7ee39e585"},"breadcrumb":{"@id":"https:\/\/quehacerpolitico.mx\/?p=15148#breadcrumb"},"inLanguage":"es","potentialAction":[{"@type":"ReadAction","target":["https:\/\/quehacerpolitico.mx\/?p=15148"]}]},{"@type":"ImageObject","inLanguage":"es","@id":"https:\/\/quehacerpolitico.mx\/?p=15148#primaryimage","url":"","contentUrl":""},{"@type":"BreadcrumbList","@id":"https:\/\/quehacerpolitico.mx\/?p=15148#breadcrumb","itemListElement":[{"@type":"ListItem","position":1,"name":"Inicio","item":"https:\/\/quehacerpolitico.mx\/"},{"@type":"ListItem","position":2,"name":"El INE aprueba ajustes por recorte a su presupuesto en 2019"}]},{"@type":"WebSite","@id":"https:\/\/quehacerpolitico.mx\/#website","url":"https:\/\/quehacerpolitico.mx\/","name":"","description":"","potentialAction":[{"@type":"SearchAction","target":{"@type":"EntryPoint","urlTemplate":"https:\/\/quehacerpolitico.mx\/?s={search_term_string}"},"query-input":{"@type":"PropertyValueSpecification","valueRequired":true,"valueName":"search_term_string"}}],"inLanguage":"es"},{"@type":"Person","@id":"https:\/\/quehacerpolitico.mx\/#\/schema\/person\/496d8ad2d1d3f8036101dca7ee39e585","name":"Redacci\u00f3n QP","image":{"@type":"ImageObject","inLanguage":"es","@id":"https:\/\/secure.gravatar.com\/avatar\/c7164ed6fdec453195284ad24a5ae5b6e1eed2b848477fa2a4787ba9adf39a41?s=96&d=mm&r=g","url":"https:\/\/secure.gravatar.com\/avatar\/c7164ed6fdec453195284ad24a5ae5b6e1eed2b848477fa2a4787ba9adf39a41?s=96&d=mm&r=g","contentUrl":"https:\/\/secure.gravatar.com\/avatar\/c7164ed6fdec453195284ad24a5ae5b6e1eed2b848477fa2a4787ba9adf39a41?s=96&d=mm&r=g","caption":"Redacci\u00f3n QP"},"url":"https:\/\/quehacerpolitico.mx\/?author=2"}]}},"featured_image_urls":{"full":"","thumbnail":"","medium":"","medium_large":"","large":"","1536x1536":"","2048x2048":"","covernews-featured":"","covernews-medium":""},"author_info":{"display_name":"Redacci\u00f3n QP","author_link":"https:\/\/quehacerpolitico.mx\/?author=2"},"category_info":"<a href=\"https:\/\/quehacerpolitico.mx\/?cat=2\" rel=\"category\">Noticias<\/a>","tag_info":"Noticias","comment_count":"0","_links":{"self":[{"href":"https:\/\/quehacerpolitico.mx\/index.php?rest_route=\/wp\/v2\/posts\/15148","targetHints":{"allow":["GET"]}}],"collection":[{"href":"https:\/\/quehacerpolitico.mx\/index.php?rest_route=\/wp\/v2\/posts"}],"about":[{"href":"https:\/\/quehacerpolitico.mx\/index.php?rest_route=\/wp\/v2\/types\/post"}],"author":[{"embeddable":true,"href":"https:\/\/quehacerpolitico.mx\/index.php?rest_route=\/wp\/v2\/users\/2"}],"replies":[{"embeddable":true,"href":"https:\/\/quehacerpolitico.mx\/index.php?rest_route=%2Fwp%2Fv2%2Fcomments&post=15148"}],"version-history":[{"count":0,"href":"https:\/\/quehacerpolitico.mx\/index.php?rest_route=\/wp\/v2\/posts\/15148\/revisions"}],"wp:featuredmedia":[{"embeddable":true,"href":"https:\/\/quehacerpolitico.mx\/index.php?rest_route=\/"}],"wp:attachment":[{"href":"https:\/\/quehacerpolitico.mx\/index.php?rest_route=%2Fwp%2Fv2%2Fmedia&parent=15148"}],"wp:term":[{"taxonomy":"category","embeddable":true,"href":"https:\/\/quehacerpolitico.mx\/index.php?rest_route=%2Fwp%2Fv2%2Fcategories&post=15148"},{"taxonomy":"post_tag","embeddable":true,"href":"https:\/\/quehacerpolitico.mx\/index.php?rest_route=%2Fwp%2Fv2%2Ftags&post=15148"}],"curies":[{"name":"wp","href":"https:\/\/api.w.org\/{rel}","templated":true}]}}