{"id":15144,"date":"2019-01-24T02:50:27","date_gmt":"2019-01-24T02:50:27","guid":{"rendered":"http:\/\/quehacerpolitico.mx\/jenaro-villamil-el-encargado-de-transformar-la-television-para-jodidos\/"},"modified":"2019-01-24T02:50:27","modified_gmt":"2019-01-24T02:50:27","slug":"jenaro-villamil-el-encargado-de-transformar-la-television-para-jodidos","status":"publish","type":"post","link":"https:\/\/quehacerpolitico.mx\/?p=15144","title":{"rendered":"Jenaro Villamil: el encargado de transformar la televisi\u00f3n para \u2018jodidos\u2019"},"content":{"rendered":"<h1 class=\"amp-wp-title\">Jenaro Villamil: el encargado de transformar la televisi\u00f3n para \u2018jodidos\u2019<\/h1>\n<p>Por Redacci\u00f3n QP<\/p>\n<p>Despu\u00e9s de que el periodista<strong> Jenaro Villamil<\/strong> fuera propuesto por el <strong>Presidente, Andr\u00e9s Manuel L\u00f3pez Obrador<\/strong>, para <strong>coordinar<\/strong> el Sistema P\u00fablico de Radiodifusi\u00f3n y Televisi\u00f3n del Estado Mexicano (SPR), \u00e9l asegur\u00f3 terminar\u00eda con la<strong> televisi\u00f3n para \u2018jodidos\u2019.<\/strong><\/p>\n<blockquote class=\"twitter-tweet\" data-width=\"550\" data-dnt=\"true\">\n<p lang=\"es\" dir=\"ltr\"><a href=\"https:\/\/twitter.com\/hashtag\/MediosPublicos?src=hash&amp;ref_src=twsrc%5Etfw\">#MediosPublicos<\/a>. Es un gran honor y un reto formar parte y coordinar un nuevo equipo para los medios p\u00fablicos federales, a propuesta del presidente <a href=\"https:\/\/twitter.com\/lopezobrador_?ref_src=twsrc%5Etfw\">@lopezobrador_<\/a> . Falta a\u00fan la aprobaci\u00f3n del <a href=\"https:\/\/twitter.com\/senadomexicano?ref_src=twsrc%5Etfw\">@senadomexicano<\/a>. Muchas gracias a todos por su apoyo, su buena energ\u00eda <a href=\"https:\/\/t.co\/N3nd6in7Rj\">pic.twitter.com\/N3nd6in7Rj<\/a><\/p>\n<p>&mdash; Jenaro Villamil (@jenarovillamil) <a href=\"https:\/\/twitter.com\/jenarovillamil\/status\/1088110729738149890?ref_src=twsrc%5Etfw\">January 23, 2019<\/a><\/p><\/blockquote>\n<p><script async src=\"https:\/\/platform.twitter.com\/widgets.js\" charset=\"utf-8\"><\/script><\/p>\n<p>\u00c9sta afirmaci\u00f3n tiene origen en un supuesto dicho de <strong>Emilio<em> El Tigre<\/em> Azc\u00e1rraga Milmo<\/strong>, quien fue due\u00f1o de <strong>Televisa.<\/strong><\/p>\n<p>Azc\u00e1rraga Milmo es padre del actual presidente del Consejo de Administraci\u00f3n de Televisa, <strong>Emilio Azc\u00e1rraga Jean.<\/strong><\/p>\n<p>En 1992 Azc\u00e1rraga Milmo dijo durante el festejo del \u00e9xito de un melodrama de Televisa que hac\u00eda televisi\u00f3n para gente jodida.<\/p>\n<blockquote>\n<p>\u201cM\u00e9xico es un pa\u00eds de una clase modesta muy jodida, que no va a salir de jodida. Para la televisi\u00f3n es una obligaci\u00f3n llevar diversi\u00f3n a esa gente y sacarla de su triste realidad y de su futuro dif\u00edcil\u201d, es la frase que le atribuyen.<\/p>\n<\/blockquote>\n<p>En torno a sus dichos todo mundo asegura conocer la verdad.<\/p>\n<p>Comunicadores aseguran que dijo que la gente llegaba \u2018jodida\u2019 a su casa por la vida de la ciudad mientras otros aseguran que mencion\u00f3 que la clase jodida nunca iba a salir de donde estaba y era su deber entretenerlos.<\/p>\n<p>En el inconsciente colectivo siempre qued\u00f3 la idea de que el magnate de los medios hac\u00eda <strong>televisi\u00f3n para \u2018jodidos\u2019.<\/strong><\/p>\n<p>Hoy, Villamil dijo que ya no habr\u00eda m\u00e1s televisi\u00f3n para una clase media jodida que no va a salir de esta situaci\u00f3n, como dijo un \u2018cl\u00e1sico\u2019.<\/p>\n<blockquote>\n<p>\u201cLa idea es crear una armon\u00eda entre los medios p\u00fablicos del Estado mexicano. Que sean realmente medios p\u00fablicos\u201d, dijo.<\/p>\n<\/blockquote>\n<h3>Pero \u00bfQui\u00e9n es Jenaro Villamil?<\/h3>\n<p><strong>Jenaro Villamil<\/strong>, es un <strong>periodista y polit\u00f3logo<\/strong>mexicano de<strong> 49 a\u00f1os<\/strong> nacido en la ciudad de <strong>M\u00e9rida, Yucat\u00e1n.<\/strong><\/p>\n<p>Estudi\u00f3 <strong>Ciencias Pol\u00edticas<\/strong> en la <strong>Universidad Nacional Aut\u00f3noma de M\u00e9xico (UNAM)<\/strong>.<\/p>\n<p>Tambi\u00e9n se desempe\u00f1\u00f3 como <strong>docente<\/strong> en la <strong>Maestr\u00eda en Periodismo Pol\u00edtico<\/strong> en la <strong>Escuela de Periodismo Carlos Septi\u00e9n Garc\u00eda.<\/strong><\/p>\n<p>En dicha escuela ofrec\u00eda la c\u00e1tedra <strong>Estudios de Audiencia y de la materia Sistema Pol\u00edtico Mexicano.<\/strong><\/p>\n<p>Villamil ejerci\u00f3 su vocaci\u00f3n period\u00edstica en <em><strong>El Financiero del Sureste<\/strong><\/em> y<em><strong> La Jornada.<\/strong><\/em><\/p>\n<p>Actualmente colabora con las revistas<em><strong> Proceso, Z\u00f3calo<\/strong> <\/em>y el portal de noticias <em><strong>SinEmbargo<\/strong><\/em>, adem\u00e1s de estar al frente del blog especializado en temas de comunicaci\u00f3n y telecomunicaciones <strong>Homozapping<\/strong>.<\/p>\n<p>De <strong>1997 a 2000<\/strong> fue <strong>coordinador de la Unidad de Informaci\u00f3n, Comunicaci\u00f3n y An\u00e1lisis<\/strong> del <strong>gobierno del Distrito Federal.<\/strong><\/p>\n<p>Su actividad como periodista se caracteriza por su constante golpeteo contra la casa productora Televisa, contra la que arremeti\u00f3 hoy en su discurso durante la proposici\u00f3n de L\u00f3pez Obrador.<\/p>\n","protected":false},"excerpt":{"rendered":"<p>Jenaro Villamil: el encargado de transformar la televisi\u00f3n para \u2018jodidos\u2019<br \/>\nPor Redacci\u00f3n QP<\/p>\n","protected":false},"author":2,"featured_media":15143,"comment_status":"open","ping_status":"open","sticky":false,"template":"","format":"standard","meta":{"_monsterinsights_skip_tracking":false,"_monsterinsights_sitenote_active":false,"_monsterinsights_sitenote_note":"","_monsterinsights_sitenote_category":0,"footnotes":""},"categories":[2],"tags":[],"class_list":["post-15144","post","type-post","status-publish","format-standard","has-post-thumbnail","hentry","category-noticias"],"yoast_head":"<!-- This site is optimized with the Yoast SEO plugin v27.3 - https:\/\/yoast.com\/product\/yoast-seo-wordpress\/ -->\n<title>Jenaro Villamil: el encargado de transformar la televisi\u00f3n para \u2018jodidos\u2019 -<\/title>\n<meta name=\"robots\" content=\"index, follow, max-snippet:-1, max-image-preview:large, max-video-preview:-1\" \/>\n<link rel=\"canonical\" href=\"https:\/\/quehacerpolitico.mx\/?p=15144\" \/>\n<meta property=\"og:locale\" content=\"es_MX\" \/>\n<meta property=\"og:type\" content=\"article\" \/>\n<meta property=\"og:title\" content=\"Jenaro Villamil: el encargado de transformar la televisi\u00f3n para \u2018jodidos\u2019 -\" \/>\n<meta property=\"og:description\" content=\"Jenaro Villamil: el encargado de transformar la televisi\u00f3n para \u2018jodidos\u2019 Por Redacci\u00f3n QP\" \/>\n<meta property=\"og:url\" content=\"https:\/\/quehacerpolitico.mx\/?p=15144\" \/>\n<meta property=\"article:published_time\" content=\"2019-01-24T02:50:27+00:00\" \/>\n<meta name=\"author\" content=\"Redacci\u00f3n QP\" \/>\n<meta name=\"twitter:card\" content=\"summary_large_image\" \/>\n<meta name=\"twitter:label1\" content=\"Escrito por\" \/>\n\t<meta name=\"twitter:data1\" content=\"Redacci\u00f3n QP\" \/>\n\t<meta name=\"twitter:label2\" content=\"Tiempo de lectura\" \/>\n\t<meta name=\"twitter:data2\" content=\"2 minutos\" \/>\n<script type=\"application\/ld+json\" class=\"yoast-schema-graph\">{\"@context\":\"https:\\\/\\\/schema.org\",\"@graph\":[{\"@type\":\"Article\",\"@id\":\"https:\\\/\\\/quehacerpolitico.mx\\\/?p=15144#article\",\"isPartOf\":{\"@id\":\"https:\\\/\\\/quehacerpolitico.mx\\\/?p=15144\"},\"author\":{\"name\":\"Redacci\u00f3n QP\",\"@id\":\"https:\\\/\\\/quehacerpolitico.mx\\\/#\\\/schema\\\/person\\\/496d8ad2d1d3f8036101dca7ee39e585\"},\"headline\":\"Jenaro Villamil: el encargado de transformar la televisi\u00f3n para \u2018jodidos\u2019\",\"datePublished\":\"2019-01-24T02:50:27+00:00\",\"mainEntityOfPage\":{\"@id\":\"https:\\\/\\\/quehacerpolitico.mx\\\/?p=15144\"},\"wordCount\":496,\"commentCount\":0,\"image\":{\"@id\":\"https:\\\/\\\/quehacerpolitico.mx\\\/?p=15144#primaryimage\"},\"thumbnailUrl\":\"\",\"articleSection\":[\"Noticias\"],\"inLanguage\":\"es\",\"potentialAction\":[{\"@type\":\"CommentAction\",\"name\":\"Comment\",\"target\":[\"https:\\\/\\\/quehacerpolitico.mx\\\/?p=15144#respond\"]}]},{\"@type\":\"WebPage\",\"@id\":\"https:\\\/\\\/quehacerpolitico.mx\\\/?p=15144\",\"url\":\"https:\\\/\\\/quehacerpolitico.mx\\\/?p=15144\",\"name\":\"Jenaro Villamil: el encargado de transformar la televisi\u00f3n para \u2018jodidos\u2019 -\",\"isPartOf\":{\"@id\":\"https:\\\/\\\/quehacerpolitico.mx\\\/#website\"},\"primaryImageOfPage\":{\"@id\":\"https:\\\/\\\/quehacerpolitico.mx\\\/?p=15144#primaryimage\"},\"image\":{\"@id\":\"https:\\\/\\\/quehacerpolitico.mx\\\/?p=15144#primaryimage\"},\"thumbnailUrl\":\"\",\"datePublished\":\"2019-01-24T02:50:27+00:00\",\"author\":{\"@id\":\"https:\\\/\\\/quehacerpolitico.mx\\\/#\\\/schema\\\/person\\\/496d8ad2d1d3f8036101dca7ee39e585\"},\"breadcrumb\":{\"@id\":\"https:\\\/\\\/quehacerpolitico.mx\\\/?p=15144#breadcrumb\"},\"inLanguage\":\"es\",\"potentialAction\":[{\"@type\":\"ReadAction\",\"target\":[\"https:\\\/\\\/quehacerpolitico.mx\\\/?p=15144\"]}]},{\"@type\":\"ImageObject\",\"inLanguage\":\"es\",\"@id\":\"https:\\\/\\\/quehacerpolitico.mx\\\/?p=15144#primaryimage\",\"url\":\"\",\"contentUrl\":\"\"},{\"@type\":\"BreadcrumbList\",\"@id\":\"https:\\\/\\\/quehacerpolitico.mx\\\/?p=15144#breadcrumb\",\"itemListElement\":[{\"@type\":\"ListItem\",\"position\":1,\"name\":\"Inicio\",\"item\":\"https:\\\/\\\/quehacerpolitico.mx\\\/\"},{\"@type\":\"ListItem\",\"position\":2,\"name\":\"Jenaro Villamil: el encargado de transformar la televisi\u00f3n para \u2018jodidos\u2019\"}]},{\"@type\":\"WebSite\",\"@id\":\"https:\\\/\\\/quehacerpolitico.mx\\\/#website\",\"url\":\"https:\\\/\\\/quehacerpolitico.mx\\\/\",\"name\":\"\",\"description\":\"\",\"potentialAction\":[{\"@type\":\"SearchAction\",\"target\":{\"@type\":\"EntryPoint\",\"urlTemplate\":\"https:\\\/\\\/quehacerpolitico.mx\\\/?s={search_term_string}\"},\"query-input\":{\"@type\":\"PropertyValueSpecification\",\"valueRequired\":true,\"valueName\":\"search_term_string\"}}],\"inLanguage\":\"es\"},{\"@type\":\"Person\",\"@id\":\"https:\\\/\\\/quehacerpolitico.mx\\\/#\\\/schema\\\/person\\\/496d8ad2d1d3f8036101dca7ee39e585\",\"name\":\"Redacci\u00f3n QP\",\"image\":{\"@type\":\"ImageObject\",\"inLanguage\":\"es\",\"@id\":\"https:\\\/\\\/secure.gravatar.com\\\/avatar\\\/c7164ed6fdec453195284ad24a5ae5b6e1eed2b848477fa2a4787ba9adf39a41?s=96&d=mm&r=g\",\"url\":\"https:\\\/\\\/secure.gravatar.com\\\/avatar\\\/c7164ed6fdec453195284ad24a5ae5b6e1eed2b848477fa2a4787ba9adf39a41?s=96&d=mm&r=g\",\"contentUrl\":\"https:\\\/\\\/secure.gravatar.com\\\/avatar\\\/c7164ed6fdec453195284ad24a5ae5b6e1eed2b848477fa2a4787ba9adf39a41?s=96&d=mm&r=g\",\"caption\":\"Redacci\u00f3n QP\"},\"url\":\"https:\\\/\\\/quehacerpolitico.mx\\\/?author=2\"}]}<\/script>\n<!-- \/ Yoast SEO plugin. -->","yoast_head_json":{"title":"Jenaro Villamil: el encargado de transformar la televisi\u00f3n para \u2018jodidos\u2019 -","robots":{"index":"index","follow":"follow","max-snippet":"max-snippet:-1","max-image-preview":"max-image-preview:large","max-video-preview":"max-video-preview:-1"},"canonical":"https:\/\/quehacerpolitico.mx\/?p=15144","og_locale":"es_MX","og_type":"article","og_title":"Jenaro Villamil: el encargado de transformar la televisi\u00f3n para \u2018jodidos\u2019 -","og_description":"Jenaro Villamil: el encargado de transformar la televisi\u00f3n para \u2018jodidos\u2019 Por Redacci\u00f3n QP","og_url":"https:\/\/quehacerpolitico.mx\/?p=15144","article_published_time":"2019-01-24T02:50:27+00:00","author":"Redacci\u00f3n QP","twitter_card":"summary_large_image","twitter_misc":{"Escrito por":"Redacci\u00f3n QP","Tiempo de lectura":"2 minutos"},"schema":{"@context":"https:\/\/schema.org","@graph":[{"@type":"Article","@id":"https:\/\/quehacerpolitico.mx\/?p=15144#article","isPartOf":{"@id":"https:\/\/quehacerpolitico.mx\/?p=15144"},"author":{"name":"Redacci\u00f3n QP","@id":"https:\/\/quehacerpolitico.mx\/#\/schema\/person\/496d8ad2d1d3f8036101dca7ee39e585"},"headline":"Jenaro Villamil: el encargado de transformar la televisi\u00f3n para \u2018jodidos\u2019","datePublished":"2019-01-24T02:50:27+00:00","mainEntityOfPage":{"@id":"https:\/\/quehacerpolitico.mx\/?p=15144"},"wordCount":496,"commentCount":0,"image":{"@id":"https:\/\/quehacerpolitico.mx\/?p=15144#primaryimage"},"thumbnailUrl":"","articleSection":["Noticias"],"inLanguage":"es","potentialAction":[{"@type":"CommentAction","name":"Comment","target":["https:\/\/quehacerpolitico.mx\/?p=15144#respond"]}]},{"@type":"WebPage","@id":"https:\/\/quehacerpolitico.mx\/?p=15144","url":"https:\/\/quehacerpolitico.mx\/?p=15144","name":"Jenaro Villamil: el encargado de transformar la televisi\u00f3n para \u2018jodidos\u2019 -","isPartOf":{"@id":"https:\/\/quehacerpolitico.mx\/#website"},"primaryImageOfPage":{"@id":"https:\/\/quehacerpolitico.mx\/?p=15144#primaryimage"},"image":{"@id":"https:\/\/quehacerpolitico.mx\/?p=15144#primaryimage"},"thumbnailUrl":"","datePublished":"2019-01-24T02:50:27+00:00","author":{"@id":"https:\/\/quehacerpolitico.mx\/#\/schema\/person\/496d8ad2d1d3f8036101dca7ee39e585"},"breadcrumb":{"@id":"https:\/\/quehacerpolitico.mx\/?p=15144#breadcrumb"},"inLanguage":"es","potentialAction":[{"@type":"ReadAction","target":["https:\/\/quehacerpolitico.mx\/?p=15144"]}]},{"@type":"ImageObject","inLanguage":"es","@id":"https:\/\/quehacerpolitico.mx\/?p=15144#primaryimage","url":"","contentUrl":""},{"@type":"BreadcrumbList","@id":"https:\/\/quehacerpolitico.mx\/?p=15144#breadcrumb","itemListElement":[{"@type":"ListItem","position":1,"name":"Inicio","item":"https:\/\/quehacerpolitico.mx\/"},{"@type":"ListItem","position":2,"name":"Jenaro Villamil: el encargado de transformar la televisi\u00f3n para \u2018jodidos\u2019"}]},{"@type":"WebSite","@id":"https:\/\/quehacerpolitico.mx\/#website","url":"https:\/\/quehacerpolitico.mx\/","name":"","description":"","potentialAction":[{"@type":"SearchAction","target":{"@type":"EntryPoint","urlTemplate":"https:\/\/quehacerpolitico.mx\/?s={search_term_string}"},"query-input":{"@type":"PropertyValueSpecification","valueRequired":true,"valueName":"search_term_string"}}],"inLanguage":"es"},{"@type":"Person","@id":"https:\/\/quehacerpolitico.mx\/#\/schema\/person\/496d8ad2d1d3f8036101dca7ee39e585","name":"Redacci\u00f3n QP","image":{"@type":"ImageObject","inLanguage":"es","@id":"https:\/\/secure.gravatar.com\/avatar\/c7164ed6fdec453195284ad24a5ae5b6e1eed2b848477fa2a4787ba9adf39a41?s=96&d=mm&r=g","url":"https:\/\/secure.gravatar.com\/avatar\/c7164ed6fdec453195284ad24a5ae5b6e1eed2b848477fa2a4787ba9adf39a41?s=96&d=mm&r=g","contentUrl":"https:\/\/secure.gravatar.com\/avatar\/c7164ed6fdec453195284ad24a5ae5b6e1eed2b848477fa2a4787ba9adf39a41?s=96&d=mm&r=g","caption":"Redacci\u00f3n QP"},"url":"https:\/\/quehacerpolitico.mx\/?author=2"}]}},"featured_image_urls":{"full":"","thumbnail":"","medium":"","medium_large":"","large":"","1536x1536":"","2048x2048":"","covernews-featured":"","covernews-medium":""},"author_info":{"display_name":"Redacci\u00f3n QP","author_link":"https:\/\/quehacerpolitico.mx\/?author=2"},"category_info":"<a href=\"https:\/\/quehacerpolitico.mx\/?cat=2\" rel=\"category\">Noticias<\/a>","tag_info":"Noticias","comment_count":"0","_links":{"self":[{"href":"https:\/\/quehacerpolitico.mx\/index.php?rest_route=\/wp\/v2\/posts\/15144","targetHints":{"allow":["GET"]}}],"collection":[{"href":"https:\/\/quehacerpolitico.mx\/index.php?rest_route=\/wp\/v2\/posts"}],"about":[{"href":"https:\/\/quehacerpolitico.mx\/index.php?rest_route=\/wp\/v2\/types\/post"}],"author":[{"embeddable":true,"href":"https:\/\/quehacerpolitico.mx\/index.php?rest_route=\/wp\/v2\/users\/2"}],"replies":[{"embeddable":true,"href":"https:\/\/quehacerpolitico.mx\/index.php?rest_route=%2Fwp%2Fv2%2Fcomments&post=15144"}],"version-history":[{"count":0,"href":"https:\/\/quehacerpolitico.mx\/index.php?rest_route=\/wp\/v2\/posts\/15144\/revisions"}],"wp:featuredmedia":[{"embeddable":true,"href":"https:\/\/quehacerpolitico.mx\/index.php?rest_route=\/"}],"wp:attachment":[{"href":"https:\/\/quehacerpolitico.mx\/index.php?rest_route=%2Fwp%2Fv2%2Fmedia&parent=15144"}],"wp:term":[{"taxonomy":"category","embeddable":true,"href":"https:\/\/quehacerpolitico.mx\/index.php?rest_route=%2Fwp%2Fv2%2Fcategories&post=15144"},{"taxonomy":"post_tag","embeddable":true,"href":"https:\/\/quehacerpolitico.mx\/index.php?rest_route=%2Fwp%2Fv2%2Ftags&post=15144"}],"curies":[{"name":"wp","href":"https:\/\/api.w.org\/{rel}","templated":true}]}}