{"id":15139,"date":"2019-01-24T02:25:00","date_gmt":"2019-01-24T02:25:00","guid":{"rendered":"http:\/\/quehacerpolitico.mx\/internacionales-carolina-alonso-romei-damaso-lopez-niega-responsabilidad-en-el-asesinato-de-javier-valdez-y-culpa-a-hijos-de-el-chapo\/"},"modified":"2019-01-24T02:25:00","modified_gmt":"2019-01-24T02:25:00","slug":"internacionales-carolina-alonso-romei-damaso-lopez-niega-responsabilidad-en-el-asesinato-de-javier-valdez-y-culpa-a-hijos-de-el-chapo","status":"publish","type":"post","link":"https:\/\/quehacerpolitico.mx\/?p=15139","title":{"rendered":"Internacionales\/\/\/Carolina Alonso Romei\/\/\/D\u00e1maso L\u00f3pez niega responsabilidad en el asesinato de Javier Valdez y culpa a hijos de \u201cEl Chapo\u201d"},"content":{"rendered":"<h1>D\u00e1maso L\u00f3pez niega responsabilidad en el asesinato de Javier Valdez y culpa a hijos de \u201cEl Chapo\u201d<\/h1>\n<p>Por Carolina Alonso Romei\u00a0<\/p>\n<p>Internacionalista<\/p>\n<p><strong>D\u00e1maso L\u00f3pez N\u00fa\u00f1ez<\/strong>, uno de los principales lugartenientes de <strong>Joaqu\u00edn \u201cEl Chapo\u201d Guzm\u00e1n Loera<\/strong>, neg\u00f3 este mi\u00e9rcoles cualquier responsabilidad en la muerte del periodista mexicano <strong>Javier Valdez<\/strong>, de la que hab\u00eda sido acusado, y culp\u00f3 a los <strong>hijos del capo de su asesinato<\/strong>, por la \u201c\u00e9tica profesional\u201d del reportero.<\/p>\n<blockquote>\n<p>Durante el interrogatorio de la defensa ante la <strong>Corte Federal de Brooklyn (Nueva York)<\/strong>, L\u00f3pez rechaz\u00f3 las acusaciones que lo relacionaban con la muerte del<strong> fundador del peri\u00f3dico <em>R\u00edo Doce<\/em><\/strong> y asegur\u00f3 que su deceso respond\u00eda a <strong>una disputa personal<\/strong> entre L\u00f3pez y su hijo, Minilik, y los hijos del \u201cChapo\u201d, Iv\u00e1n y Alfredo.<\/p>\n<\/blockquote>\n<p>L\u00f3pez asumi\u00f3 que fueron los hijos del<strong>narcotraficante mexicano<\/strong> quienes ordenaron la muerte porque Valdez -\u201creconocido y prestigioso <strong>periodista de Sinaloa<\/strong>\u201c- decidi\u00f3 seguir adelante con la publicaci\u00f3n de una entrevista con \u00e9l, en la que<strong> criticaba abiertamente a los v\u00e1stagos de su jefe<\/strong>, con quienes estaba en guerra.<\/p>\n<blockquote>\n<p>La entrevista ven\u00eda a ser una respuesta a un art\u00edculo anterior, ordenado por Iv\u00e1n y Alfredo, seg\u00fan L\u00f3pez, en el que se criticaba con dureza a Minilik, defini\u00e9ndolo como \u201cpat\u00e9tico, bueno para nada y aspirante a narcotraficante\u201d.<\/p>\n<\/blockquote>\n<p>En respuesta, L\u00f3pez, que estaba preso en esos momentos, concedi\u00f3 una entrevista al periodista, donde detallaba una emboscada que supuestamente D\u00e1maso hab\u00eda hecho a los hijos del \u201cChapo\u201d y a Ismael \u201cMayo\u201d Zambada, col\u00edder del cartel de Sinaloa, que supuestamente termin\u00f3 herido.<\/p>\n<p>Los hijos del \u201cChapo\u201d se enteraron de esto y llamaron a la casa editorial para forzar la publicaci\u00f3n de una pieza cr\u00edtica con D\u00e1maso L\u00f3pez y su hijo.<\/p>\n<p>Sin embargo, el periodista, siguiendo su \u201c\u00e9tica profesional\u201d, decidi\u00f3 seguir adelante con la publicaci\u00f3n, lo que seg\u00fan el testigo habr\u00eda supuesto su asesinato.<\/p>\n<blockquote>\n<p>\u201cNunca lo conoc\u00ed personalmente y no tuve nada que ver con su asesinato\u201d, afirm\u00f3 quien fuera la mano derecha del capo, que tambi\u00e9n declar\u00f3 que tanto su hijo como \u00e9l son \u201cinocentes\u201d de la muerte del reportero, puesto que ambos estaban presos, pero que no vio \u201cqui\u00e9n apret\u00f3 el gatillo\u201d.<\/p>\n<p>D\u00e1maso L\u00f3pez neg\u00f3 haber matado a nadie personalmente, sino que s\u00f3lo mand\u00f3 las \u00f3rdenes de asesinato de algunos de los antiguos sicarios del \u201cChapo\u201d, como \u201cBarbarino\u201d o \u201cNegro\u201d.<\/p>\n<p>\u201cNo es mi costumbre (matar a nadie)\u201d, dijo, aunque s\u00ed orden\u00f3 matar a algunos adversarios: \u201ceso se dio en algunos casos\u201d.<\/p>\n<p>\u201cHe hecho cosas malas\u201d, reconoci\u00f3, para despu\u00e9s continuar con que todo fue por \u00f3rdenes de su patr\u00f3n, \u201cEl Chapo\u201d, a quien asegur\u00f3 querer: \u201cHemos tenido muchos a\u00f1os juntos y en m\u00ed ha nacido un afecto muy especial\u201d.<\/p>\n<p>El abogado del \u201cChapo\u201d, Eduardo Balarezo, tambi\u00e9n inquiri\u00f3 al testigo acerca de un supuesto soborno de 100 millones de d\u00f3lares a un pol\u00edtico mexicano, en clara referencia al presunto pago que habr\u00eda recibido del narco el expresidente mexicano Enrique Pe\u00f1a Nieto. L\u00f3pez neg\u00f3 conocer el asunto.<\/p>\n<p>El interrogatorio de la defensa continuar\u00e1 la ma\u00f1ana de este jueves, despu\u00e9s de que hoy L\u00f3pez incriminara a la esposa de su expatr\u00f3n, Emma Coronel, en la organizaci\u00f3n de la operaci\u00f3n para liberar al capo de la c\u00e1rcel en 2015.<\/p>\n<p>Con Informaci\u00f3n de EFE<\/p>\n<\/blockquote>\n","protected":false},"excerpt":{"rendered":"<p>D\u00e1maso L\u00f3pez niega responsabilidad en el asesinato de Javier Valdez y culpa a hijos de \u201cEl Chapo\u201d<br \/>\nPor Carolina Alonso Romei<br \/>\nInternacionalista<\/p>\n","protected":false},"author":2,"featured_media":15138,"comment_status":"open","ping_status":"open","sticky":false,"template":"","format":"standard","meta":{"_monsterinsights_skip_tracking":false,"_monsterinsights_sitenote_active":false,"_monsterinsights_sitenote_note":"","_monsterinsights_sitenote_category":0,"footnotes":""},"categories":[1],"tags":[],"class_list":["post-15139","post","type-post","status-publish","format-standard","has-post-thumbnail","hentry","category-sin-categoria"],"yoast_head":"<!-- This site is optimized with the Yoast SEO plugin v27.3 - https:\/\/yoast.com\/product\/yoast-seo-wordpress\/ -->\n<title>Internacionales\/\/\/Carolina Alonso Romei\/\/\/D\u00e1maso L\u00f3pez niega responsabilidad en el asesinato de Javier Valdez y culpa a hijos de \u201cEl Chapo\u201d -<\/title>\n<meta name=\"robots\" content=\"index, follow, max-snippet:-1, max-image-preview:large, max-video-preview:-1\" \/>\n<link rel=\"canonical\" href=\"https:\/\/quehacerpolitico.mx\/?p=15139\" \/>\n<meta property=\"og:locale\" content=\"es_MX\" \/>\n<meta property=\"og:type\" content=\"article\" \/>\n<meta property=\"og:title\" content=\"Internacionales\/\/\/Carolina Alonso Romei\/\/\/D\u00e1maso L\u00f3pez niega responsabilidad en el asesinato de Javier Valdez y culpa a hijos de \u201cEl Chapo\u201d -\" \/>\n<meta property=\"og:description\" content=\"D\u00e1maso L\u00f3pez niega responsabilidad en el asesinato de Javier Valdez y culpa a hijos de \u201cEl Chapo\u201d Por Carolina Alonso Romei Internacionalista\" \/>\n<meta property=\"og:url\" content=\"https:\/\/quehacerpolitico.mx\/?p=15139\" \/>\n<meta property=\"article:published_time\" content=\"2019-01-24T02:25:00+00:00\" \/>\n<meta name=\"author\" content=\"Redacci\u00f3n QP\" \/>\n<meta name=\"twitter:card\" content=\"summary_large_image\" \/>\n<meta name=\"twitter:label1\" content=\"Escrito por\" \/>\n\t<meta name=\"twitter:data1\" content=\"Redacci\u00f3n QP\" \/>\n\t<meta name=\"twitter:label2\" content=\"Tiempo de lectura\" \/>\n\t<meta name=\"twitter:data2\" content=\"3 minutos\" \/>\n<script type=\"application\/ld+json\" class=\"yoast-schema-graph\">{\"@context\":\"https:\\\/\\\/schema.org\",\"@graph\":[{\"@type\":\"Article\",\"@id\":\"https:\\\/\\\/quehacerpolitico.mx\\\/?p=15139#article\",\"isPartOf\":{\"@id\":\"https:\\\/\\\/quehacerpolitico.mx\\\/?p=15139\"},\"author\":{\"name\":\"Redacci\u00f3n QP\",\"@id\":\"https:\\\/\\\/quehacerpolitico.mx\\\/#\\\/schema\\\/person\\\/496d8ad2d1d3f8036101dca7ee39e585\"},\"headline\":\"Internacionales\\\/\\\/\\\/Carolina Alonso Romei\\\/\\\/\\\/D\u00e1maso L\u00f3pez niega responsabilidad en el asesinato de Javier Valdez y culpa a hijos de \u201cEl Chapo\u201d\",\"datePublished\":\"2019-01-24T02:25:00+00:00\",\"mainEntityOfPage\":{\"@id\":\"https:\\\/\\\/quehacerpolitico.mx\\\/?p=15139\"},\"wordCount\":609,\"commentCount\":0,\"image\":{\"@id\":\"https:\\\/\\\/quehacerpolitico.mx\\\/?p=15139#primaryimage\"},\"thumbnailUrl\":\"\",\"articleSection\":[\"Internacionales\"],\"inLanguage\":\"es\",\"potentialAction\":[{\"@type\":\"CommentAction\",\"name\":\"Comment\",\"target\":[\"https:\\\/\\\/quehacerpolitico.mx\\\/?p=15139#respond\"]}]},{\"@type\":\"WebPage\",\"@id\":\"https:\\\/\\\/quehacerpolitico.mx\\\/?p=15139\",\"url\":\"https:\\\/\\\/quehacerpolitico.mx\\\/?p=15139\",\"name\":\"Internacionales\\\/\\\/\\\/Carolina Alonso Romei\\\/\\\/\\\/D\u00e1maso L\u00f3pez niega responsabilidad en el asesinato de Javier Valdez y culpa a hijos de \u201cEl Chapo\u201d -\",\"isPartOf\":{\"@id\":\"https:\\\/\\\/quehacerpolitico.mx\\\/#website\"},\"primaryImageOfPage\":{\"@id\":\"https:\\\/\\\/quehacerpolitico.mx\\\/?p=15139#primaryimage\"},\"image\":{\"@id\":\"https:\\\/\\\/quehacerpolitico.mx\\\/?p=15139#primaryimage\"},\"thumbnailUrl\":\"\",\"datePublished\":\"2019-01-24T02:25:00+00:00\",\"author\":{\"@id\":\"https:\\\/\\\/quehacerpolitico.mx\\\/#\\\/schema\\\/person\\\/496d8ad2d1d3f8036101dca7ee39e585\"},\"breadcrumb\":{\"@id\":\"https:\\\/\\\/quehacerpolitico.mx\\\/?p=15139#breadcrumb\"},\"inLanguage\":\"es\",\"potentialAction\":[{\"@type\":\"ReadAction\",\"target\":[\"https:\\\/\\\/quehacerpolitico.mx\\\/?p=15139\"]}]},{\"@type\":\"ImageObject\",\"inLanguage\":\"es\",\"@id\":\"https:\\\/\\\/quehacerpolitico.mx\\\/?p=15139#primaryimage\",\"url\":\"\",\"contentUrl\":\"\"},{\"@type\":\"BreadcrumbList\",\"@id\":\"https:\\\/\\\/quehacerpolitico.mx\\\/?p=15139#breadcrumb\",\"itemListElement\":[{\"@type\":\"ListItem\",\"position\":1,\"name\":\"Inicio\",\"item\":\"https:\\\/\\\/quehacerpolitico.mx\\\/\"},{\"@type\":\"ListItem\",\"position\":2,\"name\":\"Internacionales\\\/\\\/\\\/Carolina Alonso Romei\\\/\\\/\\\/D\u00e1maso L\u00f3pez niega responsabilidad en el asesinato de Javier Valdez y culpa a hijos de \u201cEl Chapo\u201d\"}]},{\"@type\":\"WebSite\",\"@id\":\"https:\\\/\\\/quehacerpolitico.mx\\\/#website\",\"url\":\"https:\\\/\\\/quehacerpolitico.mx\\\/\",\"name\":\"\",\"description\":\"\",\"potentialAction\":[{\"@type\":\"SearchAction\",\"target\":{\"@type\":\"EntryPoint\",\"urlTemplate\":\"https:\\\/\\\/quehacerpolitico.mx\\\/?s={search_term_string}\"},\"query-input\":{\"@type\":\"PropertyValueSpecification\",\"valueRequired\":true,\"valueName\":\"search_term_string\"}}],\"inLanguage\":\"es\"},{\"@type\":\"Person\",\"@id\":\"https:\\\/\\\/quehacerpolitico.mx\\\/#\\\/schema\\\/person\\\/496d8ad2d1d3f8036101dca7ee39e585\",\"name\":\"Redacci\u00f3n QP\",\"image\":{\"@type\":\"ImageObject\",\"inLanguage\":\"es\",\"@id\":\"https:\\\/\\\/secure.gravatar.com\\\/avatar\\\/c7164ed6fdec453195284ad24a5ae5b6e1eed2b848477fa2a4787ba9adf39a41?s=96&d=mm&r=g\",\"url\":\"https:\\\/\\\/secure.gravatar.com\\\/avatar\\\/c7164ed6fdec453195284ad24a5ae5b6e1eed2b848477fa2a4787ba9adf39a41?s=96&d=mm&r=g\",\"contentUrl\":\"https:\\\/\\\/secure.gravatar.com\\\/avatar\\\/c7164ed6fdec453195284ad24a5ae5b6e1eed2b848477fa2a4787ba9adf39a41?s=96&d=mm&r=g\",\"caption\":\"Redacci\u00f3n QP\"},\"url\":\"https:\\\/\\\/quehacerpolitico.mx\\\/?author=2\"}]}<\/script>\n<!-- \/ Yoast SEO plugin. -->","yoast_head_json":{"title":"Internacionales\/\/\/Carolina Alonso Romei\/\/\/D\u00e1maso L\u00f3pez niega responsabilidad en el asesinato de Javier Valdez y culpa a hijos de \u201cEl Chapo\u201d -","robots":{"index":"index","follow":"follow","max-snippet":"max-snippet:-1","max-image-preview":"max-image-preview:large","max-video-preview":"max-video-preview:-1"},"canonical":"https:\/\/quehacerpolitico.mx\/?p=15139","og_locale":"es_MX","og_type":"article","og_title":"Internacionales\/\/\/Carolina Alonso Romei\/\/\/D\u00e1maso L\u00f3pez niega responsabilidad en el asesinato de Javier Valdez y culpa a hijos de \u201cEl Chapo\u201d -","og_description":"D\u00e1maso L\u00f3pez niega responsabilidad en el asesinato de Javier Valdez y culpa a hijos de \u201cEl Chapo\u201d Por Carolina Alonso Romei Internacionalista","og_url":"https:\/\/quehacerpolitico.mx\/?p=15139","article_published_time":"2019-01-24T02:25:00+00:00","author":"Redacci\u00f3n QP","twitter_card":"summary_large_image","twitter_misc":{"Escrito por":"Redacci\u00f3n QP","Tiempo de lectura":"3 minutos"},"schema":{"@context":"https:\/\/schema.org","@graph":[{"@type":"Article","@id":"https:\/\/quehacerpolitico.mx\/?p=15139#article","isPartOf":{"@id":"https:\/\/quehacerpolitico.mx\/?p=15139"},"author":{"name":"Redacci\u00f3n QP","@id":"https:\/\/quehacerpolitico.mx\/#\/schema\/person\/496d8ad2d1d3f8036101dca7ee39e585"},"headline":"Internacionales\/\/\/Carolina Alonso Romei\/\/\/D\u00e1maso L\u00f3pez niega responsabilidad en el asesinato de Javier Valdez y culpa a hijos de \u201cEl Chapo\u201d","datePublished":"2019-01-24T02:25:00+00:00","mainEntityOfPage":{"@id":"https:\/\/quehacerpolitico.mx\/?p=15139"},"wordCount":609,"commentCount":0,"image":{"@id":"https:\/\/quehacerpolitico.mx\/?p=15139#primaryimage"},"thumbnailUrl":"","articleSection":["Internacionales"],"inLanguage":"es","potentialAction":[{"@type":"CommentAction","name":"Comment","target":["https:\/\/quehacerpolitico.mx\/?p=15139#respond"]}]},{"@type":"WebPage","@id":"https:\/\/quehacerpolitico.mx\/?p=15139","url":"https:\/\/quehacerpolitico.mx\/?p=15139","name":"Internacionales\/\/\/Carolina Alonso Romei\/\/\/D\u00e1maso L\u00f3pez niega responsabilidad en el asesinato de Javier Valdez y culpa a hijos de \u201cEl Chapo\u201d -","isPartOf":{"@id":"https:\/\/quehacerpolitico.mx\/#website"},"primaryImageOfPage":{"@id":"https:\/\/quehacerpolitico.mx\/?p=15139#primaryimage"},"image":{"@id":"https:\/\/quehacerpolitico.mx\/?p=15139#primaryimage"},"thumbnailUrl":"","datePublished":"2019-01-24T02:25:00+00:00","author":{"@id":"https:\/\/quehacerpolitico.mx\/#\/schema\/person\/496d8ad2d1d3f8036101dca7ee39e585"},"breadcrumb":{"@id":"https:\/\/quehacerpolitico.mx\/?p=15139#breadcrumb"},"inLanguage":"es","potentialAction":[{"@type":"ReadAction","target":["https:\/\/quehacerpolitico.mx\/?p=15139"]}]},{"@type":"ImageObject","inLanguage":"es","@id":"https:\/\/quehacerpolitico.mx\/?p=15139#primaryimage","url":"","contentUrl":""},{"@type":"BreadcrumbList","@id":"https:\/\/quehacerpolitico.mx\/?p=15139#breadcrumb","itemListElement":[{"@type":"ListItem","position":1,"name":"Inicio","item":"https:\/\/quehacerpolitico.mx\/"},{"@type":"ListItem","position":2,"name":"Internacionales\/\/\/Carolina Alonso Romei\/\/\/D\u00e1maso L\u00f3pez niega responsabilidad en el asesinato de Javier Valdez y culpa a hijos de \u201cEl Chapo\u201d"}]},{"@type":"WebSite","@id":"https:\/\/quehacerpolitico.mx\/#website","url":"https:\/\/quehacerpolitico.mx\/","name":"","description":"","potentialAction":[{"@type":"SearchAction","target":{"@type":"EntryPoint","urlTemplate":"https:\/\/quehacerpolitico.mx\/?s={search_term_string}"},"query-input":{"@type":"PropertyValueSpecification","valueRequired":true,"valueName":"search_term_string"}}],"inLanguage":"es"},{"@type":"Person","@id":"https:\/\/quehacerpolitico.mx\/#\/schema\/person\/496d8ad2d1d3f8036101dca7ee39e585","name":"Redacci\u00f3n QP","image":{"@type":"ImageObject","inLanguage":"es","@id":"https:\/\/secure.gravatar.com\/avatar\/c7164ed6fdec453195284ad24a5ae5b6e1eed2b848477fa2a4787ba9adf39a41?s=96&d=mm&r=g","url":"https:\/\/secure.gravatar.com\/avatar\/c7164ed6fdec453195284ad24a5ae5b6e1eed2b848477fa2a4787ba9adf39a41?s=96&d=mm&r=g","contentUrl":"https:\/\/secure.gravatar.com\/avatar\/c7164ed6fdec453195284ad24a5ae5b6e1eed2b848477fa2a4787ba9adf39a41?s=96&d=mm&r=g","caption":"Redacci\u00f3n QP"},"url":"https:\/\/quehacerpolitico.mx\/?author=2"}]}},"featured_image_urls":{"full":"","thumbnail":"","medium":"","medium_large":"","large":"","1536x1536":"","2048x2048":"","covernews-featured":"","covernews-medium":""},"author_info":{"display_name":"Redacci\u00f3n QP","author_link":"https:\/\/quehacerpolitico.mx\/?author=2"},"category_info":"<a href=\"https:\/\/quehacerpolitico.mx\/?cat=1\" rel=\"category\">Internacionales<\/a>","tag_info":"Internacionales","comment_count":"0","_links":{"self":[{"href":"https:\/\/quehacerpolitico.mx\/index.php?rest_route=\/wp\/v2\/posts\/15139","targetHints":{"allow":["GET"]}}],"collection":[{"href":"https:\/\/quehacerpolitico.mx\/index.php?rest_route=\/wp\/v2\/posts"}],"about":[{"href":"https:\/\/quehacerpolitico.mx\/index.php?rest_route=\/wp\/v2\/types\/post"}],"author":[{"embeddable":true,"href":"https:\/\/quehacerpolitico.mx\/index.php?rest_route=\/wp\/v2\/users\/2"}],"replies":[{"embeddable":true,"href":"https:\/\/quehacerpolitico.mx\/index.php?rest_route=%2Fwp%2Fv2%2Fcomments&post=15139"}],"version-history":[{"count":0,"href":"https:\/\/quehacerpolitico.mx\/index.php?rest_route=\/wp\/v2\/posts\/15139\/revisions"}],"wp:featuredmedia":[{"embeddable":true,"href":"https:\/\/quehacerpolitico.mx\/index.php?rest_route=\/"}],"wp:attachment":[{"href":"https:\/\/quehacerpolitico.mx\/index.php?rest_route=%2Fwp%2Fv2%2Fmedia&parent=15139"}],"wp:term":[{"taxonomy":"category","embeddable":true,"href":"https:\/\/quehacerpolitico.mx\/index.php?rest_route=%2Fwp%2Fv2%2Fcategories&post=15139"},{"taxonomy":"post_tag","embeddable":true,"href":"https:\/\/quehacerpolitico.mx\/index.php?rest_route=%2Fwp%2Fv2%2Ftags&post=15139"}],"curies":[{"name":"wp","href":"https:\/\/api.w.org\/{rel}","templated":true}]}}