{"id":15137,"date":"2019-01-24T02:18:18","date_gmt":"2019-01-24T02:18:18","guid":{"rendered":"http:\/\/quehacerpolitico.mx\/el-presiente-de-la-cndh-dice-que-la-guardia-nacional-es-respuesta-sesgada-a-la-violencia-e-inseguridad\/"},"modified":"2019-01-24T02:18:18","modified_gmt":"2019-01-24T02:18:18","slug":"el-presiente-de-la-cndh-dice-que-la-guardia-nacional-es-respuesta-sesgada-a-la-violencia-e-inseguridad","status":"publish","type":"post","link":"https:\/\/quehacerpolitico.mx\/?p=15137","title":{"rendered":"El presiente de la CNDH dice que la Guardia Nacional es respuesta \u201csesgada a la violencia e inseguridad\u201d"},"content":{"rendered":"<h1>El presiente de la CNDH dice que la Guardia Nacional es respuesta \u201csesgada a la violencia e inseguridad\u201d<\/h1>\n<p>Por Redacci\u00f3n QP<\/p>\n<p>El presiente de la <strong>Comisi\u00f3n Nacional de Derechos Humanos (CNDH)<\/strong> de M\u00e9xico, Luis Ra\u00fal Gonz\u00e1lez, carg\u00f3 este mi\u00e9rcoles contra la <strong>Guardia Nacional,<\/strong> un cuerpo militar que quiere crear el Presidente<strong> Andr\u00e9s Manuel L\u00f3pez Obrador<\/strong>, por considerar que es una respuesta \u201csesgada a la violencia e inseguridad\u201d.<\/p>\n<p>Al presentar su informe anual ante la<strong> C\u00e1mara de Diputados<\/strong>, que el pasado jueves aprob\u00f3 un dictamen para crear la <strong>Guardia Nacional<\/strong>, el defensor de los derechos humanos en M\u00e9xico sostuvo que este organismo no garantizar\u00e1 <strong>\u201cterminar con la impunidad\u201d<\/strong>.<\/p>\n<blockquote>\n<p>\u201cExpandir la esfera de <strong>influencia de las Fuerzas Armadas<\/strong> a la seguridad p\u00fablica (\u2026) es una apuesta <strong>riesgosa para la democracia<\/strong> y la institucionalidad civil\u201d, advirti\u00f3 el <strong>presidente de la CNDH<\/strong>.<\/p>\n<p>Gonz\u00e1lez P\u00e9rez admiti\u00f3 que M\u00e9xico \u201cnecesita mayor y mejor seguridad, pero no a cualquier costo y no de cualquier tipo\u201d, y pidi\u00f3 al nuevo Gobierno mexicano, que asumi\u00f3 el poder el 1 de diciembre, que no renuncie a que la seguridad p\u00fablica est\u00e9 en manos de un organismo de car\u00e1cter civil.<\/p>\n<p>Para combatir los graves \u00edndices de violencia que sufre M\u00e9xico, donde se registraron 33 mil 341 homicidios dolosos en 2018, la tasa m\u00e1s alta desde que hay registros, el Presidente propuso la creaci\u00f3n de una Guardia Nacional encabezada por el Ej\u00e9rcito y formada por militares, efectivos navales y polic\u00edas federales.<\/p>\n<p>Con esta propuesta, L\u00f3pez Obrador incumpli\u00f3 su promesa de campa\u00f1a que pasaba por devolver a los cuarteles a los militares que desde la Presidencia de Felipe Calder\u00f3n (2006-2012) patrullan por las calles del pa\u00eds para combatir el narcotr\u00e1fico y bajo acusaciones de violaciones a los derechos humanos.<\/p>\n<blockquote>\n<p>A pesar de que el Presidente prometi\u00f3 convocar una consulta ciudadana para el pr\u00f3ximo 21 de marzo a fin de avalar la existencia de la Guardia Nacional, los tr\u00e1mites para su creaci\u00f3n ya comenzaron en el Congreso y el Gobierno ya present\u00f3 un plan para reclutar a 50 mil j\u00f3venes que integrar\u00edan el cuerpo.<\/p>\n<\/blockquote>\n<p>La Guardia Nacional ha sido muy criticada por organizaciones nacionales e internacionales, como ONU-Derechos Humanos, al considerar que perpet\u00faa la militarizaci\u00f3n de la seguridad p\u00fablica en M\u00e9xico.<\/p>\n<p>Ante las demandas para que el nuevo organismo tuviera una direcci\u00f3n civil, L\u00f3pez Obrador decidi\u00f3 que la Guardia Nacional tuviera un mandato civil administrativo y uno militar en cuanto a las operaciones.<\/p>\n<p>\u201cA\u00fan con el mando administrativo civil que se ha planteado, contin\u00faa siendo una respuesta parcial, incompleta y sesgada a la violencia e inseguridad, con una visi\u00f3n coyuntural y de corto plazo\u201d, reproch\u00f3 hoy el titular de la CNDH.<\/p>\n<blockquote>\n<p>Gonz\u00e1lez P\u00e9rez tambi\u00e9n critic\u00f3 la reforma legal impulsada del bloque izquierdista que apoya a L\u00f3pez Obrador a fin de aplicar la prisi\u00f3n preventiva a los acusados de por delitos de corrupci\u00f3n, robo de hidrocarburos y mal uso de programas electorales.<\/p>\n<\/blockquote>\n<p>El defensor de los derechos humanos record\u00f3 que la Constituci\u00f3n se\u00f1ala que la prisi\u00f3n preventiva \u201ces de car\u00e1cter excepcional\u201d y asever\u00f3 que \u201cla ampliaci\u00f3n del cat\u00e1logo de delitos no garantizar\u00eda que el Ministerio P\u00fablico cumpliera con su obligaci\u00f3n de investigar cada caso de manera objetiva\u201d.<\/p>\n<p>Lament\u00f3 que durante el a\u00f1o pasado \u201cM\u00e9xico no pudo superar la crisis que enfrenta en materia de derechos humanos\u201d puesto que se superaron r\u00e9cords de asesinatos e imper\u00f3 \u201cla impunidad\u201d en casos de desapariciones de personas, actos de tortura y abusos de migrantes.<\/p>\n<p>El titular de la CNDH mantuvo una tensa relaci\u00f3n con el predecesor de L\u00f3pez Obrador, Enrique Pe\u00f1a Nieto, quien dej\u00f3 el poder el 1 de diciembre y a quien acus\u00f3 el a\u00f1o pasado de permitir que el \u201cdolor y la impunidad\u201d persistieran.<\/p>\n<p>Por ello, el ombudsman mexicano insisti\u00f3 hoy que el cambio pol\u00edtico del pa\u00eds debe ser una \u201coportunidad para que, desde la distintas instancias del Estado, se trabaje para incidir significativamente en el abatimiento de las violaciones a los derechos fundamentales\u201d.<\/p>\n<p>Con Informaci\u00f3n de EFE<\/p>\n<\/blockquote>\n","protected":false},"excerpt":{"rendered":"<p>El presiente de la CNDH dice que la Guardia Nacional es respuesta \u201csesgada a la violencia e inseguridad\u201d<br \/>\nPor Redacci\u00f3n QP<\/p>\n","protected":false},"author":2,"featured_media":15136,"comment_status":"open","ping_status":"open","sticky":false,"template":"","format":"standard","meta":{"_monsterinsights_skip_tracking":false,"_monsterinsights_sitenote_active":false,"_monsterinsights_sitenote_note":"","_monsterinsights_sitenote_category":0,"footnotes":""},"categories":[2],"tags":[],"class_list":["post-15137","post","type-post","status-publish","format-standard","has-post-thumbnail","hentry","category-noticias"],"yoast_head":"<!-- This site is optimized with the Yoast SEO plugin v27.3 - https:\/\/yoast.com\/product\/yoast-seo-wordpress\/ -->\n<title>El presiente de la CNDH dice que la Guardia Nacional es respuesta \u201csesgada a la violencia e inseguridad\u201d -<\/title>\n<meta name=\"robots\" content=\"index, follow, max-snippet:-1, max-image-preview:large, max-video-preview:-1\" \/>\n<link rel=\"canonical\" href=\"https:\/\/quehacerpolitico.mx\/?p=15137\" \/>\n<meta property=\"og:locale\" content=\"es_MX\" \/>\n<meta property=\"og:type\" content=\"article\" \/>\n<meta property=\"og:title\" content=\"El presiente de la CNDH dice que la Guardia Nacional es respuesta \u201csesgada a la violencia e inseguridad\u201d -\" \/>\n<meta property=\"og:description\" content=\"El presiente de la CNDH dice que la Guardia Nacional es respuesta \u201csesgada a la violencia e inseguridad\u201d Por Redacci\u00f3n QP\" \/>\n<meta property=\"og:url\" content=\"https:\/\/quehacerpolitico.mx\/?p=15137\" \/>\n<meta property=\"article:published_time\" content=\"2019-01-24T02:18:18+00:00\" \/>\n<meta name=\"author\" content=\"Redacci\u00f3n QP\" \/>\n<meta name=\"twitter:card\" content=\"summary_large_image\" \/>\n<meta name=\"twitter:label1\" content=\"Escrito por\" \/>\n\t<meta name=\"twitter:data1\" content=\"Redacci\u00f3n QP\" \/>\n\t<meta name=\"twitter:label2\" content=\"Tiempo de lectura\" \/>\n\t<meta name=\"twitter:data2\" content=\"4 minutos\" \/>\n<script type=\"application\/ld+json\" class=\"yoast-schema-graph\">{\"@context\":\"https:\\\/\\\/schema.org\",\"@graph\":[{\"@type\":\"Article\",\"@id\":\"https:\\\/\\\/quehacerpolitico.mx\\\/?p=15137#article\",\"isPartOf\":{\"@id\":\"https:\\\/\\\/quehacerpolitico.mx\\\/?p=15137\"},\"author\":{\"name\":\"Redacci\u00f3n QP\",\"@id\":\"https:\\\/\\\/quehacerpolitico.mx\\\/#\\\/schema\\\/person\\\/496d8ad2d1d3f8036101dca7ee39e585\"},\"headline\":\"El presiente de la CNDH dice que la Guardia Nacional es respuesta \u201csesgada a la violencia e inseguridad\u201d\",\"datePublished\":\"2019-01-24T02:18:18+00:00\",\"mainEntityOfPage\":{\"@id\":\"https:\\\/\\\/quehacerpolitico.mx\\\/?p=15137\"},\"wordCount\":726,\"commentCount\":0,\"image\":{\"@id\":\"https:\\\/\\\/quehacerpolitico.mx\\\/?p=15137#primaryimage\"},\"thumbnailUrl\":\"\",\"articleSection\":[\"Noticias\"],\"inLanguage\":\"es\",\"potentialAction\":[{\"@type\":\"CommentAction\",\"name\":\"Comment\",\"target\":[\"https:\\\/\\\/quehacerpolitico.mx\\\/?p=15137#respond\"]}]},{\"@type\":\"WebPage\",\"@id\":\"https:\\\/\\\/quehacerpolitico.mx\\\/?p=15137\",\"url\":\"https:\\\/\\\/quehacerpolitico.mx\\\/?p=15137\",\"name\":\"El presiente de la CNDH dice que la Guardia Nacional es respuesta \u201csesgada a la violencia e inseguridad\u201d -\",\"isPartOf\":{\"@id\":\"https:\\\/\\\/quehacerpolitico.mx\\\/#website\"},\"primaryImageOfPage\":{\"@id\":\"https:\\\/\\\/quehacerpolitico.mx\\\/?p=15137#primaryimage\"},\"image\":{\"@id\":\"https:\\\/\\\/quehacerpolitico.mx\\\/?p=15137#primaryimage\"},\"thumbnailUrl\":\"\",\"datePublished\":\"2019-01-24T02:18:18+00:00\",\"author\":{\"@id\":\"https:\\\/\\\/quehacerpolitico.mx\\\/#\\\/schema\\\/person\\\/496d8ad2d1d3f8036101dca7ee39e585\"},\"breadcrumb\":{\"@id\":\"https:\\\/\\\/quehacerpolitico.mx\\\/?p=15137#breadcrumb\"},\"inLanguage\":\"es\",\"potentialAction\":[{\"@type\":\"ReadAction\",\"target\":[\"https:\\\/\\\/quehacerpolitico.mx\\\/?p=15137\"]}]},{\"@type\":\"ImageObject\",\"inLanguage\":\"es\",\"@id\":\"https:\\\/\\\/quehacerpolitico.mx\\\/?p=15137#primaryimage\",\"url\":\"\",\"contentUrl\":\"\"},{\"@type\":\"BreadcrumbList\",\"@id\":\"https:\\\/\\\/quehacerpolitico.mx\\\/?p=15137#breadcrumb\",\"itemListElement\":[{\"@type\":\"ListItem\",\"position\":1,\"name\":\"Inicio\",\"item\":\"https:\\\/\\\/quehacerpolitico.mx\\\/\"},{\"@type\":\"ListItem\",\"position\":2,\"name\":\"El presiente de la CNDH dice que la Guardia Nacional es respuesta \u201csesgada a la violencia e inseguridad\u201d\"}]},{\"@type\":\"WebSite\",\"@id\":\"https:\\\/\\\/quehacerpolitico.mx\\\/#website\",\"url\":\"https:\\\/\\\/quehacerpolitico.mx\\\/\",\"name\":\"\",\"description\":\"\",\"potentialAction\":[{\"@type\":\"SearchAction\",\"target\":{\"@type\":\"EntryPoint\",\"urlTemplate\":\"https:\\\/\\\/quehacerpolitico.mx\\\/?s={search_term_string}\"},\"query-input\":{\"@type\":\"PropertyValueSpecification\",\"valueRequired\":true,\"valueName\":\"search_term_string\"}}],\"inLanguage\":\"es\"},{\"@type\":\"Person\",\"@id\":\"https:\\\/\\\/quehacerpolitico.mx\\\/#\\\/schema\\\/person\\\/496d8ad2d1d3f8036101dca7ee39e585\",\"name\":\"Redacci\u00f3n QP\",\"image\":{\"@type\":\"ImageObject\",\"inLanguage\":\"es\",\"@id\":\"https:\\\/\\\/secure.gravatar.com\\\/avatar\\\/c7164ed6fdec453195284ad24a5ae5b6e1eed2b848477fa2a4787ba9adf39a41?s=96&d=mm&r=g\",\"url\":\"https:\\\/\\\/secure.gravatar.com\\\/avatar\\\/c7164ed6fdec453195284ad24a5ae5b6e1eed2b848477fa2a4787ba9adf39a41?s=96&d=mm&r=g\",\"contentUrl\":\"https:\\\/\\\/secure.gravatar.com\\\/avatar\\\/c7164ed6fdec453195284ad24a5ae5b6e1eed2b848477fa2a4787ba9adf39a41?s=96&d=mm&r=g\",\"caption\":\"Redacci\u00f3n QP\"},\"url\":\"https:\\\/\\\/quehacerpolitico.mx\\\/?author=2\"}]}<\/script>\n<!-- \/ Yoast SEO plugin. -->","yoast_head_json":{"title":"El presiente de la CNDH dice que la Guardia Nacional es respuesta \u201csesgada a la violencia e inseguridad\u201d -","robots":{"index":"index","follow":"follow","max-snippet":"max-snippet:-1","max-image-preview":"max-image-preview:large","max-video-preview":"max-video-preview:-1"},"canonical":"https:\/\/quehacerpolitico.mx\/?p=15137","og_locale":"es_MX","og_type":"article","og_title":"El presiente de la CNDH dice que la Guardia Nacional es respuesta \u201csesgada a la violencia e inseguridad\u201d -","og_description":"El presiente de la CNDH dice que la Guardia Nacional es respuesta \u201csesgada a la violencia e inseguridad\u201d Por Redacci\u00f3n QP","og_url":"https:\/\/quehacerpolitico.mx\/?p=15137","article_published_time":"2019-01-24T02:18:18+00:00","author":"Redacci\u00f3n QP","twitter_card":"summary_large_image","twitter_misc":{"Escrito por":"Redacci\u00f3n QP","Tiempo de lectura":"4 minutos"},"schema":{"@context":"https:\/\/schema.org","@graph":[{"@type":"Article","@id":"https:\/\/quehacerpolitico.mx\/?p=15137#article","isPartOf":{"@id":"https:\/\/quehacerpolitico.mx\/?p=15137"},"author":{"name":"Redacci\u00f3n QP","@id":"https:\/\/quehacerpolitico.mx\/#\/schema\/person\/496d8ad2d1d3f8036101dca7ee39e585"},"headline":"El presiente de la CNDH dice que la Guardia Nacional es respuesta \u201csesgada a la violencia e inseguridad\u201d","datePublished":"2019-01-24T02:18:18+00:00","mainEntityOfPage":{"@id":"https:\/\/quehacerpolitico.mx\/?p=15137"},"wordCount":726,"commentCount":0,"image":{"@id":"https:\/\/quehacerpolitico.mx\/?p=15137#primaryimage"},"thumbnailUrl":"","articleSection":["Noticias"],"inLanguage":"es","potentialAction":[{"@type":"CommentAction","name":"Comment","target":["https:\/\/quehacerpolitico.mx\/?p=15137#respond"]}]},{"@type":"WebPage","@id":"https:\/\/quehacerpolitico.mx\/?p=15137","url":"https:\/\/quehacerpolitico.mx\/?p=15137","name":"El presiente de la CNDH dice que la Guardia Nacional es respuesta \u201csesgada a la violencia e inseguridad\u201d -","isPartOf":{"@id":"https:\/\/quehacerpolitico.mx\/#website"},"primaryImageOfPage":{"@id":"https:\/\/quehacerpolitico.mx\/?p=15137#primaryimage"},"image":{"@id":"https:\/\/quehacerpolitico.mx\/?p=15137#primaryimage"},"thumbnailUrl":"","datePublished":"2019-01-24T02:18:18+00:00","author":{"@id":"https:\/\/quehacerpolitico.mx\/#\/schema\/person\/496d8ad2d1d3f8036101dca7ee39e585"},"breadcrumb":{"@id":"https:\/\/quehacerpolitico.mx\/?p=15137#breadcrumb"},"inLanguage":"es","potentialAction":[{"@type":"ReadAction","target":["https:\/\/quehacerpolitico.mx\/?p=15137"]}]},{"@type":"ImageObject","inLanguage":"es","@id":"https:\/\/quehacerpolitico.mx\/?p=15137#primaryimage","url":"","contentUrl":""},{"@type":"BreadcrumbList","@id":"https:\/\/quehacerpolitico.mx\/?p=15137#breadcrumb","itemListElement":[{"@type":"ListItem","position":1,"name":"Inicio","item":"https:\/\/quehacerpolitico.mx\/"},{"@type":"ListItem","position":2,"name":"El presiente de la CNDH dice que la Guardia Nacional es respuesta \u201csesgada a la violencia e inseguridad\u201d"}]},{"@type":"WebSite","@id":"https:\/\/quehacerpolitico.mx\/#website","url":"https:\/\/quehacerpolitico.mx\/","name":"","description":"","potentialAction":[{"@type":"SearchAction","target":{"@type":"EntryPoint","urlTemplate":"https:\/\/quehacerpolitico.mx\/?s={search_term_string}"},"query-input":{"@type":"PropertyValueSpecification","valueRequired":true,"valueName":"search_term_string"}}],"inLanguage":"es"},{"@type":"Person","@id":"https:\/\/quehacerpolitico.mx\/#\/schema\/person\/496d8ad2d1d3f8036101dca7ee39e585","name":"Redacci\u00f3n QP","image":{"@type":"ImageObject","inLanguage":"es","@id":"https:\/\/secure.gravatar.com\/avatar\/c7164ed6fdec453195284ad24a5ae5b6e1eed2b848477fa2a4787ba9adf39a41?s=96&d=mm&r=g","url":"https:\/\/secure.gravatar.com\/avatar\/c7164ed6fdec453195284ad24a5ae5b6e1eed2b848477fa2a4787ba9adf39a41?s=96&d=mm&r=g","contentUrl":"https:\/\/secure.gravatar.com\/avatar\/c7164ed6fdec453195284ad24a5ae5b6e1eed2b848477fa2a4787ba9adf39a41?s=96&d=mm&r=g","caption":"Redacci\u00f3n QP"},"url":"https:\/\/quehacerpolitico.mx\/?author=2"}]}},"featured_image_urls":{"full":"","thumbnail":"","medium":"","medium_large":"","large":"","1536x1536":"","2048x2048":"","covernews-featured":"","covernews-medium":""},"author_info":{"display_name":"Redacci\u00f3n QP","author_link":"https:\/\/quehacerpolitico.mx\/?author=2"},"category_info":"<a href=\"https:\/\/quehacerpolitico.mx\/?cat=2\" rel=\"category\">Noticias<\/a>","tag_info":"Noticias","comment_count":"0","_links":{"self":[{"href":"https:\/\/quehacerpolitico.mx\/index.php?rest_route=\/wp\/v2\/posts\/15137","targetHints":{"allow":["GET"]}}],"collection":[{"href":"https:\/\/quehacerpolitico.mx\/index.php?rest_route=\/wp\/v2\/posts"}],"about":[{"href":"https:\/\/quehacerpolitico.mx\/index.php?rest_route=\/wp\/v2\/types\/post"}],"author":[{"embeddable":true,"href":"https:\/\/quehacerpolitico.mx\/index.php?rest_route=\/wp\/v2\/users\/2"}],"replies":[{"embeddable":true,"href":"https:\/\/quehacerpolitico.mx\/index.php?rest_route=%2Fwp%2Fv2%2Fcomments&post=15137"}],"version-history":[{"count":0,"href":"https:\/\/quehacerpolitico.mx\/index.php?rest_route=\/wp\/v2\/posts\/15137\/revisions"}],"wp:featuredmedia":[{"embeddable":true,"href":"https:\/\/quehacerpolitico.mx\/index.php?rest_route=\/"}],"wp:attachment":[{"href":"https:\/\/quehacerpolitico.mx\/index.php?rest_route=%2Fwp%2Fv2%2Fmedia&parent=15137"}],"wp:term":[{"taxonomy":"category","embeddable":true,"href":"https:\/\/quehacerpolitico.mx\/index.php?rest_route=%2Fwp%2Fv2%2Fcategories&post=15137"},{"taxonomy":"post_tag","embeddable":true,"href":"https:\/\/quehacerpolitico.mx\/index.php?rest_route=%2Fwp%2Fv2%2Ftags&post=15137"}],"curies":[{"name":"wp","href":"https:\/\/api.w.org\/{rel}","templated":true}]}}