{"id":15135,"date":"2019-01-24T02:11:48","date_gmt":"2019-01-24T02:11:48","guid":{"rendered":"http:\/\/quehacerpolitico.mx\/la-colonia-roma-celebra-las-10-nominaciones-al-oscar-del-filme-homonimo-de-alfonso-cuaron\/"},"modified":"2019-01-24T02:11:48","modified_gmt":"2019-01-24T02:11:48","slug":"la-colonia-roma-celebra-las-10-nominaciones-al-oscar-del-filme-homonimo-de-alfonso-cuaron","status":"publish","type":"post","link":"https:\/\/quehacerpolitico.mx\/?p=15135","title":{"rendered":"La colonia Roma celebra las 10 nominaciones al \u00d3scar del filme hom\u00f3nimo de Alfonso Cuar\u00f3n"},"content":{"rendered":"<h1>La colonia Roma celebra las 10 nominaciones al \u00d3scar del filme hom\u00f3nimo de Alfonso Cuar\u00f3n<\/h1>\n<p>Por Redacci\u00f3n QP<\/p>\n<p>La <strong>noticia<\/strong> de que <em><strong>Roma<\/strong>,<\/em> de <strong>Alfonso Cuar\u00f3n<\/strong>, <strong>recibiera 10 nominaciones<\/strong>\u00a0al <strong>\u00d3scar<\/strong>, llev\u00f3 a los residentes del <strong>barrio<\/strong> a rememorar sus propias vivencias e imaginar mostrarle la pel\u00edcula a sus hijos alg\u00fan d\u00eda.<\/p>\n<p>El retrato personal de Cuar\u00f3n, filmado en blanco y negro, en espa\u00f1ol y con di\u00e1logos en mixteco tuvo un \u00e9xito at\u00edpico.\u00a0La pel\u00edcula, dedicada a una empleada dom\u00e9stica, que se realiz\u00f3 en Netflix, que se convirti\u00f3 en una audiencia p\u00fablica, se convirti\u00f3 en un boleto para ver en el cine una cinta intimista que tambi\u00e9n ha dado a conocer la colonia Roma Sur de clase media.<\/p>\n<div id=\"attachment_3526376\" class=\"wp-caption alignnone\"><img loading=\"lazy\" decoding=\"async\" class=\"size-full wp-image-3526376\" src=\"https:\/\/www.sinembargo.mx\/wp-content\/uploads\/2019\/01\/perro-casa-roma.jpg\" sizes=\"auto, (max-width: 700px) 100vw, 700px\" srcset=\"https:\/\/www.sinembargo.mx\/wp-content\/uploads\/2019\/01\/perro-casa-roma.jpg 700w, https:\/\/www.sinembargo.mx\/wp-content\/uploads\/2019\/01\/perro-casa-roma-300x200.jpg 300w\" alt=\"\" width=\"700\" height=\"467\" \/><\/p>\n<p class=\"wp-caption-text\">Un perro se asoma desde la azotea de una casa en la colonia Roma Sur de la Ciudad de M\u00e9xico.Foto: AP\/Rebecca Blackwell.<\/p>\n<\/div>\n<div id=\"attachment_3526378\" class=\"wp-caption alignnone\"><img loading=\"lazy\" decoding=\"async\" class=\"size-full wp-image-3526378\" src=\"https:\/\/www.sinembargo.mx\/wp-content\/uploads\/2019\/01\/calle-roma.jpg\" sizes=\"auto, (max-width: 700px) 100vw, 700px\" srcset=\"https:\/\/www.sinembargo.mx\/wp-content\/uploads\/2019\/01\/calle-roma.jpg 700w, https:\/\/www.sinembargo.mx\/wp-content\/uploads\/2019\/01\/calle-roma-300x203.jpg 300w\" alt=\"\" width=\"700\" height=\"473\" \/><\/p>\n<p class=\"wp-caption-text\">Una mujer camina con su perro frente a la casa de la infancia de Alfonso Cuar\u00f3n, quien vivi\u00f3 ah\u00ed en la d\u00e9cada de 1970, en la calle de Tepeji en la colonia Roma Sur de la Ciudad de M\u00e9xico. Foto: AP\/Rebecca Blackwell.<\/p>\n<\/div>\n<div id=\"attachment_3526379\" class=\"wp-caption alignnone\"><img loading=\"lazy\" decoding=\"async\" class=\"size-full wp-image-3526379\" src=\"https:\/\/www.sinembargo.mx\/wp-content\/uploads\/2019\/01\/pan-roma.jpg\" sizes=\"auto, (max-width: 700px) 100vw, 700px\" srcset=\"https:\/\/www.sinembargo.mx\/wp-content\/uploads\/2019\/01\/pan-roma.jpg 700w, https:\/\/www.sinembargo.mx\/wp-content\/uploads\/2019\/01\/pan-roma-300x200.jpg 300w\" alt=\"\" width=\"700\" height=\"467\" \/><\/p>\n<p class=\"wp-caption-text\">Unas mujeres compran pan y s\u00e1ndwiches a un vendedor en la calle en la colonia Roma Sur de la Ciudad de M\u00e9xico. Foto: AP\/Rebecca Blackwell.<\/p>\n<\/div>\n<p>Gloria Silvia Monreal vive frente a la casa de la infancia de Cuar\u00f3n.\u00a0El martes, se prometi\u00f3 un mensaje de Cuar\u00f3n si \u00e9ste gana.<\/p>\n<p>\u201cMis padres con sus padres se saludan como buenos vecinos\u201d, dijo Montreal.\u00a0Mis hermanos dicen que jugaban aqu\u00ed en la calle pelota.<\/p>\n<p>Cuar\u00f3n recre\u00f3 la fachada original de su casa sobre la residencia de Monreal para filmar algunas escenas.\u00a0Ella ya ha visto la pel\u00edcula cuatro veces.<\/p>\n<blockquote>\n<p>\u201cFue algo sensacional, precioso\u201d, dijo.\u00a0\u201cPara nosotros fue una experiencia incre\u00edble\u201d.<\/p>\n<\/blockquote>\n<div id=\"attachment_3526380\" class=\"wp-caption alignnone\"><img loading=\"lazy\" decoding=\"async\" class=\"size-full wp-image-3526380\" src=\"https:\/\/www.sinembargo.mx\/wp-content\/uploads\/2019\/01\/peluqueria-roma.jpg\" sizes=\"auto, (max-width: 700px) 100vw, 700px\" srcset=\"https:\/\/www.sinembargo.mx\/wp-content\/uploads\/2019\/01\/peluqueria-roma.jpg 700w, https:\/\/www.sinembargo.mx\/wp-content\/uploads\/2019\/01\/peluqueria-roma-300x207.jpg 300w\" alt=\"\" width=\"700\" height=\"483\" \/><\/p>\n<p class=\"wp-caption-text\">Un nombre se corta el pelo en la colonia Roma Sur de la Ciudad de M\u00e9xico. Foto: AP\/Rebecca Blackwell.<\/p>\n<\/div>\n<div id=\"attachment_3526382\" class=\"wp-caption alignnone\"><img loading=\"lazy\" decoding=\"async\" class=\"size-full wp-image-3526382\" src=\"https:\/\/www.sinembargo.mx\/wp-content\/uploads\/2019\/01\/comedor-roma.jpg\" sizes=\"auto, (max-width: 700px) 100vw, 700px\" srcset=\"https:\/\/www.sinembargo.mx\/wp-content\/uploads\/2019\/01\/comedor-roma.jpg 700w, https:\/\/www.sinembargo.mx\/wp-content\/uploads\/2019\/01\/comedor-roma-300x212.jpg 300w\" alt=\"\" width=\"700\" height=\"495\" \/><\/p>\n<p class=\"wp-caption-text\">Un nombre come en un restaurante de la colonia Roma Sur de la Ciudad de M\u00e9xico.Foto: AP\/Rebecca Blackwell.<\/p>\n<\/div>\n<div id=\"attachment_3526384\" class=\"wp-caption alignnone\"><img loading=\"lazy\" decoding=\"async\" class=\"size-full wp-image-3526384\" src=\"https:\/\/www.sinembargo.mx\/wp-content\/uploads\/2019\/01\/pincc83ata-tienda.jpg\" sizes=\"auto, (max-width: 700px) 100vw, 700px\" srcset=\"https:\/\/www.sinembargo.mx\/wp-content\/uploads\/2019\/01\/pincc83ata-tienda.jpg 700w, https:\/\/www.sinembargo.mx\/wp-content\/uploads\/2019\/01\/pincc83ata-tienda-300x208.jpg 300w\" alt=\"\" width=\"700\" height=\"485\" \/><\/p>\n<p class=\"wp-caption-text\">Un perro acostado frente a una tienda con pi\u00f1atas en la colonia Roma Sur de la Ciudad de M\u00e9xico. Foto: AP\/Rebecca Blackwell.<\/p>\n<\/div>\n<blockquote>\n<p>En los \u00faltimos a\u00f1os la colonia Roma Sur ha tenido una transformaci\u00f3n y se ha convertido en un barrio m\u00e1s de moda.\u00a0Ahora sus casas originales de arte y estilo californiano, se mezclan con nuevos edificios de apartamentos modernos.\u00a0A los puestos de tacos y tamales se han sumado cafeter\u00edas y bares con cerveza artesanal.<\/p>\n<\/blockquote>\n<p>Roc\u00edo Moreno, de 58 a\u00f1os, ha vivido en la Roma por 40 a\u00f1os.\u00a0Espera que la atenci\u00f3n sobre la pel\u00edcula ayude a mejorar la imagen de M\u00e9xico y de los latinos, \u201csobre todo a la hora de la percepci\u00f3n de este tipo de pel\u00edcula\u201d, se\u00f1al\u00f3.<\/p>\n<p>La casa se encuentra en una calle peque\u00f1a y tranquila.\u00a0En <em>Roma<\/em> la direcci\u00f3n es visible, por lo que se est\u00e1 convirtiendo en una especie de destino tur\u00edstico para admiradores de M\u00e9xico y otras partes del mundo que quieren ver la verdadera casa de la infancia de Cuar\u00f3n y que se us\u00f3 para el rodaje.<\/p>\n<p>Este martes, Alex Kitterman, un bombero ingl\u00e9s de 49 a\u00f1os, estaba tomando fotos de la calle.\u00a0Vio <em>Roma<\/em> recientemente en Netflix y decidi\u00f3 visitar la casa durante sus vacaciones.<\/p>\n<blockquote>\n<p>\u201cDe hecho es un cambio bueno para lo que hay en el cine ahora con todas esas pel\u00edculas de Marvel Comics, mucha violencia\u201d, dijo.\u00a0\u201cEs una pel\u00edcula sutil\u201d.<\/p>\n<\/blockquote>\n<p>Eliana Olaizola, de 45 a\u00f1os, una m\u00e9dica originaria de Argentina, vive en la casa de la infancia de Cuar\u00f3n y considera maravilloso que el cine mexicano est\u00e9 en este tipo de exposiciones internacionales.<\/p>\n<blockquote>\n<p>\u201cMe gusta que va a ser algo que voy a poder mostrarle a mis hijos cuando sean grandes y van a poder ver su casa de la infancia\u201d, dijo sobre <em>Roma<\/em>.\u00a0\u201cLa pel\u00edcula me encant\u00f3\u201d, finaliz\u00f3.<\/p>\n<p>Con Informaci\u00f3n de AP<\/p>\n<\/blockquote>\n","protected":false},"excerpt":{"rendered":"<p>La colonia Roma celebra las 10 nominaciones al \u00d3scar del filme hom\u00f3nimo de Alfonso Cuar\u00f3n<br \/>\nPor Redacci\u00f3n QP<\/p>\n","protected":false},"author":2,"featured_media":15134,"comment_status":"open","ping_status":"open","sticky":false,"template":"","format":"standard","meta":{"_monsterinsights_skip_tracking":false,"_monsterinsights_sitenote_active":false,"_monsterinsights_sitenote_note":"","_monsterinsights_sitenote_category":0,"footnotes":""},"categories":[58],"tags":[],"class_list":["post-15135","post","type-post","status-publish","format-standard","has-post-thumbnail","hentry","category-cultura"],"yoast_head":"<!-- This site is optimized with the Yoast SEO plugin v27.3 - https:\/\/yoast.com\/product\/yoast-seo-wordpress\/ -->\n<title>La colonia Roma celebra las 10 nominaciones al \u00d3scar del filme hom\u00f3nimo de Alfonso Cuar\u00f3n -<\/title>\n<meta name=\"robots\" content=\"index, follow, max-snippet:-1, max-image-preview:large, max-video-preview:-1\" \/>\n<link rel=\"canonical\" href=\"https:\/\/quehacerpolitico.mx\/?p=15135\" \/>\n<meta property=\"og:locale\" content=\"es_MX\" \/>\n<meta property=\"og:type\" content=\"article\" \/>\n<meta property=\"og:title\" content=\"La colonia Roma celebra las 10 nominaciones al \u00d3scar del filme hom\u00f3nimo de Alfonso Cuar\u00f3n -\" \/>\n<meta property=\"og:description\" content=\"La colonia Roma celebra las 10 nominaciones al \u00d3scar del filme hom\u00f3nimo de Alfonso Cuar\u00f3n Por Redacci\u00f3n QP\" \/>\n<meta property=\"og:url\" content=\"https:\/\/quehacerpolitico.mx\/?p=15135\" \/>\n<meta property=\"article:published_time\" content=\"2019-01-24T02:11:48+00:00\" \/>\n<meta name=\"author\" content=\"Redacci\u00f3n QP\" \/>\n<meta name=\"twitter:card\" content=\"summary_large_image\" \/>\n<meta name=\"twitter:label1\" content=\"Escrito por\" \/>\n\t<meta name=\"twitter:data1\" content=\"Redacci\u00f3n QP\" \/>\n\t<meta name=\"twitter:label2\" content=\"Tiempo de lectura\" \/>\n\t<meta name=\"twitter:data2\" content=\"3 minutos\" \/>\n<script type=\"application\/ld+json\" class=\"yoast-schema-graph\">{\"@context\":\"https:\\\/\\\/schema.org\",\"@graph\":[{\"@type\":\"Article\",\"@id\":\"https:\\\/\\\/quehacerpolitico.mx\\\/?p=15135#article\",\"isPartOf\":{\"@id\":\"https:\\\/\\\/quehacerpolitico.mx\\\/?p=15135\"},\"author\":{\"name\":\"Redacci\u00f3n QP\",\"@id\":\"https:\\\/\\\/quehacerpolitico.mx\\\/#\\\/schema\\\/person\\\/496d8ad2d1d3f8036101dca7ee39e585\"},\"headline\":\"La colonia Roma celebra las 10 nominaciones al \u00d3scar del filme hom\u00f3nimo de Alfonso Cuar\u00f3n\",\"datePublished\":\"2019-01-24T02:11:48+00:00\",\"mainEntityOfPage\":{\"@id\":\"https:\\\/\\\/quehacerpolitico.mx\\\/?p=15135\"},\"wordCount\":707,\"commentCount\":0,\"image\":{\"@id\":\"https:\\\/\\\/quehacerpolitico.mx\\\/?p=15135#primaryimage\"},\"thumbnailUrl\":\"\",\"articleSection\":[\"Cultura y Entretenimiento\"],\"inLanguage\":\"es\",\"potentialAction\":[{\"@type\":\"CommentAction\",\"name\":\"Comment\",\"target\":[\"https:\\\/\\\/quehacerpolitico.mx\\\/?p=15135#respond\"]}]},{\"@type\":\"WebPage\",\"@id\":\"https:\\\/\\\/quehacerpolitico.mx\\\/?p=15135\",\"url\":\"https:\\\/\\\/quehacerpolitico.mx\\\/?p=15135\",\"name\":\"La colonia Roma celebra las 10 nominaciones al \u00d3scar del filme hom\u00f3nimo de Alfonso Cuar\u00f3n -\",\"isPartOf\":{\"@id\":\"https:\\\/\\\/quehacerpolitico.mx\\\/#website\"},\"primaryImageOfPage\":{\"@id\":\"https:\\\/\\\/quehacerpolitico.mx\\\/?p=15135#primaryimage\"},\"image\":{\"@id\":\"https:\\\/\\\/quehacerpolitico.mx\\\/?p=15135#primaryimage\"},\"thumbnailUrl\":\"\",\"datePublished\":\"2019-01-24T02:11:48+00:00\",\"author\":{\"@id\":\"https:\\\/\\\/quehacerpolitico.mx\\\/#\\\/schema\\\/person\\\/496d8ad2d1d3f8036101dca7ee39e585\"},\"breadcrumb\":{\"@id\":\"https:\\\/\\\/quehacerpolitico.mx\\\/?p=15135#breadcrumb\"},\"inLanguage\":\"es\",\"potentialAction\":[{\"@type\":\"ReadAction\",\"target\":[\"https:\\\/\\\/quehacerpolitico.mx\\\/?p=15135\"]}]},{\"@type\":\"ImageObject\",\"inLanguage\":\"es\",\"@id\":\"https:\\\/\\\/quehacerpolitico.mx\\\/?p=15135#primaryimage\",\"url\":\"\",\"contentUrl\":\"\"},{\"@type\":\"BreadcrumbList\",\"@id\":\"https:\\\/\\\/quehacerpolitico.mx\\\/?p=15135#breadcrumb\",\"itemListElement\":[{\"@type\":\"ListItem\",\"position\":1,\"name\":\"Inicio\",\"item\":\"https:\\\/\\\/quehacerpolitico.mx\\\/\"},{\"@type\":\"ListItem\",\"position\":2,\"name\":\"La colonia Roma celebra las 10 nominaciones al \u00d3scar del filme hom\u00f3nimo de Alfonso Cuar\u00f3n\"}]},{\"@type\":\"WebSite\",\"@id\":\"https:\\\/\\\/quehacerpolitico.mx\\\/#website\",\"url\":\"https:\\\/\\\/quehacerpolitico.mx\\\/\",\"name\":\"\",\"description\":\"\",\"potentialAction\":[{\"@type\":\"SearchAction\",\"target\":{\"@type\":\"EntryPoint\",\"urlTemplate\":\"https:\\\/\\\/quehacerpolitico.mx\\\/?s={search_term_string}\"},\"query-input\":{\"@type\":\"PropertyValueSpecification\",\"valueRequired\":true,\"valueName\":\"search_term_string\"}}],\"inLanguage\":\"es\"},{\"@type\":\"Person\",\"@id\":\"https:\\\/\\\/quehacerpolitico.mx\\\/#\\\/schema\\\/person\\\/496d8ad2d1d3f8036101dca7ee39e585\",\"name\":\"Redacci\u00f3n QP\",\"image\":{\"@type\":\"ImageObject\",\"inLanguage\":\"es\",\"@id\":\"https:\\\/\\\/secure.gravatar.com\\\/avatar\\\/c7164ed6fdec453195284ad24a5ae5b6e1eed2b848477fa2a4787ba9adf39a41?s=96&d=mm&r=g\",\"url\":\"https:\\\/\\\/secure.gravatar.com\\\/avatar\\\/c7164ed6fdec453195284ad24a5ae5b6e1eed2b848477fa2a4787ba9adf39a41?s=96&d=mm&r=g\",\"contentUrl\":\"https:\\\/\\\/secure.gravatar.com\\\/avatar\\\/c7164ed6fdec453195284ad24a5ae5b6e1eed2b848477fa2a4787ba9adf39a41?s=96&d=mm&r=g\",\"caption\":\"Redacci\u00f3n QP\"},\"url\":\"https:\\\/\\\/quehacerpolitico.mx\\\/?author=2\"}]}<\/script>\n<!-- \/ Yoast SEO plugin. -->","yoast_head_json":{"title":"La colonia Roma celebra las 10 nominaciones al \u00d3scar del filme hom\u00f3nimo de Alfonso Cuar\u00f3n -","robots":{"index":"index","follow":"follow","max-snippet":"max-snippet:-1","max-image-preview":"max-image-preview:large","max-video-preview":"max-video-preview:-1"},"canonical":"https:\/\/quehacerpolitico.mx\/?p=15135","og_locale":"es_MX","og_type":"article","og_title":"La colonia Roma celebra las 10 nominaciones al \u00d3scar del filme hom\u00f3nimo de Alfonso Cuar\u00f3n -","og_description":"La colonia Roma celebra las 10 nominaciones al \u00d3scar del filme hom\u00f3nimo de Alfonso Cuar\u00f3n Por Redacci\u00f3n QP","og_url":"https:\/\/quehacerpolitico.mx\/?p=15135","article_published_time":"2019-01-24T02:11:48+00:00","author":"Redacci\u00f3n QP","twitter_card":"summary_large_image","twitter_misc":{"Escrito por":"Redacci\u00f3n QP","Tiempo de lectura":"3 minutos"},"schema":{"@context":"https:\/\/schema.org","@graph":[{"@type":"Article","@id":"https:\/\/quehacerpolitico.mx\/?p=15135#article","isPartOf":{"@id":"https:\/\/quehacerpolitico.mx\/?p=15135"},"author":{"name":"Redacci\u00f3n QP","@id":"https:\/\/quehacerpolitico.mx\/#\/schema\/person\/496d8ad2d1d3f8036101dca7ee39e585"},"headline":"La colonia Roma celebra las 10 nominaciones al \u00d3scar del filme hom\u00f3nimo de Alfonso Cuar\u00f3n","datePublished":"2019-01-24T02:11:48+00:00","mainEntityOfPage":{"@id":"https:\/\/quehacerpolitico.mx\/?p=15135"},"wordCount":707,"commentCount":0,"image":{"@id":"https:\/\/quehacerpolitico.mx\/?p=15135#primaryimage"},"thumbnailUrl":"","articleSection":["Cultura y Entretenimiento"],"inLanguage":"es","potentialAction":[{"@type":"CommentAction","name":"Comment","target":["https:\/\/quehacerpolitico.mx\/?p=15135#respond"]}]},{"@type":"WebPage","@id":"https:\/\/quehacerpolitico.mx\/?p=15135","url":"https:\/\/quehacerpolitico.mx\/?p=15135","name":"La colonia Roma celebra las 10 nominaciones al \u00d3scar del filme hom\u00f3nimo de Alfonso Cuar\u00f3n -","isPartOf":{"@id":"https:\/\/quehacerpolitico.mx\/#website"},"primaryImageOfPage":{"@id":"https:\/\/quehacerpolitico.mx\/?p=15135#primaryimage"},"image":{"@id":"https:\/\/quehacerpolitico.mx\/?p=15135#primaryimage"},"thumbnailUrl":"","datePublished":"2019-01-24T02:11:48+00:00","author":{"@id":"https:\/\/quehacerpolitico.mx\/#\/schema\/person\/496d8ad2d1d3f8036101dca7ee39e585"},"breadcrumb":{"@id":"https:\/\/quehacerpolitico.mx\/?p=15135#breadcrumb"},"inLanguage":"es","potentialAction":[{"@type":"ReadAction","target":["https:\/\/quehacerpolitico.mx\/?p=15135"]}]},{"@type":"ImageObject","inLanguage":"es","@id":"https:\/\/quehacerpolitico.mx\/?p=15135#primaryimage","url":"","contentUrl":""},{"@type":"BreadcrumbList","@id":"https:\/\/quehacerpolitico.mx\/?p=15135#breadcrumb","itemListElement":[{"@type":"ListItem","position":1,"name":"Inicio","item":"https:\/\/quehacerpolitico.mx\/"},{"@type":"ListItem","position":2,"name":"La colonia Roma celebra las 10 nominaciones al \u00d3scar del filme hom\u00f3nimo de Alfonso Cuar\u00f3n"}]},{"@type":"WebSite","@id":"https:\/\/quehacerpolitico.mx\/#website","url":"https:\/\/quehacerpolitico.mx\/","name":"","description":"","potentialAction":[{"@type":"SearchAction","target":{"@type":"EntryPoint","urlTemplate":"https:\/\/quehacerpolitico.mx\/?s={search_term_string}"},"query-input":{"@type":"PropertyValueSpecification","valueRequired":true,"valueName":"search_term_string"}}],"inLanguage":"es"},{"@type":"Person","@id":"https:\/\/quehacerpolitico.mx\/#\/schema\/person\/496d8ad2d1d3f8036101dca7ee39e585","name":"Redacci\u00f3n QP","image":{"@type":"ImageObject","inLanguage":"es","@id":"https:\/\/secure.gravatar.com\/avatar\/c7164ed6fdec453195284ad24a5ae5b6e1eed2b848477fa2a4787ba9adf39a41?s=96&d=mm&r=g","url":"https:\/\/secure.gravatar.com\/avatar\/c7164ed6fdec453195284ad24a5ae5b6e1eed2b848477fa2a4787ba9adf39a41?s=96&d=mm&r=g","contentUrl":"https:\/\/secure.gravatar.com\/avatar\/c7164ed6fdec453195284ad24a5ae5b6e1eed2b848477fa2a4787ba9adf39a41?s=96&d=mm&r=g","caption":"Redacci\u00f3n QP"},"url":"https:\/\/quehacerpolitico.mx\/?author=2"}]}},"featured_image_urls":{"full":"","thumbnail":"","medium":"","medium_large":"","large":"","1536x1536":"","2048x2048":"","covernews-featured":"","covernews-medium":""},"author_info":{"display_name":"Redacci\u00f3n QP","author_link":"https:\/\/quehacerpolitico.mx\/?author=2"},"category_info":"<a href=\"https:\/\/quehacerpolitico.mx\/?cat=58\" rel=\"category\">Cultura y Entretenimiento<\/a>","tag_info":"Cultura y Entretenimiento","comment_count":"0","_links":{"self":[{"href":"https:\/\/quehacerpolitico.mx\/index.php?rest_route=\/wp\/v2\/posts\/15135","targetHints":{"allow":["GET"]}}],"collection":[{"href":"https:\/\/quehacerpolitico.mx\/index.php?rest_route=\/wp\/v2\/posts"}],"about":[{"href":"https:\/\/quehacerpolitico.mx\/index.php?rest_route=\/wp\/v2\/types\/post"}],"author":[{"embeddable":true,"href":"https:\/\/quehacerpolitico.mx\/index.php?rest_route=\/wp\/v2\/users\/2"}],"replies":[{"embeddable":true,"href":"https:\/\/quehacerpolitico.mx\/index.php?rest_route=%2Fwp%2Fv2%2Fcomments&post=15135"}],"version-history":[{"count":0,"href":"https:\/\/quehacerpolitico.mx\/index.php?rest_route=\/wp\/v2\/posts\/15135\/revisions"}],"wp:featuredmedia":[{"embeddable":true,"href":"https:\/\/quehacerpolitico.mx\/index.php?rest_route=\/"}],"wp:attachment":[{"href":"https:\/\/quehacerpolitico.mx\/index.php?rest_route=%2Fwp%2Fv2%2Fmedia&parent=15135"}],"wp:term":[{"taxonomy":"category","embeddable":true,"href":"https:\/\/quehacerpolitico.mx\/index.php?rest_route=%2Fwp%2Fv2%2Fcategories&post=15135"},{"taxonomy":"post_tag","embeddable":true,"href":"https:\/\/quehacerpolitico.mx\/index.php?rest_route=%2Fwp%2Fv2%2Ftags&post=15135"}],"curies":[{"name":"wp","href":"https:\/\/api.w.org\/{rel}","templated":true}]}}