{"id":15133,"date":"2019-01-24T01:47:20","date_gmt":"2019-01-24T01:47:20","guid":{"rendered":"http:\/\/quehacerpolitico.mx\/internacionales-carolina-alonso-romei-venezuela-tiene-en-este-momento-dos-presidentes-y-las-calles-se-le-volvieron-un-polvorin\/"},"modified":"2019-01-24T01:47:20","modified_gmt":"2019-01-24T01:47:20","slug":"internacionales-carolina-alonso-romei-venezuela-tiene-en-este-momento-dos-presidentes-y-las-calles-se-le-volvieron-un-polvorin","status":"publish","type":"post","link":"https:\/\/quehacerpolitico.mx\/?p=15133","title":{"rendered":"Internacionales\/\/\/Carolina Alonso Romei\/\/\/Venezuela tiene en este momento \u201cdos presidentes\u201d, y las calles se le volvieron un polvor\u00edn"},"content":{"rendered":"<h1>Venezuela tiene en este momento \u201cdos presidentes\u201d, y las calles se le volvieron un polvor\u00edn<\/h1>\n<p>Por Carolina Alonso Romei\u00a0<\/p>\n<p>Internacionalista<\/p>\n<p><iframe loading=\"lazy\" title=\"Miles de venezolanos se manifiestan en todo el pa\u00eds contra Maduro\" width=\"640\" height=\"360\" src=\"https:\/\/www.youtube.com\/embed\/0QXi58FNIZs?feature=oembed\" frameborder=\"0\" allow=\"accelerometer; autoplay; clipboard-write; encrypted-media; gyroscope; picture-in-picture; web-share\" referrerpolicy=\"strict-origin-when-cross-origin\" allowfullscreen><\/iframe><\/p>\n<p><strong>Venezuela<\/strong> tiene este mi\u00e9rcoles<strong> \u201cdos presidentes\u201d<\/strong> luego de\u00a0<strong>Juan Guaid\u00f3<\/strong>\u00a0se proclam\u00f3 este mi\u00e9rcoles como\u00a0<strong>mandatario interino<\/strong>\u00a0del pa\u00eds, a quien el Gobierno de Estados Unidos y otros latinoamericanos ya reconocieron como mandatario oficial. Esta misma tarde, Nicol\u00e1s Maduro envi\u00f3 un mensaje a los venezolanos desde el Palacio de Miraflores en el que reiter\u00f3 que \u00e9l es el Presidente constitucional y anunci\u00f3 que rompe relaciones\u00a0diplom\u00e1ticas entre Venezuela y Estados Unidos.<\/p>\n<p>Mientras, las <strong>calles<\/strong> se han colmado de decenas de <strong>venezolanos<\/strong> a <strong>favor y en contra<\/strong> de Maduro y los <strong>disturbios<\/strong> han comenzado.<\/p>\n<p>En dos sectores del este de la capital venezolana se registraron enfrentamientos entre manifestantes y las fuerzas de seguridad que debieron utilizar gases lacrim\u00f3genos y balas de goma para dispersarlos.<\/p>\n<p>Por otra parte, miles de seguidores de Nicol\u00e1s Maduro se trasladaron al Palacio Presidencial para participar en una vigilia que convoc\u00f3 el presidente de la oficialista Asamblea Nacional Constituyente, Diosdado Cabello.<\/p>\n<div id=\"attachment_3526466\" class=\"wp-caption alignnone\"><img loading=\"lazy\" decoding=\"async\" class=\"size-full wp-image-3526466\" src=\"https:\/\/www.sinembargo.mx\/wp-content\/uploads\/2019\/01\/protestas-v.jpg\" sizes=\"auto, (max-width: 700px) 100vw, 700px\" srcset=\"https:\/\/www.sinembargo.mx\/wp-content\/uploads\/2019\/01\/protestas-v.jpg 700w, https:\/\/www.sinembargo.mx\/wp-content\/uploads\/2019\/01\/protestas-v-300x200.jpg 300w\" alt=\"\" width=\"700\" height=\"467\" \/><\/p>\n<p class=\"wp-caption-text\">Opositores se manifiestan en contra del presidente de Venezuela. Foto: EFE<\/p>\n<\/div>\n<div id=\"attachment_3526482\" class=\"wp-caption alignnone\"><img loading=\"lazy\" decoding=\"async\" class=\"size-full wp-image-3526482\" src=\"https:\/\/www.sinembargo.mx\/wp-content\/uploads\/2019\/01\/venezuela-3.jpg\" sizes=\"auto, (max-width: 700px) 100vw, 700px\" srcset=\"https:\/\/www.sinembargo.mx\/wp-content\/uploads\/2019\/01\/venezuela-3.jpg 700w, https:\/\/www.sinembargo.mx\/wp-content\/uploads\/2019\/01\/venezuela-3-300x197.jpg 300w\" alt=\"\" width=\"700\" height=\"459\" \/><\/p>\n<p class=\"wp-caption-text\">Un opositor sostiene una bandera venezolana durante una protesta contra el Presidente Nicol\u00e1s Maduro este mi\u00e9rcoles en Caracas. Foto: AP<\/p>\n<\/div>\n<p>Una fuente del Ministerio P\u00fablico venezolano inform\u00f3 a <em>Efe<\/em> que est\u00e1n investigando seis muertes ocurridas en las \u00faltimas horas en medio de las protestas antigubernamentales, en tanto que, seg\u00fan la gobernaci\u00f3n del estado T\u00e1chira (oeste), otras dos se registraron en esa regi\u00f3n.<\/p>\n<p>La Fiscal\u00eda confirm\u00f3 a <em>Efe<\/em> que en la parroquia Sucre, en el oeste de Caracas, dos personas perdieron la vida en las \u00faltimas horas \u201cen hechos que no involucran a funcionarios del orden p\u00fablico\u201d y que ya est\u00e1n siendo investigados por fiscales designados para el caso.<\/p>\n<p>Adem\u00e1s, el Ministerio P\u00fablico est\u00e1 averiguando cuatro muertes registradas \u201cen el marco de saqueos\u201d que se registraron en el estado Bol\u00edvar (sur, lim\u00edtrofe con Brasil), tambi\u00e9n en las \u00faltimas horas en las que esa entidad regional ha registrado numerosas manifestaciones en contra del Gobierno de Nicol\u00e1s Maduro.<\/p>\n<div id=\"attachment_3526444\" class=\"wp-caption alignnone\"><img loading=\"lazy\" decoding=\"async\" class=\"size-full wp-image-3526444\" src=\"https:\/\/www.sinembargo.mx\/wp-content\/uploads\/2019\/01\/venezuela-protestas-1.jpg\" sizes=\"auto, (max-width: 700px) 100vw, 700px\" srcset=\"https:\/\/www.sinembargo.mx\/wp-content\/uploads\/2019\/01\/venezuela-protestas-1.jpg 700w, https:\/\/www.sinembargo.mx\/wp-content\/uploads\/2019\/01\/venezuela-protestas-1-300x200.jpg 300w\" alt=\"\" width=\"700\" height=\"467\" \/><\/p>\n<p class=\"wp-caption-text\">Manifestantes contra el gobierno celebran despu\u00e9s de que el l\u00edder opositor Juan Guaid\u00f3 se declarara presidente \u201cencargado\u201d de Venezuela . Foto: AP<\/p>\n<\/div>\n<p>El joven Alixon Pizani, de 16 a\u00f1os, es una de las v\u00edctimas y fue herido con arma de fuego anoche en Caracas, inform\u00f3 este mi\u00e9rcoles el Observatorio Venezolano de Conflictividad Social (OVCS).<\/p>\n<p>Medios locales aseguran que las v\u00edctimas del estado Bol\u00edvar tambi\u00e9n recibieron disparos mientras participaban en saqueos.<\/p>\n<p>Por su parte, la gobernadora del T\u00e1chira, Laidy G\u00f3mez, indic\u00f3 a trav\u00e9s de la red social Twitter que cinco personas recibieron disparos, y dos de ellas fallecieron tras presentar \u201cheridas a nivel de t\u00f3rax y de regi\u00f3n axilar\u201d.<\/p>\n<p>Los hechos violentos de T\u00e1chira (oeste, lim\u00edtrofe con Colombia) se registraron hoy en medio de una protesta antigubernamental en su capital, San Crist\u00f3bal, que hab\u00eda sido convocada por la oposici\u00f3n para se\u00f1alar la \u201cilegitimidad\u201d del jefe de Maduro.<\/p>\n<div id=\"attachment_3526467\" class=\"wp-caption alignnone\"><img loading=\"lazy\" decoding=\"async\" class=\"size-full wp-image-3526467\" src=\"https:\/\/www.sinembargo.mx\/wp-content\/uploads\/2019\/01\/protestas.jpg\" sizes=\"auto, (max-width: 700px) 100vw, 700px\" srcset=\"https:\/\/www.sinembargo.mx\/wp-content\/uploads\/2019\/01\/protestas.jpg 700w, https:\/\/www.sinembargo.mx\/wp-content\/uploads\/2019\/01\/protestas-300x200.jpg 300w\" alt=\"\" width=\"700\" height=\"467\" \/><\/p>\n<p class=\"wp-caption-text\">Vista de un autob\u00fas incendiado en la madrugada de este mi\u00e9rcoles en Caracas. Foto: EFE<\/p>\n<\/div>\n<p>Cientos de miles de venezolanos salieron hoy a las calles en todo el pa\u00eds para protestar contra el jefe del Estado, al que consideran un \u201cusurpador\u201d tras haber obtenido su reelecci\u00f3n en unos comicios tildados de fraudulentos y no reconocidos por numerosos pa\u00edses.<\/p>\n<p>\u201cLo propongo aqu\u00ed formalmente, que a partir de esta noche nos instalemos en vigilia en el Palacio de Miraflores (\u2026), doy instrucciones al PSUV para que nos organicemos y estemos ah\u00ed, frente al Palacio\u201d, dijo Diosdado Cabello, en un acto en Caracas en respaldo a Maduro.<\/p>\n<p>Estados Unidos advirti\u00f3 este mi\u00e9rcoles de que mantiene \u201ctodas las opciones sobre la mesa\u201d si Nicol\u00e1s Maduro responde con violencia al anuncio del jefe del Parlamento venezolano, Juan Guaid\u00f3, de que asume la Presidencia interina de Venezuela.<\/p>\n<p>\u201cSi Maduro y sus compinches eligen responder con violencia, da\u00f1ar a cualquiera de la (AN) Asamblea Nacional o a otros responsables elegidos debidamente tenemos para adoptar todas las opciones encima de la mesa\u201d, dijo un alto funcionario del Gobierno de EU en una llamada telef\u00f3nica.<\/p>\n<div id=\"attachment_3526457\" class=\"wp-caption alignnone\"><img loading=\"lazy\" decoding=\"async\" class=\"size-full wp-image-3526457\" src=\"https:\/\/www.sinembargo.mx\/wp-content\/uploads\/2019\/01\/diosdado-cabello.jpg\" sizes=\"auto, (max-width: 700px) 100vw, 700px\" srcset=\"https:\/\/www.sinembargo.mx\/wp-content\/uploads\/2019\/01\/diosdado-cabello.jpg 700w, https:\/\/www.sinembargo.mx\/wp-content\/uploads\/2019\/01\/diosdado-cabello-300x200.jpg 300w\" alt=\"\" width=\"700\" height=\"467\" \/><\/p>\n<p class=\"wp-caption-text\">El presidente de la oficialista Asamblea Constituyente de Venezuela, Diosdado Cabello. Foto: EFE<\/p>\n<\/div>\n<p>El Presidente de Estados Unidos, Donald Trump, advirti\u00f3 este mi\u00e9rcoles de que \u201ctodas las opciones est\u00e1n sobre la mesa\u201d para responder en caso de que Nicol\u00e1s Maduro no acepte que debe entregar el poder al jefe del Parlamento venezolano, Juan Guaid\u00f3.<\/p>\n<p>Durante un acto en la Casa Blanca, preguntado por los periodistas sobre si se plantea una opci\u00f3n militar en Venezuela, Trump respondi\u00f3: \u201cNo estamos considerando nada (en particular), pero todas las opciones est\u00e1n sobre la mesa\u201d, dijo.<\/p>\n<p>Venezolanos est\u00e1n saliendo a las calles con la bandera nacional para exigir la renuncia del Presidente Nicol\u00e1s Maduro.<\/p>\n<p>La Guardia Nacional dispers\u00f3 a los manifestantes con gases en el barrio de clase media El Para\u00edso.<\/p>\n<p>En otras partes de la ciudad las manifestaciones se desarrollaban sin incidentes.<\/p>\n<blockquote class=\"twitter-tweet\" data-width=\"550\" data-dnt=\"true\">\n<p lang=\"es\" dir=\"ltr\">Todo tiene su fin. Se acab\u00f3 la tiran\u00eda y se acab\u00f3 la dictadura en Venezuela. Se acab\u00f3. Madrid est\u00e1 con vosotros y con la libertad. Viva Venezuela libre \ud83c\uddfb\ud83c\uddea <a href=\"https:\/\/t.co\/Az8h1Yzm0L\">pic.twitter.com\/Az8h1Yzm0L<\/a><\/p>\n<p>&mdash; Jos\u00e9 Luis Mart\u00ednez-Almeida (@AlmeidaPP_) <a href=\"https:\/\/twitter.com\/AlmeidaPP_\/status\/1088163770998931456?ref_src=twsrc%5Etfw\">January 23, 2019<\/a><\/p><\/blockquote>\n<p><script async src=\"https:\/\/platform.twitter.com\/widgets.js\" charset=\"utf-8\"><\/script><\/p>\n<p>Los manifestantes dicen que est\u00e1n hartos de la inflaci\u00f3n, la escasez de bienes esenciales y una crisis de emigraci\u00f3n que divide a las familias.<\/p>\n<p>Los partidarios de Maduro tambi\u00e9n empiezan a concentrarse, organizados por el gobierno, que acusa a la oposici\u00f3n de tratar de provocar violencia.<\/p>\n<p>Al menos una persona ha muerto en un incidente de saqueo en el sur de Venezuela que coincidi\u00f3 con las movilizaciones contra el gobierno.<\/p>\n<p>Seg\u00fan un informe policial, el trabajador Carlos Olivares, de 30 a\u00f1os, fue abatido el martes por la noche en Ciudad Bol\u00edvar por cuatro personas no identificadas que bajaron de un Jeep color beige y dispararon contra una multitud que hab\u00eda saqueado una tienda.<\/p>\n<p>El reporte se bas\u00f3 en una entrevista con la cu\u00f1ada de la v\u00edctima.<\/p>\n<p>Con Informaci\u00f3n de EFE<\/p>\n","protected":false},"excerpt":{"rendered":"<p>Venezuela tiene en este momento \u201cdos presidentes\u201d, y las calles se le volvieron un polvor\u00edn<br \/>\nPor Carolina Alonso Romei<br \/>\nInternacionalista<\/p>\n","protected":false},"author":2,"featured_media":15132,"comment_status":"open","ping_status":"open","sticky":false,"template":"","format":"standard","meta":{"_monsterinsights_skip_tracking":false,"_monsterinsights_sitenote_active":false,"_monsterinsights_sitenote_note":"","_monsterinsights_sitenote_category":0,"footnotes":""},"categories":[1],"tags":[],"class_list":["post-15133","post","type-post","status-publish","format-standard","has-post-thumbnail","hentry","category-sin-categoria"],"yoast_head":"<!-- This site is optimized with the Yoast SEO plugin v27.3 - https:\/\/yoast.com\/product\/yoast-seo-wordpress\/ -->\n<title>Internacionales\/\/\/Carolina Alonso Romei\/\/\/Venezuela tiene en este momento \u201cdos presidentes\u201d, y las calles se le volvieron un polvor\u00edn -<\/title>\n<meta name=\"robots\" content=\"index, follow, max-snippet:-1, max-image-preview:large, max-video-preview:-1\" \/>\n<link rel=\"canonical\" href=\"https:\/\/quehacerpolitico.mx\/?p=15133\" \/>\n<meta property=\"og:locale\" content=\"es_MX\" \/>\n<meta property=\"og:type\" content=\"article\" \/>\n<meta property=\"og:title\" content=\"Internacionales\/\/\/Carolina Alonso Romei\/\/\/Venezuela tiene en este momento \u201cdos presidentes\u201d, y las calles se le volvieron un polvor\u00edn -\" \/>\n<meta property=\"og:description\" content=\"Venezuela tiene en este momento \u201cdos presidentes\u201d, y las calles se le volvieron un polvor\u00edn Por Carolina Alonso Romei Internacionalista\" \/>\n<meta property=\"og:url\" content=\"https:\/\/quehacerpolitico.mx\/?p=15133\" \/>\n<meta property=\"article:published_time\" content=\"2019-01-24T01:47:20+00:00\" \/>\n<meta name=\"author\" content=\"Redacci\u00f3n QP\" \/>\n<meta name=\"twitter:card\" content=\"summary_large_image\" \/>\n<meta name=\"twitter:label1\" content=\"Escrito por\" \/>\n\t<meta name=\"twitter:data1\" content=\"Redacci\u00f3n QP\" \/>\n\t<meta name=\"twitter:label2\" content=\"Tiempo de lectura\" \/>\n\t<meta name=\"twitter:data2\" content=\"5 minutos\" \/>\n<script type=\"application\/ld+json\" class=\"yoast-schema-graph\">{\"@context\":\"https:\\\/\\\/schema.org\",\"@graph\":[{\"@type\":\"Article\",\"@id\":\"https:\\\/\\\/quehacerpolitico.mx\\\/?p=15133#article\",\"isPartOf\":{\"@id\":\"https:\\\/\\\/quehacerpolitico.mx\\\/?p=15133\"},\"author\":{\"name\":\"Redacci\u00f3n QP\",\"@id\":\"https:\\\/\\\/quehacerpolitico.mx\\\/#\\\/schema\\\/person\\\/496d8ad2d1d3f8036101dca7ee39e585\"},\"headline\":\"Internacionales\\\/\\\/\\\/Carolina Alonso Romei\\\/\\\/\\\/Venezuela tiene en este momento \u201cdos presidentes\u201d, y las calles se le volvieron un polvor\u00edn\",\"datePublished\":\"2019-01-24T01:47:20+00:00\",\"mainEntityOfPage\":{\"@id\":\"https:\\\/\\\/quehacerpolitico.mx\\\/?p=15133\"},\"wordCount\":1040,\"commentCount\":0,\"image\":{\"@id\":\"https:\\\/\\\/quehacerpolitico.mx\\\/?p=15133#primaryimage\"},\"thumbnailUrl\":\"\",\"articleSection\":[\"Internacionales\"],\"inLanguage\":\"es\",\"potentialAction\":[{\"@type\":\"CommentAction\",\"name\":\"Comment\",\"target\":[\"https:\\\/\\\/quehacerpolitico.mx\\\/?p=15133#respond\"]}]},{\"@type\":\"WebPage\",\"@id\":\"https:\\\/\\\/quehacerpolitico.mx\\\/?p=15133\",\"url\":\"https:\\\/\\\/quehacerpolitico.mx\\\/?p=15133\",\"name\":\"Internacionales\\\/\\\/\\\/Carolina Alonso Romei\\\/\\\/\\\/Venezuela tiene en este momento \u201cdos presidentes\u201d, y las calles se le volvieron un polvor\u00edn -\",\"isPartOf\":{\"@id\":\"https:\\\/\\\/quehacerpolitico.mx\\\/#website\"},\"primaryImageOfPage\":{\"@id\":\"https:\\\/\\\/quehacerpolitico.mx\\\/?p=15133#primaryimage\"},\"image\":{\"@id\":\"https:\\\/\\\/quehacerpolitico.mx\\\/?p=15133#primaryimage\"},\"thumbnailUrl\":\"\",\"datePublished\":\"2019-01-24T01:47:20+00:00\",\"author\":{\"@id\":\"https:\\\/\\\/quehacerpolitico.mx\\\/#\\\/schema\\\/person\\\/496d8ad2d1d3f8036101dca7ee39e585\"},\"breadcrumb\":{\"@id\":\"https:\\\/\\\/quehacerpolitico.mx\\\/?p=15133#breadcrumb\"},\"inLanguage\":\"es\",\"potentialAction\":[{\"@type\":\"ReadAction\",\"target\":[\"https:\\\/\\\/quehacerpolitico.mx\\\/?p=15133\"]}]},{\"@type\":\"ImageObject\",\"inLanguage\":\"es\",\"@id\":\"https:\\\/\\\/quehacerpolitico.mx\\\/?p=15133#primaryimage\",\"url\":\"\",\"contentUrl\":\"\"},{\"@type\":\"BreadcrumbList\",\"@id\":\"https:\\\/\\\/quehacerpolitico.mx\\\/?p=15133#breadcrumb\",\"itemListElement\":[{\"@type\":\"ListItem\",\"position\":1,\"name\":\"Inicio\",\"item\":\"https:\\\/\\\/quehacerpolitico.mx\\\/\"},{\"@type\":\"ListItem\",\"position\":2,\"name\":\"Internacionales\\\/\\\/\\\/Carolina Alonso Romei\\\/\\\/\\\/Venezuela tiene en este momento \u201cdos presidentes\u201d, y las calles se le volvieron un polvor\u00edn\"}]},{\"@type\":\"WebSite\",\"@id\":\"https:\\\/\\\/quehacerpolitico.mx\\\/#website\",\"url\":\"https:\\\/\\\/quehacerpolitico.mx\\\/\",\"name\":\"\",\"description\":\"\",\"potentialAction\":[{\"@type\":\"SearchAction\",\"target\":{\"@type\":\"EntryPoint\",\"urlTemplate\":\"https:\\\/\\\/quehacerpolitico.mx\\\/?s={search_term_string}\"},\"query-input\":{\"@type\":\"PropertyValueSpecification\",\"valueRequired\":true,\"valueName\":\"search_term_string\"}}],\"inLanguage\":\"es\"},{\"@type\":\"Person\",\"@id\":\"https:\\\/\\\/quehacerpolitico.mx\\\/#\\\/schema\\\/person\\\/496d8ad2d1d3f8036101dca7ee39e585\",\"name\":\"Redacci\u00f3n QP\",\"image\":{\"@type\":\"ImageObject\",\"inLanguage\":\"es\",\"@id\":\"https:\\\/\\\/secure.gravatar.com\\\/avatar\\\/c7164ed6fdec453195284ad24a5ae5b6e1eed2b848477fa2a4787ba9adf39a41?s=96&d=mm&r=g\",\"url\":\"https:\\\/\\\/secure.gravatar.com\\\/avatar\\\/c7164ed6fdec453195284ad24a5ae5b6e1eed2b848477fa2a4787ba9adf39a41?s=96&d=mm&r=g\",\"contentUrl\":\"https:\\\/\\\/secure.gravatar.com\\\/avatar\\\/c7164ed6fdec453195284ad24a5ae5b6e1eed2b848477fa2a4787ba9adf39a41?s=96&d=mm&r=g\",\"caption\":\"Redacci\u00f3n QP\"},\"url\":\"https:\\\/\\\/quehacerpolitico.mx\\\/?author=2\"}]}<\/script>\n<!-- \/ Yoast SEO plugin. -->","yoast_head_json":{"title":"Internacionales\/\/\/Carolina Alonso Romei\/\/\/Venezuela tiene en este momento \u201cdos presidentes\u201d, y las calles se le volvieron un polvor\u00edn -","robots":{"index":"index","follow":"follow","max-snippet":"max-snippet:-1","max-image-preview":"max-image-preview:large","max-video-preview":"max-video-preview:-1"},"canonical":"https:\/\/quehacerpolitico.mx\/?p=15133","og_locale":"es_MX","og_type":"article","og_title":"Internacionales\/\/\/Carolina Alonso Romei\/\/\/Venezuela tiene en este momento \u201cdos presidentes\u201d, y las calles se le volvieron un polvor\u00edn -","og_description":"Venezuela tiene en este momento \u201cdos presidentes\u201d, y las calles se le volvieron un polvor\u00edn Por Carolina Alonso Romei Internacionalista","og_url":"https:\/\/quehacerpolitico.mx\/?p=15133","article_published_time":"2019-01-24T01:47:20+00:00","author":"Redacci\u00f3n QP","twitter_card":"summary_large_image","twitter_misc":{"Escrito por":"Redacci\u00f3n QP","Tiempo de lectura":"5 minutos"},"schema":{"@context":"https:\/\/schema.org","@graph":[{"@type":"Article","@id":"https:\/\/quehacerpolitico.mx\/?p=15133#article","isPartOf":{"@id":"https:\/\/quehacerpolitico.mx\/?p=15133"},"author":{"name":"Redacci\u00f3n QP","@id":"https:\/\/quehacerpolitico.mx\/#\/schema\/person\/496d8ad2d1d3f8036101dca7ee39e585"},"headline":"Internacionales\/\/\/Carolina Alonso Romei\/\/\/Venezuela tiene en este momento \u201cdos presidentes\u201d, y las calles se le volvieron un polvor\u00edn","datePublished":"2019-01-24T01:47:20+00:00","mainEntityOfPage":{"@id":"https:\/\/quehacerpolitico.mx\/?p=15133"},"wordCount":1040,"commentCount":0,"image":{"@id":"https:\/\/quehacerpolitico.mx\/?p=15133#primaryimage"},"thumbnailUrl":"","articleSection":["Internacionales"],"inLanguage":"es","potentialAction":[{"@type":"CommentAction","name":"Comment","target":["https:\/\/quehacerpolitico.mx\/?p=15133#respond"]}]},{"@type":"WebPage","@id":"https:\/\/quehacerpolitico.mx\/?p=15133","url":"https:\/\/quehacerpolitico.mx\/?p=15133","name":"Internacionales\/\/\/Carolina Alonso Romei\/\/\/Venezuela tiene en este momento \u201cdos presidentes\u201d, y las calles se le volvieron un polvor\u00edn -","isPartOf":{"@id":"https:\/\/quehacerpolitico.mx\/#website"},"primaryImageOfPage":{"@id":"https:\/\/quehacerpolitico.mx\/?p=15133#primaryimage"},"image":{"@id":"https:\/\/quehacerpolitico.mx\/?p=15133#primaryimage"},"thumbnailUrl":"","datePublished":"2019-01-24T01:47:20+00:00","author":{"@id":"https:\/\/quehacerpolitico.mx\/#\/schema\/person\/496d8ad2d1d3f8036101dca7ee39e585"},"breadcrumb":{"@id":"https:\/\/quehacerpolitico.mx\/?p=15133#breadcrumb"},"inLanguage":"es","potentialAction":[{"@type":"ReadAction","target":["https:\/\/quehacerpolitico.mx\/?p=15133"]}]},{"@type":"ImageObject","inLanguage":"es","@id":"https:\/\/quehacerpolitico.mx\/?p=15133#primaryimage","url":"","contentUrl":""},{"@type":"BreadcrumbList","@id":"https:\/\/quehacerpolitico.mx\/?p=15133#breadcrumb","itemListElement":[{"@type":"ListItem","position":1,"name":"Inicio","item":"https:\/\/quehacerpolitico.mx\/"},{"@type":"ListItem","position":2,"name":"Internacionales\/\/\/Carolina Alonso Romei\/\/\/Venezuela tiene en este momento \u201cdos presidentes\u201d, y las calles se le volvieron un polvor\u00edn"}]},{"@type":"WebSite","@id":"https:\/\/quehacerpolitico.mx\/#website","url":"https:\/\/quehacerpolitico.mx\/","name":"","description":"","potentialAction":[{"@type":"SearchAction","target":{"@type":"EntryPoint","urlTemplate":"https:\/\/quehacerpolitico.mx\/?s={search_term_string}"},"query-input":{"@type":"PropertyValueSpecification","valueRequired":true,"valueName":"search_term_string"}}],"inLanguage":"es"},{"@type":"Person","@id":"https:\/\/quehacerpolitico.mx\/#\/schema\/person\/496d8ad2d1d3f8036101dca7ee39e585","name":"Redacci\u00f3n QP","image":{"@type":"ImageObject","inLanguage":"es","@id":"https:\/\/secure.gravatar.com\/avatar\/c7164ed6fdec453195284ad24a5ae5b6e1eed2b848477fa2a4787ba9adf39a41?s=96&d=mm&r=g","url":"https:\/\/secure.gravatar.com\/avatar\/c7164ed6fdec453195284ad24a5ae5b6e1eed2b848477fa2a4787ba9adf39a41?s=96&d=mm&r=g","contentUrl":"https:\/\/secure.gravatar.com\/avatar\/c7164ed6fdec453195284ad24a5ae5b6e1eed2b848477fa2a4787ba9adf39a41?s=96&d=mm&r=g","caption":"Redacci\u00f3n QP"},"url":"https:\/\/quehacerpolitico.mx\/?author=2"}]}},"featured_image_urls":{"full":"","thumbnail":"","medium":"","medium_large":"","large":"","1536x1536":"","2048x2048":"","covernews-featured":"","covernews-medium":""},"author_info":{"display_name":"Redacci\u00f3n QP","author_link":"https:\/\/quehacerpolitico.mx\/?author=2"},"category_info":"<a href=\"https:\/\/quehacerpolitico.mx\/?cat=1\" rel=\"category\">Internacionales<\/a>","tag_info":"Internacionales","comment_count":"0","_links":{"self":[{"href":"https:\/\/quehacerpolitico.mx\/index.php?rest_route=\/wp\/v2\/posts\/15133","targetHints":{"allow":["GET"]}}],"collection":[{"href":"https:\/\/quehacerpolitico.mx\/index.php?rest_route=\/wp\/v2\/posts"}],"about":[{"href":"https:\/\/quehacerpolitico.mx\/index.php?rest_route=\/wp\/v2\/types\/post"}],"author":[{"embeddable":true,"href":"https:\/\/quehacerpolitico.mx\/index.php?rest_route=\/wp\/v2\/users\/2"}],"replies":[{"embeddable":true,"href":"https:\/\/quehacerpolitico.mx\/index.php?rest_route=%2Fwp%2Fv2%2Fcomments&post=15133"}],"version-history":[{"count":0,"href":"https:\/\/quehacerpolitico.mx\/index.php?rest_route=\/wp\/v2\/posts\/15133\/revisions"}],"wp:featuredmedia":[{"embeddable":true,"href":"https:\/\/quehacerpolitico.mx\/index.php?rest_route=\/"}],"wp:attachment":[{"href":"https:\/\/quehacerpolitico.mx\/index.php?rest_route=%2Fwp%2Fv2%2Fmedia&parent=15133"}],"wp:term":[{"taxonomy":"category","embeddable":true,"href":"https:\/\/quehacerpolitico.mx\/index.php?rest_route=%2Fwp%2Fv2%2Fcategories&post=15133"},{"taxonomy":"post_tag","embeddable":true,"href":"https:\/\/quehacerpolitico.mx\/index.php?rest_route=%2Fwp%2Fv2%2Ftags&post=15133"}],"curies":[{"name":"wp","href":"https:\/\/api.w.org\/{rel}","templated":true}]}}