{"id":15129,"date":"2019-01-24T01:20:46","date_gmt":"2019-01-24T01:20:46","guid":{"rendered":"http:\/\/quehacerpolitico.mx\/vocesdel-periodista-desde-filomeno-mata-8-mouris-salloum-george-donald-trump-inicia-el-incendio-de-venezuela\/"},"modified":"2019-01-24T01:20:46","modified_gmt":"2019-01-24T01:20:46","slug":"vocesdel-periodista-desde-filomeno-mata-8-mouris-salloum-george-donald-trump-inicia-el-incendio-de-venezuela","status":"publish","type":"post","link":"https:\/\/quehacerpolitico.mx\/?p=15129","title":{"rendered":"Vocesdel Periodista Desde Filomeno Mata 8\/\/\/Mouris Salloum George\/\/\/Donald Trump inicia el incendio de Venezuela"},"content":{"rendered":"<h1 class=\"entry-title penci-entry-title penci-title-\">Donald Trump inicia el incendio de Venezuela<\/h1>\n<p>Por Mouris Salloum George\u00a0<\/p>\n<p>Director General del Club de Periodistas de M\u00e9xico AC<\/p>\n<p>El <strong><em>piroman\u00edaco anaranjado<\/em><\/strong> que despotrica en la Casa Blanca lanz\u00f3 al fin su <strong><em>bomba Molotov <\/em><\/strong>sobre Palacio Nacional de Caracas, Venezuela. No se duda que, en su pr\u00f3ximo arrebato ves\u00e1nico, empiece el desembarco de sus <em>marines<\/em>. La pregunta es, \u00bf<strong><em>cu\u00e1ndo<\/em><\/strong>?<\/p>\n<p>Despu\u00e9s de dos a\u00f1os de manipular a su servil lacayo en la <strong><em>Agencia de Intervenciones <\/em><\/strong>-la OEA- <strong>Luis Almagro<\/strong>, el desquiciado <strong>Donald Trump<\/strong>, pisoteando el Derecho Internacional y el principio <strong><em>No intervenci\u00f3n <\/em><\/strong>pretende disfrazar de presidente \u201cinterino\u201d de Venezuela al directivo de la Asamblea Nacional, <strong>Juan Guaid\u00f3<\/strong>.<\/p>\n<p>La amenaza de <strong>golpe de Estado<\/strong> en Venezuela -que aqu\u00ed hemos venido denunciando desde antes de la muerte del bolivariano <strong>Hugo Ch\u00e1vez<\/strong>\u2013 entr\u00f3 al b\u00e1rbaro terreno de los hechos con el \u201creconocimiento\u201d del asamble\u00edsta Guaid\u00f3, quien se hab\u00eda autoproclamado <strong><em>encargado de despacho<\/em><\/strong>.<\/p>\n<p>El <strong><em>testaferro de Washington<\/em><\/strong>, el mentado Almagro, apenas ayer hab\u00eda cumplido la perversa consigna: Por sus pistolas recibi\u00f3 a bombo y platillo al \u201crepresentante especial\u201d del Estado venezolano, <strong>Antonio Torra Brice\u00f1o<\/strong>, ante quien se comprometi\u00f3 a <strong><em>restaurar el orden democr\u00e1tico <\/em><\/strong>en Venezuela.<\/p>\n<p>Otra vez, la Casa Blanca exportando \u201cdemocracia\u201d y la OEA cumpliendo su papel de <strong><em>mano de gato <\/em><\/strong>para echarle tierra a sus f\u00e9tidos excrementos.<\/p>\n<p><strong>Los Estados Unidos cambian de piel; no de entra\u00f1as<\/strong><\/p>\n<p>\u00a1Ojo! Venezuela vuelve a ser el <strong>pretexto<\/strong>. En los a\u00f1os sesenta, un atentado urdido contra el Presidente venezolano por el gobierno de Rep\u00fablica Dominicana, dio pie a la <strong>coartada<\/strong>: Se sancionar\u00eda a Santo Domingo con el aval de la OEA, pero el fin ser\u00eda <strong><em>sesgado<\/em><\/strong>.<\/p>\n<p>El fin \u00faltimo de esa triangular y sucia operaci\u00f3n fue lanzar a <strong><em>El Pent\u00e1gono<\/em><\/strong> contra Cuba. El gobierno del presidente <strong>Adolfo L\u00f3pez Mateos <\/strong>sali\u00f3 al paso de la maniobra USA-OEA.<\/p>\n<p>El reverso de la medalla de L\u00f3pez Mateos, es el mexiquense <strong>Enrique Pe\u00f1a Nieto<\/strong>: Dio <em>luz verde <\/em>a su <em>aprendiz de diplom\u00e1tico<\/em> <strong>Luis Videgaray Caso <\/strong>para que, en nombre de M\u00e9xico, apoyara <strong><em>incondicionalmente <\/em><\/strong>todas las maquinaciones <strong>Trump-OEA<\/strong> contra Venezuela.<\/p>\n<p><strong>Aqu\u00ed lo advertimos: Asesinato y guerra en agenda de El Pent\u00e1gono<\/strong><\/p>\n<p>Ponemos hoy en la agenda un texto del colaborador de <strong><em>Voces del Periodista<\/em><\/strong> -edici\u00f3n 379 en circulaci\u00f3n-, <strong>Thierry Meyssan, <\/strong>en el que el autor advierte que <strong>El Pent\u00e1gono <em>planifica el asesinato de un jefe de Estado para desencadenar la guerra entre los pueblos latinoamericanos<\/em><\/strong>.<\/p>\n<p>La <strong>bomba de mecha corta<\/strong> ha sido encendida por Donald Trump, quien recurre a todo tipo de trapacer\u00edas para lograr en 2020 un segundo periodo en el Sal\u00f3n Oval de la Casa Blanca. Tiene a <strong>Luis Almagro <em>de rodillas<\/em><\/strong>.<\/p>\n<p>Lo dicho, comendador, Washington sigue siendo fiel <strong><em>a su espejo diario<\/em><\/strong>: El Pent\u00e1gono pone las armas, <strong><em>los pueblos latinoamericanos, los muertos<\/em><\/strong>. Nuestro destino manifiesto contin\u00faa siendo el mismo.<\/p>\n<p>El \u00fanico que puede detener la <strong><em>conflagraci\u00f3n latinoamericana, es El Capitolio<\/em><\/strong>. Dejamos entre corchetes el beneficio de la duda.<\/p>\n","protected":false},"excerpt":{"rendered":"<p>Donald Trump inicia el incendio de Venezuela<br \/>\nPor Mouris Salloum George<br \/>\nDirector General del Club de Periodistas de M\u00e9xico AC<\/p>\n","protected":false},"author":2,"featured_media":15128,"comment_status":"open","ping_status":"open","sticky":false,"template":"","format":"standard","meta":{"_monsterinsights_skip_tracking":false,"_monsterinsights_sitenote_active":false,"_monsterinsights_sitenote_note":"","_monsterinsights_sitenote_category":0,"footnotes":""},"categories":[2],"tags":[],"class_list":["post-15129","post","type-post","status-publish","format-standard","has-post-thumbnail","hentry","category-noticias"],"yoast_head":"<!-- This site is optimized with the Yoast SEO plugin v27.3 - https:\/\/yoast.com\/product\/yoast-seo-wordpress\/ -->\n<title>Vocesdel Periodista Desde Filomeno Mata 8\/\/\/Mouris Salloum George\/\/\/Donald Trump inicia el incendio de Venezuela -<\/title>\n<meta name=\"robots\" content=\"index, follow, max-snippet:-1, max-image-preview:large, max-video-preview:-1\" \/>\n<link rel=\"canonical\" href=\"https:\/\/quehacerpolitico.mx\/?p=15129\" \/>\n<meta property=\"og:locale\" content=\"es_MX\" \/>\n<meta property=\"og:type\" content=\"article\" \/>\n<meta property=\"og:title\" content=\"Vocesdel Periodista Desde Filomeno Mata 8\/\/\/Mouris Salloum George\/\/\/Donald Trump inicia el incendio de Venezuela -\" \/>\n<meta property=\"og:description\" content=\"Donald Trump inicia el incendio de Venezuela Por Mouris Salloum George Director General del Club de Periodistas de M\u00e9xico AC\" \/>\n<meta property=\"og:url\" content=\"https:\/\/quehacerpolitico.mx\/?p=15129\" \/>\n<meta property=\"article:published_time\" content=\"2019-01-24T01:20:46+00:00\" \/>\n<meta name=\"author\" content=\"Redacci\u00f3n QP\" \/>\n<meta name=\"twitter:card\" content=\"summary_large_image\" \/>\n<meta name=\"twitter:label1\" content=\"Escrito por\" \/>\n\t<meta name=\"twitter:data1\" content=\"Redacci\u00f3n QP\" \/>\n\t<meta name=\"twitter:label2\" content=\"Tiempo de lectura\" \/>\n\t<meta name=\"twitter:data2\" content=\"3 minutos\" \/>\n<script type=\"application\/ld+json\" class=\"yoast-schema-graph\">{\"@context\":\"https:\\\/\\\/schema.org\",\"@graph\":[{\"@type\":\"Article\",\"@id\":\"https:\\\/\\\/quehacerpolitico.mx\\\/?p=15129#article\",\"isPartOf\":{\"@id\":\"https:\\\/\\\/quehacerpolitico.mx\\\/?p=15129\"},\"author\":{\"name\":\"Redacci\u00f3n QP\",\"@id\":\"https:\\\/\\\/quehacerpolitico.mx\\\/#\\\/schema\\\/person\\\/496d8ad2d1d3f8036101dca7ee39e585\"},\"headline\":\"Vocesdel Periodista Desde Filomeno Mata 8\\\/\\\/\\\/Mouris Salloum George\\\/\\\/\\\/Donald Trump inicia el incendio de Venezuela\",\"datePublished\":\"2019-01-24T01:20:46+00:00\",\"mainEntityOfPage\":{\"@id\":\"https:\\\/\\\/quehacerpolitico.mx\\\/?p=15129\"},\"wordCount\":529,\"commentCount\":0,\"image\":{\"@id\":\"https:\\\/\\\/quehacerpolitico.mx\\\/?p=15129#primaryimage\"},\"thumbnailUrl\":\"\",\"articleSection\":[\"Noticias\"],\"inLanguage\":\"es\",\"potentialAction\":[{\"@type\":\"CommentAction\",\"name\":\"Comment\",\"target\":[\"https:\\\/\\\/quehacerpolitico.mx\\\/?p=15129#respond\"]}]},{\"@type\":\"WebPage\",\"@id\":\"https:\\\/\\\/quehacerpolitico.mx\\\/?p=15129\",\"url\":\"https:\\\/\\\/quehacerpolitico.mx\\\/?p=15129\",\"name\":\"Vocesdel Periodista Desde Filomeno Mata 8\\\/\\\/\\\/Mouris Salloum George\\\/\\\/\\\/Donald Trump inicia el incendio de Venezuela -\",\"isPartOf\":{\"@id\":\"https:\\\/\\\/quehacerpolitico.mx\\\/#website\"},\"primaryImageOfPage\":{\"@id\":\"https:\\\/\\\/quehacerpolitico.mx\\\/?p=15129#primaryimage\"},\"image\":{\"@id\":\"https:\\\/\\\/quehacerpolitico.mx\\\/?p=15129#primaryimage\"},\"thumbnailUrl\":\"\",\"datePublished\":\"2019-01-24T01:20:46+00:00\",\"author\":{\"@id\":\"https:\\\/\\\/quehacerpolitico.mx\\\/#\\\/schema\\\/person\\\/496d8ad2d1d3f8036101dca7ee39e585\"},\"breadcrumb\":{\"@id\":\"https:\\\/\\\/quehacerpolitico.mx\\\/?p=15129#breadcrumb\"},\"inLanguage\":\"es\",\"potentialAction\":[{\"@type\":\"ReadAction\",\"target\":[\"https:\\\/\\\/quehacerpolitico.mx\\\/?p=15129\"]}]},{\"@type\":\"ImageObject\",\"inLanguage\":\"es\",\"@id\":\"https:\\\/\\\/quehacerpolitico.mx\\\/?p=15129#primaryimage\",\"url\":\"\",\"contentUrl\":\"\"},{\"@type\":\"BreadcrumbList\",\"@id\":\"https:\\\/\\\/quehacerpolitico.mx\\\/?p=15129#breadcrumb\",\"itemListElement\":[{\"@type\":\"ListItem\",\"position\":1,\"name\":\"Inicio\",\"item\":\"https:\\\/\\\/quehacerpolitico.mx\\\/\"},{\"@type\":\"ListItem\",\"position\":2,\"name\":\"Vocesdel Periodista Desde Filomeno Mata 8\\\/\\\/\\\/Mouris Salloum George\\\/\\\/\\\/Donald Trump inicia el incendio de Venezuela\"}]},{\"@type\":\"WebSite\",\"@id\":\"https:\\\/\\\/quehacerpolitico.mx\\\/#website\",\"url\":\"https:\\\/\\\/quehacerpolitico.mx\\\/\",\"name\":\"\",\"description\":\"\",\"potentialAction\":[{\"@type\":\"SearchAction\",\"target\":{\"@type\":\"EntryPoint\",\"urlTemplate\":\"https:\\\/\\\/quehacerpolitico.mx\\\/?s={search_term_string}\"},\"query-input\":{\"@type\":\"PropertyValueSpecification\",\"valueRequired\":true,\"valueName\":\"search_term_string\"}}],\"inLanguage\":\"es\"},{\"@type\":\"Person\",\"@id\":\"https:\\\/\\\/quehacerpolitico.mx\\\/#\\\/schema\\\/person\\\/496d8ad2d1d3f8036101dca7ee39e585\",\"name\":\"Redacci\u00f3n QP\",\"image\":{\"@type\":\"ImageObject\",\"inLanguage\":\"es\",\"@id\":\"https:\\\/\\\/secure.gravatar.com\\\/avatar\\\/c7164ed6fdec453195284ad24a5ae5b6e1eed2b848477fa2a4787ba9adf39a41?s=96&d=mm&r=g\",\"url\":\"https:\\\/\\\/secure.gravatar.com\\\/avatar\\\/c7164ed6fdec453195284ad24a5ae5b6e1eed2b848477fa2a4787ba9adf39a41?s=96&d=mm&r=g\",\"contentUrl\":\"https:\\\/\\\/secure.gravatar.com\\\/avatar\\\/c7164ed6fdec453195284ad24a5ae5b6e1eed2b848477fa2a4787ba9adf39a41?s=96&d=mm&r=g\",\"caption\":\"Redacci\u00f3n QP\"},\"url\":\"https:\\\/\\\/quehacerpolitico.mx\\\/?author=2\"}]}<\/script>\n<!-- \/ Yoast SEO plugin. -->","yoast_head_json":{"title":"Vocesdel Periodista Desde Filomeno Mata 8\/\/\/Mouris Salloum George\/\/\/Donald Trump inicia el incendio de Venezuela -","robots":{"index":"index","follow":"follow","max-snippet":"max-snippet:-1","max-image-preview":"max-image-preview:large","max-video-preview":"max-video-preview:-1"},"canonical":"https:\/\/quehacerpolitico.mx\/?p=15129","og_locale":"es_MX","og_type":"article","og_title":"Vocesdel Periodista Desde Filomeno Mata 8\/\/\/Mouris Salloum George\/\/\/Donald Trump inicia el incendio de Venezuela -","og_description":"Donald Trump inicia el incendio de Venezuela Por Mouris Salloum George Director General del Club de Periodistas de M\u00e9xico AC","og_url":"https:\/\/quehacerpolitico.mx\/?p=15129","article_published_time":"2019-01-24T01:20:46+00:00","author":"Redacci\u00f3n QP","twitter_card":"summary_large_image","twitter_misc":{"Escrito por":"Redacci\u00f3n QP","Tiempo de lectura":"3 minutos"},"schema":{"@context":"https:\/\/schema.org","@graph":[{"@type":"Article","@id":"https:\/\/quehacerpolitico.mx\/?p=15129#article","isPartOf":{"@id":"https:\/\/quehacerpolitico.mx\/?p=15129"},"author":{"name":"Redacci\u00f3n QP","@id":"https:\/\/quehacerpolitico.mx\/#\/schema\/person\/496d8ad2d1d3f8036101dca7ee39e585"},"headline":"Vocesdel Periodista Desde Filomeno Mata 8\/\/\/Mouris Salloum George\/\/\/Donald Trump inicia el incendio de Venezuela","datePublished":"2019-01-24T01:20:46+00:00","mainEntityOfPage":{"@id":"https:\/\/quehacerpolitico.mx\/?p=15129"},"wordCount":529,"commentCount":0,"image":{"@id":"https:\/\/quehacerpolitico.mx\/?p=15129#primaryimage"},"thumbnailUrl":"","articleSection":["Noticias"],"inLanguage":"es","potentialAction":[{"@type":"CommentAction","name":"Comment","target":["https:\/\/quehacerpolitico.mx\/?p=15129#respond"]}]},{"@type":"WebPage","@id":"https:\/\/quehacerpolitico.mx\/?p=15129","url":"https:\/\/quehacerpolitico.mx\/?p=15129","name":"Vocesdel Periodista Desde Filomeno Mata 8\/\/\/Mouris Salloum George\/\/\/Donald Trump inicia el incendio de Venezuela -","isPartOf":{"@id":"https:\/\/quehacerpolitico.mx\/#website"},"primaryImageOfPage":{"@id":"https:\/\/quehacerpolitico.mx\/?p=15129#primaryimage"},"image":{"@id":"https:\/\/quehacerpolitico.mx\/?p=15129#primaryimage"},"thumbnailUrl":"","datePublished":"2019-01-24T01:20:46+00:00","author":{"@id":"https:\/\/quehacerpolitico.mx\/#\/schema\/person\/496d8ad2d1d3f8036101dca7ee39e585"},"breadcrumb":{"@id":"https:\/\/quehacerpolitico.mx\/?p=15129#breadcrumb"},"inLanguage":"es","potentialAction":[{"@type":"ReadAction","target":["https:\/\/quehacerpolitico.mx\/?p=15129"]}]},{"@type":"ImageObject","inLanguage":"es","@id":"https:\/\/quehacerpolitico.mx\/?p=15129#primaryimage","url":"","contentUrl":""},{"@type":"BreadcrumbList","@id":"https:\/\/quehacerpolitico.mx\/?p=15129#breadcrumb","itemListElement":[{"@type":"ListItem","position":1,"name":"Inicio","item":"https:\/\/quehacerpolitico.mx\/"},{"@type":"ListItem","position":2,"name":"Vocesdel Periodista Desde Filomeno Mata 8\/\/\/Mouris Salloum George\/\/\/Donald Trump inicia el incendio de Venezuela"}]},{"@type":"WebSite","@id":"https:\/\/quehacerpolitico.mx\/#website","url":"https:\/\/quehacerpolitico.mx\/","name":"","description":"","potentialAction":[{"@type":"SearchAction","target":{"@type":"EntryPoint","urlTemplate":"https:\/\/quehacerpolitico.mx\/?s={search_term_string}"},"query-input":{"@type":"PropertyValueSpecification","valueRequired":true,"valueName":"search_term_string"}}],"inLanguage":"es"},{"@type":"Person","@id":"https:\/\/quehacerpolitico.mx\/#\/schema\/person\/496d8ad2d1d3f8036101dca7ee39e585","name":"Redacci\u00f3n QP","image":{"@type":"ImageObject","inLanguage":"es","@id":"https:\/\/secure.gravatar.com\/avatar\/c7164ed6fdec453195284ad24a5ae5b6e1eed2b848477fa2a4787ba9adf39a41?s=96&d=mm&r=g","url":"https:\/\/secure.gravatar.com\/avatar\/c7164ed6fdec453195284ad24a5ae5b6e1eed2b848477fa2a4787ba9adf39a41?s=96&d=mm&r=g","contentUrl":"https:\/\/secure.gravatar.com\/avatar\/c7164ed6fdec453195284ad24a5ae5b6e1eed2b848477fa2a4787ba9adf39a41?s=96&d=mm&r=g","caption":"Redacci\u00f3n QP"},"url":"https:\/\/quehacerpolitico.mx\/?author=2"}]}},"featured_image_urls":{"full":"","thumbnail":"","medium":"","medium_large":"","large":"","1536x1536":"","2048x2048":"","covernews-featured":"","covernews-medium":""},"author_info":{"display_name":"Redacci\u00f3n QP","author_link":"https:\/\/quehacerpolitico.mx\/?author=2"},"category_info":"<a href=\"https:\/\/quehacerpolitico.mx\/?cat=2\" rel=\"category\">Noticias<\/a>","tag_info":"Noticias","comment_count":"0","_links":{"self":[{"href":"https:\/\/quehacerpolitico.mx\/index.php?rest_route=\/wp\/v2\/posts\/15129","targetHints":{"allow":["GET"]}}],"collection":[{"href":"https:\/\/quehacerpolitico.mx\/index.php?rest_route=\/wp\/v2\/posts"}],"about":[{"href":"https:\/\/quehacerpolitico.mx\/index.php?rest_route=\/wp\/v2\/types\/post"}],"author":[{"embeddable":true,"href":"https:\/\/quehacerpolitico.mx\/index.php?rest_route=\/wp\/v2\/users\/2"}],"replies":[{"embeddable":true,"href":"https:\/\/quehacerpolitico.mx\/index.php?rest_route=%2Fwp%2Fv2%2Fcomments&post=15129"}],"version-history":[{"count":0,"href":"https:\/\/quehacerpolitico.mx\/index.php?rest_route=\/wp\/v2\/posts\/15129\/revisions"}],"wp:featuredmedia":[{"embeddable":true,"href":"https:\/\/quehacerpolitico.mx\/index.php?rest_route=\/"}],"wp:attachment":[{"href":"https:\/\/quehacerpolitico.mx\/index.php?rest_route=%2Fwp%2Fv2%2Fmedia&parent=15129"}],"wp:term":[{"taxonomy":"category","embeddable":true,"href":"https:\/\/quehacerpolitico.mx\/index.php?rest_route=%2Fwp%2Fv2%2Fcategories&post=15129"},{"taxonomy":"post_tag","embeddable":true,"href":"https:\/\/quehacerpolitico.mx\/index.php?rest_route=%2Fwp%2Fv2%2Ftags&post=15129"}],"curies":[{"name":"wp","href":"https:\/\/api.w.org\/{rel}","templated":true}]}}