{"id":15111,"date":"2019-01-23T18:32:16","date_gmt":"2019-01-23T18:32:16","guid":{"rendered":"http:\/\/quehacerpolitico.mx\/video-si-viste-roma-en-blanco-y-negro-te-interesara-el-detras-de-camara-en-color-netflix-invita\/"},"modified":"2019-01-23T18:32:16","modified_gmt":"2019-01-23T18:32:16","slug":"video-si-viste-roma-en-blanco-y-negro-te-interesara-el-detras-de-camara-en-color-netflix-invita","status":"publish","type":"post","link":"https:\/\/quehacerpolitico.mx\/?p=15111","title":{"rendered":"VIDEO: Si viste Roma (en blanco y negro) te interesar\u00e1 el detr\u00e1s de c\u00e1mara en color. Netflix invita"},"content":{"rendered":"<h1>VIDEO: Si viste <em>Roma<\/em>(en blanco y negro) te interesar\u00e1 el detr\u00e1s de c\u00e1mara en color. Netflix invita<\/h1>\n<p>Por Redacci\u00f3n QP<\/p>\n<p>https:\/\/youtu.be\/OSFB0MRw2gM<\/p>\n<p>Luego de que se diera a conocer que <strong><em>Roma<\/em><\/strong>, pel\u00edcula de Alfonso Cuar\u00f3n, consigui\u00f3 10 nominaciones para los Premios de la Academia, la plataforma de <strong>Netflix comparti\u00f3 un video<\/strong> en el que <strong>el cineasta mexicano habla sobre su experiencia<\/strong> al momento de rodar parte importante de su infancia en la colonia Roma de la Ciudad de M\u00e9xico.<\/p>\n<p>\u201cLa colonia Roma es el microcosmos de mi existencia como ni\u00f1o. Era una existencia en una burbuja de una clase media, de una clase media que se mezclaba con una clase un poco m\u00e1s popular\u201d, relat\u00f3 Cuar\u00f3n. \u201cCuando surgi\u00f3 el impulso de hacer esta pel\u00edcula ya era en blanco y negro, de la misma manera que ya era una pel\u00edcula que suced\u00eda en 1970\u201d, expres\u00f3.<\/p>\n<div id=\"attachment_3526248\" class=\"wp-caption alignnone\"><img loading=\"lazy\" decoding=\"async\" class=\"wp-image-3526248 size-full\" src=\"https:\/\/www.sinembargo.mx\/wp-content\/uploads\/2019\/01\/cleo-parque.png\" sizes=\"auto, (max-width: 700px) 100vw, 700px\" srcset=\"https:\/\/www.sinembargo.mx\/wp-content\/uploads\/2019\/01\/cleo-parque.png 700w, https:\/\/www.sinembargo.mx\/wp-content\/uploads\/2019\/01\/cleo-parque-300x196.png 300w\" alt=\"\" width=\"700\" height=\"458\" \/><\/p>\n<p class=\"wp-caption-text\">Escena de <em>Roma, <\/em>cinta filmada en blanco y negro como se tuvo pensado desde un inicio. Foto: Especial<\/p>\n<\/div>\n<p>El audiovisual adem\u00e1s de compartir las palabras del director, muestra el detr\u00e1s de c\u00e1maras de la producci\u00f3n en el que se puede observar c\u00f3mo se grab\u00f3 la toma del agua en el patio y la escena del cine donde Cleo se queda esperando.<\/p>\n<p>\u201cHay ciertos periodos de transici\u00f3n, hay ciertos periodos que crean cicatrices y ese periodo en espec\u00edfico fue uno para m\u00ed. Ese coincide con un periodo hist\u00f3rico que cre\u00f3 una cicatriz muy profunda tambi\u00e9n dentro de la sociedad mexicana, una cicatriz que despu\u00e9s se fue transformando a trav\u00e9s de los a\u00f1os como una llaga\u201d, indic\u00f3 el cineasta.<\/p>\n<div id=\"attachment_3526271\" class=\"wp-caption alignnone\"><img loading=\"lazy\" decoding=\"async\" class=\"wp-image-3526271 size-full\" src=\"https:\/\/www.sinembargo.mx\/wp-content\/uploads\/2019\/01\/halcones-1.jpg\" sizes=\"auto, (max-width: 700px) 100vw, 700px\" srcset=\"https:\/\/www.sinembargo.mx\/wp-content\/uploads\/2019\/01\/halcones-1.jpg 700w, https:\/\/www.sinembargo.mx\/wp-content\/uploads\/2019\/01\/halcones-1-300x239.jpg 300w\" alt=\"\" width=\"700\" height=\"557\" \/><\/p>\n<p class=\"wp-caption-text\"><em>Roma<\/em> tambi\u00e9n muestra un periodo hist\u00f3rico que cre\u00f3 una cicatriz muy profunda en el pa\u00eds. Foto: Especial<\/p>\n<\/div>\n<p>Asimismo, Cuar\u00f3n compara los lazos afectivos que los ni\u00f1os llegan a desarrollar con Cleo y con su madre. Resalta que la empleada dom\u00e9stica tambi\u00e9n llega a ser la responsable de crear estos lazos dentro de la familia.<\/p>\n<p>\u201cSon dos experiencias de dolores personales. Creo que en la pel\u00edcula queda claro que hay una mayor relaci\u00f3n afectiva con el personaje de Cleo que con el personaje mismo de la madre\u201d, reflexion\u00f3 Cuar\u00f3n. \u201cEl personaje de la empleada dom\u00e9stica tambi\u00e9n toma la responsabilidad de crear los lazos afectivos dentro de una familia. Cleo se encarga de despertar a los ni\u00f1os, se encarga de darles el desayuno, se encarga de llevarlos hasta el coche cuando salen, se encarga de recibirlos, de darles de comer, de jugar con ellos en las ausencias de la madre\u201d, a\u00f1adi\u00f3.<\/p>\n<div id=\"attachment_3526258\" class=\"wp-caption alignnone\"><img loading=\"lazy\" decoding=\"async\" class=\"wp-image-3526258 size-full\" src=\"https:\/\/www.sinembargo.mx\/wp-content\/uploads\/2019\/01\/roma-familia-abrazada-1.jpg\" sizes=\"auto, (max-width: 700px) 100vw, 700px\" srcset=\"https:\/\/www.sinembargo.mx\/wp-content\/uploads\/2019\/01\/roma-familia-abrazada-1.jpg 700w, https:\/\/www.sinembargo.mx\/wp-content\/uploads\/2019\/01\/roma-familia-abrazada-1-300x200.jpg 300w\" alt=\"\" width=\"700\" height=\"466\" \/><\/p>\n<p class=\"wp-caption-text\">Cleo se encarga de crear los lazos afectivos en la familia. Foto: Especial<\/p>\n<\/div>\n<p>Esta es la primera vez que una cinta en espa\u00f1ol (y mixteco) es nominada al \u00d3scar m\u00e1s importante, el de Mejor Pel\u00edcula. Antes de <em>Roma<\/em> nueve filmes extranjeros -entre ellos Il Postino, Z o Life is Beautiful\u2013 lograron esta candidatura pero ninguno lo consigui\u00f3.<\/p>\n<p>Con <strong>Roma<\/strong>, Alfonso Cuar\u00f3n realiza una regresi\u00f3n a su infancia en un barrio de la Ciudad de M\u00e9xico, dando vida a sus recuerdos en un impresionante blanco y negro.<\/p>\n<p><em>Con informaci\u00f3n de EFE<\/em><\/p>\n","protected":false},"excerpt":{"rendered":"<p>VIDEO: Si viste Roma (en blanco y negro) te interesar\u00e1 el detr\u00e1s de c\u00e1mara en color. Netflix invita<br \/>\nPor Redacci\u00f3n QP<\/p>\n","protected":false},"author":2,"featured_media":15110,"comment_status":"open","ping_status":"open","sticky":false,"template":"","format":"standard","meta":{"_monsterinsights_skip_tracking":false,"_monsterinsights_sitenote_active":false,"_monsterinsights_sitenote_note":"","_monsterinsights_sitenote_category":0,"footnotes":""},"categories":[58],"tags":[],"class_list":["post-15111","post","type-post","status-publish","format-standard","has-post-thumbnail","hentry","category-cultura"],"yoast_head":"<!-- This site is optimized with the Yoast SEO plugin v27.3 - https:\/\/yoast.com\/product\/yoast-seo-wordpress\/ -->\n<title>VIDEO: Si viste Roma (en blanco y negro) te interesar\u00e1 el detr\u00e1s de c\u00e1mara en color. Netflix invita -<\/title>\n<meta name=\"robots\" content=\"index, follow, max-snippet:-1, max-image-preview:large, max-video-preview:-1\" \/>\n<link rel=\"canonical\" href=\"https:\/\/quehacerpolitico.mx\/?p=15111\" \/>\n<meta property=\"og:locale\" content=\"es_MX\" \/>\n<meta property=\"og:type\" content=\"article\" \/>\n<meta property=\"og:title\" content=\"VIDEO: Si viste Roma (en blanco y negro) te interesar\u00e1 el detr\u00e1s de c\u00e1mara en color. Netflix invita -\" \/>\n<meta property=\"og:description\" content=\"VIDEO: Si viste Roma (en blanco y negro) te interesar\u00e1 el detr\u00e1s de c\u00e1mara en color. Netflix invita Por Redacci\u00f3n QP\" \/>\n<meta property=\"og:url\" content=\"https:\/\/quehacerpolitico.mx\/?p=15111\" \/>\n<meta property=\"article:published_time\" content=\"2019-01-23T18:32:16+00:00\" \/>\n<meta name=\"author\" content=\"Redacci\u00f3n QP\" \/>\n<meta name=\"twitter:card\" content=\"summary_large_image\" \/>\n<meta name=\"twitter:label1\" content=\"Escrito por\" \/>\n\t<meta name=\"twitter:data1\" content=\"Redacci\u00f3n QP\" \/>\n\t<meta name=\"twitter:label2\" content=\"Tiempo de lectura\" \/>\n\t<meta name=\"twitter:data2\" content=\"3 minutos\" \/>\n<script type=\"application\/ld+json\" class=\"yoast-schema-graph\">{\"@context\":\"https:\\\/\\\/schema.org\",\"@graph\":[{\"@type\":\"Article\",\"@id\":\"https:\\\/\\\/quehacerpolitico.mx\\\/?p=15111#article\",\"isPartOf\":{\"@id\":\"https:\\\/\\\/quehacerpolitico.mx\\\/?p=15111\"},\"author\":{\"name\":\"Redacci\u00f3n QP\",\"@id\":\"https:\\\/\\\/quehacerpolitico.mx\\\/#\\\/schema\\\/person\\\/496d8ad2d1d3f8036101dca7ee39e585\"},\"headline\":\"VIDEO: Si viste Roma (en blanco y negro) te interesar\u00e1 el detr\u00e1s de c\u00e1mara en color. Netflix invita\",\"datePublished\":\"2019-01-23T18:32:16+00:00\",\"mainEntityOfPage\":{\"@id\":\"https:\\\/\\\/quehacerpolitico.mx\\\/?p=15111\"},\"wordCount\":568,\"commentCount\":0,\"image\":{\"@id\":\"https:\\\/\\\/quehacerpolitico.mx\\\/?p=15111#primaryimage\"},\"thumbnailUrl\":\"\",\"articleSection\":[\"Cultura y Entretenimiento\"],\"inLanguage\":\"es\",\"potentialAction\":[{\"@type\":\"CommentAction\",\"name\":\"Comment\",\"target\":[\"https:\\\/\\\/quehacerpolitico.mx\\\/?p=15111#respond\"]}]},{\"@type\":\"WebPage\",\"@id\":\"https:\\\/\\\/quehacerpolitico.mx\\\/?p=15111\",\"url\":\"https:\\\/\\\/quehacerpolitico.mx\\\/?p=15111\",\"name\":\"VIDEO: Si viste Roma (en blanco y negro) te interesar\u00e1 el detr\u00e1s de c\u00e1mara en color. Netflix invita -\",\"isPartOf\":{\"@id\":\"https:\\\/\\\/quehacerpolitico.mx\\\/#website\"},\"primaryImageOfPage\":{\"@id\":\"https:\\\/\\\/quehacerpolitico.mx\\\/?p=15111#primaryimage\"},\"image\":{\"@id\":\"https:\\\/\\\/quehacerpolitico.mx\\\/?p=15111#primaryimage\"},\"thumbnailUrl\":\"\",\"datePublished\":\"2019-01-23T18:32:16+00:00\",\"author\":{\"@id\":\"https:\\\/\\\/quehacerpolitico.mx\\\/#\\\/schema\\\/person\\\/496d8ad2d1d3f8036101dca7ee39e585\"},\"breadcrumb\":{\"@id\":\"https:\\\/\\\/quehacerpolitico.mx\\\/?p=15111#breadcrumb\"},\"inLanguage\":\"es\",\"potentialAction\":[{\"@type\":\"ReadAction\",\"target\":[\"https:\\\/\\\/quehacerpolitico.mx\\\/?p=15111\"]}]},{\"@type\":\"ImageObject\",\"inLanguage\":\"es\",\"@id\":\"https:\\\/\\\/quehacerpolitico.mx\\\/?p=15111#primaryimage\",\"url\":\"\",\"contentUrl\":\"\"},{\"@type\":\"BreadcrumbList\",\"@id\":\"https:\\\/\\\/quehacerpolitico.mx\\\/?p=15111#breadcrumb\",\"itemListElement\":[{\"@type\":\"ListItem\",\"position\":1,\"name\":\"Inicio\",\"item\":\"https:\\\/\\\/quehacerpolitico.mx\\\/\"},{\"@type\":\"ListItem\",\"position\":2,\"name\":\"VIDEO: Si viste Roma (en blanco y negro) te interesar\u00e1 el detr\u00e1s de c\u00e1mara en color. Netflix invita\"}]},{\"@type\":\"WebSite\",\"@id\":\"https:\\\/\\\/quehacerpolitico.mx\\\/#website\",\"url\":\"https:\\\/\\\/quehacerpolitico.mx\\\/\",\"name\":\"\",\"description\":\"\",\"potentialAction\":[{\"@type\":\"SearchAction\",\"target\":{\"@type\":\"EntryPoint\",\"urlTemplate\":\"https:\\\/\\\/quehacerpolitico.mx\\\/?s={search_term_string}\"},\"query-input\":{\"@type\":\"PropertyValueSpecification\",\"valueRequired\":true,\"valueName\":\"search_term_string\"}}],\"inLanguage\":\"es\"},{\"@type\":\"Person\",\"@id\":\"https:\\\/\\\/quehacerpolitico.mx\\\/#\\\/schema\\\/person\\\/496d8ad2d1d3f8036101dca7ee39e585\",\"name\":\"Redacci\u00f3n QP\",\"image\":{\"@type\":\"ImageObject\",\"inLanguage\":\"es\",\"@id\":\"https:\\\/\\\/secure.gravatar.com\\\/avatar\\\/c7164ed6fdec453195284ad24a5ae5b6e1eed2b848477fa2a4787ba9adf39a41?s=96&d=mm&r=g\",\"url\":\"https:\\\/\\\/secure.gravatar.com\\\/avatar\\\/c7164ed6fdec453195284ad24a5ae5b6e1eed2b848477fa2a4787ba9adf39a41?s=96&d=mm&r=g\",\"contentUrl\":\"https:\\\/\\\/secure.gravatar.com\\\/avatar\\\/c7164ed6fdec453195284ad24a5ae5b6e1eed2b848477fa2a4787ba9adf39a41?s=96&d=mm&r=g\",\"caption\":\"Redacci\u00f3n QP\"},\"url\":\"https:\\\/\\\/quehacerpolitico.mx\\\/?author=2\"}]}<\/script>\n<!-- \/ Yoast SEO plugin. -->","yoast_head_json":{"title":"VIDEO: Si viste Roma (en blanco y negro) te interesar\u00e1 el detr\u00e1s de c\u00e1mara en color. Netflix invita -","robots":{"index":"index","follow":"follow","max-snippet":"max-snippet:-1","max-image-preview":"max-image-preview:large","max-video-preview":"max-video-preview:-1"},"canonical":"https:\/\/quehacerpolitico.mx\/?p=15111","og_locale":"es_MX","og_type":"article","og_title":"VIDEO: Si viste Roma (en blanco y negro) te interesar\u00e1 el detr\u00e1s de c\u00e1mara en color. Netflix invita -","og_description":"VIDEO: Si viste Roma (en blanco y negro) te interesar\u00e1 el detr\u00e1s de c\u00e1mara en color. Netflix invita Por Redacci\u00f3n QP","og_url":"https:\/\/quehacerpolitico.mx\/?p=15111","article_published_time":"2019-01-23T18:32:16+00:00","author":"Redacci\u00f3n QP","twitter_card":"summary_large_image","twitter_misc":{"Escrito por":"Redacci\u00f3n QP","Tiempo de lectura":"3 minutos"},"schema":{"@context":"https:\/\/schema.org","@graph":[{"@type":"Article","@id":"https:\/\/quehacerpolitico.mx\/?p=15111#article","isPartOf":{"@id":"https:\/\/quehacerpolitico.mx\/?p=15111"},"author":{"name":"Redacci\u00f3n QP","@id":"https:\/\/quehacerpolitico.mx\/#\/schema\/person\/496d8ad2d1d3f8036101dca7ee39e585"},"headline":"VIDEO: Si viste Roma (en blanco y negro) te interesar\u00e1 el detr\u00e1s de c\u00e1mara en color. Netflix invita","datePublished":"2019-01-23T18:32:16+00:00","mainEntityOfPage":{"@id":"https:\/\/quehacerpolitico.mx\/?p=15111"},"wordCount":568,"commentCount":0,"image":{"@id":"https:\/\/quehacerpolitico.mx\/?p=15111#primaryimage"},"thumbnailUrl":"","articleSection":["Cultura y Entretenimiento"],"inLanguage":"es","potentialAction":[{"@type":"CommentAction","name":"Comment","target":["https:\/\/quehacerpolitico.mx\/?p=15111#respond"]}]},{"@type":"WebPage","@id":"https:\/\/quehacerpolitico.mx\/?p=15111","url":"https:\/\/quehacerpolitico.mx\/?p=15111","name":"VIDEO: Si viste Roma (en blanco y negro) te interesar\u00e1 el detr\u00e1s de c\u00e1mara en color. Netflix invita -","isPartOf":{"@id":"https:\/\/quehacerpolitico.mx\/#website"},"primaryImageOfPage":{"@id":"https:\/\/quehacerpolitico.mx\/?p=15111#primaryimage"},"image":{"@id":"https:\/\/quehacerpolitico.mx\/?p=15111#primaryimage"},"thumbnailUrl":"","datePublished":"2019-01-23T18:32:16+00:00","author":{"@id":"https:\/\/quehacerpolitico.mx\/#\/schema\/person\/496d8ad2d1d3f8036101dca7ee39e585"},"breadcrumb":{"@id":"https:\/\/quehacerpolitico.mx\/?p=15111#breadcrumb"},"inLanguage":"es","potentialAction":[{"@type":"ReadAction","target":["https:\/\/quehacerpolitico.mx\/?p=15111"]}]},{"@type":"ImageObject","inLanguage":"es","@id":"https:\/\/quehacerpolitico.mx\/?p=15111#primaryimage","url":"","contentUrl":""},{"@type":"BreadcrumbList","@id":"https:\/\/quehacerpolitico.mx\/?p=15111#breadcrumb","itemListElement":[{"@type":"ListItem","position":1,"name":"Inicio","item":"https:\/\/quehacerpolitico.mx\/"},{"@type":"ListItem","position":2,"name":"VIDEO: Si viste Roma (en blanco y negro) te interesar\u00e1 el detr\u00e1s de c\u00e1mara en color. Netflix invita"}]},{"@type":"WebSite","@id":"https:\/\/quehacerpolitico.mx\/#website","url":"https:\/\/quehacerpolitico.mx\/","name":"","description":"","potentialAction":[{"@type":"SearchAction","target":{"@type":"EntryPoint","urlTemplate":"https:\/\/quehacerpolitico.mx\/?s={search_term_string}"},"query-input":{"@type":"PropertyValueSpecification","valueRequired":true,"valueName":"search_term_string"}}],"inLanguage":"es"},{"@type":"Person","@id":"https:\/\/quehacerpolitico.mx\/#\/schema\/person\/496d8ad2d1d3f8036101dca7ee39e585","name":"Redacci\u00f3n QP","image":{"@type":"ImageObject","inLanguage":"es","@id":"https:\/\/secure.gravatar.com\/avatar\/c7164ed6fdec453195284ad24a5ae5b6e1eed2b848477fa2a4787ba9adf39a41?s=96&d=mm&r=g","url":"https:\/\/secure.gravatar.com\/avatar\/c7164ed6fdec453195284ad24a5ae5b6e1eed2b848477fa2a4787ba9adf39a41?s=96&d=mm&r=g","contentUrl":"https:\/\/secure.gravatar.com\/avatar\/c7164ed6fdec453195284ad24a5ae5b6e1eed2b848477fa2a4787ba9adf39a41?s=96&d=mm&r=g","caption":"Redacci\u00f3n QP"},"url":"https:\/\/quehacerpolitico.mx\/?author=2"}]}},"featured_image_urls":{"full":"","thumbnail":"","medium":"","medium_large":"","large":"","1536x1536":"","2048x2048":"","covernews-featured":"","covernews-medium":""},"author_info":{"display_name":"Redacci\u00f3n QP","author_link":"https:\/\/quehacerpolitico.mx\/?author=2"},"category_info":"<a href=\"https:\/\/quehacerpolitico.mx\/?cat=58\" rel=\"category\">Cultura y Entretenimiento<\/a>","tag_info":"Cultura y Entretenimiento","comment_count":"0","_links":{"self":[{"href":"https:\/\/quehacerpolitico.mx\/index.php?rest_route=\/wp\/v2\/posts\/15111","targetHints":{"allow":["GET"]}}],"collection":[{"href":"https:\/\/quehacerpolitico.mx\/index.php?rest_route=\/wp\/v2\/posts"}],"about":[{"href":"https:\/\/quehacerpolitico.mx\/index.php?rest_route=\/wp\/v2\/types\/post"}],"author":[{"embeddable":true,"href":"https:\/\/quehacerpolitico.mx\/index.php?rest_route=\/wp\/v2\/users\/2"}],"replies":[{"embeddable":true,"href":"https:\/\/quehacerpolitico.mx\/index.php?rest_route=%2Fwp%2Fv2%2Fcomments&post=15111"}],"version-history":[{"count":0,"href":"https:\/\/quehacerpolitico.mx\/index.php?rest_route=\/wp\/v2\/posts\/15111\/revisions"}],"wp:featuredmedia":[{"embeddable":true,"href":"https:\/\/quehacerpolitico.mx\/index.php?rest_route=\/"}],"wp:attachment":[{"href":"https:\/\/quehacerpolitico.mx\/index.php?rest_route=%2Fwp%2Fv2%2Fmedia&parent=15111"}],"wp:term":[{"taxonomy":"category","embeddable":true,"href":"https:\/\/quehacerpolitico.mx\/index.php?rest_route=%2Fwp%2Fv2%2Fcategories&post=15111"},{"taxonomy":"post_tag","embeddable":true,"href":"https:\/\/quehacerpolitico.mx\/index.php?rest_route=%2Fwp%2Fv2%2Ftags&post=15111"}],"curies":[{"name":"wp","href":"https:\/\/api.w.org\/{rel}","templated":true}]}}