{"id":15109,"date":"2019-01-23T18:21:45","date_gmt":"2019-01-23T18:21:45","guid":{"rendered":"http:\/\/quehacerpolitico.mx\/patricio-pron-obtiene-el-premio-alfaguara-por-su-obra-manana-tendremos-otros-nombres\/"},"modified":"2019-01-23T18:21:45","modified_gmt":"2019-01-23T18:21:45","slug":"patricio-pron-obtiene-el-premio-alfaguara-por-su-obra-manana-tendremos-otros-nombres","status":"publish","type":"post","link":"https:\/\/quehacerpolitico.mx\/?p=15109","title":{"rendered":"Patricio Pron obtiene el Premio Alfaguara por su obra Ma\u00f1ana tendremos otros nombres"},"content":{"rendered":"<h1>Patricio Pron obtiene el Premio Alfaguara por su obra <em>Ma\u00f1ana tendremos otros nombres<\/em><\/h1>\n<p>Por Redacci\u00f3n QP<\/p>\n<p>El escritor argentino <strong>Patricio Pron<\/strong> ha sido galardonado con el <strong>Premio Alfaguara de Novela 2019<\/strong>, dotado con 175 mil d\u00f3lares, por su novela <em>Ma\u00f1ana tendremos otros nombres<\/em>, seg\u00fan el fallo un\u00e1nime del jurado, hecho p\u00fablico hoy.<\/p>\n<blockquote>\n<p>El jurado, presidido por <strong>Juan Jos\u00e9 Mill\u00e1s<\/strong>, consider\u00f3 que la obra de Pron es un texto \u201csutil y sabio, de gran calado psicol\u00f3gico, que refleja la \u00e9poca contempor\u00e1nea de manera excepcional y toma el pulso a las nuevas formas de entender los afectos\u201d.<\/p>\n<\/blockquote>\n<p>Una \u201cfascinante autopsia de una ruptura amorosa que va m\u00e1s all\u00e1 del amor: es el mapeo sentimental de una sociedad neur\u00f3tica donde las relaciones son productos de consumo\u201d, destac\u00f3 el jurado, cuyo fallo ha sido dado a conocer durante una comida celebrada en Madrid.<\/p>\n<p>Pron (Rosario, 1975), que present\u00f3 su novela al premio con el t\u00edtulo <em>El museo de las relaciones rotas<\/em> y bajo el seud\u00f3nimo No Soy Stiller, es autor de cinco libros de relatos, siete novelas y un ensayo. Es doctor en Filolog\u00eda Rom\u00e1nica por la Universidad Georg-August de G\u00f6ttingen (Alemania) y vive en Madrid.<\/p>\n<p>El jurado ha estado integrado adem\u00e1s por los tambi\u00e9n escritores Jorge Fern\u00e1ndez D\u00edaz y Manuel Vilas, la editora Gunilla Sondell, la directora de la librer\u00eda Oletvm de Valladolid, Estrella Garc\u00eda, y Pilar Reyes (con voz pero sin voto), directora editorial de Alfaguara.<\/p>\n<div id=\"attachment_3526305\" class=\"wp-caption alignnone\"><img loading=\"lazy\" decoding=\"async\" class=\"size-full wp-image-3526305\" src=\"https:\/\/www.sinembargo.mx\/wp-content\/uploads\/2019\/01\/patrio-pron-ganador.jpg\" sizes=\"auto, (max-width: 700px) 100vw, 700px\" srcset=\"https:\/\/www.sinembargo.mx\/wp-content\/uploads\/2019\/01\/patrio-pron-ganador.jpg 700w, https:\/\/www.sinembargo.mx\/wp-content\/uploads\/2019\/01\/patrio-pron-ganador-300x300.jpg 300w\" alt=\"\" width=\"700\" height=\"700\" \/><\/p>\n<p class=\"wp-caption-text\">Una \u201cfascinante autopsia de una ruptura amorosa \u201c, as\u00ed describi\u00f3 el jurado la obra. Foto: Patricio Pron, Facebook<\/p>\n<\/div>\n<p>A esta edici\u00f3n del galard\u00f3n se han presentado 767 manuscritos, de los cu\u00e1les 313 han sido remitidos desde Espa\u00f1a, 155 desde Argentina, 104 desde M\u00e9xico, 93 desde Colombia, 41 desde Estados Unidos, 33 desde Chile, 19 desde Per\u00fa y 9 desde Uruguay.<\/p>\n<p>Entre las obras de Pron destacan los libros de relatos <em>El mundo sin las personas que lo afean y lo arruinan<\/em> (2010) o <em>La vida interior de las plantas de interior<\/em> (2013) y las novelas <em>El comienzo de la primavera<\/em> (2008) -ganadora del Premio Ja\u00e9n de Novela y distinguida por la Fundaci\u00f3n Jos\u00e9 Manuel Lara como una de las cinco mejores obras publicadas en Espa\u00f1a ese a\u00f1o- o <em>No derrames tus l\u00e1grimas por nadie que viva en estas calles (<\/em>2016).<\/p>\n<p>Su trabajo ha sido galardonado con el Premio Juan Rulfo de Relato 2004 y con el Premio C\u00e1lamo Extraordinario 2016 por el conjunto de su obra.<\/p>\n<p>En la pasada edici\u00f3n, fue el escritor mexicano Jorge Volpi (1968) el galardonado con el Premio Alfaguara, por su obra <em>Una novela criminal<\/em>.<\/p>\n<p>Con Informaci\u00f3n de EFE<\/p>\n","protected":false},"excerpt":{"rendered":"<p>Patricio Pron obtiene el Premio Alfaguara por su obra Ma\u00f1ana tendremos otros nombres<br \/>\nPor Redacci\u00f3n QP<\/p>\n","protected":false},"author":2,"featured_media":15108,"comment_status":"open","ping_status":"open","sticky":false,"template":"","format":"standard","meta":{"_monsterinsights_skip_tracking":false,"_monsterinsights_sitenote_active":false,"_monsterinsights_sitenote_note":"","_monsterinsights_sitenote_category":0,"footnotes":""},"categories":[58],"tags":[],"class_list":["post-15109","post","type-post","status-publish","format-standard","has-post-thumbnail","hentry","category-cultura"],"yoast_head":"<!-- This site is optimized with the Yoast SEO plugin v27.3 - https:\/\/yoast.com\/product\/yoast-seo-wordpress\/ -->\n<title>Patricio Pron obtiene el Premio Alfaguara por su obra Ma\u00f1ana tendremos otros nombres -<\/title>\n<meta name=\"robots\" content=\"index, follow, max-snippet:-1, max-image-preview:large, max-video-preview:-1\" \/>\n<link rel=\"canonical\" href=\"https:\/\/quehacerpolitico.mx\/?p=15109\" \/>\n<meta property=\"og:locale\" content=\"es_MX\" \/>\n<meta property=\"og:type\" content=\"article\" \/>\n<meta property=\"og:title\" content=\"Patricio Pron obtiene el Premio Alfaguara por su obra Ma\u00f1ana tendremos otros nombres -\" \/>\n<meta property=\"og:description\" content=\"Patricio Pron obtiene el Premio Alfaguara por su obra Ma\u00f1ana tendremos otros nombres Por Redacci\u00f3n QP\" \/>\n<meta property=\"og:url\" content=\"https:\/\/quehacerpolitico.mx\/?p=15109\" \/>\n<meta property=\"article:published_time\" content=\"2019-01-23T18:21:45+00:00\" \/>\n<meta name=\"author\" content=\"Redacci\u00f3n QP\" \/>\n<meta name=\"twitter:card\" content=\"summary_large_image\" \/>\n<meta name=\"twitter:label1\" content=\"Escrito por\" \/>\n\t<meta name=\"twitter:data1\" content=\"Redacci\u00f3n QP\" \/>\n\t<meta name=\"twitter:label2\" content=\"Tiempo de lectura\" \/>\n\t<meta name=\"twitter:data2\" content=\"2 minutos\" \/>\n<script type=\"application\/ld+json\" class=\"yoast-schema-graph\">{\"@context\":\"https:\\\/\\\/schema.org\",\"@graph\":[{\"@type\":\"Article\",\"@id\":\"https:\\\/\\\/quehacerpolitico.mx\\\/?p=15109#article\",\"isPartOf\":{\"@id\":\"https:\\\/\\\/quehacerpolitico.mx\\\/?p=15109\"},\"author\":{\"name\":\"Redacci\u00f3n QP\",\"@id\":\"https:\\\/\\\/quehacerpolitico.mx\\\/#\\\/schema\\\/person\\\/496d8ad2d1d3f8036101dca7ee39e585\"},\"headline\":\"Patricio Pron obtiene el Premio Alfaguara por su obra Ma\u00f1ana tendremos otros nombres\",\"datePublished\":\"2019-01-23T18:21:45+00:00\",\"mainEntityOfPage\":{\"@id\":\"https:\\\/\\\/quehacerpolitico.mx\\\/?p=15109\"},\"wordCount\":457,\"commentCount\":0,\"image\":{\"@id\":\"https:\\\/\\\/quehacerpolitico.mx\\\/?p=15109#primaryimage\"},\"thumbnailUrl\":\"\",\"articleSection\":[\"Cultura y Entretenimiento\"],\"inLanguage\":\"es\",\"potentialAction\":[{\"@type\":\"CommentAction\",\"name\":\"Comment\",\"target\":[\"https:\\\/\\\/quehacerpolitico.mx\\\/?p=15109#respond\"]}]},{\"@type\":\"WebPage\",\"@id\":\"https:\\\/\\\/quehacerpolitico.mx\\\/?p=15109\",\"url\":\"https:\\\/\\\/quehacerpolitico.mx\\\/?p=15109\",\"name\":\"Patricio Pron obtiene el Premio Alfaguara por su obra Ma\u00f1ana tendremos otros nombres -\",\"isPartOf\":{\"@id\":\"https:\\\/\\\/quehacerpolitico.mx\\\/#website\"},\"primaryImageOfPage\":{\"@id\":\"https:\\\/\\\/quehacerpolitico.mx\\\/?p=15109#primaryimage\"},\"image\":{\"@id\":\"https:\\\/\\\/quehacerpolitico.mx\\\/?p=15109#primaryimage\"},\"thumbnailUrl\":\"\",\"datePublished\":\"2019-01-23T18:21:45+00:00\",\"author\":{\"@id\":\"https:\\\/\\\/quehacerpolitico.mx\\\/#\\\/schema\\\/person\\\/496d8ad2d1d3f8036101dca7ee39e585\"},\"breadcrumb\":{\"@id\":\"https:\\\/\\\/quehacerpolitico.mx\\\/?p=15109#breadcrumb\"},\"inLanguage\":\"es\",\"potentialAction\":[{\"@type\":\"ReadAction\",\"target\":[\"https:\\\/\\\/quehacerpolitico.mx\\\/?p=15109\"]}]},{\"@type\":\"ImageObject\",\"inLanguage\":\"es\",\"@id\":\"https:\\\/\\\/quehacerpolitico.mx\\\/?p=15109#primaryimage\",\"url\":\"\",\"contentUrl\":\"\"},{\"@type\":\"BreadcrumbList\",\"@id\":\"https:\\\/\\\/quehacerpolitico.mx\\\/?p=15109#breadcrumb\",\"itemListElement\":[{\"@type\":\"ListItem\",\"position\":1,\"name\":\"Inicio\",\"item\":\"https:\\\/\\\/quehacerpolitico.mx\\\/\"},{\"@type\":\"ListItem\",\"position\":2,\"name\":\"Patricio Pron obtiene el Premio Alfaguara por su obra Ma\u00f1ana tendremos otros nombres\"}]},{\"@type\":\"WebSite\",\"@id\":\"https:\\\/\\\/quehacerpolitico.mx\\\/#website\",\"url\":\"https:\\\/\\\/quehacerpolitico.mx\\\/\",\"name\":\"\",\"description\":\"\",\"potentialAction\":[{\"@type\":\"SearchAction\",\"target\":{\"@type\":\"EntryPoint\",\"urlTemplate\":\"https:\\\/\\\/quehacerpolitico.mx\\\/?s={search_term_string}\"},\"query-input\":{\"@type\":\"PropertyValueSpecification\",\"valueRequired\":true,\"valueName\":\"search_term_string\"}}],\"inLanguage\":\"es\"},{\"@type\":\"Person\",\"@id\":\"https:\\\/\\\/quehacerpolitico.mx\\\/#\\\/schema\\\/person\\\/496d8ad2d1d3f8036101dca7ee39e585\",\"name\":\"Redacci\u00f3n QP\",\"image\":{\"@type\":\"ImageObject\",\"inLanguage\":\"es\",\"@id\":\"https:\\\/\\\/secure.gravatar.com\\\/avatar\\\/c7164ed6fdec453195284ad24a5ae5b6e1eed2b848477fa2a4787ba9adf39a41?s=96&d=mm&r=g\",\"url\":\"https:\\\/\\\/secure.gravatar.com\\\/avatar\\\/c7164ed6fdec453195284ad24a5ae5b6e1eed2b848477fa2a4787ba9adf39a41?s=96&d=mm&r=g\",\"contentUrl\":\"https:\\\/\\\/secure.gravatar.com\\\/avatar\\\/c7164ed6fdec453195284ad24a5ae5b6e1eed2b848477fa2a4787ba9adf39a41?s=96&d=mm&r=g\",\"caption\":\"Redacci\u00f3n QP\"},\"url\":\"https:\\\/\\\/quehacerpolitico.mx\\\/?author=2\"}]}<\/script>\n<!-- \/ Yoast SEO plugin. -->","yoast_head_json":{"title":"Patricio Pron obtiene el Premio Alfaguara por su obra Ma\u00f1ana tendremos otros nombres -","robots":{"index":"index","follow":"follow","max-snippet":"max-snippet:-1","max-image-preview":"max-image-preview:large","max-video-preview":"max-video-preview:-1"},"canonical":"https:\/\/quehacerpolitico.mx\/?p=15109","og_locale":"es_MX","og_type":"article","og_title":"Patricio Pron obtiene el Premio Alfaguara por su obra Ma\u00f1ana tendremos otros nombres -","og_description":"Patricio Pron obtiene el Premio Alfaguara por su obra Ma\u00f1ana tendremos otros nombres Por Redacci\u00f3n QP","og_url":"https:\/\/quehacerpolitico.mx\/?p=15109","article_published_time":"2019-01-23T18:21:45+00:00","author":"Redacci\u00f3n QP","twitter_card":"summary_large_image","twitter_misc":{"Escrito por":"Redacci\u00f3n QP","Tiempo de lectura":"2 minutos"},"schema":{"@context":"https:\/\/schema.org","@graph":[{"@type":"Article","@id":"https:\/\/quehacerpolitico.mx\/?p=15109#article","isPartOf":{"@id":"https:\/\/quehacerpolitico.mx\/?p=15109"},"author":{"name":"Redacci\u00f3n QP","@id":"https:\/\/quehacerpolitico.mx\/#\/schema\/person\/496d8ad2d1d3f8036101dca7ee39e585"},"headline":"Patricio Pron obtiene el Premio Alfaguara por su obra Ma\u00f1ana tendremos otros nombres","datePublished":"2019-01-23T18:21:45+00:00","mainEntityOfPage":{"@id":"https:\/\/quehacerpolitico.mx\/?p=15109"},"wordCount":457,"commentCount":0,"image":{"@id":"https:\/\/quehacerpolitico.mx\/?p=15109#primaryimage"},"thumbnailUrl":"","articleSection":["Cultura y Entretenimiento"],"inLanguage":"es","potentialAction":[{"@type":"CommentAction","name":"Comment","target":["https:\/\/quehacerpolitico.mx\/?p=15109#respond"]}]},{"@type":"WebPage","@id":"https:\/\/quehacerpolitico.mx\/?p=15109","url":"https:\/\/quehacerpolitico.mx\/?p=15109","name":"Patricio Pron obtiene el Premio Alfaguara por su obra Ma\u00f1ana tendremos otros nombres -","isPartOf":{"@id":"https:\/\/quehacerpolitico.mx\/#website"},"primaryImageOfPage":{"@id":"https:\/\/quehacerpolitico.mx\/?p=15109#primaryimage"},"image":{"@id":"https:\/\/quehacerpolitico.mx\/?p=15109#primaryimage"},"thumbnailUrl":"","datePublished":"2019-01-23T18:21:45+00:00","author":{"@id":"https:\/\/quehacerpolitico.mx\/#\/schema\/person\/496d8ad2d1d3f8036101dca7ee39e585"},"breadcrumb":{"@id":"https:\/\/quehacerpolitico.mx\/?p=15109#breadcrumb"},"inLanguage":"es","potentialAction":[{"@type":"ReadAction","target":["https:\/\/quehacerpolitico.mx\/?p=15109"]}]},{"@type":"ImageObject","inLanguage":"es","@id":"https:\/\/quehacerpolitico.mx\/?p=15109#primaryimage","url":"","contentUrl":""},{"@type":"BreadcrumbList","@id":"https:\/\/quehacerpolitico.mx\/?p=15109#breadcrumb","itemListElement":[{"@type":"ListItem","position":1,"name":"Inicio","item":"https:\/\/quehacerpolitico.mx\/"},{"@type":"ListItem","position":2,"name":"Patricio Pron obtiene el Premio Alfaguara por su obra Ma\u00f1ana tendremos otros nombres"}]},{"@type":"WebSite","@id":"https:\/\/quehacerpolitico.mx\/#website","url":"https:\/\/quehacerpolitico.mx\/","name":"","description":"","potentialAction":[{"@type":"SearchAction","target":{"@type":"EntryPoint","urlTemplate":"https:\/\/quehacerpolitico.mx\/?s={search_term_string}"},"query-input":{"@type":"PropertyValueSpecification","valueRequired":true,"valueName":"search_term_string"}}],"inLanguage":"es"},{"@type":"Person","@id":"https:\/\/quehacerpolitico.mx\/#\/schema\/person\/496d8ad2d1d3f8036101dca7ee39e585","name":"Redacci\u00f3n QP","image":{"@type":"ImageObject","inLanguage":"es","@id":"https:\/\/secure.gravatar.com\/avatar\/c7164ed6fdec453195284ad24a5ae5b6e1eed2b848477fa2a4787ba9adf39a41?s=96&d=mm&r=g","url":"https:\/\/secure.gravatar.com\/avatar\/c7164ed6fdec453195284ad24a5ae5b6e1eed2b848477fa2a4787ba9adf39a41?s=96&d=mm&r=g","contentUrl":"https:\/\/secure.gravatar.com\/avatar\/c7164ed6fdec453195284ad24a5ae5b6e1eed2b848477fa2a4787ba9adf39a41?s=96&d=mm&r=g","caption":"Redacci\u00f3n QP"},"url":"https:\/\/quehacerpolitico.mx\/?author=2"}]}},"featured_image_urls":{"full":"","thumbnail":"","medium":"","medium_large":"","large":"","1536x1536":"","2048x2048":"","covernews-featured":"","covernews-medium":""},"author_info":{"display_name":"Redacci\u00f3n QP","author_link":"https:\/\/quehacerpolitico.mx\/?author=2"},"category_info":"<a href=\"https:\/\/quehacerpolitico.mx\/?cat=58\" rel=\"category\">Cultura y Entretenimiento<\/a>","tag_info":"Cultura y Entretenimiento","comment_count":"0","_links":{"self":[{"href":"https:\/\/quehacerpolitico.mx\/index.php?rest_route=\/wp\/v2\/posts\/15109","targetHints":{"allow":["GET"]}}],"collection":[{"href":"https:\/\/quehacerpolitico.mx\/index.php?rest_route=\/wp\/v2\/posts"}],"about":[{"href":"https:\/\/quehacerpolitico.mx\/index.php?rest_route=\/wp\/v2\/types\/post"}],"author":[{"embeddable":true,"href":"https:\/\/quehacerpolitico.mx\/index.php?rest_route=\/wp\/v2\/users\/2"}],"replies":[{"embeddable":true,"href":"https:\/\/quehacerpolitico.mx\/index.php?rest_route=%2Fwp%2Fv2%2Fcomments&post=15109"}],"version-history":[{"count":0,"href":"https:\/\/quehacerpolitico.mx\/index.php?rest_route=\/wp\/v2\/posts\/15109\/revisions"}],"wp:featuredmedia":[{"embeddable":true,"href":"https:\/\/quehacerpolitico.mx\/index.php?rest_route=\/"}],"wp:attachment":[{"href":"https:\/\/quehacerpolitico.mx\/index.php?rest_route=%2Fwp%2Fv2%2Fmedia&parent=15109"}],"wp:term":[{"taxonomy":"category","embeddable":true,"href":"https:\/\/quehacerpolitico.mx\/index.php?rest_route=%2Fwp%2Fv2%2Fcategories&post=15109"},{"taxonomy":"post_tag","embeddable":true,"href":"https:\/\/quehacerpolitico.mx\/index.php?rest_route=%2Fwp%2Fv2%2Ftags&post=15109"}],"curies":[{"name":"wp","href":"https:\/\/api.w.org\/{rel}","templated":true}]}}