{"id":15105,"date":"2019-01-23T18:02:38","date_gmt":"2019-01-23T18:02:38","guid":{"rendered":"http:\/\/quehacerpolitico.mx\/de-manera-inusual-cayo-helicoptero-siniestrado-en-puebla-sct\/"},"modified":"2019-01-23T18:02:38","modified_gmt":"2019-01-23T18:02:38","slug":"de-manera-inusual-cayo-helicoptero-siniestrado-en-puebla-sct","status":"publish","type":"post","link":"https:\/\/quehacerpolitico.mx\/?p=15105","title":{"rendered":"De manera &#8220;inusual&#8221;, cay\u00f3 helic\u00f3ptero siniestrado en Puebla: SCT"},"content":{"rendered":"<h1 class=\"news-title\">De manera &#8220;inusual&#8221;, cay\u00f3 helic\u00f3ptero siniestrado en Puebla: SCT<\/h1>\n<p>Por Redacci\u00f3n QP<\/p>\n<header class=\"news-header\">\n<div class=\"news-subtitle\">\n<p>El subsecretario de la dependencia, Carlos Mor\u00e1n, detalla que la aeronave impact\u00f3 contra el terreno en posici\u00f3n invertida en un \u00e1ngulo de 60 grados<\/p>\n<\/div>\n<\/header>\n<div class=\"news-content\">\n<div class=\"news-body row\">\n<p>La Secretar\u00eda de Comunicaciones y Transportes (SCT) inform\u00f3 que cay\u00f3 de manera &#8220;inusual&#8221; el helic\u00f3ptero siniestrado en Puebla, en el que fallecieron la gobernadora Martha Erika Alonso su esposo, el senador Rafael Moreno Valle, y tres personas m\u00e1s. Se precipit\u00f3 a tierra en posici\u00f3n invertida en un \u00e1ngulo de 60 grados.<\/p>\n<p>En conferencia de prensa, en Palacio Nacional, el subsecretario de SCT, Carlos Mor\u00e1n, <strong>explic\u00f3 que el helic\u00f3ptero Augusta impact\u00f3 contra el terreno en posici\u00f3n invertida en un \u00e1ngulo de 60 grados por la forma cr\u00e1ter en donde se entierra la cabina<\/strong>.<\/p>\n<p>No obstante, dijo que para evitar cual especulaci\u00f3n, esperar\u00e1n a los resultados de los laboratorios para poder determinar porque cay\u00f3 de esa manera.<\/p>\n<p><strong>&#8220;No es normal una ca\u00edda casi en vertical y de manera invertida, pero vamos a esperar&#8230; no podemos especular, hay que dejar que los laboratorios hagan su tarea, los laboratorios son altamente profesionales&#8221;<\/strong>, mencion\u00f3.<\/p>\n<p>El titular de la SCT, Javier Jim\u00e9nez Espri\u00fa, record\u00f3 que ese tipo de aeronaves carece de una caja negra, no obstante, mencion\u00f3 que se localizaron parte e instrumentos que podr\u00edan determinar el comportamiento de la aeronave.<\/p>\n<blockquote class=\"twitter-tweet\" data-width=\"550\" data-dnt=\"true\">\n<p lang=\"es\" dir=\"ltr\">\ud83d\udd34 Estamos transmitiendo <a href=\"https:\/\/twitter.com\/hashtag\/ENVIVO?src=hash&amp;ref_src=twsrc%5Etfw\">#ENVIVO<\/a> la <a href=\"https:\/\/twitter.com\/hashtag\/ConferenciaDePrensa?src=hash&amp;ref_src=twsrc%5Etfw\">#ConferenciaDePrensa<\/a> | Informe sobre el accidente ocurrido en Puebla el pasado 24 de diciembre.<\/p>\n<p>Para verla ingresa a nuestro portal en \u25b6\ufe0f <a href=\"https:\/\/t.co\/1ndHAX0M5c\">https:\/\/t.co\/1ndHAX0M5c<\/a> <a href=\"https:\/\/t.co\/z9hYlIglAO\">pic.twitter.com\/z9hYlIglAO<\/a><\/p>\n<p>&mdash; SICT M\u00e9xico (@SICTmx) <a href=\"https:\/\/twitter.com\/SICTmx\/status\/1088109115576995840?ref_src=twsrc%5Etfw\">January 23, 2019<\/a><\/p><\/blockquote>\n<p><script async src=\"https:\/\/platform.twitter.com\/widgets.js\" charset=\"utf-8\"><\/script><\/p>\n<p>Tambi\u00e9n dijo que al momento de que Augusta despeg\u00f3 del aeropuerto de Puebla, la torre de control tuvo comunicaci\u00f3n y quedaron en comunicarse en 10 minutos despu\u00e9s.<\/p>\n<p>Pero esto no ocurri\u00f3, a pesar de que la torre de control insisti\u00f3 hasta el nueve ocasiones.<\/p>\n<p><strong>Mor\u00e1n inform\u00f3 que los componentes de las aeronaves fueron enviados a Estados Unidos, Canad\u00e1 y Europa donde los expertos en aeron\u00e1utica enviaran sus resultados a Aeron\u00e1utica Civil.<\/strong><\/p>\n<\/div>\n<\/div>\n","protected":false},"excerpt":{"rendered":"<p>De manera &#8220;inusual&#8221;, cay\u00f3 helic\u00f3ptero siniestrado en Puebla: SCT<br \/>\nPor Redacci\u00f3n QP<\/p>\n","protected":false},"author":2,"featured_media":15104,"comment_status":"open","ping_status":"open","sticky":false,"template":"","format":"standard","meta":{"_monsterinsights_skip_tracking":false,"_monsterinsights_sitenote_active":false,"_monsterinsights_sitenote_note":"","_monsterinsights_sitenote_category":0,"footnotes":""},"categories":[2],"tags":[],"class_list":["post-15105","post","type-post","status-publish","format-standard","has-post-thumbnail","hentry","category-noticias"],"yoast_head":"<!-- This site is optimized with the Yoast SEO plugin v27.3 - https:\/\/yoast.com\/product\/yoast-seo-wordpress\/ -->\n<title>De manera &quot;inusual&quot;, cay\u00f3 helic\u00f3ptero siniestrado en Puebla: SCT -<\/title>\n<meta name=\"robots\" content=\"index, follow, max-snippet:-1, max-image-preview:large, max-video-preview:-1\" \/>\n<link rel=\"canonical\" href=\"https:\/\/quehacerpolitico.mx\/?p=15105\" \/>\n<meta property=\"og:locale\" content=\"es_MX\" \/>\n<meta property=\"og:type\" content=\"article\" \/>\n<meta property=\"og:title\" content=\"De manera &quot;inusual&quot;, cay\u00f3 helic\u00f3ptero siniestrado en Puebla: SCT -\" \/>\n<meta property=\"og:description\" content=\"De manera &quot;inusual&quot;, cay\u00f3 helic\u00f3ptero siniestrado en Puebla: SCT Por Redacci\u00f3n QP\" \/>\n<meta property=\"og:url\" content=\"https:\/\/quehacerpolitico.mx\/?p=15105\" \/>\n<meta property=\"article:published_time\" content=\"2019-01-23T18:02:38+00:00\" \/>\n<meta name=\"author\" content=\"Redacci\u00f3n QP\" \/>\n<meta name=\"twitter:card\" content=\"summary_large_image\" \/>\n<meta name=\"twitter:label1\" content=\"Escrito por\" \/>\n\t<meta name=\"twitter:data1\" content=\"Redacci\u00f3n QP\" \/>\n\t<meta name=\"twitter:label2\" content=\"Tiempo de lectura\" \/>\n\t<meta name=\"twitter:data2\" content=\"2 minutos\" \/>\n<script type=\"application\/ld+json\" class=\"yoast-schema-graph\">{\"@context\":\"https:\\\/\\\/schema.org\",\"@graph\":[{\"@type\":\"Article\",\"@id\":\"https:\\\/\\\/quehacerpolitico.mx\\\/?p=15105#article\",\"isPartOf\":{\"@id\":\"https:\\\/\\\/quehacerpolitico.mx\\\/?p=15105\"},\"author\":{\"name\":\"Redacci\u00f3n QP\",\"@id\":\"https:\\\/\\\/quehacerpolitico.mx\\\/#\\\/schema\\\/person\\\/496d8ad2d1d3f8036101dca7ee39e585\"},\"headline\":\"De manera &#8220;inusual&#8221;, cay\u00f3 helic\u00f3ptero siniestrado en Puebla: SCT\",\"datePublished\":\"2019-01-23T18:02:38+00:00\",\"mainEntityOfPage\":{\"@id\":\"https:\\\/\\\/quehacerpolitico.mx\\\/?p=15105\"},\"wordCount\":328,\"commentCount\":0,\"image\":{\"@id\":\"https:\\\/\\\/quehacerpolitico.mx\\\/?p=15105#primaryimage\"},\"thumbnailUrl\":\"\",\"articleSection\":[\"Noticias\"],\"inLanguage\":\"es\",\"potentialAction\":[{\"@type\":\"CommentAction\",\"name\":\"Comment\",\"target\":[\"https:\\\/\\\/quehacerpolitico.mx\\\/?p=15105#respond\"]}]},{\"@type\":\"WebPage\",\"@id\":\"https:\\\/\\\/quehacerpolitico.mx\\\/?p=15105\",\"url\":\"https:\\\/\\\/quehacerpolitico.mx\\\/?p=15105\",\"name\":\"De manera \\\"inusual\\\", cay\u00f3 helic\u00f3ptero siniestrado en Puebla: SCT -\",\"isPartOf\":{\"@id\":\"https:\\\/\\\/quehacerpolitico.mx\\\/#website\"},\"primaryImageOfPage\":{\"@id\":\"https:\\\/\\\/quehacerpolitico.mx\\\/?p=15105#primaryimage\"},\"image\":{\"@id\":\"https:\\\/\\\/quehacerpolitico.mx\\\/?p=15105#primaryimage\"},\"thumbnailUrl\":\"\",\"datePublished\":\"2019-01-23T18:02:38+00:00\",\"author\":{\"@id\":\"https:\\\/\\\/quehacerpolitico.mx\\\/#\\\/schema\\\/person\\\/496d8ad2d1d3f8036101dca7ee39e585\"},\"breadcrumb\":{\"@id\":\"https:\\\/\\\/quehacerpolitico.mx\\\/?p=15105#breadcrumb\"},\"inLanguage\":\"es\",\"potentialAction\":[{\"@type\":\"ReadAction\",\"target\":[\"https:\\\/\\\/quehacerpolitico.mx\\\/?p=15105\"]}]},{\"@type\":\"ImageObject\",\"inLanguage\":\"es\",\"@id\":\"https:\\\/\\\/quehacerpolitico.mx\\\/?p=15105#primaryimage\",\"url\":\"\",\"contentUrl\":\"\"},{\"@type\":\"BreadcrumbList\",\"@id\":\"https:\\\/\\\/quehacerpolitico.mx\\\/?p=15105#breadcrumb\",\"itemListElement\":[{\"@type\":\"ListItem\",\"position\":1,\"name\":\"Inicio\",\"item\":\"https:\\\/\\\/quehacerpolitico.mx\\\/\"},{\"@type\":\"ListItem\",\"position\":2,\"name\":\"De manera &#8220;inusual&#8221;, cay\u00f3 helic\u00f3ptero siniestrado en Puebla: SCT\"}]},{\"@type\":\"WebSite\",\"@id\":\"https:\\\/\\\/quehacerpolitico.mx\\\/#website\",\"url\":\"https:\\\/\\\/quehacerpolitico.mx\\\/\",\"name\":\"\",\"description\":\"\",\"potentialAction\":[{\"@type\":\"SearchAction\",\"target\":{\"@type\":\"EntryPoint\",\"urlTemplate\":\"https:\\\/\\\/quehacerpolitico.mx\\\/?s={search_term_string}\"},\"query-input\":{\"@type\":\"PropertyValueSpecification\",\"valueRequired\":true,\"valueName\":\"search_term_string\"}}],\"inLanguage\":\"es\"},{\"@type\":\"Person\",\"@id\":\"https:\\\/\\\/quehacerpolitico.mx\\\/#\\\/schema\\\/person\\\/496d8ad2d1d3f8036101dca7ee39e585\",\"name\":\"Redacci\u00f3n QP\",\"image\":{\"@type\":\"ImageObject\",\"inLanguage\":\"es\",\"@id\":\"https:\\\/\\\/secure.gravatar.com\\\/avatar\\\/c7164ed6fdec453195284ad24a5ae5b6e1eed2b848477fa2a4787ba9adf39a41?s=96&d=mm&r=g\",\"url\":\"https:\\\/\\\/secure.gravatar.com\\\/avatar\\\/c7164ed6fdec453195284ad24a5ae5b6e1eed2b848477fa2a4787ba9adf39a41?s=96&d=mm&r=g\",\"contentUrl\":\"https:\\\/\\\/secure.gravatar.com\\\/avatar\\\/c7164ed6fdec453195284ad24a5ae5b6e1eed2b848477fa2a4787ba9adf39a41?s=96&d=mm&r=g\",\"caption\":\"Redacci\u00f3n QP\"},\"url\":\"https:\\\/\\\/quehacerpolitico.mx\\\/?author=2\"}]}<\/script>\n<!-- \/ Yoast SEO plugin. -->","yoast_head_json":{"title":"De manera \"inusual\", cay\u00f3 helic\u00f3ptero siniestrado en Puebla: SCT -","robots":{"index":"index","follow":"follow","max-snippet":"max-snippet:-1","max-image-preview":"max-image-preview:large","max-video-preview":"max-video-preview:-1"},"canonical":"https:\/\/quehacerpolitico.mx\/?p=15105","og_locale":"es_MX","og_type":"article","og_title":"De manera \"inusual\", cay\u00f3 helic\u00f3ptero siniestrado en Puebla: SCT -","og_description":"De manera \"inusual\", cay\u00f3 helic\u00f3ptero siniestrado en Puebla: SCT Por Redacci\u00f3n QP","og_url":"https:\/\/quehacerpolitico.mx\/?p=15105","article_published_time":"2019-01-23T18:02:38+00:00","author":"Redacci\u00f3n QP","twitter_card":"summary_large_image","twitter_misc":{"Escrito por":"Redacci\u00f3n QP","Tiempo de lectura":"2 minutos"},"schema":{"@context":"https:\/\/schema.org","@graph":[{"@type":"Article","@id":"https:\/\/quehacerpolitico.mx\/?p=15105#article","isPartOf":{"@id":"https:\/\/quehacerpolitico.mx\/?p=15105"},"author":{"name":"Redacci\u00f3n QP","@id":"https:\/\/quehacerpolitico.mx\/#\/schema\/person\/496d8ad2d1d3f8036101dca7ee39e585"},"headline":"De manera &#8220;inusual&#8221;, cay\u00f3 helic\u00f3ptero siniestrado en Puebla: SCT","datePublished":"2019-01-23T18:02:38+00:00","mainEntityOfPage":{"@id":"https:\/\/quehacerpolitico.mx\/?p=15105"},"wordCount":328,"commentCount":0,"image":{"@id":"https:\/\/quehacerpolitico.mx\/?p=15105#primaryimage"},"thumbnailUrl":"","articleSection":["Noticias"],"inLanguage":"es","potentialAction":[{"@type":"CommentAction","name":"Comment","target":["https:\/\/quehacerpolitico.mx\/?p=15105#respond"]}]},{"@type":"WebPage","@id":"https:\/\/quehacerpolitico.mx\/?p=15105","url":"https:\/\/quehacerpolitico.mx\/?p=15105","name":"De manera \"inusual\", cay\u00f3 helic\u00f3ptero siniestrado en Puebla: SCT -","isPartOf":{"@id":"https:\/\/quehacerpolitico.mx\/#website"},"primaryImageOfPage":{"@id":"https:\/\/quehacerpolitico.mx\/?p=15105#primaryimage"},"image":{"@id":"https:\/\/quehacerpolitico.mx\/?p=15105#primaryimage"},"thumbnailUrl":"","datePublished":"2019-01-23T18:02:38+00:00","author":{"@id":"https:\/\/quehacerpolitico.mx\/#\/schema\/person\/496d8ad2d1d3f8036101dca7ee39e585"},"breadcrumb":{"@id":"https:\/\/quehacerpolitico.mx\/?p=15105#breadcrumb"},"inLanguage":"es","potentialAction":[{"@type":"ReadAction","target":["https:\/\/quehacerpolitico.mx\/?p=15105"]}]},{"@type":"ImageObject","inLanguage":"es","@id":"https:\/\/quehacerpolitico.mx\/?p=15105#primaryimage","url":"","contentUrl":""},{"@type":"BreadcrumbList","@id":"https:\/\/quehacerpolitico.mx\/?p=15105#breadcrumb","itemListElement":[{"@type":"ListItem","position":1,"name":"Inicio","item":"https:\/\/quehacerpolitico.mx\/"},{"@type":"ListItem","position":2,"name":"De manera &#8220;inusual&#8221;, cay\u00f3 helic\u00f3ptero siniestrado en Puebla: SCT"}]},{"@type":"WebSite","@id":"https:\/\/quehacerpolitico.mx\/#website","url":"https:\/\/quehacerpolitico.mx\/","name":"","description":"","potentialAction":[{"@type":"SearchAction","target":{"@type":"EntryPoint","urlTemplate":"https:\/\/quehacerpolitico.mx\/?s={search_term_string}"},"query-input":{"@type":"PropertyValueSpecification","valueRequired":true,"valueName":"search_term_string"}}],"inLanguage":"es"},{"@type":"Person","@id":"https:\/\/quehacerpolitico.mx\/#\/schema\/person\/496d8ad2d1d3f8036101dca7ee39e585","name":"Redacci\u00f3n QP","image":{"@type":"ImageObject","inLanguage":"es","@id":"https:\/\/secure.gravatar.com\/avatar\/c7164ed6fdec453195284ad24a5ae5b6e1eed2b848477fa2a4787ba9adf39a41?s=96&d=mm&r=g","url":"https:\/\/secure.gravatar.com\/avatar\/c7164ed6fdec453195284ad24a5ae5b6e1eed2b848477fa2a4787ba9adf39a41?s=96&d=mm&r=g","contentUrl":"https:\/\/secure.gravatar.com\/avatar\/c7164ed6fdec453195284ad24a5ae5b6e1eed2b848477fa2a4787ba9adf39a41?s=96&d=mm&r=g","caption":"Redacci\u00f3n QP"},"url":"https:\/\/quehacerpolitico.mx\/?author=2"}]}},"featured_image_urls":{"full":"","thumbnail":"","medium":"","medium_large":"","large":"","1536x1536":"","2048x2048":"","covernews-featured":"","covernews-medium":""},"author_info":{"display_name":"Redacci\u00f3n QP","author_link":"https:\/\/quehacerpolitico.mx\/?author=2"},"category_info":"<a href=\"https:\/\/quehacerpolitico.mx\/?cat=2\" rel=\"category\">Noticias<\/a>","tag_info":"Noticias","comment_count":"0","_links":{"self":[{"href":"https:\/\/quehacerpolitico.mx\/index.php?rest_route=\/wp\/v2\/posts\/15105","targetHints":{"allow":["GET"]}}],"collection":[{"href":"https:\/\/quehacerpolitico.mx\/index.php?rest_route=\/wp\/v2\/posts"}],"about":[{"href":"https:\/\/quehacerpolitico.mx\/index.php?rest_route=\/wp\/v2\/types\/post"}],"author":[{"embeddable":true,"href":"https:\/\/quehacerpolitico.mx\/index.php?rest_route=\/wp\/v2\/users\/2"}],"replies":[{"embeddable":true,"href":"https:\/\/quehacerpolitico.mx\/index.php?rest_route=%2Fwp%2Fv2%2Fcomments&post=15105"}],"version-history":[{"count":0,"href":"https:\/\/quehacerpolitico.mx\/index.php?rest_route=\/wp\/v2\/posts\/15105\/revisions"}],"wp:featuredmedia":[{"embeddable":true,"href":"https:\/\/quehacerpolitico.mx\/index.php?rest_route=\/"}],"wp:attachment":[{"href":"https:\/\/quehacerpolitico.mx\/index.php?rest_route=%2Fwp%2Fv2%2Fmedia&parent=15105"}],"wp:term":[{"taxonomy":"category","embeddable":true,"href":"https:\/\/quehacerpolitico.mx\/index.php?rest_route=%2Fwp%2Fv2%2Fcategories&post=15105"},{"taxonomy":"post_tag","embeddable":true,"href":"https:\/\/quehacerpolitico.mx\/index.php?rest_route=%2Fwp%2Fv2%2Ftags&post=15105"}],"curies":[{"name":"wp","href":"https:\/\/api.w.org\/{rel}","templated":true}]}}