{"id":15083,"date":"2019-01-23T16:52:07","date_gmt":"2019-01-23T16:52:07","guid":{"rendered":"http:\/\/quehacerpolitico.mx\/canales-de-radio-y-television-del-estado-tendran-autonomia-para-informar-amlo\/"},"modified":"2019-01-23T16:52:07","modified_gmt":"2019-01-23T16:52:07","slug":"canales-de-radio-y-television-del-estado-tendran-autonomia-para-informar-amlo","status":"publish","type":"post","link":"https:\/\/quehacerpolitico.mx\/?p=15083","title":{"rendered":"Canales de Radio y Televisi\u00f3n del Estado tendr\u00e1n autonom\u00eda para informar: AMLO"},"content":{"rendered":"<h1 class=\"amp-wp-title\">Canales de Radio y Televisi\u00f3n del Estado tendr\u00e1n autonom\u00eda para informar: AMLO<\/h1>\n<p>Por Redacci\u00f3n QP<\/p>\n<p>El Presidente de M\u00e9xico, Andr\u00e9s Manuel L\u00f3pez Obrador, inform\u00f3 que se cambiar\u00e1 el modelo de los medios de informaci\u00f3n a cargo del Estado, para que se conviertan en una verdadera ventana de comunicaci\u00f3n social.<\/p>\n<p>Durante el anuncio y presentaci\u00f3n de los nuevos titulares de los canales de televisi\u00f3n y emisoras de radio, precis\u00f3 que \u00e9stas se van a coordinar para que haya una orientaci\u00f3n editorial que tenga como prop\u00f3sito informar con oportunidad, profesionalismo e independencia.<\/p>\n<p>Fue claro al sostener que el objetivo es que tengan autonom\u00eda a\u00fan siendo canales de comunicaci\u00f3n del Estado. Para ello, nombr\u00f3 al periodista Jenaro Villamil al frente del Sistema P\u00fablico de Radio y Televisi\u00f3n.<\/p>\n<p>Tambi\u00e9n present\u00f3 a los nuevos responsables de esta labor:<\/p>\n<ul>\n<li>Armando Casas dirigir\u00e1 Canal 22<\/li>\n<li>Gabriel Sosa Plata, Radio Educaci\u00f3n<\/li>\n<li>Aleida Calleja, Instituto Mexicano de la Radio (Imer)<\/li>\n<li>Lidia Camacho, Televisi\u00f3n Educativa<\/li>\n<li>Sanjuana Mart\u00ednez, Notimex<\/li>\n<li>Jos\u00e9 Antonio \u00c1lvarez Lima, Canal 11<\/li>\n<li>Fernando Coca, Canal 14.<\/li>\n<\/ul>\n<p>Al respecto Jenaro Villamil indic\u00f3 que esto representa un cambio en la pol\u00edtica de comunicaci\u00f3n del Gobierno.<\/p>\n<blockquote>\n<p>\u201cSe acab\u00f3 la televisi\u00f3n de jodidos hecha para jodidos que no dejar\u00e1n de serlo\u201d, se\u00f1al\u00f3.<\/p>\n<\/blockquote>\n<p>Adem\u00e1s, indic\u00f3 que si hubiera existido una verdadera pol\u00edtica de comunicaci\u00f3n social, se hubiera evitado una tragedia como la de Tlahuelilpan, Hidalgo.<\/p>\n<blockquote>\n<p>\u201cCu\u00e1ntas cosas se hubieran ahorrado en esta tragedia de Hidalgo si los medios hubieran llegado a advertir el peligro del huachicol\u201d, sentenci\u00f3.<\/p>\n<blockquote class=\"twitter-tweet\" data-width=\"550\" data-dnt=\"true\">\n<p lang=\"es\" dir=\"ltr\">\ud83d\udd34 El periodista <a href=\"https:\/\/twitter.com\/jenarovillamil?ref_src=twsrc%5Etfw\">@JenaroVillamil<\/a> ser\u00e1 la cabeza del Sistema P\u00fablico de Radiodifusi\u00f3n en M\u00e9xico.<\/p>\n<p>&#39;Nunca m\u00e1s una televisi\u00f3n para una clase media jodida que no va a salir de jodida&#39;. <a href=\"https:\/\/t.co\/j1CcFXrmGP\">pic.twitter.com\/j1CcFXrmGP<\/a><\/p>\n<p>&mdash; Ruido en la Red (@RuidoEnLaRed) <a href=\"https:\/\/twitter.com\/RuidoEnLaRed\/status\/1088093462807773186?ref_src=twsrc%5Etfw\">January 23, 2019<\/a><\/p><\/blockquote>\n<p><script async src=\"https:\/\/platform.twitter.com\/widgets.js\" charset=\"utf-8\"><\/script><\/p>\n<\/blockquote>\n","protected":false},"excerpt":{"rendered":"<p>Canales de Radio y Televisi\u00f3n del Estado tendr\u00e1n autonom\u00eda para informar: AMLO<br \/>\nPor Redacci\u00f3n QP<\/p>\n","protected":false},"author":2,"featured_media":15082,"comment_status":"open","ping_status":"open","sticky":false,"template":"","format":"standard","meta":{"_monsterinsights_skip_tracking":false,"_monsterinsights_sitenote_active":false,"_monsterinsights_sitenote_note":"","_monsterinsights_sitenote_category":0,"footnotes":""},"categories":[2],"tags":[],"class_list":["post-15083","post","type-post","status-publish","format-standard","has-post-thumbnail","hentry","category-noticias"],"yoast_head":"<!-- This site is optimized with the Yoast SEO plugin v27.3 - https:\/\/yoast.com\/product\/yoast-seo-wordpress\/ -->\n<title>Canales de Radio y Televisi\u00f3n del Estado tendr\u00e1n autonom\u00eda para informar: AMLO -<\/title>\n<meta name=\"robots\" content=\"index, follow, max-snippet:-1, max-image-preview:large, max-video-preview:-1\" \/>\n<link rel=\"canonical\" href=\"https:\/\/quehacerpolitico.mx\/?p=15083\" \/>\n<meta property=\"og:locale\" content=\"es_MX\" \/>\n<meta property=\"og:type\" content=\"article\" \/>\n<meta property=\"og:title\" content=\"Canales de Radio y Televisi\u00f3n del Estado tendr\u00e1n autonom\u00eda para informar: AMLO -\" \/>\n<meta property=\"og:description\" content=\"Canales de Radio y Televisi\u00f3n del Estado tendr\u00e1n autonom\u00eda para informar: AMLO Por Redacci\u00f3n QP\" \/>\n<meta property=\"og:url\" content=\"https:\/\/quehacerpolitico.mx\/?p=15083\" \/>\n<meta property=\"article:published_time\" content=\"2019-01-23T16:52:07+00:00\" \/>\n<meta name=\"author\" content=\"Redacci\u00f3n QP\" \/>\n<meta name=\"twitter:card\" content=\"summary_large_image\" \/>\n<meta name=\"twitter:label1\" content=\"Escrito por\" \/>\n\t<meta name=\"twitter:data1\" content=\"Redacci\u00f3n QP\" \/>\n\t<meta name=\"twitter:label2\" content=\"Tiempo de lectura\" \/>\n\t<meta name=\"twitter:data2\" content=\"1 minuto\" \/>\n<script type=\"application\/ld+json\" class=\"yoast-schema-graph\">{\"@context\":\"https:\\\/\\\/schema.org\",\"@graph\":[{\"@type\":\"Article\",\"@id\":\"https:\\\/\\\/quehacerpolitico.mx\\\/?p=15083#article\",\"isPartOf\":{\"@id\":\"https:\\\/\\\/quehacerpolitico.mx\\\/?p=15083\"},\"author\":{\"name\":\"Redacci\u00f3n QP\",\"@id\":\"https:\\\/\\\/quehacerpolitico.mx\\\/#\\\/schema\\\/person\\\/496d8ad2d1d3f8036101dca7ee39e585\"},\"headline\":\"Canales de Radio y Televisi\u00f3n del Estado tendr\u00e1n autonom\u00eda para informar: AMLO\",\"datePublished\":\"2019-01-23T16:52:07+00:00\",\"mainEntityOfPage\":{\"@id\":\"https:\\\/\\\/quehacerpolitico.mx\\\/?p=15083\"},\"wordCount\":293,\"commentCount\":0,\"image\":{\"@id\":\"https:\\\/\\\/quehacerpolitico.mx\\\/?p=15083#primaryimage\"},\"thumbnailUrl\":\"\",\"articleSection\":[\"Noticias\"],\"inLanguage\":\"es\",\"potentialAction\":[{\"@type\":\"CommentAction\",\"name\":\"Comment\",\"target\":[\"https:\\\/\\\/quehacerpolitico.mx\\\/?p=15083#respond\"]}]},{\"@type\":\"WebPage\",\"@id\":\"https:\\\/\\\/quehacerpolitico.mx\\\/?p=15083\",\"url\":\"https:\\\/\\\/quehacerpolitico.mx\\\/?p=15083\",\"name\":\"Canales de Radio y Televisi\u00f3n del Estado tendr\u00e1n autonom\u00eda para informar: AMLO -\",\"isPartOf\":{\"@id\":\"https:\\\/\\\/quehacerpolitico.mx\\\/#website\"},\"primaryImageOfPage\":{\"@id\":\"https:\\\/\\\/quehacerpolitico.mx\\\/?p=15083#primaryimage\"},\"image\":{\"@id\":\"https:\\\/\\\/quehacerpolitico.mx\\\/?p=15083#primaryimage\"},\"thumbnailUrl\":\"\",\"datePublished\":\"2019-01-23T16:52:07+00:00\",\"author\":{\"@id\":\"https:\\\/\\\/quehacerpolitico.mx\\\/#\\\/schema\\\/person\\\/496d8ad2d1d3f8036101dca7ee39e585\"},\"breadcrumb\":{\"@id\":\"https:\\\/\\\/quehacerpolitico.mx\\\/?p=15083#breadcrumb\"},\"inLanguage\":\"es\",\"potentialAction\":[{\"@type\":\"ReadAction\",\"target\":[\"https:\\\/\\\/quehacerpolitico.mx\\\/?p=15083\"]}]},{\"@type\":\"ImageObject\",\"inLanguage\":\"es\",\"@id\":\"https:\\\/\\\/quehacerpolitico.mx\\\/?p=15083#primaryimage\",\"url\":\"\",\"contentUrl\":\"\"},{\"@type\":\"BreadcrumbList\",\"@id\":\"https:\\\/\\\/quehacerpolitico.mx\\\/?p=15083#breadcrumb\",\"itemListElement\":[{\"@type\":\"ListItem\",\"position\":1,\"name\":\"Inicio\",\"item\":\"https:\\\/\\\/quehacerpolitico.mx\\\/\"},{\"@type\":\"ListItem\",\"position\":2,\"name\":\"Canales de Radio y Televisi\u00f3n del Estado tendr\u00e1n autonom\u00eda para informar: AMLO\"}]},{\"@type\":\"WebSite\",\"@id\":\"https:\\\/\\\/quehacerpolitico.mx\\\/#website\",\"url\":\"https:\\\/\\\/quehacerpolitico.mx\\\/\",\"name\":\"\",\"description\":\"\",\"potentialAction\":[{\"@type\":\"SearchAction\",\"target\":{\"@type\":\"EntryPoint\",\"urlTemplate\":\"https:\\\/\\\/quehacerpolitico.mx\\\/?s={search_term_string}\"},\"query-input\":{\"@type\":\"PropertyValueSpecification\",\"valueRequired\":true,\"valueName\":\"search_term_string\"}}],\"inLanguage\":\"es\"},{\"@type\":\"Person\",\"@id\":\"https:\\\/\\\/quehacerpolitico.mx\\\/#\\\/schema\\\/person\\\/496d8ad2d1d3f8036101dca7ee39e585\",\"name\":\"Redacci\u00f3n QP\",\"image\":{\"@type\":\"ImageObject\",\"inLanguage\":\"es\",\"@id\":\"https:\\\/\\\/secure.gravatar.com\\\/avatar\\\/c7164ed6fdec453195284ad24a5ae5b6e1eed2b848477fa2a4787ba9adf39a41?s=96&d=mm&r=g\",\"url\":\"https:\\\/\\\/secure.gravatar.com\\\/avatar\\\/c7164ed6fdec453195284ad24a5ae5b6e1eed2b848477fa2a4787ba9adf39a41?s=96&d=mm&r=g\",\"contentUrl\":\"https:\\\/\\\/secure.gravatar.com\\\/avatar\\\/c7164ed6fdec453195284ad24a5ae5b6e1eed2b848477fa2a4787ba9adf39a41?s=96&d=mm&r=g\",\"caption\":\"Redacci\u00f3n QP\"},\"url\":\"https:\\\/\\\/quehacerpolitico.mx\\\/?author=2\"}]}<\/script>\n<!-- \/ Yoast SEO plugin. -->","yoast_head_json":{"title":"Canales de Radio y Televisi\u00f3n del Estado tendr\u00e1n autonom\u00eda para informar: AMLO -","robots":{"index":"index","follow":"follow","max-snippet":"max-snippet:-1","max-image-preview":"max-image-preview:large","max-video-preview":"max-video-preview:-1"},"canonical":"https:\/\/quehacerpolitico.mx\/?p=15083","og_locale":"es_MX","og_type":"article","og_title":"Canales de Radio y Televisi\u00f3n del Estado tendr\u00e1n autonom\u00eda para informar: AMLO -","og_description":"Canales de Radio y Televisi\u00f3n del Estado tendr\u00e1n autonom\u00eda para informar: AMLO Por Redacci\u00f3n QP","og_url":"https:\/\/quehacerpolitico.mx\/?p=15083","article_published_time":"2019-01-23T16:52:07+00:00","author":"Redacci\u00f3n QP","twitter_card":"summary_large_image","twitter_misc":{"Escrito por":"Redacci\u00f3n QP","Tiempo de lectura":"1 minuto"},"schema":{"@context":"https:\/\/schema.org","@graph":[{"@type":"Article","@id":"https:\/\/quehacerpolitico.mx\/?p=15083#article","isPartOf":{"@id":"https:\/\/quehacerpolitico.mx\/?p=15083"},"author":{"name":"Redacci\u00f3n QP","@id":"https:\/\/quehacerpolitico.mx\/#\/schema\/person\/496d8ad2d1d3f8036101dca7ee39e585"},"headline":"Canales de Radio y Televisi\u00f3n del Estado tendr\u00e1n autonom\u00eda para informar: AMLO","datePublished":"2019-01-23T16:52:07+00:00","mainEntityOfPage":{"@id":"https:\/\/quehacerpolitico.mx\/?p=15083"},"wordCount":293,"commentCount":0,"image":{"@id":"https:\/\/quehacerpolitico.mx\/?p=15083#primaryimage"},"thumbnailUrl":"","articleSection":["Noticias"],"inLanguage":"es","potentialAction":[{"@type":"CommentAction","name":"Comment","target":["https:\/\/quehacerpolitico.mx\/?p=15083#respond"]}]},{"@type":"WebPage","@id":"https:\/\/quehacerpolitico.mx\/?p=15083","url":"https:\/\/quehacerpolitico.mx\/?p=15083","name":"Canales de Radio y Televisi\u00f3n del Estado tendr\u00e1n autonom\u00eda para informar: AMLO -","isPartOf":{"@id":"https:\/\/quehacerpolitico.mx\/#website"},"primaryImageOfPage":{"@id":"https:\/\/quehacerpolitico.mx\/?p=15083#primaryimage"},"image":{"@id":"https:\/\/quehacerpolitico.mx\/?p=15083#primaryimage"},"thumbnailUrl":"","datePublished":"2019-01-23T16:52:07+00:00","author":{"@id":"https:\/\/quehacerpolitico.mx\/#\/schema\/person\/496d8ad2d1d3f8036101dca7ee39e585"},"breadcrumb":{"@id":"https:\/\/quehacerpolitico.mx\/?p=15083#breadcrumb"},"inLanguage":"es","potentialAction":[{"@type":"ReadAction","target":["https:\/\/quehacerpolitico.mx\/?p=15083"]}]},{"@type":"ImageObject","inLanguage":"es","@id":"https:\/\/quehacerpolitico.mx\/?p=15083#primaryimage","url":"","contentUrl":""},{"@type":"BreadcrumbList","@id":"https:\/\/quehacerpolitico.mx\/?p=15083#breadcrumb","itemListElement":[{"@type":"ListItem","position":1,"name":"Inicio","item":"https:\/\/quehacerpolitico.mx\/"},{"@type":"ListItem","position":2,"name":"Canales de Radio y Televisi\u00f3n del Estado tendr\u00e1n autonom\u00eda para informar: AMLO"}]},{"@type":"WebSite","@id":"https:\/\/quehacerpolitico.mx\/#website","url":"https:\/\/quehacerpolitico.mx\/","name":"","description":"","potentialAction":[{"@type":"SearchAction","target":{"@type":"EntryPoint","urlTemplate":"https:\/\/quehacerpolitico.mx\/?s={search_term_string}"},"query-input":{"@type":"PropertyValueSpecification","valueRequired":true,"valueName":"search_term_string"}}],"inLanguage":"es"},{"@type":"Person","@id":"https:\/\/quehacerpolitico.mx\/#\/schema\/person\/496d8ad2d1d3f8036101dca7ee39e585","name":"Redacci\u00f3n QP","image":{"@type":"ImageObject","inLanguage":"es","@id":"https:\/\/secure.gravatar.com\/avatar\/c7164ed6fdec453195284ad24a5ae5b6e1eed2b848477fa2a4787ba9adf39a41?s=96&d=mm&r=g","url":"https:\/\/secure.gravatar.com\/avatar\/c7164ed6fdec453195284ad24a5ae5b6e1eed2b848477fa2a4787ba9adf39a41?s=96&d=mm&r=g","contentUrl":"https:\/\/secure.gravatar.com\/avatar\/c7164ed6fdec453195284ad24a5ae5b6e1eed2b848477fa2a4787ba9adf39a41?s=96&d=mm&r=g","caption":"Redacci\u00f3n QP"},"url":"https:\/\/quehacerpolitico.mx\/?author=2"}]}},"featured_image_urls":{"full":"","thumbnail":"","medium":"","medium_large":"","large":"","1536x1536":"","2048x2048":"","covernews-featured":"","covernews-medium":""},"author_info":{"display_name":"Redacci\u00f3n QP","author_link":"https:\/\/quehacerpolitico.mx\/?author=2"},"category_info":"<a href=\"https:\/\/quehacerpolitico.mx\/?cat=2\" rel=\"category\">Noticias<\/a>","tag_info":"Noticias","comment_count":"0","_links":{"self":[{"href":"https:\/\/quehacerpolitico.mx\/index.php?rest_route=\/wp\/v2\/posts\/15083","targetHints":{"allow":["GET"]}}],"collection":[{"href":"https:\/\/quehacerpolitico.mx\/index.php?rest_route=\/wp\/v2\/posts"}],"about":[{"href":"https:\/\/quehacerpolitico.mx\/index.php?rest_route=\/wp\/v2\/types\/post"}],"author":[{"embeddable":true,"href":"https:\/\/quehacerpolitico.mx\/index.php?rest_route=\/wp\/v2\/users\/2"}],"replies":[{"embeddable":true,"href":"https:\/\/quehacerpolitico.mx\/index.php?rest_route=%2Fwp%2Fv2%2Fcomments&post=15083"}],"version-history":[{"count":0,"href":"https:\/\/quehacerpolitico.mx\/index.php?rest_route=\/wp\/v2\/posts\/15083\/revisions"}],"wp:featuredmedia":[{"embeddable":true,"href":"https:\/\/quehacerpolitico.mx\/index.php?rest_route=\/"}],"wp:attachment":[{"href":"https:\/\/quehacerpolitico.mx\/index.php?rest_route=%2Fwp%2Fv2%2Fmedia&parent=15083"}],"wp:term":[{"taxonomy":"category","embeddable":true,"href":"https:\/\/quehacerpolitico.mx\/index.php?rest_route=%2Fwp%2Fv2%2Fcategories&post=15083"},{"taxonomy":"post_tag","embeddable":true,"href":"https:\/\/quehacerpolitico.mx\/index.php?rest_route=%2Fwp%2Fv2%2Ftags&post=15083"}],"curies":[{"name":"wp","href":"https:\/\/api.w.org\/{rel}","templated":true}]}}