{"id":15079,"date":"2019-01-23T16:36:41","date_gmt":"2019-01-23T16:36:41","guid":{"rendered":"http:\/\/quehacerpolitico.mx\/si-hay-involucrados-en-la-estafa-maestra-no-pueden-trabajar-en-este-gobierno-amlo\/"},"modified":"2019-01-23T16:36:41","modified_gmt":"2019-01-23T16:36:41","slug":"si-hay-involucrados-en-la-estafa-maestra-no-pueden-trabajar-en-este-gobierno-amlo","status":"publish","type":"post","link":"https:\/\/quehacerpolitico.mx\/?p=15079","title":{"rendered":"Si hay involucrados en la \u2018Estafa Maestra\u2019 no pueden trabajar en este Gobierno: AMLO"},"content":{"rendered":"<h1 class=\"amp-wp-title\">Si hay involucrados en la \u2018Estafa Maestra\u2019 no pueden trabajar en este Gobierno: AMLO<\/h1>\n<p>Por Redacci\u00f3n QP<\/p>\n<p>El presidente de M\u00e9xico, <strong>Andr\u00e9s Manuel L\u00f3pez Obrador,<\/strong> anunci\u00f3 que continuar\u00e1n con las investigaciones en el caso de la <strong>\u2018Estafa Maestra\u2019<\/strong> y quienes resulten involucrados no podr\u00e1n trabajar en su Gobierno.<\/p>\n<blockquote>\n<p><span class=\"amp-wp-inline-f62a86b1328cd4134bec55ddf6de989a\">\u201cSi hay trabajadores de Pemex involucrados en la \u2018E<\/span>stafa Maestra<span class=\"amp-wp-inline-f62a86b1328cd4134bec55ddf6de989a\">\u2018 no pueden trabajar en este Gobierno\u201d<\/span><\/p>\n<\/blockquote>\n<p>El mandatario detall\u00f3 que en caso de que contrataran a los <strong>acusados<\/strong> \u201caunque sea s\u00f3lo un se\u00f1alamiento\u201d, deber\u00e1n de ser <strong>removidos<\/strong> de sus cargos.<\/p>\n<blockquote>\n<p>\u201cNo habr\u00e1 mucho problema porque yo creo que a\u00fan no se les ha entregado su nombramiento\u201d.<\/p>\n<\/blockquote>\n<p>De acuerdo con medios, los t<span class=\"amp-wp-inline-f62a86b1328cd4134bec55ddf6de989a\">res funcionarios de Petr\u00f3leos Mexicanos <strong>(Pemex)<\/strong> que firmaron seis convenios con universidades p\u00fablicas del sureste del pa\u00eds, por <strong>348 millones de pesos<\/strong> y ocupan cargos directivos de Pemex en la actual administraci\u00f3n del presidente L\u00f3pez Obrador son:<\/span><\/p>\n<ul>\n<li><span class=\"amp-wp-inline-f62a86b1328cd4134bec55ddf6de989a\">Miguel \u00c1ngel Lozada Aguilar, nombrado <strong>director<\/strong> de Pemex Producci\u00f3n y Exploraci\u00f3n (Pemex-PEP)<\/span><\/li>\n<li>H\u00e9ctor Salvador Salgado Castro, actual <strong>subdirector<\/strong> de Coordinaci\u00f3n Operativa y Comercial de Pemex-PEP<\/li>\n<li>Luis Galv\u00e1n Arcos, <strong>gerente<\/strong> de Operaci\u00f3n y Control Financiero, Procesos Industriales y Log\u00edstica<\/li>\n<\/ul>\n<p>L\u00f3pez Obrador tambi\u00e9n mencion\u00f3\u00a0 que la autoridad competente ser\u00e1 la encargada de la <strong>investigaci\u00f3n<\/strong>, que seguramente existe una <strong>abierta<\/strong> en la Fiscal\u00eda y en caso de que no se est\u00e9 realizando, el mismo ayudar\u00e1 a denunciar que no se est\u00e1 atendiendo el caso.<\/p>\n<blockquote class=\"twitter-tweet\" data-width=\"550\" data-dnt=\"true\">\n<p lang=\"es\" dir=\"ltr\">\u26a1\u00bfQu\u00e9 va a pasar con los 3 funcionarios que <a href=\"https:\/\/twitter.com\/Pajaropolitico?ref_src=twsrc%5Etfw\">@Pajaropolitico<\/a> revel\u00f3 que fueron contratados por <a href=\"https:\/\/twitter.com\/Pemex?ref_src=twsrc%5Etfw\">@Pemex<\/a> a\u00fan cuando est\u00e1n relacionados con <a href=\"https:\/\/twitter.com\/hashtag\/LaEstafaMaestra?src=hash&amp;ref_src=twsrc%5Etfw\">#LaEstafaMaestra<\/a>?\u26a1<\/p>\n<p>Esto le respondi\u00f3 el Presidente <a href=\"https:\/\/twitter.com\/lopezobrador_?ref_src=twsrc%5Etfw\">@Lopezobrador_<\/a> a la periodista <a href=\"https:\/\/twitter.com\/nayaroldan?ref_src=twsrc%5Etfw\">@nayaroldan<\/a> \ud83d\udc47 <a href=\"https:\/\/t.co\/i3lpn3h77k\">pic.twitter.com\/i3lpn3h77k<\/a><\/p>\n<p>&mdash; Ruido en la Red (@RuidoEnLaRed) <a href=\"https:\/\/twitter.com\/RuidoEnLaRed\/status\/1088098563748388864?ref_src=twsrc%5Etfw\">January 23, 2019<\/a><\/p><\/blockquote>\n<p><script async src=\"https:\/\/platform.twitter.com\/widgets.js\" charset=\"utf-8\"><\/script><\/p>\n","protected":false},"excerpt":{"rendered":"<p>Si hay involucrados en la \u2018Estafa Maestra\u2019 no pueden trabajar en este Gobierno: AMLO<br \/>\nPor Redacci\u00f3n QP<\/p>\n","protected":false},"author":2,"featured_media":15078,"comment_status":"open","ping_status":"open","sticky":false,"template":"","format":"standard","meta":{"_monsterinsights_skip_tracking":false,"_monsterinsights_sitenote_active":false,"_monsterinsights_sitenote_note":"","_monsterinsights_sitenote_category":0,"footnotes":""},"categories":[2],"tags":[],"class_list":["post-15079","post","type-post","status-publish","format-standard","has-post-thumbnail","hentry","category-noticias"],"yoast_head":"<!-- This site is optimized with the Yoast SEO plugin v27.3 - https:\/\/yoast.com\/product\/yoast-seo-wordpress\/ -->\n<title>Si hay involucrados en la \u2018Estafa Maestra\u2019 no pueden trabajar en este Gobierno: AMLO -<\/title>\n<meta name=\"robots\" content=\"index, follow, max-snippet:-1, max-image-preview:large, max-video-preview:-1\" \/>\n<link rel=\"canonical\" href=\"https:\/\/quehacerpolitico.mx\/?p=15079\" \/>\n<meta property=\"og:locale\" content=\"es_MX\" \/>\n<meta property=\"og:type\" content=\"article\" \/>\n<meta property=\"og:title\" content=\"Si hay involucrados en la \u2018Estafa Maestra\u2019 no pueden trabajar en este Gobierno: AMLO -\" \/>\n<meta property=\"og:description\" content=\"Si hay involucrados en la \u2018Estafa Maestra\u2019 no pueden trabajar en este Gobierno: AMLO Por Redacci\u00f3n QP\" \/>\n<meta property=\"og:url\" content=\"https:\/\/quehacerpolitico.mx\/?p=15079\" \/>\n<meta property=\"article:published_time\" content=\"2019-01-23T16:36:41+00:00\" \/>\n<meta name=\"author\" content=\"Redacci\u00f3n QP\" \/>\n<meta name=\"twitter:card\" content=\"summary_large_image\" \/>\n<meta name=\"twitter:label1\" content=\"Escrito por\" \/>\n\t<meta name=\"twitter:data1\" content=\"Redacci\u00f3n QP\" \/>\n\t<meta name=\"twitter:label2\" content=\"Tiempo de lectura\" \/>\n\t<meta name=\"twitter:data2\" content=\"1 minuto\" \/>\n<script type=\"application\/ld+json\" class=\"yoast-schema-graph\">{\"@context\":\"https:\\\/\\\/schema.org\",\"@graph\":[{\"@type\":\"Article\",\"@id\":\"https:\\\/\\\/quehacerpolitico.mx\\\/?p=15079#article\",\"isPartOf\":{\"@id\":\"https:\\\/\\\/quehacerpolitico.mx\\\/?p=15079\"},\"author\":{\"name\":\"Redacci\u00f3n QP\",\"@id\":\"https:\\\/\\\/quehacerpolitico.mx\\\/#\\\/schema\\\/person\\\/496d8ad2d1d3f8036101dca7ee39e585\"},\"headline\":\"Si hay involucrados en la \u2018Estafa Maestra\u2019 no pueden trabajar en este Gobierno: AMLO\",\"datePublished\":\"2019-01-23T16:36:41+00:00\",\"mainEntityOfPage\":{\"@id\":\"https:\\\/\\\/quehacerpolitico.mx\\\/?p=15079\"},\"wordCount\":272,\"commentCount\":0,\"image\":{\"@id\":\"https:\\\/\\\/quehacerpolitico.mx\\\/?p=15079#primaryimage\"},\"thumbnailUrl\":\"\",\"articleSection\":[\"Noticias\"],\"inLanguage\":\"es\",\"potentialAction\":[{\"@type\":\"CommentAction\",\"name\":\"Comment\",\"target\":[\"https:\\\/\\\/quehacerpolitico.mx\\\/?p=15079#respond\"]}]},{\"@type\":\"WebPage\",\"@id\":\"https:\\\/\\\/quehacerpolitico.mx\\\/?p=15079\",\"url\":\"https:\\\/\\\/quehacerpolitico.mx\\\/?p=15079\",\"name\":\"Si hay involucrados en la \u2018Estafa Maestra\u2019 no pueden trabajar en este Gobierno: AMLO -\",\"isPartOf\":{\"@id\":\"https:\\\/\\\/quehacerpolitico.mx\\\/#website\"},\"primaryImageOfPage\":{\"@id\":\"https:\\\/\\\/quehacerpolitico.mx\\\/?p=15079#primaryimage\"},\"image\":{\"@id\":\"https:\\\/\\\/quehacerpolitico.mx\\\/?p=15079#primaryimage\"},\"thumbnailUrl\":\"\",\"datePublished\":\"2019-01-23T16:36:41+00:00\",\"author\":{\"@id\":\"https:\\\/\\\/quehacerpolitico.mx\\\/#\\\/schema\\\/person\\\/496d8ad2d1d3f8036101dca7ee39e585\"},\"breadcrumb\":{\"@id\":\"https:\\\/\\\/quehacerpolitico.mx\\\/?p=15079#breadcrumb\"},\"inLanguage\":\"es\",\"potentialAction\":[{\"@type\":\"ReadAction\",\"target\":[\"https:\\\/\\\/quehacerpolitico.mx\\\/?p=15079\"]}]},{\"@type\":\"ImageObject\",\"inLanguage\":\"es\",\"@id\":\"https:\\\/\\\/quehacerpolitico.mx\\\/?p=15079#primaryimage\",\"url\":\"\",\"contentUrl\":\"\"},{\"@type\":\"BreadcrumbList\",\"@id\":\"https:\\\/\\\/quehacerpolitico.mx\\\/?p=15079#breadcrumb\",\"itemListElement\":[{\"@type\":\"ListItem\",\"position\":1,\"name\":\"Inicio\",\"item\":\"https:\\\/\\\/quehacerpolitico.mx\\\/\"},{\"@type\":\"ListItem\",\"position\":2,\"name\":\"Si hay involucrados en la \u2018Estafa Maestra\u2019 no pueden trabajar en este Gobierno: AMLO\"}]},{\"@type\":\"WebSite\",\"@id\":\"https:\\\/\\\/quehacerpolitico.mx\\\/#website\",\"url\":\"https:\\\/\\\/quehacerpolitico.mx\\\/\",\"name\":\"\",\"description\":\"\",\"potentialAction\":[{\"@type\":\"SearchAction\",\"target\":{\"@type\":\"EntryPoint\",\"urlTemplate\":\"https:\\\/\\\/quehacerpolitico.mx\\\/?s={search_term_string}\"},\"query-input\":{\"@type\":\"PropertyValueSpecification\",\"valueRequired\":true,\"valueName\":\"search_term_string\"}}],\"inLanguage\":\"es\"},{\"@type\":\"Person\",\"@id\":\"https:\\\/\\\/quehacerpolitico.mx\\\/#\\\/schema\\\/person\\\/496d8ad2d1d3f8036101dca7ee39e585\",\"name\":\"Redacci\u00f3n QP\",\"image\":{\"@type\":\"ImageObject\",\"inLanguage\":\"es\",\"@id\":\"https:\\\/\\\/secure.gravatar.com\\\/avatar\\\/c7164ed6fdec453195284ad24a5ae5b6e1eed2b848477fa2a4787ba9adf39a41?s=96&d=mm&r=g\",\"url\":\"https:\\\/\\\/secure.gravatar.com\\\/avatar\\\/c7164ed6fdec453195284ad24a5ae5b6e1eed2b848477fa2a4787ba9adf39a41?s=96&d=mm&r=g\",\"contentUrl\":\"https:\\\/\\\/secure.gravatar.com\\\/avatar\\\/c7164ed6fdec453195284ad24a5ae5b6e1eed2b848477fa2a4787ba9adf39a41?s=96&d=mm&r=g\",\"caption\":\"Redacci\u00f3n QP\"},\"url\":\"https:\\\/\\\/quehacerpolitico.mx\\\/?author=2\"}]}<\/script>\n<!-- \/ Yoast SEO plugin. -->","yoast_head_json":{"title":"Si hay involucrados en la \u2018Estafa Maestra\u2019 no pueden trabajar en este Gobierno: AMLO -","robots":{"index":"index","follow":"follow","max-snippet":"max-snippet:-1","max-image-preview":"max-image-preview:large","max-video-preview":"max-video-preview:-1"},"canonical":"https:\/\/quehacerpolitico.mx\/?p=15079","og_locale":"es_MX","og_type":"article","og_title":"Si hay involucrados en la \u2018Estafa Maestra\u2019 no pueden trabajar en este Gobierno: AMLO -","og_description":"Si hay involucrados en la \u2018Estafa Maestra\u2019 no pueden trabajar en este Gobierno: AMLO Por Redacci\u00f3n QP","og_url":"https:\/\/quehacerpolitico.mx\/?p=15079","article_published_time":"2019-01-23T16:36:41+00:00","author":"Redacci\u00f3n QP","twitter_card":"summary_large_image","twitter_misc":{"Escrito por":"Redacci\u00f3n QP","Tiempo de lectura":"1 minuto"},"schema":{"@context":"https:\/\/schema.org","@graph":[{"@type":"Article","@id":"https:\/\/quehacerpolitico.mx\/?p=15079#article","isPartOf":{"@id":"https:\/\/quehacerpolitico.mx\/?p=15079"},"author":{"name":"Redacci\u00f3n QP","@id":"https:\/\/quehacerpolitico.mx\/#\/schema\/person\/496d8ad2d1d3f8036101dca7ee39e585"},"headline":"Si hay involucrados en la \u2018Estafa Maestra\u2019 no pueden trabajar en este Gobierno: AMLO","datePublished":"2019-01-23T16:36:41+00:00","mainEntityOfPage":{"@id":"https:\/\/quehacerpolitico.mx\/?p=15079"},"wordCount":272,"commentCount":0,"image":{"@id":"https:\/\/quehacerpolitico.mx\/?p=15079#primaryimage"},"thumbnailUrl":"","articleSection":["Noticias"],"inLanguage":"es","potentialAction":[{"@type":"CommentAction","name":"Comment","target":["https:\/\/quehacerpolitico.mx\/?p=15079#respond"]}]},{"@type":"WebPage","@id":"https:\/\/quehacerpolitico.mx\/?p=15079","url":"https:\/\/quehacerpolitico.mx\/?p=15079","name":"Si hay involucrados en la \u2018Estafa Maestra\u2019 no pueden trabajar en este Gobierno: AMLO -","isPartOf":{"@id":"https:\/\/quehacerpolitico.mx\/#website"},"primaryImageOfPage":{"@id":"https:\/\/quehacerpolitico.mx\/?p=15079#primaryimage"},"image":{"@id":"https:\/\/quehacerpolitico.mx\/?p=15079#primaryimage"},"thumbnailUrl":"","datePublished":"2019-01-23T16:36:41+00:00","author":{"@id":"https:\/\/quehacerpolitico.mx\/#\/schema\/person\/496d8ad2d1d3f8036101dca7ee39e585"},"breadcrumb":{"@id":"https:\/\/quehacerpolitico.mx\/?p=15079#breadcrumb"},"inLanguage":"es","potentialAction":[{"@type":"ReadAction","target":["https:\/\/quehacerpolitico.mx\/?p=15079"]}]},{"@type":"ImageObject","inLanguage":"es","@id":"https:\/\/quehacerpolitico.mx\/?p=15079#primaryimage","url":"","contentUrl":""},{"@type":"BreadcrumbList","@id":"https:\/\/quehacerpolitico.mx\/?p=15079#breadcrumb","itemListElement":[{"@type":"ListItem","position":1,"name":"Inicio","item":"https:\/\/quehacerpolitico.mx\/"},{"@type":"ListItem","position":2,"name":"Si hay involucrados en la \u2018Estafa Maestra\u2019 no pueden trabajar en este Gobierno: AMLO"}]},{"@type":"WebSite","@id":"https:\/\/quehacerpolitico.mx\/#website","url":"https:\/\/quehacerpolitico.mx\/","name":"","description":"","potentialAction":[{"@type":"SearchAction","target":{"@type":"EntryPoint","urlTemplate":"https:\/\/quehacerpolitico.mx\/?s={search_term_string}"},"query-input":{"@type":"PropertyValueSpecification","valueRequired":true,"valueName":"search_term_string"}}],"inLanguage":"es"},{"@type":"Person","@id":"https:\/\/quehacerpolitico.mx\/#\/schema\/person\/496d8ad2d1d3f8036101dca7ee39e585","name":"Redacci\u00f3n QP","image":{"@type":"ImageObject","inLanguage":"es","@id":"https:\/\/secure.gravatar.com\/avatar\/c7164ed6fdec453195284ad24a5ae5b6e1eed2b848477fa2a4787ba9adf39a41?s=96&d=mm&r=g","url":"https:\/\/secure.gravatar.com\/avatar\/c7164ed6fdec453195284ad24a5ae5b6e1eed2b848477fa2a4787ba9adf39a41?s=96&d=mm&r=g","contentUrl":"https:\/\/secure.gravatar.com\/avatar\/c7164ed6fdec453195284ad24a5ae5b6e1eed2b848477fa2a4787ba9adf39a41?s=96&d=mm&r=g","caption":"Redacci\u00f3n QP"},"url":"https:\/\/quehacerpolitico.mx\/?author=2"}]}},"featured_image_urls":{"full":"","thumbnail":"","medium":"","medium_large":"","large":"","1536x1536":"","2048x2048":"","covernews-featured":"","covernews-medium":""},"author_info":{"display_name":"Redacci\u00f3n QP","author_link":"https:\/\/quehacerpolitico.mx\/?author=2"},"category_info":"<a href=\"https:\/\/quehacerpolitico.mx\/?cat=2\" rel=\"category\">Noticias<\/a>","tag_info":"Noticias","comment_count":"0","_links":{"self":[{"href":"https:\/\/quehacerpolitico.mx\/index.php?rest_route=\/wp\/v2\/posts\/15079","targetHints":{"allow":["GET"]}}],"collection":[{"href":"https:\/\/quehacerpolitico.mx\/index.php?rest_route=\/wp\/v2\/posts"}],"about":[{"href":"https:\/\/quehacerpolitico.mx\/index.php?rest_route=\/wp\/v2\/types\/post"}],"author":[{"embeddable":true,"href":"https:\/\/quehacerpolitico.mx\/index.php?rest_route=\/wp\/v2\/users\/2"}],"replies":[{"embeddable":true,"href":"https:\/\/quehacerpolitico.mx\/index.php?rest_route=%2Fwp%2Fv2%2Fcomments&post=15079"}],"version-history":[{"count":0,"href":"https:\/\/quehacerpolitico.mx\/index.php?rest_route=\/wp\/v2\/posts\/15079\/revisions"}],"wp:featuredmedia":[{"embeddable":true,"href":"https:\/\/quehacerpolitico.mx\/index.php?rest_route=\/"}],"wp:attachment":[{"href":"https:\/\/quehacerpolitico.mx\/index.php?rest_route=%2Fwp%2Fv2%2Fmedia&parent=15079"}],"wp:term":[{"taxonomy":"category","embeddable":true,"href":"https:\/\/quehacerpolitico.mx\/index.php?rest_route=%2Fwp%2Fv2%2Fcategories&post=15079"},{"taxonomy":"post_tag","embeddable":true,"href":"https:\/\/quehacerpolitico.mx\/index.php?rest_route=%2Fwp%2Fv2%2Ftags&post=15079"}],"curies":[{"name":"wp","href":"https:\/\/api.w.org\/{rel}","templated":true}]}}