{"id":15065,"date":"2019-01-23T14:09:53","date_gmt":"2019-01-23T14:09:53","guid":{"rendered":"http:\/\/quehacerpolitico.mx\/amlo-integra-equipo-para-medios-publicos\/"},"modified":"2019-01-23T14:09:53","modified_gmt":"2019-01-23T14:09:53","slug":"amlo-integra-equipo-para-medios-publicos","status":"publish","type":"post","link":"https:\/\/quehacerpolitico.mx\/?p=15065","title":{"rendered":"AMLO integra equipo para medios p\u00fablicos"},"content":{"rendered":"<p>AMLO integra equipo para medios p\u00fablicos<\/p>\n<p>Por Redacci\u00f3n QP<\/p>\n<p>El Presidente Andr\u00e9s Manuel L\u00f3pez Obrador\u00a0dio a conocer este d\u00eda la integraci\u00f3n de todos los medios p\u00fablicos. El Sistema de Radio y Televisi\u00f3n estaba ac\u00e9falo. Ahora quedar\u00e1n integrados y bajo nueva conducci\u00f3n.<\/p>\n<p>El Jefe del Ejecutivo se comprometi\u00f3 a dar autonom\u00eda a los medios de comunicaci\u00f3n que van a formar el sistema de radio y televisi\u00f3n p\u00fablica que hoy se anuncia. Dijo que se trata de una ordenamiento de lo que ya se tiene para mejorar la informaci\u00f3n que se da a los ciudadanos.<\/p>\n<p>Dijo que el punto de partida de estos cambios es la renuncia que present\u00f3 el director responsable del Sistema P\u00fablico de Radio y Televisi\u00f3n, Armando Carrillo. Y anunci\u00f3 a sus propuestas para encabezar los diferentes canales de informaci\u00f3n del Gobierno:<\/p>\n<p>Precis\u00f3 que ante la renuncia de Carrillo propondr\u00e1 a<strong> Jenaro Villamil<\/strong>. \u201c\u00c9l va a coordinar el sistema de radio y televisi\u00f3n\u201d.<\/p>\n<p>Para el Canal 22 propuso a <strong>Armando Casas<\/strong>.<\/p>\n<p>Para Radio Educaci\u00f3n, <strong>Gabriel Sosa Plata<\/strong>.<\/p>\n<p>Para el IMER, a<strong> Aleyda Calleja<\/strong>.<\/p>\n<p>Direcci\u00f3n General de Televisi\u00f3n Educativa, <strong>Lidia Camacho<\/strong>.<\/p>\n<p>Notimex, a <strong>Sanjuana Mart\u00ednez<\/strong><\/p>\n<p>RTC, a <strong>Rodolfo Gonz\u00e1lez<\/strong>.<\/p>\n<p>Canal 11, al Senador <strong>Jos\u00e9 Antonio \u00c1lvarez Lima.<\/strong><\/p>\n<p>Canal 14, a <strong>Fernando Coca<\/strong>.<\/p>\n<p>\u201cEste es el equipo del Sistema P\u00fablico de Radio y Televisi\u00f3n\u201d, dijo.<\/p>\n<p>\u201cNo es algo nuevo, se trata nada m\u00e1s de coordinar toda la acci\u00f3n. El IMER tiene su pol\u00edtica informativa; el Canal 22, lo mismo; <em>Notimex<\/em>, igual\u201d, dijo. El Presidente indic\u00f3 que se \u201ctiene como prop\u00f3sito armonizar y coordinar todos los medios del Estado\u201d.<\/p>\n<blockquote>\n<p>\u201c\u00bfQu\u00e9 sucede se tienen canales de televisi\u00f3n, una agencia de noticias del Estado? Pero no hay una pol\u00edtica de Estado en lo relacionado con la comunicaci\u00f3n social, que garantice el derecho a la informaci\u00f3n. Se va a crear este sistema, se va a coordinar todos los medios para que haya una orientaci\u00f3n editorial que tenga como prop\u00f3sito informar con objetividad, con profesionalismo, con independencia, a\u00fan siendo estaciones de radio, canales de televisi\u00f3n del Estado, no va a haber injerencia en la informaci\u00f3n\u201d, precis\u00f3.<\/p>\n<\/blockquote>\n<p>\u201cSe tienen muchas estaciones de radio, canales de televisi\u00f3n, incluso una agencia; pero no hay una pol\u00edtica de Estado\u201d. Dijo que se va a integrar para que informe con profesionalismo en independencia. \u201cNo va a haber injerencia. Van a tener absoluta autonom\u00eda. De ninguna manera es contrarrestar o afectar o competir con el sistema de concesiones establecido para estaciones de radio y canales de televisi\u00f3n. Es ordenar lo que ya se tiene para informar mejor al p\u00fablico, a los ciudadanos. Que no se vaya a ver como una acci\u00f3n contra los medios privados o concesionados\u201d, dijo.<\/p>\n<p>Jenaro Villamil, propuesto para encabezar el Sistema P\u00fablico de Radiodifusi\u00f3n del Estado Mexicano, indic\u00f3 que la idea es crear una armon\u00eda realmente entre los medios p\u00fablicos del Estado mexicano.<\/p>\n<blockquote>\n<p>\u201cSe trata de que sean realmente medios p\u00fablicos. No hay nada m\u00e1s publico que lo que lleve y llegue al pueblo y a la ciudadan\u00eda.Son medios de la ciudadan\u00eda del pueblo, no son medios del Gobierno. No tienen porque ser medios que imiten el modelo comercial, son medios p\u00fablicos que van a defender y ejercer el derecho de la ciudadan\u00eda a estar informado, el derecho a tener informaci\u00f3n de calidad\u201d, dijo.<\/p>\n<\/blockquote>\n<p>\u201cCu\u00e1ntas cosas se hubieran ahorrado en esta tragedia de Hidalgo si los medios p\u00fablicos realmente hubieran llegado a las comunidades a trav\u00e9s de radios comunitarias, a trav\u00e9s de estaciones de televisi\u00f3n para advertirles los riesgos del huachicol\u201d, a\u00f1adi\u00f3. Coment\u00f3 que si los medios p\u00fablicos llegaran a las comunidades. Cada medio, dijo, tiene su autonom\u00eda, historia y su perfil. Dijo que se buscar\u00e1 una coordinaci\u00f3n entre todos los medios que respete el derecho de las audiencias.<\/p>\n<p>\u201cYa no m\u00e1s una televisi\u00f3n para una clase media jodida, que no va a salir de jodida, como dijo un cl\u00e1sico\u201d, asever\u00f3.<\/p>\n<p><strong>\u201cPOQUITO PORQUE ES BENDITO\u201d<\/strong><\/p>\n<p>El Presidente L\u00f3pez Obrador ratific\u00f3 que bajar\u00e1 la inversi\u00f3n en medios. \u201cPoquito porque es bendito\u201d, dijo. Asegur\u00f3 que se acab\u00f3 el \u201cchayote\u201d a los medios de comunicaci\u00f3n y que el recurso de publicidad del Gobierno se usar\u00e1 de forma transparente y de distribuir\u00e1 de acuerdo a varios factores, como la independencia de los medios. \u201cSe termina la subvenci\u00f3n, ya no va a haber el llamado \u2018chayote\u2019, se acaba el soborno a medios y a periodistas\u201d, asegur\u00f3.<\/p>\n<blockquote>\n<p>\u201cVamos a transparentar lo que tiene que ver con la publicidad del Gobierno, que autorizaron 4 mil millones de pesos, significa la mitad de lo ejercido el a\u00f1o pasado\u201d, dijo. Record\u00f3 que ese fue un compromiso de campa\u00f1a y se est\u00e1 cumpliendo. \u201cEse dinero se va a utilizar para la publicidad del Gobierno y se va a transparentar, para que todos sepan c\u00f3mo se est\u00e1 distribuyendo, con qu\u00e9 criterios\u201d, asegur\u00f3 y precis\u00f3 que tendr\u00e1 que ver con el alcance de los medios, su independencia \u201cque sean medios aut\u00f3nomos, independientes\u201d.<\/p>\n<\/blockquote>\n<p>Dijo que tambi\u00e9n se revisar\u00e1 si son medios de empresas o de profesionales del periodismo. \u201cEn cuanto a los periodistas, nosotros vamos a procurar que no les falte trabajo. Lo estamos haciendo, en general, lo que queremos es que haya empleo, oportunidades de trabajo. Es nuestra misi\u00f3n, es nuestro deber, el que podamos ayudar a que haya empleos, a que haya ocupaci\u00f3n, es un derecho que se tiene que garantizar\u201d, se comprometi\u00f3.<\/p>\n<p>Y dijo que Jes\u00fas Ram\u00edrez seguir\u00e1 haciendo la coordinaci\u00f3n de comunicaci\u00f3n del Gobierno.<\/p>\n<p>\u201cTambi\u00e9n decirles que lo de la publicidad del Gobierno no es un favor a los medios, es que los medios sean p\u00fablico o privados, tienen una funci\u00f3n social, son entidades de inter\u00e9s p\u00fablico, porque informan. Tenemos nosotros tambi\u00e9n en el Estado la obligaci\u00f3n de apoyar, que no se cierren los medios, ayudar. Una manera de hacerlo en todos lados, porque el presupuesto es p\u00fablico, es dinero de todos los ciudadanos. Lo que est\u00e1 mal es la corrupci\u00f3n [\u2026] el que se use de manera tendenciosa\u201d, destac\u00f3.<\/p>\n<p>https:\/\/www.facebook.com\/lopezobrador.org.mx\/videos\/1886410491467801\/<\/p>\n","protected":false},"excerpt":{"rendered":"<p>AMLO integra equipo para medios p\u00fablicos<br \/>\nPor Redacci\u00f3n QP<\/p>\n","protected":false},"author":2,"featured_media":15064,"comment_status":"open","ping_status":"open","sticky":false,"template":"","format":"standard","meta":{"_monsterinsights_skip_tracking":false,"_monsterinsights_sitenote_active":false,"_monsterinsights_sitenote_note":"","_monsterinsights_sitenote_category":0,"footnotes":""},"categories":[2],"tags":[],"class_list":["post-15065","post","type-post","status-publish","format-standard","has-post-thumbnail","hentry","category-noticias"],"yoast_head":"<!-- This site is optimized with the Yoast SEO plugin v27.3 - https:\/\/yoast.com\/product\/yoast-seo-wordpress\/ -->\n<title>AMLO integra equipo para medios p\u00fablicos -<\/title>\n<meta name=\"robots\" content=\"index, follow, max-snippet:-1, max-image-preview:large, max-video-preview:-1\" \/>\n<link rel=\"canonical\" href=\"https:\/\/quehacerpolitico.mx\/?p=15065\" \/>\n<meta property=\"og:locale\" content=\"es_MX\" \/>\n<meta property=\"og:type\" content=\"article\" \/>\n<meta property=\"og:title\" content=\"AMLO integra equipo para medios p\u00fablicos -\" \/>\n<meta property=\"og:description\" content=\"AMLO integra equipo para medios p\u00fablicos Por Redacci\u00f3n QP\" \/>\n<meta property=\"og:url\" content=\"https:\/\/quehacerpolitico.mx\/?p=15065\" \/>\n<meta property=\"article:published_time\" content=\"2019-01-23T14:09:53+00:00\" \/>\n<meta name=\"author\" content=\"Redacci\u00f3n QP\" \/>\n<meta name=\"twitter:card\" content=\"summary_large_image\" \/>\n<meta name=\"twitter:label1\" content=\"Escrito por\" \/>\n\t<meta name=\"twitter:data1\" content=\"Redacci\u00f3n QP\" \/>\n\t<meta name=\"twitter:label2\" content=\"Tiempo de lectura\" \/>\n\t<meta name=\"twitter:data2\" content=\"5 minutos\" \/>\n<script type=\"application\/ld+json\" class=\"yoast-schema-graph\">{\"@context\":\"https:\\\/\\\/schema.org\",\"@graph\":[{\"@type\":\"Article\",\"@id\":\"https:\\\/\\\/quehacerpolitico.mx\\\/?p=15065#article\",\"isPartOf\":{\"@id\":\"https:\\\/\\\/quehacerpolitico.mx\\\/?p=15065\"},\"author\":{\"name\":\"Redacci\u00f3n QP\",\"@id\":\"https:\\\/\\\/quehacerpolitico.mx\\\/#\\\/schema\\\/person\\\/496d8ad2d1d3f8036101dca7ee39e585\"},\"headline\":\"AMLO integra equipo para medios p\u00fablicos\",\"datePublished\":\"2019-01-23T14:09:53+00:00\",\"mainEntityOfPage\":{\"@id\":\"https:\\\/\\\/quehacerpolitico.mx\\\/?p=15065\"},\"wordCount\":1077,\"commentCount\":0,\"image\":{\"@id\":\"https:\\\/\\\/quehacerpolitico.mx\\\/?p=15065#primaryimage\"},\"thumbnailUrl\":\"\",\"articleSection\":[\"Noticias\"],\"inLanguage\":\"es\",\"potentialAction\":[{\"@type\":\"CommentAction\",\"name\":\"Comment\",\"target\":[\"https:\\\/\\\/quehacerpolitico.mx\\\/?p=15065#respond\"]}]},{\"@type\":\"WebPage\",\"@id\":\"https:\\\/\\\/quehacerpolitico.mx\\\/?p=15065\",\"url\":\"https:\\\/\\\/quehacerpolitico.mx\\\/?p=15065\",\"name\":\"AMLO integra equipo para medios p\u00fablicos -\",\"isPartOf\":{\"@id\":\"https:\\\/\\\/quehacerpolitico.mx\\\/#website\"},\"primaryImageOfPage\":{\"@id\":\"https:\\\/\\\/quehacerpolitico.mx\\\/?p=15065#primaryimage\"},\"image\":{\"@id\":\"https:\\\/\\\/quehacerpolitico.mx\\\/?p=15065#primaryimage\"},\"thumbnailUrl\":\"\",\"datePublished\":\"2019-01-23T14:09:53+00:00\",\"author\":{\"@id\":\"https:\\\/\\\/quehacerpolitico.mx\\\/#\\\/schema\\\/person\\\/496d8ad2d1d3f8036101dca7ee39e585\"},\"breadcrumb\":{\"@id\":\"https:\\\/\\\/quehacerpolitico.mx\\\/?p=15065#breadcrumb\"},\"inLanguage\":\"es\",\"potentialAction\":[{\"@type\":\"ReadAction\",\"target\":[\"https:\\\/\\\/quehacerpolitico.mx\\\/?p=15065\"]}]},{\"@type\":\"ImageObject\",\"inLanguage\":\"es\",\"@id\":\"https:\\\/\\\/quehacerpolitico.mx\\\/?p=15065#primaryimage\",\"url\":\"\",\"contentUrl\":\"\"},{\"@type\":\"BreadcrumbList\",\"@id\":\"https:\\\/\\\/quehacerpolitico.mx\\\/?p=15065#breadcrumb\",\"itemListElement\":[{\"@type\":\"ListItem\",\"position\":1,\"name\":\"Inicio\",\"item\":\"https:\\\/\\\/quehacerpolitico.mx\\\/\"},{\"@type\":\"ListItem\",\"position\":2,\"name\":\"AMLO integra equipo para medios p\u00fablicos\"}]},{\"@type\":\"WebSite\",\"@id\":\"https:\\\/\\\/quehacerpolitico.mx\\\/#website\",\"url\":\"https:\\\/\\\/quehacerpolitico.mx\\\/\",\"name\":\"\",\"description\":\"\",\"potentialAction\":[{\"@type\":\"SearchAction\",\"target\":{\"@type\":\"EntryPoint\",\"urlTemplate\":\"https:\\\/\\\/quehacerpolitico.mx\\\/?s={search_term_string}\"},\"query-input\":{\"@type\":\"PropertyValueSpecification\",\"valueRequired\":true,\"valueName\":\"search_term_string\"}}],\"inLanguage\":\"es\"},{\"@type\":\"Person\",\"@id\":\"https:\\\/\\\/quehacerpolitico.mx\\\/#\\\/schema\\\/person\\\/496d8ad2d1d3f8036101dca7ee39e585\",\"name\":\"Redacci\u00f3n QP\",\"image\":{\"@type\":\"ImageObject\",\"inLanguage\":\"es\",\"@id\":\"https:\\\/\\\/secure.gravatar.com\\\/avatar\\\/c7164ed6fdec453195284ad24a5ae5b6e1eed2b848477fa2a4787ba9adf39a41?s=96&d=mm&r=g\",\"url\":\"https:\\\/\\\/secure.gravatar.com\\\/avatar\\\/c7164ed6fdec453195284ad24a5ae5b6e1eed2b848477fa2a4787ba9adf39a41?s=96&d=mm&r=g\",\"contentUrl\":\"https:\\\/\\\/secure.gravatar.com\\\/avatar\\\/c7164ed6fdec453195284ad24a5ae5b6e1eed2b848477fa2a4787ba9adf39a41?s=96&d=mm&r=g\",\"caption\":\"Redacci\u00f3n QP\"},\"url\":\"https:\\\/\\\/quehacerpolitico.mx\\\/?author=2\"}]}<\/script>\n<!-- \/ Yoast SEO plugin. -->","yoast_head_json":{"title":"AMLO integra equipo para medios p\u00fablicos -","robots":{"index":"index","follow":"follow","max-snippet":"max-snippet:-1","max-image-preview":"max-image-preview:large","max-video-preview":"max-video-preview:-1"},"canonical":"https:\/\/quehacerpolitico.mx\/?p=15065","og_locale":"es_MX","og_type":"article","og_title":"AMLO integra equipo para medios p\u00fablicos -","og_description":"AMLO integra equipo para medios p\u00fablicos Por Redacci\u00f3n QP","og_url":"https:\/\/quehacerpolitico.mx\/?p=15065","article_published_time":"2019-01-23T14:09:53+00:00","author":"Redacci\u00f3n QP","twitter_card":"summary_large_image","twitter_misc":{"Escrito por":"Redacci\u00f3n QP","Tiempo de lectura":"5 minutos"},"schema":{"@context":"https:\/\/schema.org","@graph":[{"@type":"Article","@id":"https:\/\/quehacerpolitico.mx\/?p=15065#article","isPartOf":{"@id":"https:\/\/quehacerpolitico.mx\/?p=15065"},"author":{"name":"Redacci\u00f3n QP","@id":"https:\/\/quehacerpolitico.mx\/#\/schema\/person\/496d8ad2d1d3f8036101dca7ee39e585"},"headline":"AMLO integra equipo para medios p\u00fablicos","datePublished":"2019-01-23T14:09:53+00:00","mainEntityOfPage":{"@id":"https:\/\/quehacerpolitico.mx\/?p=15065"},"wordCount":1077,"commentCount":0,"image":{"@id":"https:\/\/quehacerpolitico.mx\/?p=15065#primaryimage"},"thumbnailUrl":"","articleSection":["Noticias"],"inLanguage":"es","potentialAction":[{"@type":"CommentAction","name":"Comment","target":["https:\/\/quehacerpolitico.mx\/?p=15065#respond"]}]},{"@type":"WebPage","@id":"https:\/\/quehacerpolitico.mx\/?p=15065","url":"https:\/\/quehacerpolitico.mx\/?p=15065","name":"AMLO integra equipo para medios p\u00fablicos -","isPartOf":{"@id":"https:\/\/quehacerpolitico.mx\/#website"},"primaryImageOfPage":{"@id":"https:\/\/quehacerpolitico.mx\/?p=15065#primaryimage"},"image":{"@id":"https:\/\/quehacerpolitico.mx\/?p=15065#primaryimage"},"thumbnailUrl":"","datePublished":"2019-01-23T14:09:53+00:00","author":{"@id":"https:\/\/quehacerpolitico.mx\/#\/schema\/person\/496d8ad2d1d3f8036101dca7ee39e585"},"breadcrumb":{"@id":"https:\/\/quehacerpolitico.mx\/?p=15065#breadcrumb"},"inLanguage":"es","potentialAction":[{"@type":"ReadAction","target":["https:\/\/quehacerpolitico.mx\/?p=15065"]}]},{"@type":"ImageObject","inLanguage":"es","@id":"https:\/\/quehacerpolitico.mx\/?p=15065#primaryimage","url":"","contentUrl":""},{"@type":"BreadcrumbList","@id":"https:\/\/quehacerpolitico.mx\/?p=15065#breadcrumb","itemListElement":[{"@type":"ListItem","position":1,"name":"Inicio","item":"https:\/\/quehacerpolitico.mx\/"},{"@type":"ListItem","position":2,"name":"AMLO integra equipo para medios p\u00fablicos"}]},{"@type":"WebSite","@id":"https:\/\/quehacerpolitico.mx\/#website","url":"https:\/\/quehacerpolitico.mx\/","name":"","description":"","potentialAction":[{"@type":"SearchAction","target":{"@type":"EntryPoint","urlTemplate":"https:\/\/quehacerpolitico.mx\/?s={search_term_string}"},"query-input":{"@type":"PropertyValueSpecification","valueRequired":true,"valueName":"search_term_string"}}],"inLanguage":"es"},{"@type":"Person","@id":"https:\/\/quehacerpolitico.mx\/#\/schema\/person\/496d8ad2d1d3f8036101dca7ee39e585","name":"Redacci\u00f3n QP","image":{"@type":"ImageObject","inLanguage":"es","@id":"https:\/\/secure.gravatar.com\/avatar\/c7164ed6fdec453195284ad24a5ae5b6e1eed2b848477fa2a4787ba9adf39a41?s=96&d=mm&r=g","url":"https:\/\/secure.gravatar.com\/avatar\/c7164ed6fdec453195284ad24a5ae5b6e1eed2b848477fa2a4787ba9adf39a41?s=96&d=mm&r=g","contentUrl":"https:\/\/secure.gravatar.com\/avatar\/c7164ed6fdec453195284ad24a5ae5b6e1eed2b848477fa2a4787ba9adf39a41?s=96&d=mm&r=g","caption":"Redacci\u00f3n QP"},"url":"https:\/\/quehacerpolitico.mx\/?author=2"}]}},"featured_image_urls":{"full":"","thumbnail":"","medium":"","medium_large":"","large":"","1536x1536":"","2048x2048":"","covernews-featured":"","covernews-medium":""},"author_info":{"display_name":"Redacci\u00f3n QP","author_link":"https:\/\/quehacerpolitico.mx\/?author=2"},"category_info":"<a href=\"https:\/\/quehacerpolitico.mx\/?cat=2\" rel=\"category\">Noticias<\/a>","tag_info":"Noticias","comment_count":"0","_links":{"self":[{"href":"https:\/\/quehacerpolitico.mx\/index.php?rest_route=\/wp\/v2\/posts\/15065","targetHints":{"allow":["GET"]}}],"collection":[{"href":"https:\/\/quehacerpolitico.mx\/index.php?rest_route=\/wp\/v2\/posts"}],"about":[{"href":"https:\/\/quehacerpolitico.mx\/index.php?rest_route=\/wp\/v2\/types\/post"}],"author":[{"embeddable":true,"href":"https:\/\/quehacerpolitico.mx\/index.php?rest_route=\/wp\/v2\/users\/2"}],"replies":[{"embeddable":true,"href":"https:\/\/quehacerpolitico.mx\/index.php?rest_route=%2Fwp%2Fv2%2Fcomments&post=15065"}],"version-history":[{"count":0,"href":"https:\/\/quehacerpolitico.mx\/index.php?rest_route=\/wp\/v2\/posts\/15065\/revisions"}],"wp:featuredmedia":[{"embeddable":true,"href":"https:\/\/quehacerpolitico.mx\/index.php?rest_route=\/"}],"wp:attachment":[{"href":"https:\/\/quehacerpolitico.mx\/index.php?rest_route=%2Fwp%2Fv2%2Fmedia&parent=15065"}],"wp:term":[{"taxonomy":"category","embeddable":true,"href":"https:\/\/quehacerpolitico.mx\/index.php?rest_route=%2Fwp%2Fv2%2Fcategories&post=15065"},{"taxonomy":"post_tag","embeddable":true,"href":"https:\/\/quehacerpolitico.mx\/index.php?rest_route=%2Fwp%2Fv2%2Ftags&post=15065"}],"curies":[{"name":"wp","href":"https:\/\/api.w.org\/{rel}","templated":true}]}}