{"id":15057,"date":"2019-01-23T04:32:40","date_gmt":"2019-01-23T04:32:40","guid":{"rendered":"http:\/\/quehacerpolitico.mx\/internacionales-carolina-alonso-romei-cientos-de-venezolanos-toman-las-calles-para-protestar-contra-maduro-incendian-estatua-de-chavez\/"},"modified":"2019-01-23T04:32:40","modified_gmt":"2019-01-23T04:32:40","slug":"internacionales-carolina-alonso-romei-cientos-de-venezolanos-toman-las-calles-para-protestar-contra-maduro-incendian-estatua-de-chavez","status":"publish","type":"post","link":"https:\/\/quehacerpolitico.mx\/?p=15057","title":{"rendered":"Internacionales\/\/\/Carolina Alonso Romei\/\/\/Cientos de venezolanos toman las calles para protestar contra Maduro; incendian estatua de Ch\u00e1vez"},"content":{"rendered":"<h1>Cientos de venezolanos toman las calles para protestar contra Maduro; incendian estatua de Ch\u00e1vez<\/h1>\n<p>Por Carolina Alonso Romei<\/p>\n<p>Internacionalista<\/p>\n<h3><strong>Estas expresiones de rechazo al Gobierno ocurren en la v\u00edspera de una manifestaci\u00f3n nacional convocada por la oposici\u00f3n, en Caracas y en los 23 estados del pa\u00eds, para se\u00f1alar al Presidente Nicol\u00e1s Maduro como \u201cileg\u00edtimo\u201d y como \u201cusurpador\u201d.<\/strong><\/h3>\n<blockquote class=\"twitter-tweet\" data-width=\"550\" data-dnt=\"true\">\n<p lang=\"es\" dir=\"ltr\"><a href=\"https:\/\/twitter.com\/hashtag\/%C3%9ALTIMAHORA?src=hash&amp;ref_src=twsrc%5Etfw\">#\u00daLTIMAHORA<\/a> | Derrumban estatua de Hugo Ch\u00e1vez en San F\u00e9lix <a href=\"https:\/\/twitter.com\/hashtag\/22Ene?src=hash&amp;ref_src=twsrc%5Etfw\">#22Ene<\/a> <a href=\"https:\/\/t.co\/HqPlBh6wMc\">pic.twitter.com\/HqPlBh6wMc<\/a><\/p>\n<p>&mdash; Venepress (@venepress) <a href=\"https:\/\/twitter.com\/venepress\/status\/1087903801519022082?ref_src=twsrc%5Etfw\">January 23, 2019<\/a><\/p><\/blockquote>\n<p><script async src=\"https:\/\/platform.twitter.com\/widgets.js\" charset=\"utf-8\"><\/script><\/p>\n<p><strong>Manifestantes prendieron fuego<\/strong> a la estatua de Hugo Ch\u00e1vez en <strong>San F\u00e9lix<\/strong>, en el estado de Bol\u00edvar.<\/p>\n<p><strong>Cientos de venezolanos<\/strong> se han manifestado hoy, por segunda vez, en contra del <strong>Gobierno de Nicol\u00e1s Maduro<\/strong> y han expresado su sentimiento golpeando cacerolas<strong> desde el interior de sus casas<\/strong> o saliendo a las calles, especialmente en barriadas de Caracas y el interior del pa\u00eds.<\/p>\n<blockquote>\n<p>Como ya es costumbre, la protesta se dio a conocer a trav\u00e9s de las redes sociales, en las que circulan decenas de fotograf\u00edas y v\u00eddeos que dan cuenta de los \u201ccacerolazos\u201d, algunos de los cuales pudo constatar <em>Efe<\/em> en zonas del este de Caracas y en el cercano estado de Miranda.<\/p>\n<\/blockquote>\n<p>Seg\u00fan la informaci\u00f3n de medios locales y de internautas las manifestaciones tambi\u00e9n ocurren en los estados Gu\u00e1rico (centro), Bol\u00edvar (sur), M\u00e9rida (oeste), Sucre, Anzo\u00e1tegui (este), Carabobo, Aragua (norte) y Vargas, cercano a Caracas.<\/p>\n<blockquote>\n<p>En la capital venezolana se han producido m\u00e1s de 20 protestas de este tipo, tanto en zonas tradicionalmente opositoras como en sectores considerados bastiones del chavismo como la parroquia Catia, donde salieron por segunda noche consecutiva decenas de manifestantes a las calles.<\/p>\n<\/blockquote>\n<p>Estas expresiones de rechazo al Gobierno ocurren en la v\u00edspera de una manifestaci\u00f3n nacional convocada por la oposici\u00f3n, en Caracas y en los 23 estados del pa\u00eds, para se\u00f1alar al Presidente Nicol\u00e1s Maduro como \u201cileg\u00edtimo\u201d y como \u201cusurpador\u201d.<\/p>\n<p>Al menos una decena de protestas callejeras que se iniciaron la noche del lunes en Caracas se extendieron hasta la madrugada de hoy, e incluyeron cortes de v\u00edas as\u00ed como a personas en las calles gritando consignas antigubernamentales.<\/p>\n<p>Aunque ninguna autoridad se ha pronunciado al respecto, abundan las im\u00e1genes que muestran a las fuerzas del orden tratando de disuadir las manifestaciones de esta madrugada, en algunos casos disparando gases lacrim\u00f3genos en zonas residenciales.<\/p>\n<p>El jefe del Estado obtuvo la reelecci\u00f3n en unos comicios se\u00f1alados de fraudulentos por la oposici\u00f3n y buena parte de la comunidad internacional, y jur\u00f3 su segundo mandato ante el Supremo hace casi dos semanas, con lo que se mantendr\u00e1 en el cargo, al menos, hasta 2025.<\/p>\n<p><em>Con informaci\u00f3n de EFE.\u00a0<\/em><\/p>\n","protected":false},"excerpt":{"rendered":"<p>Cientos de venezolanos toman las calles para protestar contra Maduro; incendian estatua de Ch\u00e1vez<br \/>\nPor Carolina Alonso Romei<br \/>\nInternacionalista<\/p>\n","protected":false},"author":2,"featured_media":15056,"comment_status":"open","ping_status":"open","sticky":false,"template":"","format":"standard","meta":{"_monsterinsights_skip_tracking":false,"_monsterinsights_sitenote_active":false,"_monsterinsights_sitenote_note":"","_monsterinsights_sitenote_category":0,"footnotes":""},"categories":[1],"tags":[],"class_list":["post-15057","post","type-post","status-publish","format-standard","has-post-thumbnail","hentry","category-sin-categoria"],"yoast_head":"<!-- This site is optimized with the Yoast SEO plugin v27.3 - https:\/\/yoast.com\/product\/yoast-seo-wordpress\/ -->\n<title>Internacionales\/\/\/Carolina Alonso Romei\/\/\/Cientos de venezolanos toman las calles para protestar contra Maduro; incendian estatua de Ch\u00e1vez -<\/title>\n<meta name=\"robots\" content=\"index, follow, max-snippet:-1, max-image-preview:large, max-video-preview:-1\" \/>\n<link rel=\"canonical\" href=\"https:\/\/quehacerpolitico.mx\/?p=15057\" \/>\n<meta property=\"og:locale\" content=\"es_MX\" \/>\n<meta property=\"og:type\" content=\"article\" \/>\n<meta property=\"og:title\" content=\"Internacionales\/\/\/Carolina Alonso Romei\/\/\/Cientos de venezolanos toman las calles para protestar contra Maduro; incendian estatua de Ch\u00e1vez -\" \/>\n<meta property=\"og:description\" content=\"Cientos de venezolanos toman las calles para protestar contra Maduro; incendian estatua de Ch\u00e1vez Por Carolina Alonso Romei Internacionalista\" \/>\n<meta property=\"og:url\" content=\"https:\/\/quehacerpolitico.mx\/?p=15057\" \/>\n<meta property=\"article:published_time\" content=\"2019-01-23T04:32:40+00:00\" \/>\n<meta name=\"author\" content=\"Redacci\u00f3n QP\" \/>\n<meta name=\"twitter:card\" content=\"summary_large_image\" \/>\n<meta name=\"twitter:label1\" content=\"Escrito por\" \/>\n\t<meta name=\"twitter:data1\" content=\"Redacci\u00f3n QP\" \/>\n\t<meta name=\"twitter:label2\" content=\"Tiempo de lectura\" \/>\n\t<meta name=\"twitter:data2\" content=\"2 minutos\" \/>\n<script type=\"application\/ld+json\" class=\"yoast-schema-graph\">{\"@context\":\"https:\\\/\\\/schema.org\",\"@graph\":[{\"@type\":\"Article\",\"@id\":\"https:\\\/\\\/quehacerpolitico.mx\\\/?p=15057#article\",\"isPartOf\":{\"@id\":\"https:\\\/\\\/quehacerpolitico.mx\\\/?p=15057\"},\"author\":{\"name\":\"Redacci\u00f3n QP\",\"@id\":\"https:\\\/\\\/quehacerpolitico.mx\\\/#\\\/schema\\\/person\\\/496d8ad2d1d3f8036101dca7ee39e585\"},\"headline\":\"Internacionales\\\/\\\/\\\/Carolina Alonso Romei\\\/\\\/\\\/Cientos de venezolanos toman las calles para protestar contra Maduro; incendian estatua de Ch\u00e1vez\",\"datePublished\":\"2019-01-23T04:32:40+00:00\",\"mainEntityOfPage\":{\"@id\":\"https:\\\/\\\/quehacerpolitico.mx\\\/?p=15057\"},\"wordCount\":466,\"commentCount\":0,\"image\":{\"@id\":\"https:\\\/\\\/quehacerpolitico.mx\\\/?p=15057#primaryimage\"},\"thumbnailUrl\":\"\",\"articleSection\":[\"Internacionales\"],\"inLanguage\":\"es\",\"potentialAction\":[{\"@type\":\"CommentAction\",\"name\":\"Comment\",\"target\":[\"https:\\\/\\\/quehacerpolitico.mx\\\/?p=15057#respond\"]}]},{\"@type\":\"WebPage\",\"@id\":\"https:\\\/\\\/quehacerpolitico.mx\\\/?p=15057\",\"url\":\"https:\\\/\\\/quehacerpolitico.mx\\\/?p=15057\",\"name\":\"Internacionales\\\/\\\/\\\/Carolina Alonso Romei\\\/\\\/\\\/Cientos de venezolanos toman las calles para protestar contra Maduro; incendian estatua de Ch\u00e1vez -\",\"isPartOf\":{\"@id\":\"https:\\\/\\\/quehacerpolitico.mx\\\/#website\"},\"primaryImageOfPage\":{\"@id\":\"https:\\\/\\\/quehacerpolitico.mx\\\/?p=15057#primaryimage\"},\"image\":{\"@id\":\"https:\\\/\\\/quehacerpolitico.mx\\\/?p=15057#primaryimage\"},\"thumbnailUrl\":\"\",\"datePublished\":\"2019-01-23T04:32:40+00:00\",\"author\":{\"@id\":\"https:\\\/\\\/quehacerpolitico.mx\\\/#\\\/schema\\\/person\\\/496d8ad2d1d3f8036101dca7ee39e585\"},\"breadcrumb\":{\"@id\":\"https:\\\/\\\/quehacerpolitico.mx\\\/?p=15057#breadcrumb\"},\"inLanguage\":\"es\",\"potentialAction\":[{\"@type\":\"ReadAction\",\"target\":[\"https:\\\/\\\/quehacerpolitico.mx\\\/?p=15057\"]}]},{\"@type\":\"ImageObject\",\"inLanguage\":\"es\",\"@id\":\"https:\\\/\\\/quehacerpolitico.mx\\\/?p=15057#primaryimage\",\"url\":\"\",\"contentUrl\":\"\"},{\"@type\":\"BreadcrumbList\",\"@id\":\"https:\\\/\\\/quehacerpolitico.mx\\\/?p=15057#breadcrumb\",\"itemListElement\":[{\"@type\":\"ListItem\",\"position\":1,\"name\":\"Inicio\",\"item\":\"https:\\\/\\\/quehacerpolitico.mx\\\/\"},{\"@type\":\"ListItem\",\"position\":2,\"name\":\"Internacionales\\\/\\\/\\\/Carolina Alonso Romei\\\/\\\/\\\/Cientos de venezolanos toman las calles para protestar contra Maduro; incendian estatua de Ch\u00e1vez\"}]},{\"@type\":\"WebSite\",\"@id\":\"https:\\\/\\\/quehacerpolitico.mx\\\/#website\",\"url\":\"https:\\\/\\\/quehacerpolitico.mx\\\/\",\"name\":\"\",\"description\":\"\",\"potentialAction\":[{\"@type\":\"SearchAction\",\"target\":{\"@type\":\"EntryPoint\",\"urlTemplate\":\"https:\\\/\\\/quehacerpolitico.mx\\\/?s={search_term_string}\"},\"query-input\":{\"@type\":\"PropertyValueSpecification\",\"valueRequired\":true,\"valueName\":\"search_term_string\"}}],\"inLanguage\":\"es\"},{\"@type\":\"Person\",\"@id\":\"https:\\\/\\\/quehacerpolitico.mx\\\/#\\\/schema\\\/person\\\/496d8ad2d1d3f8036101dca7ee39e585\",\"name\":\"Redacci\u00f3n QP\",\"image\":{\"@type\":\"ImageObject\",\"inLanguage\":\"es\",\"@id\":\"https:\\\/\\\/secure.gravatar.com\\\/avatar\\\/c7164ed6fdec453195284ad24a5ae5b6e1eed2b848477fa2a4787ba9adf39a41?s=96&d=mm&r=g\",\"url\":\"https:\\\/\\\/secure.gravatar.com\\\/avatar\\\/c7164ed6fdec453195284ad24a5ae5b6e1eed2b848477fa2a4787ba9adf39a41?s=96&d=mm&r=g\",\"contentUrl\":\"https:\\\/\\\/secure.gravatar.com\\\/avatar\\\/c7164ed6fdec453195284ad24a5ae5b6e1eed2b848477fa2a4787ba9adf39a41?s=96&d=mm&r=g\",\"caption\":\"Redacci\u00f3n QP\"},\"url\":\"https:\\\/\\\/quehacerpolitico.mx\\\/?author=2\"}]}<\/script>\n<!-- \/ Yoast SEO plugin. -->","yoast_head_json":{"title":"Internacionales\/\/\/Carolina Alonso Romei\/\/\/Cientos de venezolanos toman las calles para protestar contra Maduro; incendian estatua de Ch\u00e1vez -","robots":{"index":"index","follow":"follow","max-snippet":"max-snippet:-1","max-image-preview":"max-image-preview:large","max-video-preview":"max-video-preview:-1"},"canonical":"https:\/\/quehacerpolitico.mx\/?p=15057","og_locale":"es_MX","og_type":"article","og_title":"Internacionales\/\/\/Carolina Alonso Romei\/\/\/Cientos de venezolanos toman las calles para protestar contra Maduro; incendian estatua de Ch\u00e1vez -","og_description":"Cientos de venezolanos toman las calles para protestar contra Maduro; incendian estatua de Ch\u00e1vez Por Carolina Alonso Romei Internacionalista","og_url":"https:\/\/quehacerpolitico.mx\/?p=15057","article_published_time":"2019-01-23T04:32:40+00:00","author":"Redacci\u00f3n QP","twitter_card":"summary_large_image","twitter_misc":{"Escrito por":"Redacci\u00f3n QP","Tiempo de lectura":"2 minutos"},"schema":{"@context":"https:\/\/schema.org","@graph":[{"@type":"Article","@id":"https:\/\/quehacerpolitico.mx\/?p=15057#article","isPartOf":{"@id":"https:\/\/quehacerpolitico.mx\/?p=15057"},"author":{"name":"Redacci\u00f3n QP","@id":"https:\/\/quehacerpolitico.mx\/#\/schema\/person\/496d8ad2d1d3f8036101dca7ee39e585"},"headline":"Internacionales\/\/\/Carolina Alonso Romei\/\/\/Cientos de venezolanos toman las calles para protestar contra Maduro; incendian estatua de Ch\u00e1vez","datePublished":"2019-01-23T04:32:40+00:00","mainEntityOfPage":{"@id":"https:\/\/quehacerpolitico.mx\/?p=15057"},"wordCount":466,"commentCount":0,"image":{"@id":"https:\/\/quehacerpolitico.mx\/?p=15057#primaryimage"},"thumbnailUrl":"","articleSection":["Internacionales"],"inLanguage":"es","potentialAction":[{"@type":"CommentAction","name":"Comment","target":["https:\/\/quehacerpolitico.mx\/?p=15057#respond"]}]},{"@type":"WebPage","@id":"https:\/\/quehacerpolitico.mx\/?p=15057","url":"https:\/\/quehacerpolitico.mx\/?p=15057","name":"Internacionales\/\/\/Carolina Alonso Romei\/\/\/Cientos de venezolanos toman las calles para protestar contra Maduro; incendian estatua de Ch\u00e1vez -","isPartOf":{"@id":"https:\/\/quehacerpolitico.mx\/#website"},"primaryImageOfPage":{"@id":"https:\/\/quehacerpolitico.mx\/?p=15057#primaryimage"},"image":{"@id":"https:\/\/quehacerpolitico.mx\/?p=15057#primaryimage"},"thumbnailUrl":"","datePublished":"2019-01-23T04:32:40+00:00","author":{"@id":"https:\/\/quehacerpolitico.mx\/#\/schema\/person\/496d8ad2d1d3f8036101dca7ee39e585"},"breadcrumb":{"@id":"https:\/\/quehacerpolitico.mx\/?p=15057#breadcrumb"},"inLanguage":"es","potentialAction":[{"@type":"ReadAction","target":["https:\/\/quehacerpolitico.mx\/?p=15057"]}]},{"@type":"ImageObject","inLanguage":"es","@id":"https:\/\/quehacerpolitico.mx\/?p=15057#primaryimage","url":"","contentUrl":""},{"@type":"BreadcrumbList","@id":"https:\/\/quehacerpolitico.mx\/?p=15057#breadcrumb","itemListElement":[{"@type":"ListItem","position":1,"name":"Inicio","item":"https:\/\/quehacerpolitico.mx\/"},{"@type":"ListItem","position":2,"name":"Internacionales\/\/\/Carolina Alonso Romei\/\/\/Cientos de venezolanos toman las calles para protestar contra Maduro; incendian estatua de Ch\u00e1vez"}]},{"@type":"WebSite","@id":"https:\/\/quehacerpolitico.mx\/#website","url":"https:\/\/quehacerpolitico.mx\/","name":"","description":"","potentialAction":[{"@type":"SearchAction","target":{"@type":"EntryPoint","urlTemplate":"https:\/\/quehacerpolitico.mx\/?s={search_term_string}"},"query-input":{"@type":"PropertyValueSpecification","valueRequired":true,"valueName":"search_term_string"}}],"inLanguage":"es"},{"@type":"Person","@id":"https:\/\/quehacerpolitico.mx\/#\/schema\/person\/496d8ad2d1d3f8036101dca7ee39e585","name":"Redacci\u00f3n QP","image":{"@type":"ImageObject","inLanguage":"es","@id":"https:\/\/secure.gravatar.com\/avatar\/c7164ed6fdec453195284ad24a5ae5b6e1eed2b848477fa2a4787ba9adf39a41?s=96&d=mm&r=g","url":"https:\/\/secure.gravatar.com\/avatar\/c7164ed6fdec453195284ad24a5ae5b6e1eed2b848477fa2a4787ba9adf39a41?s=96&d=mm&r=g","contentUrl":"https:\/\/secure.gravatar.com\/avatar\/c7164ed6fdec453195284ad24a5ae5b6e1eed2b848477fa2a4787ba9adf39a41?s=96&d=mm&r=g","caption":"Redacci\u00f3n QP"},"url":"https:\/\/quehacerpolitico.mx\/?author=2"}]}},"featured_image_urls":{"full":"","thumbnail":"","medium":"","medium_large":"","large":"","1536x1536":"","2048x2048":"","covernews-featured":"","covernews-medium":""},"author_info":{"display_name":"Redacci\u00f3n QP","author_link":"https:\/\/quehacerpolitico.mx\/?author=2"},"category_info":"<a href=\"https:\/\/quehacerpolitico.mx\/?cat=1\" rel=\"category\">Internacionales<\/a>","tag_info":"Internacionales","comment_count":"0","_links":{"self":[{"href":"https:\/\/quehacerpolitico.mx\/index.php?rest_route=\/wp\/v2\/posts\/15057","targetHints":{"allow":["GET"]}}],"collection":[{"href":"https:\/\/quehacerpolitico.mx\/index.php?rest_route=\/wp\/v2\/posts"}],"about":[{"href":"https:\/\/quehacerpolitico.mx\/index.php?rest_route=\/wp\/v2\/types\/post"}],"author":[{"embeddable":true,"href":"https:\/\/quehacerpolitico.mx\/index.php?rest_route=\/wp\/v2\/users\/2"}],"replies":[{"embeddable":true,"href":"https:\/\/quehacerpolitico.mx\/index.php?rest_route=%2Fwp%2Fv2%2Fcomments&post=15057"}],"version-history":[{"count":0,"href":"https:\/\/quehacerpolitico.mx\/index.php?rest_route=\/wp\/v2\/posts\/15057\/revisions"}],"wp:featuredmedia":[{"embeddable":true,"href":"https:\/\/quehacerpolitico.mx\/index.php?rest_route=\/"}],"wp:attachment":[{"href":"https:\/\/quehacerpolitico.mx\/index.php?rest_route=%2Fwp%2Fv2%2Fmedia&parent=15057"}],"wp:term":[{"taxonomy":"category","embeddable":true,"href":"https:\/\/quehacerpolitico.mx\/index.php?rest_route=%2Fwp%2Fv2%2Fcategories&post=15057"},{"taxonomy":"post_tag","embeddable":true,"href":"https:\/\/quehacerpolitico.mx\/index.php?rest_route=%2Fwp%2Fv2%2Ftags&post=15057"}],"curies":[{"name":"wp","href":"https:\/\/api.w.org\/{rel}","templated":true}]}}