{"id":15055,"date":"2019-01-23T04:18:40","date_gmt":"2019-01-23T04:18:40","guid":{"rendered":"http:\/\/quehacerpolitico.mx\/patricia-reyes-espindola-sobre-yalitza-no-es-su-vocacion-no-es-lo-que-quiere-creo-que-es-un-flash\/"},"modified":"2019-01-23T04:18:40","modified_gmt":"2019-01-23T04:18:40","slug":"patricia-reyes-espindola-sobre-yalitza-no-es-su-vocacion-no-es-lo-que-quiere-creo-que-es-un-flash","status":"publish","type":"post","link":"https:\/\/quehacerpolitico.mx\/?p=15055","title":{"rendered":"Patricia Reyes Esp\u00edndola sobre Yalitza: \u201cNo es su vocaci\u00f3n, no es lo que quiere. Creo que es un flash\u201d"},"content":{"rendered":"<h1>Patricia Reyes Esp\u00edndola sobre Yalitza: \u201cNo es su vocaci\u00f3n, no es lo que quiere. Creo que es un <em>flash\u201d<\/em><\/h1>\n<p>Por Redacci\u00f3n QP<\/p>\n<p>La primera actriz, <strong>Patricia Reyes Sp\u00edndola<\/strong>, no cree que la actuaci\u00f3n sea la vocaci\u00f3n de la joven oaxaque\u00f1a<strong> Yalitza Aparicio<\/strong>, que hoy fue reconocida por su participaci\u00f3n en <em>Roma<\/em> con la nominaci\u00f3n a <strong>Mejor Actriz<\/strong> por la <strong>Academia de Artes y Ciencias Cinematogr\u00e1ficas de Hollywood<\/strong>.<\/p>\n<blockquote>\n<p>\u201cNo es su vocaci\u00f3n (ser actriz) no es lo que quiere. Si Cuar\u00f3n la sigue jalando para trabajar, pues probablemente. Pero no siento que sea su vocaci\u00f3n. Creo que es un momento, como un <em>flash<\/em>\u201d, coment\u00f3 la actriz de decenas de filmes en su carrera cuando un periodista la cuestion\u00f3 sobre si a Yalitza le falta tablas para lograr ser una gran actriz.<\/p>\n<\/blockquote>\n<p>La tambi\u00e9n productora de cine, teatro y televisi\u00f3n asegur\u00f3 que aunque Yalitza hizo un buen papel en la cinta de <strong>Alfonso Cuar\u00f3n<\/strong>, \u201cno cree que acabe haciendo una carrera\u201d en el mundo de la actuaci\u00f3n.<\/p>\n<p>\u201cMira, yo creo que s\u00ed se va a ir a la fama muy r\u00e1pido. Es guap\u00edsima, hizo muy bien su papel, pero no creo que acabe haciendo una carrera en esto\u201d.<\/p>\n<blockquote class=\"twitter-tweet\" data-width=\"550\" data-dnt=\"true\">\n<p lang=\"es\" dir=\"ltr\">.<a href=\"https:\/\/twitter.com\/reyesspindola?ref_src=twsrc%5Etfw\">@reyesspindola<\/a> no cree que Yalitza Aparicio haga carrera en la actuaci\u00f3n <a href=\"https:\/\/twitter.com\/hashtag\/LoVisteEnVentaneando?src=hash&amp;ref_src=twsrc%5Etfw\">#LoVisteEnVentaneando<\/a> <a href=\"https:\/\/t.co\/HiNoVnyI5h\">pic.twitter.com\/HiNoVnyI5h<\/a><\/p>\n<p>&mdash; Ventaneando (@VentaneandoUno) <a href=\"https:\/\/twitter.com\/VentaneandoUno\/status\/1087487991885422596?ref_src=twsrc%5Etfw\">January 21, 2019<\/a><\/p><\/blockquote>\n<p><script async src=\"https:\/\/platform.twitter.com\/widgets.js\" charset=\"utf-8\"><\/script><\/p>\n<p>Las declaraciones de Reyes Sp\u00edndola fueron ofrecidas el d\u00eda de ayer, pero hoy toman gran relevancia al darse a conocer que entre las nominaciones como Mejor Actriz para el \u00d3scar se encuentra la joven oaxaque\u00f1a de 25 a\u00f1os, la cual logr\u00f3 en su primer papel para la cinta que suma 10 nominaciones para los premios.<\/p>\n<blockquote>\n<p>\u201cQu\u00e9 padre que ponga a M\u00e9xico y a Oaxaca en alto, ella es del mismo pueblo donde abuelo, de Tlaxiaco, as\u00ed que a m\u00ed me da mucho orgullo que una muchacha de Tlaxiaco se abra a ese nivel\u201d culmin\u00f3.<\/p>\n<\/blockquote>\n<p><em>Roma<\/em> de Alfonso Cuar\u00f3n recibi\u00f3 el martes 10 nominaciones a los premios Oscar, incluyendo a Mejor Pel\u00edcula, Mejor Cinta en Lengua Extranjera, Mejor Direcci\u00f3n, Mejor Actriz, para la debutante Yalitza Aparicio, y Mejor Actriz de Reparto para Marina de Tavira.<\/p>\n<p>Con <em>Roma<\/em>, Netflix se apunt\u00f3 su primera nominaci\u00f3n en esta categor\u00eda, algo que la gigante del <em>streaming<\/em> buscaba con anhelo.<\/p>\n<section class=\"post-content\">\n<p>Adem\u00e1s, Cuar\u00f3n empat\u00f3 el r\u00e9cord como el candidato m\u00e1s decorado en la historia de los Premios de la Academia por un mismo filme al recibir cuatro candidaturas por \u201cRoma\u201d, un retrato profundamente personal de su infancia en la Ciudad de M\u00e9xico. El realizador mexicano se medir\u00e1 por los premios a la mejor direcci\u00f3n, cinematograf\u00eda, guion original y pel\u00edcula. Solo Orson Welles (<em>El ciudadano Kane<\/em>) y Warren Beatty (<em>Rojos, El cielo puede esperar<\/em>) han logrado tal haza\u00f1a.<\/p>\n<p>Cuar\u00f3n, previamente nominado a seis Oscar y ganador de dos por <em>Gravity<\/em> , dijo en una entrevista telef\u00f3nica que las nominaciones por una pel\u00edcula tan personal eran m\u00e1s significativas para \u00e9l, al igual que la atenci\u00f3n por una cinta sobre una humilde empleada dom\u00e9stica ind\u00edgena. Tambi\u00e9n elogi\u00f3 a Netflix por su compromiso con esta obra.<\/p>\n<blockquote>\n<p>\u201cEl cine necesita la oportunidad de ser diverso\u201d, dijo Cuar\u00f3n desde Londres. \u201cLo que le ha faltado al cine mainstream y a la experiencia cinematogr\u00e1fica en general es diversidad. Y estoy hablando de diversidad en t\u00e9rminos de historias y personajes y formas de hacer pel\u00edculas\u201d.<\/p>\n<\/blockquote>\n<p>Filmada en blanco y negro, <em>Roma<\/em> sigue a la empleada dom\u00e9stica Cleo (Aparicio, quien tiene algunos di\u00e1logos en lengua mixteca), que trabaja devotamente para una familia que vive en el barrio de la Roma, en la capital mexicana. La vida familiar, aunque inmaculada, se est\u00e1 resquebrajando: el padre deja a su esposa (De Tavira).<\/p>\n<p><em>Con informaci\u00f3n de AP <\/em><\/p>\n<\/section>\n","protected":false},"excerpt":{"rendered":"<p>Patricia Reyes Esp\u00edndola sobre Yalitza: \u201cNo es su vocaci\u00f3n, no es lo que quiere. Creo que es un flash\u201d<br \/>\nPor Redacci\u00f3n QP<\/p>\n","protected":false},"author":2,"featured_media":15054,"comment_status":"open","ping_status":"open","sticky":false,"template":"","format":"standard","meta":{"_monsterinsights_skip_tracking":false,"_monsterinsights_sitenote_active":false,"_monsterinsights_sitenote_note":"","_monsterinsights_sitenote_category":0,"footnotes":""},"categories":[58],"tags":[],"class_list":["post-15055","post","type-post","status-publish","format-standard","has-post-thumbnail","hentry","category-cultura"],"yoast_head":"<!-- This site is optimized with the Yoast SEO plugin v27.3 - https:\/\/yoast.com\/product\/yoast-seo-wordpress\/ -->\n<title>Patricia Reyes Esp\u00edndola sobre Yalitza: \u201cNo es su vocaci\u00f3n, no es lo que quiere. Creo que es un flash\u201d -<\/title>\n<meta name=\"robots\" content=\"index, follow, max-snippet:-1, max-image-preview:large, max-video-preview:-1\" \/>\n<link rel=\"canonical\" href=\"https:\/\/quehacerpolitico.mx\/?p=15055\" \/>\n<meta property=\"og:locale\" content=\"es_MX\" \/>\n<meta property=\"og:type\" content=\"article\" \/>\n<meta property=\"og:title\" content=\"Patricia Reyes Esp\u00edndola sobre Yalitza: \u201cNo es su vocaci\u00f3n, no es lo que quiere. Creo que es un flash\u201d -\" \/>\n<meta property=\"og:description\" content=\"Patricia Reyes Esp\u00edndola sobre Yalitza: \u201cNo es su vocaci\u00f3n, no es lo que quiere. Creo que es un flash\u201d Por Redacci\u00f3n QP\" \/>\n<meta property=\"og:url\" content=\"https:\/\/quehacerpolitico.mx\/?p=15055\" \/>\n<meta property=\"article:published_time\" content=\"2019-01-23T04:18:40+00:00\" \/>\n<meta name=\"author\" content=\"Redacci\u00f3n QP\" \/>\n<meta name=\"twitter:card\" content=\"summary_large_image\" \/>\n<meta name=\"twitter:label1\" content=\"Escrito por\" \/>\n\t<meta name=\"twitter:data1\" content=\"Redacci\u00f3n QP\" \/>\n\t<meta name=\"twitter:label2\" content=\"Tiempo de lectura\" \/>\n\t<meta name=\"twitter:data2\" content=\"3 minutos\" \/>\n<script type=\"application\/ld+json\" class=\"yoast-schema-graph\">{\"@context\":\"https:\\\/\\\/schema.org\",\"@graph\":[{\"@type\":\"Article\",\"@id\":\"https:\\\/\\\/quehacerpolitico.mx\\\/?p=15055#article\",\"isPartOf\":{\"@id\":\"https:\\\/\\\/quehacerpolitico.mx\\\/?p=15055\"},\"author\":{\"name\":\"Redacci\u00f3n QP\",\"@id\":\"https:\\\/\\\/quehacerpolitico.mx\\\/#\\\/schema\\\/person\\\/496d8ad2d1d3f8036101dca7ee39e585\"},\"headline\":\"Patricia Reyes Esp\u00edndola sobre Yalitza: \u201cNo es su vocaci\u00f3n, no es lo que quiere. Creo que es un flash\u201d\",\"datePublished\":\"2019-01-23T04:18:40+00:00\",\"mainEntityOfPage\":{\"@id\":\"https:\\\/\\\/quehacerpolitico.mx\\\/?p=15055\"},\"wordCount\":660,\"commentCount\":0,\"image\":{\"@id\":\"https:\\\/\\\/quehacerpolitico.mx\\\/?p=15055#primaryimage\"},\"thumbnailUrl\":\"\",\"articleSection\":[\"Cultura y Entretenimiento\"],\"inLanguage\":\"es\",\"potentialAction\":[{\"@type\":\"CommentAction\",\"name\":\"Comment\",\"target\":[\"https:\\\/\\\/quehacerpolitico.mx\\\/?p=15055#respond\"]}]},{\"@type\":\"WebPage\",\"@id\":\"https:\\\/\\\/quehacerpolitico.mx\\\/?p=15055\",\"url\":\"https:\\\/\\\/quehacerpolitico.mx\\\/?p=15055\",\"name\":\"Patricia Reyes Esp\u00edndola sobre Yalitza: \u201cNo es su vocaci\u00f3n, no es lo que quiere. Creo que es un flash\u201d -\",\"isPartOf\":{\"@id\":\"https:\\\/\\\/quehacerpolitico.mx\\\/#website\"},\"primaryImageOfPage\":{\"@id\":\"https:\\\/\\\/quehacerpolitico.mx\\\/?p=15055#primaryimage\"},\"image\":{\"@id\":\"https:\\\/\\\/quehacerpolitico.mx\\\/?p=15055#primaryimage\"},\"thumbnailUrl\":\"\",\"datePublished\":\"2019-01-23T04:18:40+00:00\",\"author\":{\"@id\":\"https:\\\/\\\/quehacerpolitico.mx\\\/#\\\/schema\\\/person\\\/496d8ad2d1d3f8036101dca7ee39e585\"},\"breadcrumb\":{\"@id\":\"https:\\\/\\\/quehacerpolitico.mx\\\/?p=15055#breadcrumb\"},\"inLanguage\":\"es\",\"potentialAction\":[{\"@type\":\"ReadAction\",\"target\":[\"https:\\\/\\\/quehacerpolitico.mx\\\/?p=15055\"]}]},{\"@type\":\"ImageObject\",\"inLanguage\":\"es\",\"@id\":\"https:\\\/\\\/quehacerpolitico.mx\\\/?p=15055#primaryimage\",\"url\":\"\",\"contentUrl\":\"\"},{\"@type\":\"BreadcrumbList\",\"@id\":\"https:\\\/\\\/quehacerpolitico.mx\\\/?p=15055#breadcrumb\",\"itemListElement\":[{\"@type\":\"ListItem\",\"position\":1,\"name\":\"Inicio\",\"item\":\"https:\\\/\\\/quehacerpolitico.mx\\\/\"},{\"@type\":\"ListItem\",\"position\":2,\"name\":\"Patricia Reyes Esp\u00edndola sobre Yalitza: \u201cNo es su vocaci\u00f3n, no es lo que quiere. Creo que es un flash\u201d\"}]},{\"@type\":\"WebSite\",\"@id\":\"https:\\\/\\\/quehacerpolitico.mx\\\/#website\",\"url\":\"https:\\\/\\\/quehacerpolitico.mx\\\/\",\"name\":\"\",\"description\":\"\",\"potentialAction\":[{\"@type\":\"SearchAction\",\"target\":{\"@type\":\"EntryPoint\",\"urlTemplate\":\"https:\\\/\\\/quehacerpolitico.mx\\\/?s={search_term_string}\"},\"query-input\":{\"@type\":\"PropertyValueSpecification\",\"valueRequired\":true,\"valueName\":\"search_term_string\"}}],\"inLanguage\":\"es\"},{\"@type\":\"Person\",\"@id\":\"https:\\\/\\\/quehacerpolitico.mx\\\/#\\\/schema\\\/person\\\/496d8ad2d1d3f8036101dca7ee39e585\",\"name\":\"Redacci\u00f3n QP\",\"image\":{\"@type\":\"ImageObject\",\"inLanguage\":\"es\",\"@id\":\"https:\\\/\\\/secure.gravatar.com\\\/avatar\\\/c7164ed6fdec453195284ad24a5ae5b6e1eed2b848477fa2a4787ba9adf39a41?s=96&d=mm&r=g\",\"url\":\"https:\\\/\\\/secure.gravatar.com\\\/avatar\\\/c7164ed6fdec453195284ad24a5ae5b6e1eed2b848477fa2a4787ba9adf39a41?s=96&d=mm&r=g\",\"contentUrl\":\"https:\\\/\\\/secure.gravatar.com\\\/avatar\\\/c7164ed6fdec453195284ad24a5ae5b6e1eed2b848477fa2a4787ba9adf39a41?s=96&d=mm&r=g\",\"caption\":\"Redacci\u00f3n QP\"},\"url\":\"https:\\\/\\\/quehacerpolitico.mx\\\/?author=2\"}]}<\/script>\n<!-- \/ Yoast SEO plugin. -->","yoast_head_json":{"title":"Patricia Reyes Esp\u00edndola sobre Yalitza: \u201cNo es su vocaci\u00f3n, no es lo que quiere. Creo que es un flash\u201d -","robots":{"index":"index","follow":"follow","max-snippet":"max-snippet:-1","max-image-preview":"max-image-preview:large","max-video-preview":"max-video-preview:-1"},"canonical":"https:\/\/quehacerpolitico.mx\/?p=15055","og_locale":"es_MX","og_type":"article","og_title":"Patricia Reyes Esp\u00edndola sobre Yalitza: \u201cNo es su vocaci\u00f3n, no es lo que quiere. Creo que es un flash\u201d -","og_description":"Patricia Reyes Esp\u00edndola sobre Yalitza: \u201cNo es su vocaci\u00f3n, no es lo que quiere. Creo que es un flash\u201d Por Redacci\u00f3n QP","og_url":"https:\/\/quehacerpolitico.mx\/?p=15055","article_published_time":"2019-01-23T04:18:40+00:00","author":"Redacci\u00f3n QP","twitter_card":"summary_large_image","twitter_misc":{"Escrito por":"Redacci\u00f3n QP","Tiempo de lectura":"3 minutos"},"schema":{"@context":"https:\/\/schema.org","@graph":[{"@type":"Article","@id":"https:\/\/quehacerpolitico.mx\/?p=15055#article","isPartOf":{"@id":"https:\/\/quehacerpolitico.mx\/?p=15055"},"author":{"name":"Redacci\u00f3n QP","@id":"https:\/\/quehacerpolitico.mx\/#\/schema\/person\/496d8ad2d1d3f8036101dca7ee39e585"},"headline":"Patricia Reyes Esp\u00edndola sobre Yalitza: \u201cNo es su vocaci\u00f3n, no es lo que quiere. Creo que es un flash\u201d","datePublished":"2019-01-23T04:18:40+00:00","mainEntityOfPage":{"@id":"https:\/\/quehacerpolitico.mx\/?p=15055"},"wordCount":660,"commentCount":0,"image":{"@id":"https:\/\/quehacerpolitico.mx\/?p=15055#primaryimage"},"thumbnailUrl":"","articleSection":["Cultura y Entretenimiento"],"inLanguage":"es","potentialAction":[{"@type":"CommentAction","name":"Comment","target":["https:\/\/quehacerpolitico.mx\/?p=15055#respond"]}]},{"@type":"WebPage","@id":"https:\/\/quehacerpolitico.mx\/?p=15055","url":"https:\/\/quehacerpolitico.mx\/?p=15055","name":"Patricia Reyes Esp\u00edndola sobre Yalitza: \u201cNo es su vocaci\u00f3n, no es lo que quiere. Creo que es un flash\u201d -","isPartOf":{"@id":"https:\/\/quehacerpolitico.mx\/#website"},"primaryImageOfPage":{"@id":"https:\/\/quehacerpolitico.mx\/?p=15055#primaryimage"},"image":{"@id":"https:\/\/quehacerpolitico.mx\/?p=15055#primaryimage"},"thumbnailUrl":"","datePublished":"2019-01-23T04:18:40+00:00","author":{"@id":"https:\/\/quehacerpolitico.mx\/#\/schema\/person\/496d8ad2d1d3f8036101dca7ee39e585"},"breadcrumb":{"@id":"https:\/\/quehacerpolitico.mx\/?p=15055#breadcrumb"},"inLanguage":"es","potentialAction":[{"@type":"ReadAction","target":["https:\/\/quehacerpolitico.mx\/?p=15055"]}]},{"@type":"ImageObject","inLanguage":"es","@id":"https:\/\/quehacerpolitico.mx\/?p=15055#primaryimage","url":"","contentUrl":""},{"@type":"BreadcrumbList","@id":"https:\/\/quehacerpolitico.mx\/?p=15055#breadcrumb","itemListElement":[{"@type":"ListItem","position":1,"name":"Inicio","item":"https:\/\/quehacerpolitico.mx\/"},{"@type":"ListItem","position":2,"name":"Patricia Reyes Esp\u00edndola sobre Yalitza: \u201cNo es su vocaci\u00f3n, no es lo que quiere. Creo que es un flash\u201d"}]},{"@type":"WebSite","@id":"https:\/\/quehacerpolitico.mx\/#website","url":"https:\/\/quehacerpolitico.mx\/","name":"","description":"","potentialAction":[{"@type":"SearchAction","target":{"@type":"EntryPoint","urlTemplate":"https:\/\/quehacerpolitico.mx\/?s={search_term_string}"},"query-input":{"@type":"PropertyValueSpecification","valueRequired":true,"valueName":"search_term_string"}}],"inLanguage":"es"},{"@type":"Person","@id":"https:\/\/quehacerpolitico.mx\/#\/schema\/person\/496d8ad2d1d3f8036101dca7ee39e585","name":"Redacci\u00f3n QP","image":{"@type":"ImageObject","inLanguage":"es","@id":"https:\/\/secure.gravatar.com\/avatar\/c7164ed6fdec453195284ad24a5ae5b6e1eed2b848477fa2a4787ba9adf39a41?s=96&d=mm&r=g","url":"https:\/\/secure.gravatar.com\/avatar\/c7164ed6fdec453195284ad24a5ae5b6e1eed2b848477fa2a4787ba9adf39a41?s=96&d=mm&r=g","contentUrl":"https:\/\/secure.gravatar.com\/avatar\/c7164ed6fdec453195284ad24a5ae5b6e1eed2b848477fa2a4787ba9adf39a41?s=96&d=mm&r=g","caption":"Redacci\u00f3n QP"},"url":"https:\/\/quehacerpolitico.mx\/?author=2"}]}},"featured_image_urls":{"full":"","thumbnail":"","medium":"","medium_large":"","large":"","1536x1536":"","2048x2048":"","covernews-featured":"","covernews-medium":""},"author_info":{"display_name":"Redacci\u00f3n QP","author_link":"https:\/\/quehacerpolitico.mx\/?author=2"},"category_info":"<a href=\"https:\/\/quehacerpolitico.mx\/?cat=58\" rel=\"category\">Cultura y Entretenimiento<\/a>","tag_info":"Cultura y Entretenimiento","comment_count":"0","_links":{"self":[{"href":"https:\/\/quehacerpolitico.mx\/index.php?rest_route=\/wp\/v2\/posts\/15055","targetHints":{"allow":["GET"]}}],"collection":[{"href":"https:\/\/quehacerpolitico.mx\/index.php?rest_route=\/wp\/v2\/posts"}],"about":[{"href":"https:\/\/quehacerpolitico.mx\/index.php?rest_route=\/wp\/v2\/types\/post"}],"author":[{"embeddable":true,"href":"https:\/\/quehacerpolitico.mx\/index.php?rest_route=\/wp\/v2\/users\/2"}],"replies":[{"embeddable":true,"href":"https:\/\/quehacerpolitico.mx\/index.php?rest_route=%2Fwp%2Fv2%2Fcomments&post=15055"}],"version-history":[{"count":0,"href":"https:\/\/quehacerpolitico.mx\/index.php?rest_route=\/wp\/v2\/posts\/15055\/revisions"}],"wp:featuredmedia":[{"embeddable":true,"href":"https:\/\/quehacerpolitico.mx\/index.php?rest_route=\/"}],"wp:attachment":[{"href":"https:\/\/quehacerpolitico.mx\/index.php?rest_route=%2Fwp%2Fv2%2Fmedia&parent=15055"}],"wp:term":[{"taxonomy":"category","embeddable":true,"href":"https:\/\/quehacerpolitico.mx\/index.php?rest_route=%2Fwp%2Fv2%2Fcategories&post=15055"},{"taxonomy":"post_tag","embeddable":true,"href":"https:\/\/quehacerpolitico.mx\/index.php?rest_route=%2Fwp%2Fv2%2Ftags&post=15055"}],"curies":[{"name":"wp","href":"https:\/\/api.w.org\/{rel}","templated":true}]}}