{"id":15049,"date":"2019-01-23T03:45:06","date_gmt":"2019-01-23T03:45:06","guid":{"rendered":"http:\/\/quehacerpolitico.mx\/recuerdan-a-jorge-ibarguengoitia-en-aniversario-de-su-natalicio\/"},"modified":"2019-01-23T03:45:06","modified_gmt":"2019-01-23T03:45:06","slug":"recuerdan-a-jorge-ibarguengoitia-en-aniversario-de-su-natalicio","status":"publish","type":"post","link":"https:\/\/quehacerpolitico.mx\/?p=15049","title":{"rendered":"Recuerdan a Jorge Ibarg\u00fcengoitia en aniversario de su natalicio"},"content":{"rendered":"<h1 class=\"news-title\">Recuerdan a Jorge Ibarg\u00fcengoitia en aniversario de su natalicio<\/h1>\n<p>Por Redacci\u00f3n QP<\/p>\n<header class=\"news-header\">\n<div class=\"news-subtitle\">\n<p>El Instituto Nacional de Bellas Artes y Literatura resalt\u00f3 el amor por las letras que predomin\u00f3 en el escritor a lo largo de su vida<\/p>\n<\/div>\n<\/header>\n<div class=\"news-content\">\n<div class=\"news-body row\">\n<p>El dramaturgo y narrador Jorge Ibarg\u00fcengoitia, quien naci\u00f3 un d\u00eda como hoy, pero de 1928, es recordado por el Instituto Nacional de Bellas Artes y Literatura (INBAL), como <strong>uno de los escritores mexicanos m\u00e1s prol\u00edficos de su \u00e9poca, el cual lograba convertir elementos grotescos o absurdos en s\u00e1tiras mordaces.<\/strong><\/p>\n<blockquote>\n<p>&#8220;Si vivo ochenta a\u00f1os, cuando muera dejar\u00e9 un montoncito de libros y me llevar\u00e9 a la tumba una vast\u00edsima biblioteca imaginaria&#8221;<\/p>\n<\/blockquote>\n<p>Ibarg\u00fcengoitia fue un genio de la escritura que durante su adolescencia so\u00f1aba con dedicarse a la ingenier\u00eda, sin embargo, <strong>al ver la obra &#8220;Rosalba y los llaveros&#8221; de Emilio Carballido, descubri\u00f3 su pasi\u00f3n por la literatura.<\/strong><\/p>\n<p>M\u00e1s tarde, inici\u00f3 su formaci\u00f3n profesional inscribi\u00e9ndose a la universidad, donde se convirti\u00f3 en &#8220;el \u00fanico alumno verdadero&#8221; de Rodolfo Usigli, considerado el padre del teatro mexicano moderno y quien opinar\u00eda de su alumno que <strong>&#8220;es evidente que tiene usted sentido del di\u00e1logo y es capaz de escribir comedia&#8221;.<\/strong><\/p>\n<p>La carrera del amante de las letras despegar\u00eda poco a poco cuando gan\u00f3 el premio de la novela Casa de las Am\u00e9ricas en 1964 con su obra &#8220;Los rel\u00e1mpagos de agosto&#8221;, la cual se tradujo en siete idiomas y cambi\u00f3 su vida porque lo &#8220;hizo comprender que el medio de comunicaci\u00f3n adecuado para un hombre insociable como yo es la prosa narrativa&#8221;, se\u00f1ala un comunicado de prensa.<\/p>\n<blockquote class=\"twitter-tweet\" data-width=\"550\" data-dnt=\"true\">\n<p lang=\"es\" dir=\"ltr\"><a href=\"https:\/\/twitter.com\/hashtag\/FelizMartes?src=hash&amp;ref_src=twsrc%5Etfw\">#FelizMartes<\/a>  Jorge Ibarg\u00fcengoitia naci\u00f3 un d\u00eda como hoy de 1928 en Guanajuato, Gto.<\/p>\n<p>Sus libros, con ilustraciones de portada de Joy Laville, los puedes consultar en nuestra biblioteca.\ud83d\udcda<\/p>\n<p>Estamos ubicados en Rep\u00fablica de Brasil 37, Centro Hist\u00f3rico. <a href=\"https:\/\/t.co\/OExmunqg6V\">pic.twitter.com\/OExmunqg6V<\/a><\/p>\n<p>&mdash; Literatura INBAL (@literaturainba) <a href=\"https:\/\/twitter.com\/literaturainba\/status\/1087720864177623040?ref_src=twsrc%5Etfw\">January 22, 2019<\/a><\/p><\/blockquote>\n<p><script async src=\"https:\/\/platform.twitter.com\/widgets.js\" charset=\"utf-8\"><\/script><\/p>\n<p>Para el mexicano, escribir <strong>significaba llegar directo al lector, sin intermediarios, sin convencer a actores o empresarios y por medio de hojas que las personas pueden decidir c\u00f3mo y cu\u00e1ndo leerlas, sin ofender a nadie.<\/strong><\/p>\n<p>Logr\u00f3 impresionar al periodista Vicente Le\u00f1ero, quien aseveraba que lo que en los sesenta fueron Gustavo Sainz y Jos\u00e9 Agust\u00edn para la novela mexicana, lo fueron para la dramaturgia mexicana H\u00e9ctor Mendoza y Jorge Ibarg\u00fcengoitia.<\/p>\n<p>&#8220;La ley de Herodes&#8221;, &#8220;Maten al le\u00f3n&#8221;, &#8220;Estas ruinas que ves&#8221;, &#8220;Las muertas&#8221;, &#8220;Dos cr\u00edmenes&#8221; y &#8220;Los pasos de L\u00f3pez&#8221; son algunas de las obras m\u00e1s destacadas de este autor que lo convirtieron en una figura singular dentro de las letras mexicanas.<\/p>\n<p>&#8220;Si vivo ochenta a\u00f1os, cuando muera dejar\u00e9 un montoncito de libros y me llevar\u00e9 a la tumba una vast\u00edsima biblioteca imaginaria&#8221;, fueron las palabras de Ibarg\u00fcengoitia al cumplir 50 a\u00f1os y que enmarcan su amor por las letras.<\/p>\n<\/div>\n<\/div>\n","protected":false},"excerpt":{"rendered":"<p>Recuerdan a Jorge Ibarg\u00fcengoitia en aniversario de su natalicio<br \/>\nPor Redacci\u00f3n QP<\/p>\n","protected":false},"author":2,"featured_media":15048,"comment_status":"open","ping_status":"open","sticky":false,"template":"","format":"standard","meta":{"_monsterinsights_skip_tracking":false,"_monsterinsights_sitenote_active":false,"_monsterinsights_sitenote_note":"","_monsterinsights_sitenote_category":0,"footnotes":""},"categories":[58],"tags":[],"class_list":["post-15049","post","type-post","status-publish","format-standard","has-post-thumbnail","hentry","category-cultura"],"yoast_head":"<!-- This site is optimized with the Yoast SEO plugin v27.3 - https:\/\/yoast.com\/product\/yoast-seo-wordpress\/ -->\n<title>Recuerdan a Jorge Ibarg\u00fcengoitia en aniversario de su natalicio -<\/title>\n<meta name=\"robots\" content=\"index, follow, max-snippet:-1, max-image-preview:large, max-video-preview:-1\" \/>\n<link rel=\"canonical\" href=\"https:\/\/quehacerpolitico.mx\/?p=15049\" \/>\n<meta property=\"og:locale\" content=\"es_MX\" \/>\n<meta property=\"og:type\" content=\"article\" \/>\n<meta property=\"og:title\" content=\"Recuerdan a Jorge Ibarg\u00fcengoitia en aniversario de su natalicio -\" \/>\n<meta property=\"og:description\" content=\"Recuerdan a Jorge Ibarg\u00fcengoitia en aniversario de su natalicio Por Redacci\u00f3n QP\" \/>\n<meta property=\"og:url\" content=\"https:\/\/quehacerpolitico.mx\/?p=15049\" \/>\n<meta property=\"article:published_time\" content=\"2019-01-23T03:45:06+00:00\" \/>\n<meta name=\"author\" content=\"Redacci\u00f3n QP\" \/>\n<meta name=\"twitter:card\" content=\"summary_large_image\" \/>\n<meta name=\"twitter:label1\" content=\"Escrito por\" \/>\n\t<meta name=\"twitter:data1\" content=\"Redacci\u00f3n QP\" \/>\n\t<meta name=\"twitter:label2\" content=\"Tiempo de lectura\" \/>\n\t<meta name=\"twitter:data2\" content=\"2 minutos\" \/>\n<script type=\"application\/ld+json\" class=\"yoast-schema-graph\">{\"@context\":\"https:\\\/\\\/schema.org\",\"@graph\":[{\"@type\":\"Article\",\"@id\":\"https:\\\/\\\/quehacerpolitico.mx\\\/?p=15049#article\",\"isPartOf\":{\"@id\":\"https:\\\/\\\/quehacerpolitico.mx\\\/?p=15049\"},\"author\":{\"name\":\"Redacci\u00f3n QP\",\"@id\":\"https:\\\/\\\/quehacerpolitico.mx\\\/#\\\/schema\\\/person\\\/496d8ad2d1d3f8036101dca7ee39e585\"},\"headline\":\"Recuerdan a Jorge Ibarg\u00fcengoitia en aniversario de su natalicio\",\"datePublished\":\"2019-01-23T03:45:06+00:00\",\"mainEntityOfPage\":{\"@id\":\"https:\\\/\\\/quehacerpolitico.mx\\\/?p=15049\"},\"wordCount\":459,\"commentCount\":0,\"image\":{\"@id\":\"https:\\\/\\\/quehacerpolitico.mx\\\/?p=15049#primaryimage\"},\"thumbnailUrl\":\"\",\"articleSection\":[\"Cultura y Entretenimiento\"],\"inLanguage\":\"es\",\"potentialAction\":[{\"@type\":\"CommentAction\",\"name\":\"Comment\",\"target\":[\"https:\\\/\\\/quehacerpolitico.mx\\\/?p=15049#respond\"]}]},{\"@type\":\"WebPage\",\"@id\":\"https:\\\/\\\/quehacerpolitico.mx\\\/?p=15049\",\"url\":\"https:\\\/\\\/quehacerpolitico.mx\\\/?p=15049\",\"name\":\"Recuerdan a Jorge Ibarg\u00fcengoitia en aniversario de su natalicio -\",\"isPartOf\":{\"@id\":\"https:\\\/\\\/quehacerpolitico.mx\\\/#website\"},\"primaryImageOfPage\":{\"@id\":\"https:\\\/\\\/quehacerpolitico.mx\\\/?p=15049#primaryimage\"},\"image\":{\"@id\":\"https:\\\/\\\/quehacerpolitico.mx\\\/?p=15049#primaryimage\"},\"thumbnailUrl\":\"\",\"datePublished\":\"2019-01-23T03:45:06+00:00\",\"author\":{\"@id\":\"https:\\\/\\\/quehacerpolitico.mx\\\/#\\\/schema\\\/person\\\/496d8ad2d1d3f8036101dca7ee39e585\"},\"breadcrumb\":{\"@id\":\"https:\\\/\\\/quehacerpolitico.mx\\\/?p=15049#breadcrumb\"},\"inLanguage\":\"es\",\"potentialAction\":[{\"@type\":\"ReadAction\",\"target\":[\"https:\\\/\\\/quehacerpolitico.mx\\\/?p=15049\"]}]},{\"@type\":\"ImageObject\",\"inLanguage\":\"es\",\"@id\":\"https:\\\/\\\/quehacerpolitico.mx\\\/?p=15049#primaryimage\",\"url\":\"\",\"contentUrl\":\"\"},{\"@type\":\"BreadcrumbList\",\"@id\":\"https:\\\/\\\/quehacerpolitico.mx\\\/?p=15049#breadcrumb\",\"itemListElement\":[{\"@type\":\"ListItem\",\"position\":1,\"name\":\"Inicio\",\"item\":\"https:\\\/\\\/quehacerpolitico.mx\\\/\"},{\"@type\":\"ListItem\",\"position\":2,\"name\":\"Recuerdan a Jorge Ibarg\u00fcengoitia en aniversario de su natalicio\"}]},{\"@type\":\"WebSite\",\"@id\":\"https:\\\/\\\/quehacerpolitico.mx\\\/#website\",\"url\":\"https:\\\/\\\/quehacerpolitico.mx\\\/\",\"name\":\"\",\"description\":\"\",\"potentialAction\":[{\"@type\":\"SearchAction\",\"target\":{\"@type\":\"EntryPoint\",\"urlTemplate\":\"https:\\\/\\\/quehacerpolitico.mx\\\/?s={search_term_string}\"},\"query-input\":{\"@type\":\"PropertyValueSpecification\",\"valueRequired\":true,\"valueName\":\"search_term_string\"}}],\"inLanguage\":\"es\"},{\"@type\":\"Person\",\"@id\":\"https:\\\/\\\/quehacerpolitico.mx\\\/#\\\/schema\\\/person\\\/496d8ad2d1d3f8036101dca7ee39e585\",\"name\":\"Redacci\u00f3n QP\",\"image\":{\"@type\":\"ImageObject\",\"inLanguage\":\"es\",\"@id\":\"https:\\\/\\\/secure.gravatar.com\\\/avatar\\\/c7164ed6fdec453195284ad24a5ae5b6e1eed2b848477fa2a4787ba9adf39a41?s=96&d=mm&r=g\",\"url\":\"https:\\\/\\\/secure.gravatar.com\\\/avatar\\\/c7164ed6fdec453195284ad24a5ae5b6e1eed2b848477fa2a4787ba9adf39a41?s=96&d=mm&r=g\",\"contentUrl\":\"https:\\\/\\\/secure.gravatar.com\\\/avatar\\\/c7164ed6fdec453195284ad24a5ae5b6e1eed2b848477fa2a4787ba9adf39a41?s=96&d=mm&r=g\",\"caption\":\"Redacci\u00f3n QP\"},\"url\":\"https:\\\/\\\/quehacerpolitico.mx\\\/?author=2\"}]}<\/script>\n<!-- \/ Yoast SEO plugin. -->","yoast_head_json":{"title":"Recuerdan a Jorge Ibarg\u00fcengoitia en aniversario de su natalicio -","robots":{"index":"index","follow":"follow","max-snippet":"max-snippet:-1","max-image-preview":"max-image-preview:large","max-video-preview":"max-video-preview:-1"},"canonical":"https:\/\/quehacerpolitico.mx\/?p=15049","og_locale":"es_MX","og_type":"article","og_title":"Recuerdan a Jorge Ibarg\u00fcengoitia en aniversario de su natalicio -","og_description":"Recuerdan a Jorge Ibarg\u00fcengoitia en aniversario de su natalicio Por Redacci\u00f3n QP","og_url":"https:\/\/quehacerpolitico.mx\/?p=15049","article_published_time":"2019-01-23T03:45:06+00:00","author":"Redacci\u00f3n QP","twitter_card":"summary_large_image","twitter_misc":{"Escrito por":"Redacci\u00f3n QP","Tiempo de lectura":"2 minutos"},"schema":{"@context":"https:\/\/schema.org","@graph":[{"@type":"Article","@id":"https:\/\/quehacerpolitico.mx\/?p=15049#article","isPartOf":{"@id":"https:\/\/quehacerpolitico.mx\/?p=15049"},"author":{"name":"Redacci\u00f3n QP","@id":"https:\/\/quehacerpolitico.mx\/#\/schema\/person\/496d8ad2d1d3f8036101dca7ee39e585"},"headline":"Recuerdan a Jorge Ibarg\u00fcengoitia en aniversario de su natalicio","datePublished":"2019-01-23T03:45:06+00:00","mainEntityOfPage":{"@id":"https:\/\/quehacerpolitico.mx\/?p=15049"},"wordCount":459,"commentCount":0,"image":{"@id":"https:\/\/quehacerpolitico.mx\/?p=15049#primaryimage"},"thumbnailUrl":"","articleSection":["Cultura y Entretenimiento"],"inLanguage":"es","potentialAction":[{"@type":"CommentAction","name":"Comment","target":["https:\/\/quehacerpolitico.mx\/?p=15049#respond"]}]},{"@type":"WebPage","@id":"https:\/\/quehacerpolitico.mx\/?p=15049","url":"https:\/\/quehacerpolitico.mx\/?p=15049","name":"Recuerdan a Jorge Ibarg\u00fcengoitia en aniversario de su natalicio -","isPartOf":{"@id":"https:\/\/quehacerpolitico.mx\/#website"},"primaryImageOfPage":{"@id":"https:\/\/quehacerpolitico.mx\/?p=15049#primaryimage"},"image":{"@id":"https:\/\/quehacerpolitico.mx\/?p=15049#primaryimage"},"thumbnailUrl":"","datePublished":"2019-01-23T03:45:06+00:00","author":{"@id":"https:\/\/quehacerpolitico.mx\/#\/schema\/person\/496d8ad2d1d3f8036101dca7ee39e585"},"breadcrumb":{"@id":"https:\/\/quehacerpolitico.mx\/?p=15049#breadcrumb"},"inLanguage":"es","potentialAction":[{"@type":"ReadAction","target":["https:\/\/quehacerpolitico.mx\/?p=15049"]}]},{"@type":"ImageObject","inLanguage":"es","@id":"https:\/\/quehacerpolitico.mx\/?p=15049#primaryimage","url":"","contentUrl":""},{"@type":"BreadcrumbList","@id":"https:\/\/quehacerpolitico.mx\/?p=15049#breadcrumb","itemListElement":[{"@type":"ListItem","position":1,"name":"Inicio","item":"https:\/\/quehacerpolitico.mx\/"},{"@type":"ListItem","position":2,"name":"Recuerdan a Jorge Ibarg\u00fcengoitia en aniversario de su natalicio"}]},{"@type":"WebSite","@id":"https:\/\/quehacerpolitico.mx\/#website","url":"https:\/\/quehacerpolitico.mx\/","name":"","description":"","potentialAction":[{"@type":"SearchAction","target":{"@type":"EntryPoint","urlTemplate":"https:\/\/quehacerpolitico.mx\/?s={search_term_string}"},"query-input":{"@type":"PropertyValueSpecification","valueRequired":true,"valueName":"search_term_string"}}],"inLanguage":"es"},{"@type":"Person","@id":"https:\/\/quehacerpolitico.mx\/#\/schema\/person\/496d8ad2d1d3f8036101dca7ee39e585","name":"Redacci\u00f3n QP","image":{"@type":"ImageObject","inLanguage":"es","@id":"https:\/\/secure.gravatar.com\/avatar\/c7164ed6fdec453195284ad24a5ae5b6e1eed2b848477fa2a4787ba9adf39a41?s=96&d=mm&r=g","url":"https:\/\/secure.gravatar.com\/avatar\/c7164ed6fdec453195284ad24a5ae5b6e1eed2b848477fa2a4787ba9adf39a41?s=96&d=mm&r=g","contentUrl":"https:\/\/secure.gravatar.com\/avatar\/c7164ed6fdec453195284ad24a5ae5b6e1eed2b848477fa2a4787ba9adf39a41?s=96&d=mm&r=g","caption":"Redacci\u00f3n QP"},"url":"https:\/\/quehacerpolitico.mx\/?author=2"}]}},"featured_image_urls":{"full":"","thumbnail":"","medium":"","medium_large":"","large":"","1536x1536":"","2048x2048":"","covernews-featured":"","covernews-medium":""},"author_info":{"display_name":"Redacci\u00f3n QP","author_link":"https:\/\/quehacerpolitico.mx\/?author=2"},"category_info":"<a href=\"https:\/\/quehacerpolitico.mx\/?cat=58\" rel=\"category\">Cultura y Entretenimiento<\/a>","tag_info":"Cultura y Entretenimiento","comment_count":"0","_links":{"self":[{"href":"https:\/\/quehacerpolitico.mx\/index.php?rest_route=\/wp\/v2\/posts\/15049","targetHints":{"allow":["GET"]}}],"collection":[{"href":"https:\/\/quehacerpolitico.mx\/index.php?rest_route=\/wp\/v2\/posts"}],"about":[{"href":"https:\/\/quehacerpolitico.mx\/index.php?rest_route=\/wp\/v2\/types\/post"}],"author":[{"embeddable":true,"href":"https:\/\/quehacerpolitico.mx\/index.php?rest_route=\/wp\/v2\/users\/2"}],"replies":[{"embeddable":true,"href":"https:\/\/quehacerpolitico.mx\/index.php?rest_route=%2Fwp%2Fv2%2Fcomments&post=15049"}],"version-history":[{"count":0,"href":"https:\/\/quehacerpolitico.mx\/index.php?rest_route=\/wp\/v2\/posts\/15049\/revisions"}],"wp:featuredmedia":[{"embeddable":true,"href":"https:\/\/quehacerpolitico.mx\/index.php?rest_route=\/"}],"wp:attachment":[{"href":"https:\/\/quehacerpolitico.mx\/index.php?rest_route=%2Fwp%2Fv2%2Fmedia&parent=15049"}],"wp:term":[{"taxonomy":"category","embeddable":true,"href":"https:\/\/quehacerpolitico.mx\/index.php?rest_route=%2Fwp%2Fv2%2Fcategories&post=15049"},{"taxonomy":"post_tag","embeddable":true,"href":"https:\/\/quehacerpolitico.mx\/index.php?rest_route=%2Fwp%2Fv2%2Ftags&post=15049"}],"curies":[{"name":"wp","href":"https:\/\/api.w.org\/{rel}","templated":true}]}}