{"id":15025,"date":"2019-01-23T00:40:55","date_gmt":"2019-01-23T00:40:55","guid":{"rendered":"http:\/\/quehacerpolitico.mx\/juez-ampara-a-general-contra-la-investigacion-que-lo-vincula-con-huachicoleo-en-el-sexenio-de-epn\/"},"modified":"2019-01-23T00:40:55","modified_gmt":"2019-01-23T00:40:55","slug":"juez-ampara-a-general-contra-la-investigacion-que-lo-vincula-con-huachicoleo-en-el-sexenio-de-epn","status":"publish","type":"post","link":"https:\/\/quehacerpolitico.mx\/?p=15025","title":{"rendered":"Juez ampara a General contra la investigaci\u00f3n que lo vincula con huachicoleo en el sexenio de EPN"},"content":{"rendered":"<h1>Juez ampara a General contra la investigaci\u00f3n que lo vincula con huachicoleo en el sexenio de EPN<\/h1>\n<p>Por Redacci\u00f3n QP<\/p>\n<p>La <strong>Jueza federal Patricia Marcela D\u00edez Cerda<\/strong> suspendi\u00f3 temporalmente cualquier <strong>orden de aprehensi\u00f3n o localizaci\u00f3n<\/strong> que haya contra Eduardo Le\u00f3n Trauwitz, General Brigadier Diplomado del <strong>Estado Mayor Presidencial (EMP)<\/strong> que es investigado por el saqueo de combustibles en Petr\u00f3leos Mexicanos (Pemex).<\/p>\n<p>El ex gerente de Servicios de Seguridad F\u00edsica de Pemex tambi\u00e9n fue amparado tambi\u00e9n contra cualquier orden de detenci\u00f3n, presentaci\u00f3n, b\u00fasqueda o arresto, de acuerdo con informaci\u00f3n de medios nacionales.<\/p>\n<blockquote>\n<p>El mi\u00e9rcoles 16 de enero, Le\u00f3n Trauwitz present\u00f3 el amparo. La resoluci\u00f3n fue dictada seis jornadas m\u00e1s tarde. La Jueza impuso al General Brigadier una garant\u00eda de 30 mil pesos. El pr\u00f3ximo jueves se determinar\u00e1 si se concede o no la suspensi\u00f3n definitiva.<\/p>\n<p>El 21 de noviembre de 2012, apenas nueve d\u00edas antes de que el priista\u00a0<strong>Enrique Pe\u00f1a Nieto<\/strong>\u00a0asumiera la Presidencia de M\u00e9xico, el panista\u00a0<strong>Felipe Calder\u00f3n Hinojosa<\/strong>\u00a0\u2013a\u00fan Jefe del Ejecutivo federal\u2013 propuso al Senado de la Rep\u00fablica promover el ascenso de 200 militares, entre ellos estaba el entonces coronel\u00a0<strong>Eduardo Le\u00f3n Trauwitz<\/strong>, quien hasta ese momento hab\u00eda fungido como\u00a0<strong>Jefe de Seguridad<\/strong>\u00a0del Presidente electo: Pe\u00f1a Nieto.<\/p>\n<div id=\"attachment_3526072\" class=\"wp-caption alignnone\"><img loading=\"lazy\" decoding=\"async\" class=\"wp-image-3526072 size-full\" src=\"https:\/\/www.sinembargo.mx\/wp-content\/uploads\/2019\/01\/image-2019-01-08-120908-1.jpg\" sizes=\"auto, (max-width: 700px) 100vw, 700px\" srcset=\"https:\/\/www.sinembargo.mx\/wp-content\/uploads\/2019\/01\/image-2019-01-08-120908-1.jpg 700w, https:\/\/www.sinembargo.mx\/wp-content\/uploads\/2019\/01\/image-2019-01-08-120908-1-251x300.jpg 251w\" alt=\"\" width=\"700\" height=\"837\" \/><\/p>\n<p class=\"wp-caption-text\">El General Eduardo Le\u00f3n Trauwitz \u2013al centro en la imagen\u2013 fue el encargado de la seguridad f\u00edsica de Petr\u00f3leos Mexicanos en el sexenio de Enrique Pe\u00f1a Nieto, de quien antes fue Jefe de Seguridad cuando el priista fue Gobernador del Estado de M\u00e9xco. Foto: Twitter, @diazdeleon26<\/p>\n<\/div>\n<p>Para entonces,\u00a0<strong>Le\u00f3n Trauwitz<\/strong>\u00a0\u2013quien fue\u00a0<strong>promovido a General Brigadier<\/strong>\u00a0Diplomado del\u00a0<strong>Estado Mayor Presidencial<\/strong>\u00a0(EMP)\u2013 ten\u00eda dos a\u00f1os trabajando codo a codo con Pe\u00f1a en el\u00a0<strong>Estado de M\u00e9xico<\/strong>, donde el pol\u00edtico de Atlacomulco era Gobernador.<\/p>\n<p>Antes de ser el encargado de la seguridad de Pe\u00f1a en el Edomex, Le\u00f3n se desempe\u00f1\u00f3 como Subjefe de la Secci\u00f3n Quinta en el Estado Mayor Presidencial, durante la administraci\u00f3n federal del panista Vicente Fox Quesada.<\/p>\n<blockquote>\n<p>De ese puesto fue que, en 2010, pidi\u00f3 licencia para ser jefe de seguridad del Gobernador Pe\u00f1a Nieto y luego lo acompa\u00f1\u00f3 durante la campa\u00f1a presidencial del priista, en 2012.<\/p>\n<\/blockquote>\n<p>La promoci\u00f3n de Eduardo Le\u00f3n a General Brigadier, en noviembre de 2012, no estuvo exenta de\u00a0<strong>reclamos internos<\/strong>\u00a0dentro de las\u00a0<strong>filas castrenses<\/strong>, de acuerdo con analistas especializados. Su ascenso rompi\u00f3 el orden tradicional, pues no obtuvo el grado por an\u00e1lisis y decisi\u00f3n del titular de la Secretar\u00eda de la Defensa Nacional (<strong>Sedena<\/strong>), sino por orden del entonces Presidente Calder\u00f3n Hinojosa, a petici\u00f3n de quien lo relevar\u00eda en Los Pinos: Pe\u00f1a Nieto.<\/p>\n<p>De acuerdo con\u00a0<em>Estado Mayor<\/em>, blog de informaci\u00f3n militar y seguridad nacional, en 2012, Le\u00f3n Trauwitz, entonces Coronel con licencia, \u201cno cumpl\u00eda con los cuatro a\u00f1os obligatorios de ejercicio del rango para ascender\u201d, aun as\u00ed el escolta del ex Gobernador mexiquense obtuvo el rango de General Brigadier.<\/p>\n<blockquote>\n<p>Los planes apuntaban a que Eduardo Le\u00f3n ser\u00eda entonces el Jefe del Estado Mayor Presidencial, pero el descontento interno lo impidi\u00f3 y se nombr\u00f3 entonces al General Roberto Miranda S\u00e1nchez.<\/p>\n<\/blockquote>\n<p>Al asumir la Presidencia, y como premio de consolaci\u00f3n, Pe\u00f1a Nieto nombr\u00f3 a su escolta Eduardo Le\u00f3n Trauwitz como titular de la Gerencia de Servicios de Seguridad F\u00edsica (GSSF) de\u00a0<strong>Petr\u00f3leos Mexicanos<\/strong>\u00a0(<strong>Pemex<\/strong>), cargo que ocup\u00f3 hasta el 14 de marzo de 2014, cuando el Consejo de Administraci\u00f3n de Pemex aprob\u00f3 la creaci\u00f3n de la Subdirecci\u00f3n de Salvaguarda Estrat\u00e9gica (SSE) \u2013\u201ccon el objetivo de fortalecer las pol\u00edticas de seguridad para la protecci\u00f3n de las instalaciones, bienes y valores\u201d de la petrolera\u2013,que le fue entregada al General Brigadier hasta el cierre del sexenio pe\u00f1ista, el de la peor crisis de robo de combustible, explosiones y accidentes en la llamada Empresa Productiva del Estado.<\/p>\n<p>El martes 8 de enero, en el marco de la estrategia desplegada para combatir el\u00a0<strong>huachicoleo\u00a0<\/strong>en M\u00e9xico, el Presidente\u00a0<strong>Andr\u00e9s Manuel L\u00f3pez Obrador<\/strong>\u00a0afirm\u00f3 que Le\u00f3n Trauwitz est\u00e1 ya\u00a0<strong>bajo investigaci\u00f3n<\/strong>\u00a0por el\u00a0<strong>saqueo de combustibles<\/strong>\u00a0a Pemex.<\/p>\n<blockquote>\n<p>\u201cEst\u00e1 [el General de Brigada] en una lista de personas que se investigan con relaci\u00f3n a esto, sin que haya todav\u00eda nada definitivo. Se est\u00e1 investigando a todos los que tienen que ver o tuvieron que ver\u201d, dijo L\u00f3pez Obrador en su conferencia matutina.<\/p>\n<\/blockquote>\n<p><strong>EL EXPLOSIVO PASO POR PEMEX<\/strong><\/p>\n<p>La hoja de vida del General Le\u00f3n \u2013quien tiene 51 a\u00f1os de edad\u2013 dice que es egresado del Colegio Militar en 1986 y obtuvo la licenciatura en Administraci\u00f3n Militar en la Escuela Superior de Guerra en 1994. Tambi\u00e9n que obtuvo la licenciatura en Relaciones Internacionales en la Facultad de Ciencias Pol\u00edticas y Sociales de la Universidad Nacional Aut\u00f3noma de M\u00e9xico (UNAM) en 2009.<\/p>\n<p>Su primer fracaso como titular de la Gerencia de Servicios de Seguridad F\u00edsica de Petr\u00f3leos Mexicanos se dio el 31 de 2013, apenas dos meses despu\u00e9s de haber asumido el cargo, cuando a las 15:45 horas se registr\u00f3 una explosi\u00f3n en en el Edificio B2 de la sede de Petr\u00f3leos Mexicanos en la Ciudad de M\u00e9xico.<\/p>\n<p>La detonaci\u00f3n cobr\u00f3 la vida de 37 personas y dej\u00f3 con lesiones a otras 126, as\u00ed como importantes da\u00f1os materiales en el edificio, pero tambi\u00e9n puso en evidencia las deficiencias en la seguridad corporativa de la empresa.<\/p>\n<p>De acuerdo con una investigaci\u00f3n del periodista Jorge Carrasco, publicada en la revista\u00a0<em>Proceso<\/em>, a la explosi\u00f3n mortal en la sede de Pemex, al General Le\u00f3n Trauwitz se le entregaron cuantiosos recursos para aumentar la seguridad en la entonces paraestatal, incluido gastos para combatir a los huachicoleros.<\/p>\n<p>\u00c9l mismo, en una entrevista con la revista\u00a0<em>Armas<\/em>\u00a0[n\u00famero 488], explic\u00f3 el despliegue de elementos del Ej\u00e9rcito en la lucha contra el huachicol.<\/p>\n<blockquote>\n<p>\u201cHoy tenemos desplegados permanentemente m\u00e1s de 2 mil 500 elementos de las Fuerzas Armadas y de Pemex a lo largo de 60 kil\u00f3metros de ductos, quienes se encuentran permanentemente combatiendo este il\u00edcito\u201d, afirm\u00f3. De acuerdo con sus propias estimaciones, el delito hab\u00eda pasado entonces de 19 mil millones de pesos a 30 mil millones de pesos al a\u00f1o.<\/p>\n<\/blockquote>\n<p>Pero el General Brigadier, involucrado tambi\u00e9n en esc\u00e1ndalos relacionados con Emilio Lozoya Austin, ex director general de Pemex, entre otros, se qued\u00f3 muy corto.<\/p>\n<p>Al final del Gobierno de Pe\u00f1a Nieto, el robo de combustibles en M\u00e9xico ascendi\u00f3 a 60 mil millones de pesos.<\/p>\n<p>La crisis de violencia desatada por esa pr\u00e1ctica, as\u00ed como las p\u00e9rdidas que hicieron mella en las finanzas de la petrolera mexicana, obligaron al nuevo Gobierno federal a desplegar una estrategia a nivel nacional.<\/p>\n<\/blockquote>\n","protected":false},"excerpt":{"rendered":"<p>Juez ampara a General contra la investigaci\u00f3n que lo vincula con huachicoleo en el sexenio de EPN<br \/>\nPor Redacci\u00f3n QP<\/p>\n","protected":false},"author":2,"featured_media":15024,"comment_status":"open","ping_status":"open","sticky":false,"template":"","format":"standard","meta":{"_monsterinsights_skip_tracking":false,"_monsterinsights_sitenote_active":false,"_monsterinsights_sitenote_note":"","_monsterinsights_sitenote_category":0,"footnotes":""},"categories":[2],"tags":[],"class_list":["post-15025","post","type-post","status-publish","format-standard","has-post-thumbnail","hentry","category-noticias"],"yoast_head":"<!-- This site is optimized with the Yoast SEO plugin v27.3 - https:\/\/yoast.com\/product\/yoast-seo-wordpress\/ -->\n<title>Juez ampara a General contra la investigaci\u00f3n que lo vincula con huachicoleo en el sexenio de EPN -<\/title>\n<meta name=\"robots\" content=\"index, follow, max-snippet:-1, max-image-preview:large, max-video-preview:-1\" \/>\n<link rel=\"canonical\" href=\"https:\/\/quehacerpolitico.mx\/?p=15025\" \/>\n<meta property=\"og:locale\" content=\"es_MX\" \/>\n<meta property=\"og:type\" content=\"article\" \/>\n<meta property=\"og:title\" content=\"Juez ampara a General contra la investigaci\u00f3n que lo vincula con huachicoleo en el sexenio de EPN -\" \/>\n<meta property=\"og:description\" content=\"Juez ampara a General contra la investigaci\u00f3n que lo vincula con huachicoleo en el sexenio de EPN Por Redacci\u00f3n QP\" \/>\n<meta property=\"og:url\" content=\"https:\/\/quehacerpolitico.mx\/?p=15025\" \/>\n<meta property=\"article:published_time\" content=\"2019-01-23T00:40:55+00:00\" \/>\n<meta name=\"author\" content=\"Redacci\u00f3n QP\" \/>\n<meta name=\"twitter:card\" content=\"summary_large_image\" \/>\n<meta name=\"twitter:label1\" content=\"Escrito por\" \/>\n\t<meta name=\"twitter:data1\" content=\"Redacci\u00f3n QP\" \/>\n\t<meta name=\"twitter:label2\" content=\"Tiempo de lectura\" \/>\n\t<meta name=\"twitter:data2\" content=\"6 minutos\" \/>\n<script type=\"application\/ld+json\" class=\"yoast-schema-graph\">{\"@context\":\"https:\\\/\\\/schema.org\",\"@graph\":[{\"@type\":\"Article\",\"@id\":\"https:\\\/\\\/quehacerpolitico.mx\\\/?p=15025#article\",\"isPartOf\":{\"@id\":\"https:\\\/\\\/quehacerpolitico.mx\\\/?p=15025\"},\"author\":{\"name\":\"Redacci\u00f3n QP\",\"@id\":\"https:\\\/\\\/quehacerpolitico.mx\\\/#\\\/schema\\\/person\\\/496d8ad2d1d3f8036101dca7ee39e585\"},\"headline\":\"Juez ampara a General contra la investigaci\u00f3n que lo vincula con huachicoleo en el sexenio de EPN\",\"datePublished\":\"2019-01-23T00:40:55+00:00\",\"mainEntityOfPage\":{\"@id\":\"https:\\\/\\\/quehacerpolitico.mx\\\/?p=15025\"},\"wordCount\":1169,\"commentCount\":0,\"image\":{\"@id\":\"https:\\\/\\\/quehacerpolitico.mx\\\/?p=15025#primaryimage\"},\"thumbnailUrl\":\"\",\"articleSection\":[\"Noticias\"],\"inLanguage\":\"es\",\"potentialAction\":[{\"@type\":\"CommentAction\",\"name\":\"Comment\",\"target\":[\"https:\\\/\\\/quehacerpolitico.mx\\\/?p=15025#respond\"]}]},{\"@type\":\"WebPage\",\"@id\":\"https:\\\/\\\/quehacerpolitico.mx\\\/?p=15025\",\"url\":\"https:\\\/\\\/quehacerpolitico.mx\\\/?p=15025\",\"name\":\"Juez ampara a General contra la investigaci\u00f3n que lo vincula con huachicoleo en el sexenio de EPN -\",\"isPartOf\":{\"@id\":\"https:\\\/\\\/quehacerpolitico.mx\\\/#website\"},\"primaryImageOfPage\":{\"@id\":\"https:\\\/\\\/quehacerpolitico.mx\\\/?p=15025#primaryimage\"},\"image\":{\"@id\":\"https:\\\/\\\/quehacerpolitico.mx\\\/?p=15025#primaryimage\"},\"thumbnailUrl\":\"\",\"datePublished\":\"2019-01-23T00:40:55+00:00\",\"author\":{\"@id\":\"https:\\\/\\\/quehacerpolitico.mx\\\/#\\\/schema\\\/person\\\/496d8ad2d1d3f8036101dca7ee39e585\"},\"breadcrumb\":{\"@id\":\"https:\\\/\\\/quehacerpolitico.mx\\\/?p=15025#breadcrumb\"},\"inLanguage\":\"es\",\"potentialAction\":[{\"@type\":\"ReadAction\",\"target\":[\"https:\\\/\\\/quehacerpolitico.mx\\\/?p=15025\"]}]},{\"@type\":\"ImageObject\",\"inLanguage\":\"es\",\"@id\":\"https:\\\/\\\/quehacerpolitico.mx\\\/?p=15025#primaryimage\",\"url\":\"\",\"contentUrl\":\"\"},{\"@type\":\"BreadcrumbList\",\"@id\":\"https:\\\/\\\/quehacerpolitico.mx\\\/?p=15025#breadcrumb\",\"itemListElement\":[{\"@type\":\"ListItem\",\"position\":1,\"name\":\"Inicio\",\"item\":\"https:\\\/\\\/quehacerpolitico.mx\\\/\"},{\"@type\":\"ListItem\",\"position\":2,\"name\":\"Juez ampara a General contra la investigaci\u00f3n que lo vincula con huachicoleo en el sexenio de EPN\"}]},{\"@type\":\"WebSite\",\"@id\":\"https:\\\/\\\/quehacerpolitico.mx\\\/#website\",\"url\":\"https:\\\/\\\/quehacerpolitico.mx\\\/\",\"name\":\"\",\"description\":\"\",\"potentialAction\":[{\"@type\":\"SearchAction\",\"target\":{\"@type\":\"EntryPoint\",\"urlTemplate\":\"https:\\\/\\\/quehacerpolitico.mx\\\/?s={search_term_string}\"},\"query-input\":{\"@type\":\"PropertyValueSpecification\",\"valueRequired\":true,\"valueName\":\"search_term_string\"}}],\"inLanguage\":\"es\"},{\"@type\":\"Person\",\"@id\":\"https:\\\/\\\/quehacerpolitico.mx\\\/#\\\/schema\\\/person\\\/496d8ad2d1d3f8036101dca7ee39e585\",\"name\":\"Redacci\u00f3n QP\",\"image\":{\"@type\":\"ImageObject\",\"inLanguage\":\"es\",\"@id\":\"https:\\\/\\\/secure.gravatar.com\\\/avatar\\\/c7164ed6fdec453195284ad24a5ae5b6e1eed2b848477fa2a4787ba9adf39a41?s=96&d=mm&r=g\",\"url\":\"https:\\\/\\\/secure.gravatar.com\\\/avatar\\\/c7164ed6fdec453195284ad24a5ae5b6e1eed2b848477fa2a4787ba9adf39a41?s=96&d=mm&r=g\",\"contentUrl\":\"https:\\\/\\\/secure.gravatar.com\\\/avatar\\\/c7164ed6fdec453195284ad24a5ae5b6e1eed2b848477fa2a4787ba9adf39a41?s=96&d=mm&r=g\",\"caption\":\"Redacci\u00f3n QP\"},\"url\":\"https:\\\/\\\/quehacerpolitico.mx\\\/?author=2\"}]}<\/script>\n<!-- \/ Yoast SEO plugin. -->","yoast_head_json":{"title":"Juez ampara a General contra la investigaci\u00f3n que lo vincula con huachicoleo en el sexenio de EPN -","robots":{"index":"index","follow":"follow","max-snippet":"max-snippet:-1","max-image-preview":"max-image-preview:large","max-video-preview":"max-video-preview:-1"},"canonical":"https:\/\/quehacerpolitico.mx\/?p=15025","og_locale":"es_MX","og_type":"article","og_title":"Juez ampara a General contra la investigaci\u00f3n que lo vincula con huachicoleo en el sexenio de EPN -","og_description":"Juez ampara a General contra la investigaci\u00f3n que lo vincula con huachicoleo en el sexenio de EPN Por Redacci\u00f3n QP","og_url":"https:\/\/quehacerpolitico.mx\/?p=15025","article_published_time":"2019-01-23T00:40:55+00:00","author":"Redacci\u00f3n QP","twitter_card":"summary_large_image","twitter_misc":{"Escrito por":"Redacci\u00f3n QP","Tiempo de lectura":"6 minutos"},"schema":{"@context":"https:\/\/schema.org","@graph":[{"@type":"Article","@id":"https:\/\/quehacerpolitico.mx\/?p=15025#article","isPartOf":{"@id":"https:\/\/quehacerpolitico.mx\/?p=15025"},"author":{"name":"Redacci\u00f3n QP","@id":"https:\/\/quehacerpolitico.mx\/#\/schema\/person\/496d8ad2d1d3f8036101dca7ee39e585"},"headline":"Juez ampara a General contra la investigaci\u00f3n que lo vincula con huachicoleo en el sexenio de EPN","datePublished":"2019-01-23T00:40:55+00:00","mainEntityOfPage":{"@id":"https:\/\/quehacerpolitico.mx\/?p=15025"},"wordCount":1169,"commentCount":0,"image":{"@id":"https:\/\/quehacerpolitico.mx\/?p=15025#primaryimage"},"thumbnailUrl":"","articleSection":["Noticias"],"inLanguage":"es","potentialAction":[{"@type":"CommentAction","name":"Comment","target":["https:\/\/quehacerpolitico.mx\/?p=15025#respond"]}]},{"@type":"WebPage","@id":"https:\/\/quehacerpolitico.mx\/?p=15025","url":"https:\/\/quehacerpolitico.mx\/?p=15025","name":"Juez ampara a General contra la investigaci\u00f3n que lo vincula con huachicoleo en el sexenio de EPN -","isPartOf":{"@id":"https:\/\/quehacerpolitico.mx\/#website"},"primaryImageOfPage":{"@id":"https:\/\/quehacerpolitico.mx\/?p=15025#primaryimage"},"image":{"@id":"https:\/\/quehacerpolitico.mx\/?p=15025#primaryimage"},"thumbnailUrl":"","datePublished":"2019-01-23T00:40:55+00:00","author":{"@id":"https:\/\/quehacerpolitico.mx\/#\/schema\/person\/496d8ad2d1d3f8036101dca7ee39e585"},"breadcrumb":{"@id":"https:\/\/quehacerpolitico.mx\/?p=15025#breadcrumb"},"inLanguage":"es","potentialAction":[{"@type":"ReadAction","target":["https:\/\/quehacerpolitico.mx\/?p=15025"]}]},{"@type":"ImageObject","inLanguage":"es","@id":"https:\/\/quehacerpolitico.mx\/?p=15025#primaryimage","url":"","contentUrl":""},{"@type":"BreadcrumbList","@id":"https:\/\/quehacerpolitico.mx\/?p=15025#breadcrumb","itemListElement":[{"@type":"ListItem","position":1,"name":"Inicio","item":"https:\/\/quehacerpolitico.mx\/"},{"@type":"ListItem","position":2,"name":"Juez ampara a General contra la investigaci\u00f3n que lo vincula con huachicoleo en el sexenio de EPN"}]},{"@type":"WebSite","@id":"https:\/\/quehacerpolitico.mx\/#website","url":"https:\/\/quehacerpolitico.mx\/","name":"","description":"","potentialAction":[{"@type":"SearchAction","target":{"@type":"EntryPoint","urlTemplate":"https:\/\/quehacerpolitico.mx\/?s={search_term_string}"},"query-input":{"@type":"PropertyValueSpecification","valueRequired":true,"valueName":"search_term_string"}}],"inLanguage":"es"},{"@type":"Person","@id":"https:\/\/quehacerpolitico.mx\/#\/schema\/person\/496d8ad2d1d3f8036101dca7ee39e585","name":"Redacci\u00f3n QP","image":{"@type":"ImageObject","inLanguage":"es","@id":"https:\/\/secure.gravatar.com\/avatar\/c7164ed6fdec453195284ad24a5ae5b6e1eed2b848477fa2a4787ba9adf39a41?s=96&d=mm&r=g","url":"https:\/\/secure.gravatar.com\/avatar\/c7164ed6fdec453195284ad24a5ae5b6e1eed2b848477fa2a4787ba9adf39a41?s=96&d=mm&r=g","contentUrl":"https:\/\/secure.gravatar.com\/avatar\/c7164ed6fdec453195284ad24a5ae5b6e1eed2b848477fa2a4787ba9adf39a41?s=96&d=mm&r=g","caption":"Redacci\u00f3n QP"},"url":"https:\/\/quehacerpolitico.mx\/?author=2"}]}},"featured_image_urls":{"full":"","thumbnail":"","medium":"","medium_large":"","large":"","1536x1536":"","2048x2048":"","covernews-featured":"","covernews-medium":""},"author_info":{"display_name":"Redacci\u00f3n QP","author_link":"https:\/\/quehacerpolitico.mx\/?author=2"},"category_info":"<a href=\"https:\/\/quehacerpolitico.mx\/?cat=2\" rel=\"category\">Noticias<\/a>","tag_info":"Noticias","comment_count":"0","_links":{"self":[{"href":"https:\/\/quehacerpolitico.mx\/index.php?rest_route=\/wp\/v2\/posts\/15025","targetHints":{"allow":["GET"]}}],"collection":[{"href":"https:\/\/quehacerpolitico.mx\/index.php?rest_route=\/wp\/v2\/posts"}],"about":[{"href":"https:\/\/quehacerpolitico.mx\/index.php?rest_route=\/wp\/v2\/types\/post"}],"author":[{"embeddable":true,"href":"https:\/\/quehacerpolitico.mx\/index.php?rest_route=\/wp\/v2\/users\/2"}],"replies":[{"embeddable":true,"href":"https:\/\/quehacerpolitico.mx\/index.php?rest_route=%2Fwp%2Fv2%2Fcomments&post=15025"}],"version-history":[{"count":0,"href":"https:\/\/quehacerpolitico.mx\/index.php?rest_route=\/wp\/v2\/posts\/15025\/revisions"}],"wp:featuredmedia":[{"embeddable":true,"href":"https:\/\/quehacerpolitico.mx\/index.php?rest_route=\/"}],"wp:attachment":[{"href":"https:\/\/quehacerpolitico.mx\/index.php?rest_route=%2Fwp%2Fv2%2Fmedia&parent=15025"}],"wp:term":[{"taxonomy":"category","embeddable":true,"href":"https:\/\/quehacerpolitico.mx\/index.php?rest_route=%2Fwp%2Fv2%2Fcategories&post=15025"},{"taxonomy":"post_tag","embeddable":true,"href":"https:\/\/quehacerpolitico.mx\/index.php?rest_route=%2Fwp%2Fv2%2Ftags&post=15025"}],"curies":[{"name":"wp","href":"https:\/\/api.w.org\/{rel}","templated":true}]}}