{"id":15021,"date":"2019-01-22T21:00:28","date_gmt":"2019-01-22T21:00:28","guid":{"rendered":"http:\/\/quehacerpolitico.mx\/elementos-de-la-pf-localizan-cuatro-tomas-clandestinas-dos-en-edomex-y-dos-en-queretaro\/"},"modified":"2019-01-22T21:00:28","modified_gmt":"2019-01-22T21:00:28","slug":"elementos-de-la-pf-localizan-cuatro-tomas-clandestinas-dos-en-edomex-y-dos-en-queretaro","status":"publish","type":"post","link":"https:\/\/quehacerpolitico.mx\/?p=15021","title":{"rendered":"Elementos de la PF localizan cuatro tomas clandestinas: dos en Edomex y dos en Quer\u00e9taro"},"content":{"rendered":"<h1>Elementos de la PF localizan cuatro tomas clandestinas: dos en Edomex y dos en Quer\u00e9taro<\/h1>\n<p>Por Redacci\u00f3n QP<\/p>\n<p>Elementos de la <strong>Polic\u00eda Federal<\/strong> localizaron cuatro <strong>tomas clandestinas<\/strong>utilizadas para la sustracci\u00f3n ilegal de gas y gasolina, dos en el <strong>Estado de M\u00e9xico<\/strong> y dos m\u00e1s en <strong>Quer\u00e9taro<\/strong>.<\/p>\n<p>A trav\u00e9s de un comunicado, la <strong>Secretar\u00eda de Seguridad y Protecci\u00f3n Ciudadana<\/strong> inform\u00f3 que el primer hallazgo ocurri\u00f3 luego de una denuncia ciudadana que reportaba la presencia de diversas personas con contenedores, as\u00ed como un fuerte olor a combustible en una comunidad del municipio <strong>Acambay de Ruiz Casta\u00f1eda<\/strong>, en el Estado de M\u00e9xico.<\/p>\n<p>Efectivos de la Divisi\u00f3n de Seguridad Regional, quienes patrullaban la <strong>carretera Toluca-Palmillas<\/strong> realizaron recorridos en la zona y aproximadamente a dos kil\u00f3metros de la carretera ubicaron dos tomas clandestinas en ductos de Petr\u00f3leos Mexicanos (<strong>Pemex<\/strong>), sin que se presentaran derrames.<\/p>\n<p>El segundo hallazgo ocurri\u00f3 tambi\u00e9n gracias a una denuncia ciudadana. Los denunciantes reportaron la presencia de una toma clandestina en la carretera Quer\u00e9taro-Le\u00f3n, en el municipio Corregidora.<\/p>\n<p>Personal de la Secretar\u00eda de la Defensa Nacional, inspeccion\u00f3 el lugar y ubic\u00f3 una excavaci\u00f3n de aproximadamente 80 cm de profundidad, donde se observ\u00f3 una v\u00e1lvula acoplada a un ducto, identificada por personal de Pemex como una toma aparentemente utilizada para la sustracci\u00f3n de hidrocarburo.<\/p>\n<p>Tambi\u00e9n en Quer\u00e9taro, en las inmediaciones del poblado de San Sebasti\u00e1n, en el municipio de San Juan del R\u00edo, personal de la Sedena encontr\u00f3 una manguera de alta presi\u00f3n, aparentemente conectada a una toma, que se extend\u00eda sobre la tierra en una extensi\u00f3n de 400 metros, de donde expel\u00eda un fuerte olor a gas LP.<\/p>\n<p>La Secretar\u00eda de Seguridad y Protecci\u00f3n Ciudadana inform\u00f3 que en todos los casos acordon\u00f3 la zona y dio aviso a personal de Pemex y a la autoridad ministerial correspondiente para dar seguimiento a las investigaciones.<\/p>\n","protected":false},"excerpt":{"rendered":"<p>Elementos de la PF localizan cuatro tomas clandestinas: dos en Edomex y dos en Quer\u00e9taro<br \/>\nPor Redacci\u00f3n QP<\/p>\n","protected":false},"author":2,"featured_media":15020,"comment_status":"open","ping_status":"open","sticky":false,"template":"","format":"standard","meta":{"_monsterinsights_skip_tracking":false,"_monsterinsights_sitenote_active":false,"_monsterinsights_sitenote_note":"","_monsterinsights_sitenote_category":0,"footnotes":""},"categories":[2],"tags":[],"class_list":["post-15021","post","type-post","status-publish","format-standard","has-post-thumbnail","hentry","category-noticias"],"yoast_head":"<!-- This site is optimized with the Yoast SEO plugin v27.3 - https:\/\/yoast.com\/product\/yoast-seo-wordpress\/ -->\n<title>Elementos de la PF localizan cuatro tomas clandestinas: dos en Edomex y dos en Quer\u00e9taro -<\/title>\n<meta name=\"robots\" content=\"index, follow, max-snippet:-1, max-image-preview:large, max-video-preview:-1\" \/>\n<link rel=\"canonical\" href=\"https:\/\/quehacerpolitico.mx\/?p=15021\" \/>\n<meta property=\"og:locale\" content=\"es_MX\" \/>\n<meta property=\"og:type\" content=\"article\" \/>\n<meta property=\"og:title\" content=\"Elementos de la PF localizan cuatro tomas clandestinas: dos en Edomex y dos en Quer\u00e9taro -\" \/>\n<meta property=\"og:description\" content=\"Elementos de la PF localizan cuatro tomas clandestinas: dos en Edomex y dos en Quer\u00e9taro Por Redacci\u00f3n QP\" \/>\n<meta property=\"og:url\" content=\"https:\/\/quehacerpolitico.mx\/?p=15021\" \/>\n<meta property=\"article:published_time\" content=\"2019-01-22T21:00:28+00:00\" \/>\n<meta name=\"author\" content=\"Redacci\u00f3n QP\" \/>\n<meta name=\"twitter:card\" content=\"summary_large_image\" \/>\n<meta name=\"twitter:label1\" content=\"Escrito por\" \/>\n\t<meta name=\"twitter:data1\" content=\"Redacci\u00f3n QP\" \/>\n\t<meta name=\"twitter:label2\" content=\"Tiempo de lectura\" \/>\n\t<meta name=\"twitter:data2\" content=\"2 minutos\" \/>\n<script type=\"application\/ld+json\" class=\"yoast-schema-graph\">{\"@context\":\"https:\\\/\\\/schema.org\",\"@graph\":[{\"@type\":\"Article\",\"@id\":\"https:\\\/\\\/quehacerpolitico.mx\\\/?p=15021#article\",\"isPartOf\":{\"@id\":\"https:\\\/\\\/quehacerpolitico.mx\\\/?p=15021\"},\"author\":{\"name\":\"Redacci\u00f3n QP\",\"@id\":\"https:\\\/\\\/quehacerpolitico.mx\\\/#\\\/schema\\\/person\\\/496d8ad2d1d3f8036101dca7ee39e585\"},\"headline\":\"Elementos de la PF localizan cuatro tomas clandestinas: dos en Edomex y dos en Quer\u00e9taro\",\"datePublished\":\"2019-01-22T21:00:28+00:00\",\"mainEntityOfPage\":{\"@id\":\"https:\\\/\\\/quehacerpolitico.mx\\\/?p=15021\"},\"wordCount\":347,\"commentCount\":0,\"image\":{\"@id\":\"https:\\\/\\\/quehacerpolitico.mx\\\/?p=15021#primaryimage\"},\"thumbnailUrl\":\"\",\"articleSection\":[\"Noticias\"],\"inLanguage\":\"es\",\"potentialAction\":[{\"@type\":\"CommentAction\",\"name\":\"Comment\",\"target\":[\"https:\\\/\\\/quehacerpolitico.mx\\\/?p=15021#respond\"]}]},{\"@type\":\"WebPage\",\"@id\":\"https:\\\/\\\/quehacerpolitico.mx\\\/?p=15021\",\"url\":\"https:\\\/\\\/quehacerpolitico.mx\\\/?p=15021\",\"name\":\"Elementos de la PF localizan cuatro tomas clandestinas: dos en Edomex y dos en Quer\u00e9taro -\",\"isPartOf\":{\"@id\":\"https:\\\/\\\/quehacerpolitico.mx\\\/#website\"},\"primaryImageOfPage\":{\"@id\":\"https:\\\/\\\/quehacerpolitico.mx\\\/?p=15021#primaryimage\"},\"image\":{\"@id\":\"https:\\\/\\\/quehacerpolitico.mx\\\/?p=15021#primaryimage\"},\"thumbnailUrl\":\"\",\"datePublished\":\"2019-01-22T21:00:28+00:00\",\"author\":{\"@id\":\"https:\\\/\\\/quehacerpolitico.mx\\\/#\\\/schema\\\/person\\\/496d8ad2d1d3f8036101dca7ee39e585\"},\"breadcrumb\":{\"@id\":\"https:\\\/\\\/quehacerpolitico.mx\\\/?p=15021#breadcrumb\"},\"inLanguage\":\"es\",\"potentialAction\":[{\"@type\":\"ReadAction\",\"target\":[\"https:\\\/\\\/quehacerpolitico.mx\\\/?p=15021\"]}]},{\"@type\":\"ImageObject\",\"inLanguage\":\"es\",\"@id\":\"https:\\\/\\\/quehacerpolitico.mx\\\/?p=15021#primaryimage\",\"url\":\"\",\"contentUrl\":\"\"},{\"@type\":\"BreadcrumbList\",\"@id\":\"https:\\\/\\\/quehacerpolitico.mx\\\/?p=15021#breadcrumb\",\"itemListElement\":[{\"@type\":\"ListItem\",\"position\":1,\"name\":\"Inicio\",\"item\":\"https:\\\/\\\/quehacerpolitico.mx\\\/\"},{\"@type\":\"ListItem\",\"position\":2,\"name\":\"Elementos de la PF localizan cuatro tomas clandestinas: dos en Edomex y dos en Quer\u00e9taro\"}]},{\"@type\":\"WebSite\",\"@id\":\"https:\\\/\\\/quehacerpolitico.mx\\\/#website\",\"url\":\"https:\\\/\\\/quehacerpolitico.mx\\\/\",\"name\":\"\",\"description\":\"\",\"potentialAction\":[{\"@type\":\"SearchAction\",\"target\":{\"@type\":\"EntryPoint\",\"urlTemplate\":\"https:\\\/\\\/quehacerpolitico.mx\\\/?s={search_term_string}\"},\"query-input\":{\"@type\":\"PropertyValueSpecification\",\"valueRequired\":true,\"valueName\":\"search_term_string\"}}],\"inLanguage\":\"es\"},{\"@type\":\"Person\",\"@id\":\"https:\\\/\\\/quehacerpolitico.mx\\\/#\\\/schema\\\/person\\\/496d8ad2d1d3f8036101dca7ee39e585\",\"name\":\"Redacci\u00f3n QP\",\"image\":{\"@type\":\"ImageObject\",\"inLanguage\":\"es\",\"@id\":\"https:\\\/\\\/secure.gravatar.com\\\/avatar\\\/c7164ed6fdec453195284ad24a5ae5b6e1eed2b848477fa2a4787ba9adf39a41?s=96&d=mm&r=g\",\"url\":\"https:\\\/\\\/secure.gravatar.com\\\/avatar\\\/c7164ed6fdec453195284ad24a5ae5b6e1eed2b848477fa2a4787ba9adf39a41?s=96&d=mm&r=g\",\"contentUrl\":\"https:\\\/\\\/secure.gravatar.com\\\/avatar\\\/c7164ed6fdec453195284ad24a5ae5b6e1eed2b848477fa2a4787ba9adf39a41?s=96&d=mm&r=g\",\"caption\":\"Redacci\u00f3n QP\"},\"url\":\"https:\\\/\\\/quehacerpolitico.mx\\\/?author=2\"}]}<\/script>\n<!-- \/ Yoast SEO plugin. -->","yoast_head_json":{"title":"Elementos de la PF localizan cuatro tomas clandestinas: dos en Edomex y dos en Quer\u00e9taro -","robots":{"index":"index","follow":"follow","max-snippet":"max-snippet:-1","max-image-preview":"max-image-preview:large","max-video-preview":"max-video-preview:-1"},"canonical":"https:\/\/quehacerpolitico.mx\/?p=15021","og_locale":"es_MX","og_type":"article","og_title":"Elementos de la PF localizan cuatro tomas clandestinas: dos en Edomex y dos en Quer\u00e9taro -","og_description":"Elementos de la PF localizan cuatro tomas clandestinas: dos en Edomex y dos en Quer\u00e9taro Por Redacci\u00f3n QP","og_url":"https:\/\/quehacerpolitico.mx\/?p=15021","article_published_time":"2019-01-22T21:00:28+00:00","author":"Redacci\u00f3n QP","twitter_card":"summary_large_image","twitter_misc":{"Escrito por":"Redacci\u00f3n QP","Tiempo de lectura":"2 minutos"},"schema":{"@context":"https:\/\/schema.org","@graph":[{"@type":"Article","@id":"https:\/\/quehacerpolitico.mx\/?p=15021#article","isPartOf":{"@id":"https:\/\/quehacerpolitico.mx\/?p=15021"},"author":{"name":"Redacci\u00f3n QP","@id":"https:\/\/quehacerpolitico.mx\/#\/schema\/person\/496d8ad2d1d3f8036101dca7ee39e585"},"headline":"Elementos de la PF localizan cuatro tomas clandestinas: dos en Edomex y dos en Quer\u00e9taro","datePublished":"2019-01-22T21:00:28+00:00","mainEntityOfPage":{"@id":"https:\/\/quehacerpolitico.mx\/?p=15021"},"wordCount":347,"commentCount":0,"image":{"@id":"https:\/\/quehacerpolitico.mx\/?p=15021#primaryimage"},"thumbnailUrl":"","articleSection":["Noticias"],"inLanguage":"es","potentialAction":[{"@type":"CommentAction","name":"Comment","target":["https:\/\/quehacerpolitico.mx\/?p=15021#respond"]}]},{"@type":"WebPage","@id":"https:\/\/quehacerpolitico.mx\/?p=15021","url":"https:\/\/quehacerpolitico.mx\/?p=15021","name":"Elementos de la PF localizan cuatro tomas clandestinas: dos en Edomex y dos en Quer\u00e9taro -","isPartOf":{"@id":"https:\/\/quehacerpolitico.mx\/#website"},"primaryImageOfPage":{"@id":"https:\/\/quehacerpolitico.mx\/?p=15021#primaryimage"},"image":{"@id":"https:\/\/quehacerpolitico.mx\/?p=15021#primaryimage"},"thumbnailUrl":"","datePublished":"2019-01-22T21:00:28+00:00","author":{"@id":"https:\/\/quehacerpolitico.mx\/#\/schema\/person\/496d8ad2d1d3f8036101dca7ee39e585"},"breadcrumb":{"@id":"https:\/\/quehacerpolitico.mx\/?p=15021#breadcrumb"},"inLanguage":"es","potentialAction":[{"@type":"ReadAction","target":["https:\/\/quehacerpolitico.mx\/?p=15021"]}]},{"@type":"ImageObject","inLanguage":"es","@id":"https:\/\/quehacerpolitico.mx\/?p=15021#primaryimage","url":"","contentUrl":""},{"@type":"BreadcrumbList","@id":"https:\/\/quehacerpolitico.mx\/?p=15021#breadcrumb","itemListElement":[{"@type":"ListItem","position":1,"name":"Inicio","item":"https:\/\/quehacerpolitico.mx\/"},{"@type":"ListItem","position":2,"name":"Elementos de la PF localizan cuatro tomas clandestinas: dos en Edomex y dos en Quer\u00e9taro"}]},{"@type":"WebSite","@id":"https:\/\/quehacerpolitico.mx\/#website","url":"https:\/\/quehacerpolitico.mx\/","name":"","description":"","potentialAction":[{"@type":"SearchAction","target":{"@type":"EntryPoint","urlTemplate":"https:\/\/quehacerpolitico.mx\/?s={search_term_string}"},"query-input":{"@type":"PropertyValueSpecification","valueRequired":true,"valueName":"search_term_string"}}],"inLanguage":"es"},{"@type":"Person","@id":"https:\/\/quehacerpolitico.mx\/#\/schema\/person\/496d8ad2d1d3f8036101dca7ee39e585","name":"Redacci\u00f3n QP","image":{"@type":"ImageObject","inLanguage":"es","@id":"https:\/\/secure.gravatar.com\/avatar\/c7164ed6fdec453195284ad24a5ae5b6e1eed2b848477fa2a4787ba9adf39a41?s=96&d=mm&r=g","url":"https:\/\/secure.gravatar.com\/avatar\/c7164ed6fdec453195284ad24a5ae5b6e1eed2b848477fa2a4787ba9adf39a41?s=96&d=mm&r=g","contentUrl":"https:\/\/secure.gravatar.com\/avatar\/c7164ed6fdec453195284ad24a5ae5b6e1eed2b848477fa2a4787ba9adf39a41?s=96&d=mm&r=g","caption":"Redacci\u00f3n QP"},"url":"https:\/\/quehacerpolitico.mx\/?author=2"}]}},"featured_image_urls":{"full":"","thumbnail":"","medium":"","medium_large":"","large":"","1536x1536":"","2048x2048":"","covernews-featured":"","covernews-medium":""},"author_info":{"display_name":"Redacci\u00f3n QP","author_link":"https:\/\/quehacerpolitico.mx\/?author=2"},"category_info":"<a href=\"https:\/\/quehacerpolitico.mx\/?cat=2\" rel=\"category\">Noticias<\/a>","tag_info":"Noticias","comment_count":"0","_links":{"self":[{"href":"https:\/\/quehacerpolitico.mx\/index.php?rest_route=\/wp\/v2\/posts\/15021","targetHints":{"allow":["GET"]}}],"collection":[{"href":"https:\/\/quehacerpolitico.mx\/index.php?rest_route=\/wp\/v2\/posts"}],"about":[{"href":"https:\/\/quehacerpolitico.mx\/index.php?rest_route=\/wp\/v2\/types\/post"}],"author":[{"embeddable":true,"href":"https:\/\/quehacerpolitico.mx\/index.php?rest_route=\/wp\/v2\/users\/2"}],"replies":[{"embeddable":true,"href":"https:\/\/quehacerpolitico.mx\/index.php?rest_route=%2Fwp%2Fv2%2Fcomments&post=15021"}],"version-history":[{"count":0,"href":"https:\/\/quehacerpolitico.mx\/index.php?rest_route=\/wp\/v2\/posts\/15021\/revisions"}],"wp:featuredmedia":[{"embeddable":true,"href":"https:\/\/quehacerpolitico.mx\/index.php?rest_route=\/"}],"wp:attachment":[{"href":"https:\/\/quehacerpolitico.mx\/index.php?rest_route=%2Fwp%2Fv2%2Fmedia&parent=15021"}],"wp:term":[{"taxonomy":"category","embeddable":true,"href":"https:\/\/quehacerpolitico.mx\/index.php?rest_route=%2Fwp%2Fv2%2Fcategories&post=15021"},{"taxonomy":"post_tag","embeddable":true,"href":"https:\/\/quehacerpolitico.mx\/index.php?rest_route=%2Fwp%2Fv2%2Ftags&post=15021"}],"curies":[{"name":"wp","href":"https:\/\/api.w.org\/{rel}","templated":true}]}}