{"id":15019,"date":"2019-01-22T20:51:26","date_gmt":"2019-01-22T20:51:26","guid":{"rendered":"http:\/\/quehacerpolitico.mx\/cuaron-es-muy-gratificante-que-una-pelicula-sobre-la-vida-en-mexico-se-celebre-en-el-mundo\/"},"modified":"2019-01-22T20:51:26","modified_gmt":"2019-01-22T20:51:26","slug":"cuaron-es-muy-gratificante-que-una-pelicula-sobre-la-vida-en-mexico-se-celebre-en-el-mundo","status":"publish","type":"post","link":"https:\/\/quehacerpolitico.mx\/?p=15019","title":{"rendered":"Cuar\u00f3n: \u201cEs muy gratificante que una pel\u00edcula sobre la vida en M\u00e9xico se celebre en el mundo\u201d"},"content":{"rendered":"<h1>Cuar\u00f3n: \u201cEs muy gratificante que una pel\u00edcula sobre la vida en M\u00e9xico se celebre en el mundo\u201d<\/h1>\n<p>Por Redacci\u00f3n QP<\/p>\n<p><strong>Alfonso Cuar\u00f3n<\/strong>, el gran protagonista individual de las nominaciones a la <strong>91 edici\u00f3n de los \u00d3scar<\/strong>, con cuatro candidaturas dentro de las diez que obtuvo su obra <strong><em>Roma<\/em><\/strong>, dijo hoy que \u201cestamos viviendo un gran momento del cine, un momento en el que la diversidad es celebrada por el p\u00fablico\u201d.<\/p>\n<p><em>Roma<\/em> se convirti\u00f3 hoy en la primera obra en espa\u00f1ol que logra la nominaci\u00f3n en la categor\u00eda reina de los \u00d3scar, la de mejor pel\u00edcula.<\/p>\n<blockquote>\n<p>\u201cMuchas gracias a la Academia por reconocer a <em>Roma<\/em> en estas categor\u00edas\u201d, se\u00f1al\u00f3 el cineasta en un comunicado remitido a<em> Efe<\/em>.<\/p>\n<p>\u201cLa experiencia humana es una sola y es muy gratificante que una pel\u00edcula en blanco y negro sobre la vida en M\u00e9xico est\u00e9 siendo celebrada alrededor del mundo. Estamos viviendo un gran momento del cine, un momento en el que la diversidad es celebrada por el p\u00fablico\u201d, agreg\u00f3.<\/p>\n<div id=\"attachment_3525904\" class=\"wp-caption alignnone\"><img loading=\"lazy\" decoding=\"async\" class=\"size-full wp-image-3525904\" src=\"https:\/\/www.sinembargo.mx\/wp-content\/uploads\/2019\/01\/cuaron-roma-1.jpg\" sizes=\"auto, (max-width: 700px) 100vw, 700px\" srcset=\"https:\/\/www.sinembargo.mx\/wp-content\/uploads\/2019\/01\/cuaron-roma-1.jpg 700w, https:\/\/www.sinembargo.mx\/wp-content\/uploads\/2019\/01\/cuaron-roma-1-298x300.jpg 298w\" alt=\"\" width=\"700\" height=\"704\" \/><\/p>\n<p class=\"wp-caption-text\">\u201cs muy gratificante que una pel\u00edcula en blanco y negro sobre la vida en M\u00e9xico est\u00e9 siendo celebrada alrededor del mundo\u201d. Foto: Carlos Somonte v\u00eda @MarDeTavira<\/p>\n<\/div>\n<p>La pel\u00edcula es una oda al matriarcado en el que Cuar\u00f3n se cri\u00f3 y una carta de amor a Libo, su ni\u00f1era, que en la ficci\u00f3n toma el nombre de Cleo y es interpretada por la debutante Yalitza Aparicio, todo sencillez y sinceridad.<\/p>\n<blockquote>\n<p>\u201cEste tipo de visibilidad empuja a nuestra industria hacia adelante y crea oportunidades para que surjan nuevas voces y perspectivas\u201d, apunt\u00f3 Cuar\u00f3n.<\/p>\n<blockquote>\n<p>\u201cSe trata, adem\u00e1s, de un testimonio de lo tarde que estamos llegando a este momento, en el que las historias de los invisibles entre nosotros -las trabajadoras del hogar y las mujeres ind\u00edgenas- son puestas en el centro de las narrativas. Comparto esto con el elenco, el equipo, los productores y m\u00e1s importante que nada, mi familia y M\u00e9xico\u201d, a\u00f1adi\u00f3.<\/p>\n<\/blockquote>\n<p>Hace cinco a\u00f1os, Cuar\u00f3n (Ciudad de M\u00e9xico, 1961) hizo historia en al ser el primer director hispano en lograr un \u00d3scar (<em>Gravity<\/em>), pero ahora ha llegado a\u00fan m\u00e1s lejos al convertirse en el primero en ser nominado a mejor pel\u00edcula extranjera y mejor pel\u00edcula por <em>Roma<\/em>.<\/p>\n<section class=\"post-content\">\n<p>Y lo ha logrado con un proyecto absolutamente personal, rodado en blanco y negro, en espa\u00f1ol y mixteco, con int\u00e9rpretes en su mayor\u00eda debutantes y rode\u00e1ndose hasta de los muebles de sus padres que abrigaron su infancia.<\/p>\n<\/section>\n<\/blockquote>\n<\/blockquote>\n","protected":false},"excerpt":{"rendered":"<p>Cuar\u00f3n: \u201cEs muy gratificante que una pel\u00edcula sobre la vida en M\u00e9xico se celebre en el mundo\u201d<br \/>\nPor Redacci\u00f3n QP<\/p>\n","protected":false},"author":2,"featured_media":15018,"comment_status":"open","ping_status":"open","sticky":false,"template":"","format":"standard","meta":{"_monsterinsights_skip_tracking":false,"_monsterinsights_sitenote_active":false,"_monsterinsights_sitenote_note":"","_monsterinsights_sitenote_category":0,"footnotes":""},"categories":[58],"tags":[],"class_list":["post-15019","post","type-post","status-publish","format-standard","has-post-thumbnail","hentry","category-cultura"],"yoast_head":"<!-- This site is optimized with the Yoast SEO plugin v27.3 - https:\/\/yoast.com\/product\/yoast-seo-wordpress\/ -->\n<title>Cuar\u00f3n: \u201cEs muy gratificante que una pel\u00edcula sobre la vida en M\u00e9xico se celebre en el mundo\u201d -<\/title>\n<meta name=\"robots\" content=\"index, follow, max-snippet:-1, max-image-preview:large, max-video-preview:-1\" \/>\n<link rel=\"canonical\" href=\"https:\/\/quehacerpolitico.mx\/?p=15019\" \/>\n<meta property=\"og:locale\" content=\"es_MX\" \/>\n<meta property=\"og:type\" content=\"article\" \/>\n<meta property=\"og:title\" content=\"Cuar\u00f3n: \u201cEs muy gratificante que una pel\u00edcula sobre la vida en M\u00e9xico se celebre en el mundo\u201d -\" \/>\n<meta property=\"og:description\" content=\"Cuar\u00f3n: \u201cEs muy gratificante que una pel\u00edcula sobre la vida en M\u00e9xico se celebre en el mundo\u201d Por Redacci\u00f3n QP\" \/>\n<meta property=\"og:url\" content=\"https:\/\/quehacerpolitico.mx\/?p=15019\" \/>\n<meta property=\"article:published_time\" content=\"2019-01-22T20:51:26+00:00\" \/>\n<meta name=\"author\" content=\"Redacci\u00f3n QP\" \/>\n<meta name=\"twitter:card\" content=\"summary_large_image\" \/>\n<meta name=\"twitter:label1\" content=\"Escrito por\" \/>\n\t<meta name=\"twitter:data1\" content=\"Redacci\u00f3n QP\" \/>\n\t<meta name=\"twitter:label2\" content=\"Tiempo de lectura\" \/>\n\t<meta name=\"twitter:data2\" content=\"2 minutos\" \/>\n<script type=\"application\/ld+json\" class=\"yoast-schema-graph\">{\"@context\":\"https:\\\/\\\/schema.org\",\"@graph\":[{\"@type\":\"Article\",\"@id\":\"https:\\\/\\\/quehacerpolitico.mx\\\/?p=15019#article\",\"isPartOf\":{\"@id\":\"https:\\\/\\\/quehacerpolitico.mx\\\/?p=15019\"},\"author\":{\"name\":\"Redacci\u00f3n QP\",\"@id\":\"https:\\\/\\\/quehacerpolitico.mx\\\/#\\\/schema\\\/person\\\/496d8ad2d1d3f8036101dca7ee39e585\"},\"headline\":\"Cuar\u00f3n: \u201cEs muy gratificante que una pel\u00edcula sobre la vida en M\u00e9xico se celebre en el mundo\u201d\",\"datePublished\":\"2019-01-22T20:51:26+00:00\",\"mainEntityOfPage\":{\"@id\":\"https:\\\/\\\/quehacerpolitico.mx\\\/?p=15019\"},\"wordCount\":456,\"commentCount\":0,\"image\":{\"@id\":\"https:\\\/\\\/quehacerpolitico.mx\\\/?p=15019#primaryimage\"},\"thumbnailUrl\":\"\",\"articleSection\":[\"Cultura y Entretenimiento\"],\"inLanguage\":\"es\",\"potentialAction\":[{\"@type\":\"CommentAction\",\"name\":\"Comment\",\"target\":[\"https:\\\/\\\/quehacerpolitico.mx\\\/?p=15019#respond\"]}]},{\"@type\":\"WebPage\",\"@id\":\"https:\\\/\\\/quehacerpolitico.mx\\\/?p=15019\",\"url\":\"https:\\\/\\\/quehacerpolitico.mx\\\/?p=15019\",\"name\":\"Cuar\u00f3n: \u201cEs muy gratificante que una pel\u00edcula sobre la vida en M\u00e9xico se celebre en el mundo\u201d -\",\"isPartOf\":{\"@id\":\"https:\\\/\\\/quehacerpolitico.mx\\\/#website\"},\"primaryImageOfPage\":{\"@id\":\"https:\\\/\\\/quehacerpolitico.mx\\\/?p=15019#primaryimage\"},\"image\":{\"@id\":\"https:\\\/\\\/quehacerpolitico.mx\\\/?p=15019#primaryimage\"},\"thumbnailUrl\":\"\",\"datePublished\":\"2019-01-22T20:51:26+00:00\",\"author\":{\"@id\":\"https:\\\/\\\/quehacerpolitico.mx\\\/#\\\/schema\\\/person\\\/496d8ad2d1d3f8036101dca7ee39e585\"},\"breadcrumb\":{\"@id\":\"https:\\\/\\\/quehacerpolitico.mx\\\/?p=15019#breadcrumb\"},\"inLanguage\":\"es\",\"potentialAction\":[{\"@type\":\"ReadAction\",\"target\":[\"https:\\\/\\\/quehacerpolitico.mx\\\/?p=15019\"]}]},{\"@type\":\"ImageObject\",\"inLanguage\":\"es\",\"@id\":\"https:\\\/\\\/quehacerpolitico.mx\\\/?p=15019#primaryimage\",\"url\":\"\",\"contentUrl\":\"\"},{\"@type\":\"BreadcrumbList\",\"@id\":\"https:\\\/\\\/quehacerpolitico.mx\\\/?p=15019#breadcrumb\",\"itemListElement\":[{\"@type\":\"ListItem\",\"position\":1,\"name\":\"Inicio\",\"item\":\"https:\\\/\\\/quehacerpolitico.mx\\\/\"},{\"@type\":\"ListItem\",\"position\":2,\"name\":\"Cuar\u00f3n: \u201cEs muy gratificante que una pel\u00edcula sobre la vida en M\u00e9xico se celebre en el mundo\u201d\"}]},{\"@type\":\"WebSite\",\"@id\":\"https:\\\/\\\/quehacerpolitico.mx\\\/#website\",\"url\":\"https:\\\/\\\/quehacerpolitico.mx\\\/\",\"name\":\"\",\"description\":\"\",\"potentialAction\":[{\"@type\":\"SearchAction\",\"target\":{\"@type\":\"EntryPoint\",\"urlTemplate\":\"https:\\\/\\\/quehacerpolitico.mx\\\/?s={search_term_string}\"},\"query-input\":{\"@type\":\"PropertyValueSpecification\",\"valueRequired\":true,\"valueName\":\"search_term_string\"}}],\"inLanguage\":\"es\"},{\"@type\":\"Person\",\"@id\":\"https:\\\/\\\/quehacerpolitico.mx\\\/#\\\/schema\\\/person\\\/496d8ad2d1d3f8036101dca7ee39e585\",\"name\":\"Redacci\u00f3n QP\",\"image\":{\"@type\":\"ImageObject\",\"inLanguage\":\"es\",\"@id\":\"https:\\\/\\\/secure.gravatar.com\\\/avatar\\\/c7164ed6fdec453195284ad24a5ae5b6e1eed2b848477fa2a4787ba9adf39a41?s=96&d=mm&r=g\",\"url\":\"https:\\\/\\\/secure.gravatar.com\\\/avatar\\\/c7164ed6fdec453195284ad24a5ae5b6e1eed2b848477fa2a4787ba9adf39a41?s=96&d=mm&r=g\",\"contentUrl\":\"https:\\\/\\\/secure.gravatar.com\\\/avatar\\\/c7164ed6fdec453195284ad24a5ae5b6e1eed2b848477fa2a4787ba9adf39a41?s=96&d=mm&r=g\",\"caption\":\"Redacci\u00f3n QP\"},\"url\":\"https:\\\/\\\/quehacerpolitico.mx\\\/?author=2\"}]}<\/script>\n<!-- \/ Yoast SEO plugin. -->","yoast_head_json":{"title":"Cuar\u00f3n: \u201cEs muy gratificante que una pel\u00edcula sobre la vida en M\u00e9xico se celebre en el mundo\u201d -","robots":{"index":"index","follow":"follow","max-snippet":"max-snippet:-1","max-image-preview":"max-image-preview:large","max-video-preview":"max-video-preview:-1"},"canonical":"https:\/\/quehacerpolitico.mx\/?p=15019","og_locale":"es_MX","og_type":"article","og_title":"Cuar\u00f3n: \u201cEs muy gratificante que una pel\u00edcula sobre la vida en M\u00e9xico se celebre en el mundo\u201d -","og_description":"Cuar\u00f3n: \u201cEs muy gratificante que una pel\u00edcula sobre la vida en M\u00e9xico se celebre en el mundo\u201d Por Redacci\u00f3n QP","og_url":"https:\/\/quehacerpolitico.mx\/?p=15019","article_published_time":"2019-01-22T20:51:26+00:00","author":"Redacci\u00f3n QP","twitter_card":"summary_large_image","twitter_misc":{"Escrito por":"Redacci\u00f3n QP","Tiempo de lectura":"2 minutos"},"schema":{"@context":"https:\/\/schema.org","@graph":[{"@type":"Article","@id":"https:\/\/quehacerpolitico.mx\/?p=15019#article","isPartOf":{"@id":"https:\/\/quehacerpolitico.mx\/?p=15019"},"author":{"name":"Redacci\u00f3n QP","@id":"https:\/\/quehacerpolitico.mx\/#\/schema\/person\/496d8ad2d1d3f8036101dca7ee39e585"},"headline":"Cuar\u00f3n: \u201cEs muy gratificante que una pel\u00edcula sobre la vida en M\u00e9xico se celebre en el mundo\u201d","datePublished":"2019-01-22T20:51:26+00:00","mainEntityOfPage":{"@id":"https:\/\/quehacerpolitico.mx\/?p=15019"},"wordCount":456,"commentCount":0,"image":{"@id":"https:\/\/quehacerpolitico.mx\/?p=15019#primaryimage"},"thumbnailUrl":"","articleSection":["Cultura y Entretenimiento"],"inLanguage":"es","potentialAction":[{"@type":"CommentAction","name":"Comment","target":["https:\/\/quehacerpolitico.mx\/?p=15019#respond"]}]},{"@type":"WebPage","@id":"https:\/\/quehacerpolitico.mx\/?p=15019","url":"https:\/\/quehacerpolitico.mx\/?p=15019","name":"Cuar\u00f3n: \u201cEs muy gratificante que una pel\u00edcula sobre la vida en M\u00e9xico se celebre en el mundo\u201d -","isPartOf":{"@id":"https:\/\/quehacerpolitico.mx\/#website"},"primaryImageOfPage":{"@id":"https:\/\/quehacerpolitico.mx\/?p=15019#primaryimage"},"image":{"@id":"https:\/\/quehacerpolitico.mx\/?p=15019#primaryimage"},"thumbnailUrl":"","datePublished":"2019-01-22T20:51:26+00:00","author":{"@id":"https:\/\/quehacerpolitico.mx\/#\/schema\/person\/496d8ad2d1d3f8036101dca7ee39e585"},"breadcrumb":{"@id":"https:\/\/quehacerpolitico.mx\/?p=15019#breadcrumb"},"inLanguage":"es","potentialAction":[{"@type":"ReadAction","target":["https:\/\/quehacerpolitico.mx\/?p=15019"]}]},{"@type":"ImageObject","inLanguage":"es","@id":"https:\/\/quehacerpolitico.mx\/?p=15019#primaryimage","url":"","contentUrl":""},{"@type":"BreadcrumbList","@id":"https:\/\/quehacerpolitico.mx\/?p=15019#breadcrumb","itemListElement":[{"@type":"ListItem","position":1,"name":"Inicio","item":"https:\/\/quehacerpolitico.mx\/"},{"@type":"ListItem","position":2,"name":"Cuar\u00f3n: \u201cEs muy gratificante que una pel\u00edcula sobre la vida en M\u00e9xico se celebre en el mundo\u201d"}]},{"@type":"WebSite","@id":"https:\/\/quehacerpolitico.mx\/#website","url":"https:\/\/quehacerpolitico.mx\/","name":"","description":"","potentialAction":[{"@type":"SearchAction","target":{"@type":"EntryPoint","urlTemplate":"https:\/\/quehacerpolitico.mx\/?s={search_term_string}"},"query-input":{"@type":"PropertyValueSpecification","valueRequired":true,"valueName":"search_term_string"}}],"inLanguage":"es"},{"@type":"Person","@id":"https:\/\/quehacerpolitico.mx\/#\/schema\/person\/496d8ad2d1d3f8036101dca7ee39e585","name":"Redacci\u00f3n QP","image":{"@type":"ImageObject","inLanguage":"es","@id":"https:\/\/secure.gravatar.com\/avatar\/c7164ed6fdec453195284ad24a5ae5b6e1eed2b848477fa2a4787ba9adf39a41?s=96&d=mm&r=g","url":"https:\/\/secure.gravatar.com\/avatar\/c7164ed6fdec453195284ad24a5ae5b6e1eed2b848477fa2a4787ba9adf39a41?s=96&d=mm&r=g","contentUrl":"https:\/\/secure.gravatar.com\/avatar\/c7164ed6fdec453195284ad24a5ae5b6e1eed2b848477fa2a4787ba9adf39a41?s=96&d=mm&r=g","caption":"Redacci\u00f3n QP"},"url":"https:\/\/quehacerpolitico.mx\/?author=2"}]}},"featured_image_urls":{"full":"","thumbnail":"","medium":"","medium_large":"","large":"","1536x1536":"","2048x2048":"","covernews-featured":"","covernews-medium":""},"author_info":{"display_name":"Redacci\u00f3n QP","author_link":"https:\/\/quehacerpolitico.mx\/?author=2"},"category_info":"<a href=\"https:\/\/quehacerpolitico.mx\/?cat=58\" rel=\"category\">Cultura y Entretenimiento<\/a>","tag_info":"Cultura y Entretenimiento","comment_count":"0","_links":{"self":[{"href":"https:\/\/quehacerpolitico.mx\/index.php?rest_route=\/wp\/v2\/posts\/15019","targetHints":{"allow":["GET"]}}],"collection":[{"href":"https:\/\/quehacerpolitico.mx\/index.php?rest_route=\/wp\/v2\/posts"}],"about":[{"href":"https:\/\/quehacerpolitico.mx\/index.php?rest_route=\/wp\/v2\/types\/post"}],"author":[{"embeddable":true,"href":"https:\/\/quehacerpolitico.mx\/index.php?rest_route=\/wp\/v2\/users\/2"}],"replies":[{"embeddable":true,"href":"https:\/\/quehacerpolitico.mx\/index.php?rest_route=%2Fwp%2Fv2%2Fcomments&post=15019"}],"version-history":[{"count":0,"href":"https:\/\/quehacerpolitico.mx\/index.php?rest_route=\/wp\/v2\/posts\/15019\/revisions"}],"wp:featuredmedia":[{"embeddable":true,"href":"https:\/\/quehacerpolitico.mx\/index.php?rest_route=\/"}],"wp:attachment":[{"href":"https:\/\/quehacerpolitico.mx\/index.php?rest_route=%2Fwp%2Fv2%2Fmedia&parent=15019"}],"wp:term":[{"taxonomy":"category","embeddable":true,"href":"https:\/\/quehacerpolitico.mx\/index.php?rest_route=%2Fwp%2Fv2%2Fcategories&post=15019"},{"taxonomy":"post_tag","embeddable":true,"href":"https:\/\/quehacerpolitico.mx\/index.php?rest_route=%2Fwp%2Fv2%2Ftags&post=15019"}],"curies":[{"name":"wp","href":"https:\/\/api.w.org\/{rel}","templated":true}]}}