{"id":15003,"date":"2019-01-22T16:03:58","date_gmt":"2019-01-22T16:03:58","guid":{"rendered":"http:\/\/quehacerpolitico.mx\/huachicoleros-tambien-atacan-gasoductos-nacionales-ayer-atacaron-otra-vez-dos-ductosrevela-amlo\/"},"modified":"2019-01-22T16:03:58","modified_gmt":"2019-01-22T16:03:58","slug":"huachicoleros-tambien-atacan-gasoductos-nacionales-ayer-atacaron-otra-vez-dos-ductosrevela-amlo","status":"publish","type":"post","link":"https:\/\/quehacerpolitico.mx\/?p=15003","title":{"rendered":"Huachicoleros tambi\u00e9n atacan gasoductos nacionales, ayer atacaron otra vez dos ductosrevela AMLO"},"content":{"rendered":"<p>Huachicoleros tambi\u00e9n atacan gasoductos nacionales, ayer atacaron otra vez dos ductosrevela AMLO<\/p>\n<p>Por Redacci\u00f3n QP<\/p>\n<p><strong>Andr\u00e9s Manuel L\u00f3pez Obrador<\/strong>, presidente de M\u00e9xico, revel\u00f3 que tambi\u00e9n hay robo de combustible en gasoductos nacionales y que son pertenecientes a Petr\u00f3leos Mexicanos (<strong>Pemex<\/strong>).<\/p>\n<p>En su conferencia de prensa de esta ma\u00f1ana en<strong>Palacio Nacional<\/strong> el mandatario dijo que s\u00ed existe riesgo por el robo de gas, pero que no se tiene la misma situaci\u00f3n que en los <strong>ductos<\/strong> por donde se transporta gasolina y di\u00e9sel.<\/p>\n<p>Afirm\u00f3 que hubo un crecimiento de<strong> gasoductos<\/strong> para crear energ\u00eda el\u00e9ctrica.<\/p>\n<p>Por otro lado hizo un llamado a los empresarios concesionarios para que transparenten sus permisos.<\/p>\n<p>Detall\u00f3 que se dieron permisos de importaci\u00f3n a empresas para importar un mill\u00f3n 500 barriles diarios, consumimos 800 mil diarios, es decir, hay un excedente en estas cifras.<\/p>\n<p>Sin embargo, se ha corroborado que s\u00f3lo se importan<strong>40 mil barriles<\/strong>.<\/p>\n<p>Previamente se detall\u00f3 que <strong>Pemex<\/strong> iba a dejar de distribuir gasolinas, y por ello se dieron estas concesiones.<\/p>\n<blockquote>\n<p>\u201cNo es el momento para decir que les vamos a quitar las concesiones, (pero) que cumplan con los contratos\u201d, pidi\u00f3.<\/p>\n<\/blockquote>\n<p>Por \u00faltimo, dijo que se va a trabajar con el organismo regulador para establecer un sistema de informaci\u00f3n al p\u00fablico.<\/p>\n<p>Se le pregunt\u00f3 al Presidente si ya se tienen identificados a los grupos que roban el combustible. Asegur\u00f3 que la Fiscal\u00eda ser\u00e1 quien d\u00e9 nombres, pero dijo que esos grupos no han dejado de robar combustible e inform\u00f3 que ayer les sacaron de operaci\u00f3n la mayor\u00eda de los ductos. \u201cHay grupos que se dedican a esto sin duda. Yo lo dec\u00eda ayer, por necesidad la gente, que recoge en recipientes muy poca cantidad, es como para darles protecci\u00f3n a los grupos. Es una base que fueron creando de protecci\u00f3n, que es lo que queremos atender. Y los grupos que tienen el negocio y que no dejan de hacerlo\u201d.<\/p>\n<p>\u201cPor eso dije al principio y lo repito: no vamos a dar ni un paso atr\u00e1s y no vamos a ceder porque ayer nos sacaron de operaci\u00f3n la mayor\u00eda de los ductos, nos los pincharon, provocaron fugas, en algunos casos peligrosas, afortunadamente la gente ya no acudi\u00f3. Nada m\u00e1s el ducto Salamanca nos lo sacaron cuatro veces de operaci\u00f3n; y nos sacaron el ducto Tuxpan-Azcapotzalco, que ya hab\u00edamos logrado poner en operaci\u00f3n\u201d, dijo.<\/p>\n<p>Se\u00f1al\u00f3 que ya est\u00e1n trabajando las brigadas para echarlos a andar y asegur\u00f3 que no va a haber problema de desabasto, pues ya se est\u00e1 actuando y rehabilitando estos da\u00f1os. \u201cYa est\u00e1 funcionando de nuevo el Tuxpan-Azcapotzalco, es el ducto que abastece la Ciudad de M\u00e9xico y el Estado de M\u00e9xico\u201d, dijo. \u201cYa avanzamos a pesar de que constantemente nos est\u00e1n sacando de operaci\u00f3n el ducto Salamanca-Gudalajara, dijo y reiter\u00f3 que con las pipas se ayudar\u00e1 mucho a normalizar el abasto\u201d.<\/p>\n<p>El Presidente reiter\u00f3 que se tendr\u00e1 presupuesto para los programas sociales pues ya \u201cno hay derroche\u201d en el Gobierno. Asegur\u00f3 que, por ejemplo, en Petr\u00f3leos Mexicanos (Pemex) un director de \u00e1rea le coment\u00f3 que en su oficina hab\u00eda nueve tel\u00e9fonos, uno incluso en el ba\u00f1o. \u201cEso es lo que ya se est\u00e1 haciendo en todos lados [entregar los programas]. Ahora que vamos a Acambay y que vamos a los municipios de esta zona ya vamos a entregar a apoyos y ya se van a enlazar tutores. Del presupuesto no hay l\u00edmite\u201d, recalc\u00f3 y asegur\u00f3 que esto es la prioridad y por ello no hay l\u00edmite.<\/p>\n<blockquote>\n<p>\u201cEstoy convencido y aqu\u00ed lo vamos a ver, vamos a ahorrar much\u00edsimo a pesar de que ya hubo un ajuste en el gasto superfluo, se va a ahorrar mucho porque ya no va a haber despilfarro, lujos\u201d, indic\u00f3. Asegur\u00f3 que \u201cun director de \u00e1rea de Pemex me dijo que cuando llegaba a su oficina ten\u00eda 9 tel\u00e9fonos, desde luego en el ba\u00f1o, una cosa incre\u00edble el derroche, pues ah\u00ed se iba todo el presupuesto\u201d. E insisti\u00f3 en que se va \u201cahorrar en el Gobierno para que haya m\u00e1s dinero para la gente\u201d.<\/p>\n<\/blockquote>\n<p>\u201cLos gastos superfluos pues ah\u00ed se iba el presupuesto. Estoy poniendo un ejemplo me platic\u00f3 tambi\u00e9n un subdirector en Hacienda que estaba interrogando para ver quienes le ayudaban, estaban ah\u00ed. Empieza a preguntar: \u00bfy tu qu\u00e9 en qu\u00e9 trabajas? Pues yo soy el que le llevaba la agenda al Subdirector. As\u00ed todo el dinero del presupuesto se quedaba en el mismo gobierno, ensimismado y le llegaba muy poco a la gente\u201d.<\/p>\n<p><strong>SOBRE SALARIOS HUACHICOL:\u00a0<\/strong>Un reportero cuestion\u00f3 al Presidente sobre si han investigado cu\u00e1nto pagaban los grupos criminales a los pobladores para participar en el huachicol. \u201cLes pagan muy poco. Un joven que es ocupado de informante o halc\u00f3n, recibe tres, cuatro, cinco mil pesos, cuando mucho. El negocio lo tienen arriba. Es mucho el riesgo, hay mucha necesidad en el pa\u00eds\u201d, respondi\u00f3 L\u00f3pez Obrador.<\/p>\n<p>\u201cHay 16 millones de j\u00f3venes en la pobreza\u201d, record\u00f3 y dijo que \u201cse fue creando una gran reserva de j\u00f3venes para alimentar estas pr\u00e1cticas antisociales y se atendi\u00f3 o se simul\u00f3 que se iba a atender el problema con medidas coercitivas\u201d. Asegur\u00f3 que tampoco eso funcion\u00f3, pues todo eran operativos para perseguir delincuentes y nunca se atendieron las causas de la violencia.<\/p>\n<p>El Presidente reiter\u00f3 que el dinero se quedaba en el propio Gobierno. \u201cUn funcionario de que tiene en su oficina nueve tel\u00e9fonos o que se sube a un carro y lleva no s\u00e9 cu\u00e1ntos cuidadores. D\u00f3nde est\u00e1 la sensibilidad, d\u00f3nde est\u00e1 la vocaci\u00f3n de servicio. No hay nada, es la b\u00fasqueda de lo material\u201d, insisti\u00f3.<\/p>\n<p>https:\/\/www.facebook.com\/lopezobrador.org.mx\/videos\/1166412093532095\/<\/p>\n","protected":false},"excerpt":{"rendered":"<p>Huachicoleros tambi\u00e9n atacan gasoductos nacionales, ayer atacaron otra vez dos ductosrevela AMLO<br \/>\nPor Redacci\u00f3n QP<\/p>\n","protected":false},"author":2,"featured_media":15002,"comment_status":"open","ping_status":"open","sticky":false,"template":"","format":"standard","meta":{"_monsterinsights_skip_tracking":false,"_monsterinsights_sitenote_active":false,"_monsterinsights_sitenote_note":"","_monsterinsights_sitenote_category":0,"footnotes":""},"categories":[2],"tags":[],"class_list":["post-15003","post","type-post","status-publish","format-standard","has-post-thumbnail","hentry","category-noticias"],"yoast_head":"<!-- This site is optimized with the Yoast SEO plugin v27.3 - https:\/\/yoast.com\/product\/yoast-seo-wordpress\/ -->\n<title>Huachicoleros tambi\u00e9n atacan gasoductos nacionales, ayer atacaron otra vez dos ductosrevela AMLO -<\/title>\n<meta name=\"robots\" content=\"index, follow, max-snippet:-1, max-image-preview:large, max-video-preview:-1\" \/>\n<link rel=\"canonical\" href=\"https:\/\/quehacerpolitico.mx\/?p=15003\" \/>\n<meta property=\"og:locale\" content=\"es_MX\" \/>\n<meta property=\"og:type\" content=\"article\" \/>\n<meta property=\"og:title\" content=\"Huachicoleros tambi\u00e9n atacan gasoductos nacionales, ayer atacaron otra vez dos ductosrevela AMLO -\" \/>\n<meta property=\"og:description\" content=\"Huachicoleros tambi\u00e9n atacan gasoductos nacionales, ayer atacaron otra vez dos ductosrevela AMLO Por Redacci\u00f3n QP\" \/>\n<meta property=\"og:url\" content=\"https:\/\/quehacerpolitico.mx\/?p=15003\" \/>\n<meta property=\"article:published_time\" content=\"2019-01-22T16:03:58+00:00\" \/>\n<meta name=\"author\" content=\"Redacci\u00f3n QP\" \/>\n<meta name=\"twitter:card\" content=\"summary_large_image\" \/>\n<meta name=\"twitter:label1\" content=\"Escrito por\" \/>\n\t<meta name=\"twitter:data1\" content=\"Redacci\u00f3n QP\" \/>\n\t<meta name=\"twitter:label2\" content=\"Tiempo de lectura\" \/>\n\t<meta name=\"twitter:data2\" content=\"5 minutos\" \/>\n<script type=\"application\/ld+json\" class=\"yoast-schema-graph\">{\"@context\":\"https:\\\/\\\/schema.org\",\"@graph\":[{\"@type\":\"Article\",\"@id\":\"https:\\\/\\\/quehacerpolitico.mx\\\/?p=15003#article\",\"isPartOf\":{\"@id\":\"https:\\\/\\\/quehacerpolitico.mx\\\/?p=15003\"},\"author\":{\"name\":\"Redacci\u00f3n QP\",\"@id\":\"https:\\\/\\\/quehacerpolitico.mx\\\/#\\\/schema\\\/person\\\/496d8ad2d1d3f8036101dca7ee39e585\"},\"headline\":\"Huachicoleros tambi\u00e9n atacan gasoductos nacionales, ayer atacaron otra vez dos ductosrevela AMLO\",\"datePublished\":\"2019-01-22T16:03:58+00:00\",\"mainEntityOfPage\":{\"@id\":\"https:\\\/\\\/quehacerpolitico.mx\\\/?p=15003\"},\"wordCount\":995,\"commentCount\":0,\"image\":{\"@id\":\"https:\\\/\\\/quehacerpolitico.mx\\\/?p=15003#primaryimage\"},\"thumbnailUrl\":\"\",\"articleSection\":[\"Noticias\"],\"inLanguage\":\"es\",\"potentialAction\":[{\"@type\":\"CommentAction\",\"name\":\"Comment\",\"target\":[\"https:\\\/\\\/quehacerpolitico.mx\\\/?p=15003#respond\"]}]},{\"@type\":\"WebPage\",\"@id\":\"https:\\\/\\\/quehacerpolitico.mx\\\/?p=15003\",\"url\":\"https:\\\/\\\/quehacerpolitico.mx\\\/?p=15003\",\"name\":\"Huachicoleros tambi\u00e9n atacan gasoductos nacionales, ayer atacaron otra vez dos ductosrevela AMLO -\",\"isPartOf\":{\"@id\":\"https:\\\/\\\/quehacerpolitico.mx\\\/#website\"},\"primaryImageOfPage\":{\"@id\":\"https:\\\/\\\/quehacerpolitico.mx\\\/?p=15003#primaryimage\"},\"image\":{\"@id\":\"https:\\\/\\\/quehacerpolitico.mx\\\/?p=15003#primaryimage\"},\"thumbnailUrl\":\"\",\"datePublished\":\"2019-01-22T16:03:58+00:00\",\"author\":{\"@id\":\"https:\\\/\\\/quehacerpolitico.mx\\\/#\\\/schema\\\/person\\\/496d8ad2d1d3f8036101dca7ee39e585\"},\"breadcrumb\":{\"@id\":\"https:\\\/\\\/quehacerpolitico.mx\\\/?p=15003#breadcrumb\"},\"inLanguage\":\"es\",\"potentialAction\":[{\"@type\":\"ReadAction\",\"target\":[\"https:\\\/\\\/quehacerpolitico.mx\\\/?p=15003\"]}]},{\"@type\":\"ImageObject\",\"inLanguage\":\"es\",\"@id\":\"https:\\\/\\\/quehacerpolitico.mx\\\/?p=15003#primaryimage\",\"url\":\"\",\"contentUrl\":\"\"},{\"@type\":\"BreadcrumbList\",\"@id\":\"https:\\\/\\\/quehacerpolitico.mx\\\/?p=15003#breadcrumb\",\"itemListElement\":[{\"@type\":\"ListItem\",\"position\":1,\"name\":\"Inicio\",\"item\":\"https:\\\/\\\/quehacerpolitico.mx\\\/\"},{\"@type\":\"ListItem\",\"position\":2,\"name\":\"Huachicoleros tambi\u00e9n atacan gasoductos nacionales, ayer atacaron otra vez dos ductosrevela AMLO\"}]},{\"@type\":\"WebSite\",\"@id\":\"https:\\\/\\\/quehacerpolitico.mx\\\/#website\",\"url\":\"https:\\\/\\\/quehacerpolitico.mx\\\/\",\"name\":\"\",\"description\":\"\",\"potentialAction\":[{\"@type\":\"SearchAction\",\"target\":{\"@type\":\"EntryPoint\",\"urlTemplate\":\"https:\\\/\\\/quehacerpolitico.mx\\\/?s={search_term_string}\"},\"query-input\":{\"@type\":\"PropertyValueSpecification\",\"valueRequired\":true,\"valueName\":\"search_term_string\"}}],\"inLanguage\":\"es\"},{\"@type\":\"Person\",\"@id\":\"https:\\\/\\\/quehacerpolitico.mx\\\/#\\\/schema\\\/person\\\/496d8ad2d1d3f8036101dca7ee39e585\",\"name\":\"Redacci\u00f3n QP\",\"image\":{\"@type\":\"ImageObject\",\"inLanguage\":\"es\",\"@id\":\"https:\\\/\\\/secure.gravatar.com\\\/avatar\\\/c7164ed6fdec453195284ad24a5ae5b6e1eed2b848477fa2a4787ba9adf39a41?s=96&d=mm&r=g\",\"url\":\"https:\\\/\\\/secure.gravatar.com\\\/avatar\\\/c7164ed6fdec453195284ad24a5ae5b6e1eed2b848477fa2a4787ba9adf39a41?s=96&d=mm&r=g\",\"contentUrl\":\"https:\\\/\\\/secure.gravatar.com\\\/avatar\\\/c7164ed6fdec453195284ad24a5ae5b6e1eed2b848477fa2a4787ba9adf39a41?s=96&d=mm&r=g\",\"caption\":\"Redacci\u00f3n QP\"},\"url\":\"https:\\\/\\\/quehacerpolitico.mx\\\/?author=2\"}]}<\/script>\n<!-- \/ Yoast SEO plugin. -->","yoast_head_json":{"title":"Huachicoleros tambi\u00e9n atacan gasoductos nacionales, ayer atacaron otra vez dos ductosrevela AMLO -","robots":{"index":"index","follow":"follow","max-snippet":"max-snippet:-1","max-image-preview":"max-image-preview:large","max-video-preview":"max-video-preview:-1"},"canonical":"https:\/\/quehacerpolitico.mx\/?p=15003","og_locale":"es_MX","og_type":"article","og_title":"Huachicoleros tambi\u00e9n atacan gasoductos nacionales, ayer atacaron otra vez dos ductosrevela AMLO -","og_description":"Huachicoleros tambi\u00e9n atacan gasoductos nacionales, ayer atacaron otra vez dos ductosrevela AMLO Por Redacci\u00f3n QP","og_url":"https:\/\/quehacerpolitico.mx\/?p=15003","article_published_time":"2019-01-22T16:03:58+00:00","author":"Redacci\u00f3n QP","twitter_card":"summary_large_image","twitter_misc":{"Escrito por":"Redacci\u00f3n QP","Tiempo de lectura":"5 minutos"},"schema":{"@context":"https:\/\/schema.org","@graph":[{"@type":"Article","@id":"https:\/\/quehacerpolitico.mx\/?p=15003#article","isPartOf":{"@id":"https:\/\/quehacerpolitico.mx\/?p=15003"},"author":{"name":"Redacci\u00f3n QP","@id":"https:\/\/quehacerpolitico.mx\/#\/schema\/person\/496d8ad2d1d3f8036101dca7ee39e585"},"headline":"Huachicoleros tambi\u00e9n atacan gasoductos nacionales, ayer atacaron otra vez dos ductosrevela AMLO","datePublished":"2019-01-22T16:03:58+00:00","mainEntityOfPage":{"@id":"https:\/\/quehacerpolitico.mx\/?p=15003"},"wordCount":995,"commentCount":0,"image":{"@id":"https:\/\/quehacerpolitico.mx\/?p=15003#primaryimage"},"thumbnailUrl":"","articleSection":["Noticias"],"inLanguage":"es","potentialAction":[{"@type":"CommentAction","name":"Comment","target":["https:\/\/quehacerpolitico.mx\/?p=15003#respond"]}]},{"@type":"WebPage","@id":"https:\/\/quehacerpolitico.mx\/?p=15003","url":"https:\/\/quehacerpolitico.mx\/?p=15003","name":"Huachicoleros tambi\u00e9n atacan gasoductos nacionales, ayer atacaron otra vez dos ductosrevela AMLO -","isPartOf":{"@id":"https:\/\/quehacerpolitico.mx\/#website"},"primaryImageOfPage":{"@id":"https:\/\/quehacerpolitico.mx\/?p=15003#primaryimage"},"image":{"@id":"https:\/\/quehacerpolitico.mx\/?p=15003#primaryimage"},"thumbnailUrl":"","datePublished":"2019-01-22T16:03:58+00:00","author":{"@id":"https:\/\/quehacerpolitico.mx\/#\/schema\/person\/496d8ad2d1d3f8036101dca7ee39e585"},"breadcrumb":{"@id":"https:\/\/quehacerpolitico.mx\/?p=15003#breadcrumb"},"inLanguage":"es","potentialAction":[{"@type":"ReadAction","target":["https:\/\/quehacerpolitico.mx\/?p=15003"]}]},{"@type":"ImageObject","inLanguage":"es","@id":"https:\/\/quehacerpolitico.mx\/?p=15003#primaryimage","url":"","contentUrl":""},{"@type":"BreadcrumbList","@id":"https:\/\/quehacerpolitico.mx\/?p=15003#breadcrumb","itemListElement":[{"@type":"ListItem","position":1,"name":"Inicio","item":"https:\/\/quehacerpolitico.mx\/"},{"@type":"ListItem","position":2,"name":"Huachicoleros tambi\u00e9n atacan gasoductos nacionales, ayer atacaron otra vez dos ductosrevela AMLO"}]},{"@type":"WebSite","@id":"https:\/\/quehacerpolitico.mx\/#website","url":"https:\/\/quehacerpolitico.mx\/","name":"","description":"","potentialAction":[{"@type":"SearchAction","target":{"@type":"EntryPoint","urlTemplate":"https:\/\/quehacerpolitico.mx\/?s={search_term_string}"},"query-input":{"@type":"PropertyValueSpecification","valueRequired":true,"valueName":"search_term_string"}}],"inLanguage":"es"},{"@type":"Person","@id":"https:\/\/quehacerpolitico.mx\/#\/schema\/person\/496d8ad2d1d3f8036101dca7ee39e585","name":"Redacci\u00f3n QP","image":{"@type":"ImageObject","inLanguage":"es","@id":"https:\/\/secure.gravatar.com\/avatar\/c7164ed6fdec453195284ad24a5ae5b6e1eed2b848477fa2a4787ba9adf39a41?s=96&d=mm&r=g","url":"https:\/\/secure.gravatar.com\/avatar\/c7164ed6fdec453195284ad24a5ae5b6e1eed2b848477fa2a4787ba9adf39a41?s=96&d=mm&r=g","contentUrl":"https:\/\/secure.gravatar.com\/avatar\/c7164ed6fdec453195284ad24a5ae5b6e1eed2b848477fa2a4787ba9adf39a41?s=96&d=mm&r=g","caption":"Redacci\u00f3n QP"},"url":"https:\/\/quehacerpolitico.mx\/?author=2"}]}},"featured_image_urls":{"full":"","thumbnail":"","medium":"","medium_large":"","large":"","1536x1536":"","2048x2048":"","covernews-featured":"","covernews-medium":""},"author_info":{"display_name":"Redacci\u00f3n QP","author_link":"https:\/\/quehacerpolitico.mx\/?author=2"},"category_info":"<a href=\"https:\/\/quehacerpolitico.mx\/?cat=2\" rel=\"category\">Noticias<\/a>","tag_info":"Noticias","comment_count":"0","_links":{"self":[{"href":"https:\/\/quehacerpolitico.mx\/index.php?rest_route=\/wp\/v2\/posts\/15003","targetHints":{"allow":["GET"]}}],"collection":[{"href":"https:\/\/quehacerpolitico.mx\/index.php?rest_route=\/wp\/v2\/posts"}],"about":[{"href":"https:\/\/quehacerpolitico.mx\/index.php?rest_route=\/wp\/v2\/types\/post"}],"author":[{"embeddable":true,"href":"https:\/\/quehacerpolitico.mx\/index.php?rest_route=\/wp\/v2\/users\/2"}],"replies":[{"embeddable":true,"href":"https:\/\/quehacerpolitico.mx\/index.php?rest_route=%2Fwp%2Fv2%2Fcomments&post=15003"}],"version-history":[{"count":0,"href":"https:\/\/quehacerpolitico.mx\/index.php?rest_route=\/wp\/v2\/posts\/15003\/revisions"}],"wp:featuredmedia":[{"embeddable":true,"href":"https:\/\/quehacerpolitico.mx\/index.php?rest_route=\/"}],"wp:attachment":[{"href":"https:\/\/quehacerpolitico.mx\/index.php?rest_route=%2Fwp%2Fv2%2Fmedia&parent=15003"}],"wp:term":[{"taxonomy":"category","embeddable":true,"href":"https:\/\/quehacerpolitico.mx\/index.php?rest_route=%2Fwp%2Fv2%2Fcategories&post=15003"},{"taxonomy":"post_tag","embeddable":true,"href":"https:\/\/quehacerpolitico.mx\/index.php?rest_route=%2Fwp%2Fv2%2Ftags&post=15003"}],"curies":[{"name":"wp","href":"https:\/\/api.w.org\/{rel}","templated":true}]}}