{"id":14972,"date":"2019-01-22T04:12:55","date_gmt":"2019-01-22T04:12:55","guid":{"rendered":"http:\/\/quehacerpolitico.mx\/yalitza-aparicio-posa-para-una-sesion-fotografica-en-la-frontera-de-tijuana-con-eu-habitantes-se-sorprenden\/"},"modified":"2019-01-22T04:12:55","modified_gmt":"2019-01-22T04:12:55","slug":"yalitza-aparicio-posa-para-una-sesion-fotografica-en-la-frontera-de-tijuana-con-eu-habitantes-se-sorprenden","status":"publish","type":"post","link":"https:\/\/quehacerpolitico.mx\/?p=14972","title":{"rendered":"Yalitza Aparicio posa para una sesi\u00f3n fotogr\u00e1fica en la frontera de Tijuana con EU; habitantes se sorprenden"},"content":{"rendered":"<h1>Yalitza Aparicio posa para una sesi\u00f3n fotogr\u00e1fica en la frontera de Tijuana con EU; habitantes se sorprenden<\/h1>\n<p>Por Redacci\u00f3n QP<\/p>\n<p><strong>Yalitza Aparicio<\/strong>, protagonista de la pel\u00edcula <strong><em>Roma<\/em> <\/strong>de <strong>Alfonso Cuar\u00f3n<\/strong>, realiz\u00f3 este lunes una <strong>sesi\u00f3n fotogr\u00e1fica<\/strong> en <strong>Playas de Tijuana, Baja California<\/strong>.<\/p>\n<blockquote>\n<p>De acuerdo con la agencia Cuartoscuro, la joven actriz pos\u00f3 en el \u00e1rea del muro fronterizo que divide a M\u00e9xico con Estados Unidos, punto al que se acerc\u00f3 una gran cantidad de personas para intentar saludarla.<\/p>\n<\/blockquote>\n<p>En redes sociales tambi\u00e9n circularon fotograf\u00edas de la mujer originaria de Oaxaca, donde luce con distintos atuendos; desde una combinaci\u00f3n de blusa blanca y falda roja hasta un <em>outfit<\/em> de leotardo negro con un tut\u00fa de <em>ballet<\/em>.<\/p>\n<p>Habitantes del lugar quisieron acercarse a la producci\u00f3n para captar a la actriz o tomarse una <em>selfie<\/em> con ella, pero sus intentos fracasaron pues el equipo de seguridad no se los permiti\u00f3.<\/p>\n<div id=\"attachment_3525640\" class=\"wp-caption alignnone\"><img loading=\"lazy\" decoding=\"async\" class=\"size-full wp-image-3525640\" src=\"https:\/\/www.sinembargo.mx\/wp-content\/uploads\/2019\/01\/2-7.jpg\" sizes=\"auto, (max-width: 700px) 100vw, 700px\" srcset=\"https:\/\/www.sinembargo.mx\/wp-content\/uploads\/2019\/01\/2-7.jpg 700w, https:\/\/www.sinembargo.mx\/wp-content\/uploads\/2019\/01\/2-7-300x159.jpg 300w\" alt=\"\" width=\"700\" height=\"370\" \/><\/p>\n<p class=\"wp-caption-text\">La protagonista de la cinta \u201cRoma\u201d realiz\u00f3 una sesi\u00f3n fotogr\u00e1fica en el \u00e1rea del muro fronterizo que divide a M\u00e9xico con Estados Unidos, en Playas de Tijuana. Foto: Omar Mart\u00ednez\/Cuartoscuro<\/p>\n<\/div>\n<p>Aunque el compositor y productor <strong>Guillermo S\u00e1nchez<\/strong> asegur\u00f3 desde su cuenta de Instagram que se trata de una sesi\u00f3n fotogr\u00e1fica para una nueva pel\u00edcula, por ahora no se ha confirmado la tem\u00e1tica ni el medio por el que se publicar\u00e1n las fotograf\u00edas de manera oficial.<\/p>\n<div id=\"attachment_3525639\" class=\"wp-caption alignnone\"><img loading=\"lazy\" decoding=\"async\" class=\"size-full wp-image-3525639\" src=\"https:\/\/www.sinembargo.mx\/wp-content\/uploads\/2019\/01\/1-14.jpg\" sizes=\"auto, (max-width: 700px) 100vw, 700px\" srcset=\"https:\/\/www.sinembargo.mx\/wp-content\/uploads\/2019\/01\/1-14.jpg 700w, https:\/\/www.sinembargo.mx\/wp-content\/uploads\/2019\/01\/1-14-300x159.jpg 300w\" alt=\"\" width=\"700\" height=\"370\" \/><\/p>\n<p class=\"wp-caption-text\">Al lugar se acerc\u00f3 una gran cantidad de personas para intentar saludarla. Foto: Omar Mart\u00ednez, Cuartoscuro<\/p>\n<blockquote class=\"twitter-tweet\" data-width=\"550\" data-dnt=\"true\">\n<p lang=\"es\" dir=\"ltr\"><a href=\"https:\/\/twitter.com\/hashtag\/almomento?src=hash&amp;ref_src=twsrc%5Etfw\">#almomento<\/a> actriz de la pel\u00edcula &quot;Roma&quot; <a href=\"https:\/\/twitter.com\/YalitzaAparicio?ref_src=twsrc%5Etfw\">@YalitzaAparicio<\/a> se encuentra en Playas de Tijuana en una sesi\u00f3n de fotos a unos pasos de la valla fronteriza <a href=\"https:\/\/twitter.com\/alfonsocuaron?ref_src=twsrc%5Etfw\">@alfonsocuaron<\/a> <a href=\"https:\/\/twitter.com\/hashtag\/roma?src=hash&amp;ref_src=twsrc%5Etfw\">#roma<\/a> <a href=\"https:\/\/twitter.com\/hashtag\/pelicula?src=hash&amp;ref_src=twsrc%5Etfw\">#pelicula<\/a> <a href=\"https:\/\/twitter.com\/hashtag\/cine?src=hash&amp;ref_src=twsrc%5Etfw\">#cine<\/a> <a href=\"https:\/\/twitter.com\/hashtag\/frontera?src=hash&amp;ref_src=twsrc%5Etfw\">#frontera<\/a> <a href=\"https:\/\/t.co\/SygxYbRYyL\">pic.twitter.com\/SygxYbRYyL<\/a><\/p>\n<p>&mdash; Lizett Curiel (@LizettCuriel) <a href=\"https:\/\/twitter.com\/LizettCuriel\/status\/1087432701970309121?ref_src=twsrc%5Etfw\">January 21, 2019<\/a><\/p><\/blockquote>\n<p><script async src=\"https:\/\/platform.twitter.com\/widgets.js\" charset=\"utf-8\"><\/script><\/p>\n<blockquote class=\"twitter-tweet\" data-width=\"550\" data-dnt=\"true\">\n<p lang=\"es\" dir=\"ltr\">Yalitza Aparicio frente al muro hoy en Tijuana \u2066<a href=\"https:\/\/twitter.com\/YalitzaAparicio?ref_src=twsrc%5Etfw\">@YalitzaAparicio<\/a>\u2069 <a href=\"https:\/\/twitter.com\/hashtag\/muro?src=hash&amp;ref_src=twsrc%5Etfw\">#muro<\/a> <a href=\"https:\/\/t.co\/1l4rCgQWid\">pic.twitter.com\/1l4rCgQWid<\/a><\/p>\n<p>&mdash; Yolanda Morales (@moralesyo) <a href=\"https:\/\/twitter.com\/moralesyo\/status\/1087417560948043778?ref_src=twsrc%5Etfw\">January 21, 2019<\/a><\/p><\/blockquote>\n<p><script async src=\"https:\/\/platform.twitter.com\/widgets.js\" charset=\"utf-8\"><\/script><\/p>\n<p>https:\/\/twitter.com\/clauyluis\/status\/1087436586269040641?s=21<\/p>\n<blockquote class=\"twitter-tweet\" data-width=\"550\" data-dnt=\"true\">\n<p lang=\"es\" dir=\"ltr\">Viendo una sesi\u00f3n de fotos de <a href=\"https:\/\/twitter.com\/YalitzaAparicio?ref_src=twsrc%5Etfw\">@YalitzaAparicio<\/a> <a href=\"https:\/\/t.co\/6Xm6Jen9u8\">pic.twitter.com\/6Xm6Jen9u8<\/a><\/p>\n<p>&mdash; Lib (@LibertadVelarde) <a href=\"https:\/\/twitter.com\/LibertadVelarde\/status\/1087441003450122240?ref_src=twsrc%5Etfw\">January 21, 2019<\/a><\/p><\/blockquote>\n<p><script async src=\"https:\/\/platform.twitter.com\/widgets.js\" charset=\"utf-8\"><\/script><\/p>\n<blockquote class=\"twitter-tweet\" data-width=\"550\" data-dnt=\"true\">\n<p lang=\"es\" dir=\"ltr\">A escasos pasos del muro que divide a M\u00e9xico con Estados Unidos, la actriz Yalitza Aparicio realiza una sesi\u00f3n de fotos desde muy temprano, en Playas de Tijuana <a href=\"https:\/\/twitter.com\/hashtag\/Roma?src=hash&amp;ref_src=twsrc%5Etfw\">#Roma<\/a> <a href=\"https:\/\/twitter.com\/hashtag\/YalitzaAparicio?src=hash&amp;ref_src=twsrc%5Etfw\">#YalitzaAparicio<\/a> <a href=\"https:\/\/t.co\/zPAxFK2U0y\">pic.twitter.com\/zPAxFK2U0y<\/a><\/p>\n<p>&mdash; Alfredo Alvarez (@AlfredoAlvarezz) <a href=\"https:\/\/twitter.com\/AlfredoAlvarezz\/status\/1087452109664993280?ref_src=twsrc%5Etfw\">January 21, 2019<\/a><\/p><\/blockquote>\n<p><script async src=\"https:\/\/platform.twitter.com\/widgets.js\" charset=\"utf-8\"><\/script><\/p>\n<blockquote class=\"twitter-tweet\" data-width=\"550\" data-dnt=\"true\">\n<p lang=\"es\" dir=\"ltr\"><a href=\"https:\/\/twitter.com\/hashtag\/LasIm%C3%A1genes?src=hash&amp;ref_src=twsrc%5Etfw\">#LasIm\u00e1genes<\/a> Este lunes la actriz principal del largometraje <a href=\"https:\/\/twitter.com\/hashtag\/ROMA?src=hash&amp;ref_src=twsrc%5Etfw\">#ROMA<\/a> <a href=\"https:\/\/twitter.com\/YalitzaAparicio?ref_src=twsrc%5Etfw\">@YalitzaAparicio<\/a> realiz\u00f3 una sesi\u00f3n de fotos junto al cerco met\u00e1lico q divide la frontera entre <a href=\"https:\/\/twitter.com\/hashtag\/M%C3%A9xico?src=hash&amp;ref_src=twsrc%5Etfw\">#M\u00e9xico<\/a> y <a href=\"https:\/\/twitter.com\/hashtag\/EstadosUnidos?src=hash&amp;ref_src=twsrc%5Etfw\">#EstadosUnidos<\/a> en <a href=\"https:\/\/twitter.com\/hashtag\/PlayasDeTijuana?src=hash&amp;ref_src=twsrc%5Etfw\">#PlayasDeTijuana<\/a> <a href=\"https:\/\/twitter.com\/fronterainfo?ref_src=twsrc%5Etfw\">@fronterainfo<\/a> <a href=\"https:\/\/t.co\/zdLErcFzb3\">pic.twitter.com\/zdLErcFzb3<\/a><\/p>\n<p>&mdash; sergiortiz cortes (@SERGIORTIZtj) <a href=\"https:\/\/twitter.com\/SERGIORTIZtj\/status\/1087434235928023041?ref_src=twsrc%5Etfw\">January 21, 2019<\/a><\/p><\/blockquote>\n<p><script async src=\"https:\/\/platform.twitter.com\/widgets.js\" charset=\"utf-8\"><\/script><\/p>\n<blockquote class=\"twitter-tweet\" data-width=\"550\" data-dnt=\"true\">\n<p lang=\"es\" dir=\"ltr\">Viendo una sesi\u00f3n de fotos de <a href=\"https:\/\/twitter.com\/YalitzaAparicio?ref_src=twsrc%5Etfw\">@YalitzaAparicio<\/a> <a href=\"https:\/\/t.co\/6Xm6Jen9u8\">pic.twitter.com\/6Xm6Jen9u8<\/a><\/p>\n<p>&mdash; Lib (@LibertadVelarde) <a href=\"https:\/\/twitter.com\/LibertadVelarde\/status\/1087441003450122240?ref_src=twsrc%5Etfw\">January 21, 2019<\/a><\/p><\/blockquote>\n<p><script async src=\"https:\/\/platform.twitter.com\/widgets.js\" charset=\"utf-8\"><\/script><\/p>\n<p>El pasado 6 de enero\u00a0<em>Roma<\/em>,\u00a0del mexicano\u00a0Alfonso Cuar\u00f3n,\u00a0se alz\u00f3 con el\u00a0Globo de Oro\u00a0a la\u00a0Mejor Pel\u00edcula en Lengua Extranjera\u00a0poniendo a M\u00e9xico un paso m\u00e1s cerca del codiciado \u00d3scar, y el cineasta obtuvo adem\u00e1s el premio al\u00a0Mejor Director.<\/p>\n<div id=\"attachment_3525641\" class=\"wp-caption alignnone\"><img loading=\"lazy\" decoding=\"async\" class=\"size-full wp-image-3525641\" src=\"https:\/\/www.sinembargo.mx\/wp-content\/uploads\/2019\/01\/3-8.jpg\" sizes=\"auto, (max-width: 700px) 100vw, 700px\" srcset=\"https:\/\/www.sinembargo.mx\/wp-content\/uploads\/2019\/01\/3-8.jpg 700w, https:\/\/www.sinembargo.mx\/wp-content\/uploads\/2019\/01\/3-8-300x159.jpg 300w\" alt=\"\" width=\"700\" height=\"370\" \/><\/p>\n<p class=\"wp-caption-text\">Aunque el productor Guillermo S\u00e1nchez asegur\u00f3 desde su cuenta de Instagram que se trata de una sesi\u00f3n fotogr\u00e1fica para una nueva pel\u00edcula, por ahora no se ha confirmado nada. Foto: Omar Mart\u00ednez, Cuartoscuro<\/p>\n<\/div>\n<p>El realizador le agradeci\u00f3 a las estrellas de la pel\u00edcula\u00a0<strong>Yalitza Aparicio<\/strong>\u00a0y\u00a0Marina de Tavira, ambas sentadas entre la audiencia, de quienes se expres\u00f3 \u201cimpresionado por el trabajo que hicieron en este filme\u201d y \u201ceternamente agradecido\u201d.<\/p>\n<p><strong><em>Roma<\/em><\/strong> tambi\u00e9n obtuvo\u00a0la estatuilla\u00a0de la categor\u00eda m\u00e1s importante del pasado 13 de enero por Mejor Pel\u00edcula del 2018 en losCritic\u2019s Choice Awards.<\/p>\n<p>Adem\u00e1s, Cuar\u00f3n obtuvo los premios de\u00a0Mejor Director,\u00a0Mejor Pel\u00edcula Extranjera\u00a0y\u00a0Mejor Fotograf\u00eda. El anuncio de los dos \u00faltimos galardones fue hecho previamente a la ceremonia oficial.<\/p>\n<blockquote>\n<p>La cinta cont\u00f3 con otras cuatro nominaciones: Mejor actriz, por la interpretaci\u00f3n de\u00a0<strong>Yalitza Aparicio<\/strong>, Mejor Guion Original,\u00a0 Mejor Edici\u00f3n y Mejor Dise\u00f1o de Producci\u00f3n.<\/p>\n<\/blockquote>\n<p><strong><em>Roma<\/em><\/strong>\u00a0represent\u00f3 el regreso de\u00a0Cuar\u00f3n\u00a0a M\u00e9xico como cineasta desde que se diera a conocer internacionalmente con\u00a0<em>Y tu mam\u00e1 tambi\u00e9n<\/em>, la cinta de 2001 que le mereci\u00f3 nominaciones a los Globos y los Oscar. Sus cr\u00e9ditos desde incluyeron entre otros,\u00a0<em>Great Expectations<\/em>,\u00a0<em>Harry Potter and the Prisoner of Azkaban<\/em>,\u00a0<em>Children of Men<\/em>\u00a0y\u00a0<em>Gravity<\/em>, galardonada en 2014 con\u00a0Globos de Oro\u00a0y\u00a0Premios Oscar.<\/p>\n<p class=\"p1\"><span class=\"s1\">Este martes 22 de enero se dar\u00e1 a conocer la lista de nominaciones oficiales para la 91\u00ba edici\u00f3n de los Premios \u00d3scar,\u00a0en la que se espera que figure este filme, luego del \u00e9xito cosechado en diversos festivales.<\/span><\/p>\n<\/div>\n","protected":false},"excerpt":{"rendered":"<p>Yalitza Aparicio posa para una sesi\u00f3n fotogr\u00e1fica en la frontera de Tijuana con EU; habitantes se sorprenden<br \/>\nPor Redacci\u00f3n QP<\/p>\n","protected":false},"author":2,"featured_media":14971,"comment_status":"open","ping_status":"open","sticky":false,"template":"","format":"standard","meta":{"_monsterinsights_skip_tracking":false,"_monsterinsights_sitenote_active":false,"_monsterinsights_sitenote_note":"","_monsterinsights_sitenote_category":0,"footnotes":""},"categories":[58],"tags":[],"class_list":["post-14972","post","type-post","status-publish","format-standard","has-post-thumbnail","hentry","category-cultura"],"yoast_head":"<!-- This site is optimized with the Yoast SEO plugin v27.3 - https:\/\/yoast.com\/product\/yoast-seo-wordpress\/ -->\n<title>Yalitza Aparicio posa para una sesi\u00f3n fotogr\u00e1fica en la frontera de Tijuana con EU; habitantes se sorprenden -<\/title>\n<meta name=\"robots\" content=\"index, follow, max-snippet:-1, max-image-preview:large, max-video-preview:-1\" \/>\n<link rel=\"canonical\" href=\"https:\/\/quehacerpolitico.mx\/?p=14972\" \/>\n<meta property=\"og:locale\" content=\"es_MX\" \/>\n<meta property=\"og:type\" content=\"article\" \/>\n<meta property=\"og:title\" content=\"Yalitza Aparicio posa para una sesi\u00f3n fotogr\u00e1fica en la frontera de Tijuana con EU; habitantes se sorprenden -\" \/>\n<meta property=\"og:description\" content=\"Yalitza Aparicio posa para una sesi\u00f3n fotogr\u00e1fica en la frontera de Tijuana con EU; habitantes se sorprenden Por Redacci\u00f3n QP\" \/>\n<meta property=\"og:url\" content=\"https:\/\/quehacerpolitico.mx\/?p=14972\" \/>\n<meta property=\"article:published_time\" content=\"2019-01-22T04:12:55+00:00\" \/>\n<meta name=\"author\" content=\"Redacci\u00f3n QP\" \/>\n<meta name=\"twitter:card\" content=\"summary_large_image\" \/>\n<meta name=\"twitter:label1\" content=\"Escrito por\" \/>\n\t<meta name=\"twitter:data1\" content=\"Redacci\u00f3n QP\" \/>\n\t<meta name=\"twitter:label2\" content=\"Tiempo de lectura\" \/>\n\t<meta name=\"twitter:data2\" content=\"3 minutos\" \/>\n<script type=\"application\/ld+json\" class=\"yoast-schema-graph\">{\"@context\":\"https:\\\/\\\/schema.org\",\"@graph\":[{\"@type\":\"Article\",\"@id\":\"https:\\\/\\\/quehacerpolitico.mx\\\/?p=14972#article\",\"isPartOf\":{\"@id\":\"https:\\\/\\\/quehacerpolitico.mx\\\/?p=14972\"},\"author\":{\"name\":\"Redacci\u00f3n QP\",\"@id\":\"https:\\\/\\\/quehacerpolitico.mx\\\/#\\\/schema\\\/person\\\/496d8ad2d1d3f8036101dca7ee39e585\"},\"headline\":\"Yalitza Aparicio posa para una sesi\u00f3n fotogr\u00e1fica en la frontera de Tijuana con EU; habitantes se sorprenden\",\"datePublished\":\"2019-01-22T04:12:55+00:00\",\"mainEntityOfPage\":{\"@id\":\"https:\\\/\\\/quehacerpolitico.mx\\\/?p=14972\"},\"wordCount\":641,\"commentCount\":0,\"image\":{\"@id\":\"https:\\\/\\\/quehacerpolitico.mx\\\/?p=14972#primaryimage\"},\"thumbnailUrl\":\"\",\"articleSection\":[\"Cultura y Entretenimiento\"],\"inLanguage\":\"es\",\"potentialAction\":[{\"@type\":\"CommentAction\",\"name\":\"Comment\",\"target\":[\"https:\\\/\\\/quehacerpolitico.mx\\\/?p=14972#respond\"]}]},{\"@type\":\"WebPage\",\"@id\":\"https:\\\/\\\/quehacerpolitico.mx\\\/?p=14972\",\"url\":\"https:\\\/\\\/quehacerpolitico.mx\\\/?p=14972\",\"name\":\"Yalitza Aparicio posa para una sesi\u00f3n fotogr\u00e1fica en la frontera de Tijuana con EU; habitantes se sorprenden -\",\"isPartOf\":{\"@id\":\"https:\\\/\\\/quehacerpolitico.mx\\\/#website\"},\"primaryImageOfPage\":{\"@id\":\"https:\\\/\\\/quehacerpolitico.mx\\\/?p=14972#primaryimage\"},\"image\":{\"@id\":\"https:\\\/\\\/quehacerpolitico.mx\\\/?p=14972#primaryimage\"},\"thumbnailUrl\":\"\",\"datePublished\":\"2019-01-22T04:12:55+00:00\",\"author\":{\"@id\":\"https:\\\/\\\/quehacerpolitico.mx\\\/#\\\/schema\\\/person\\\/496d8ad2d1d3f8036101dca7ee39e585\"},\"breadcrumb\":{\"@id\":\"https:\\\/\\\/quehacerpolitico.mx\\\/?p=14972#breadcrumb\"},\"inLanguage\":\"es\",\"potentialAction\":[{\"@type\":\"ReadAction\",\"target\":[\"https:\\\/\\\/quehacerpolitico.mx\\\/?p=14972\"]}]},{\"@type\":\"ImageObject\",\"inLanguage\":\"es\",\"@id\":\"https:\\\/\\\/quehacerpolitico.mx\\\/?p=14972#primaryimage\",\"url\":\"\",\"contentUrl\":\"\"},{\"@type\":\"BreadcrumbList\",\"@id\":\"https:\\\/\\\/quehacerpolitico.mx\\\/?p=14972#breadcrumb\",\"itemListElement\":[{\"@type\":\"ListItem\",\"position\":1,\"name\":\"Inicio\",\"item\":\"https:\\\/\\\/quehacerpolitico.mx\\\/\"},{\"@type\":\"ListItem\",\"position\":2,\"name\":\"Yalitza Aparicio posa para una sesi\u00f3n fotogr\u00e1fica en la frontera de Tijuana con EU; habitantes se sorprenden\"}]},{\"@type\":\"WebSite\",\"@id\":\"https:\\\/\\\/quehacerpolitico.mx\\\/#website\",\"url\":\"https:\\\/\\\/quehacerpolitico.mx\\\/\",\"name\":\"\",\"description\":\"\",\"potentialAction\":[{\"@type\":\"SearchAction\",\"target\":{\"@type\":\"EntryPoint\",\"urlTemplate\":\"https:\\\/\\\/quehacerpolitico.mx\\\/?s={search_term_string}\"},\"query-input\":{\"@type\":\"PropertyValueSpecification\",\"valueRequired\":true,\"valueName\":\"search_term_string\"}}],\"inLanguage\":\"es\"},{\"@type\":\"Person\",\"@id\":\"https:\\\/\\\/quehacerpolitico.mx\\\/#\\\/schema\\\/person\\\/496d8ad2d1d3f8036101dca7ee39e585\",\"name\":\"Redacci\u00f3n QP\",\"image\":{\"@type\":\"ImageObject\",\"inLanguage\":\"es\",\"@id\":\"https:\\\/\\\/secure.gravatar.com\\\/avatar\\\/c7164ed6fdec453195284ad24a5ae5b6e1eed2b848477fa2a4787ba9adf39a41?s=96&d=mm&r=g\",\"url\":\"https:\\\/\\\/secure.gravatar.com\\\/avatar\\\/c7164ed6fdec453195284ad24a5ae5b6e1eed2b848477fa2a4787ba9adf39a41?s=96&d=mm&r=g\",\"contentUrl\":\"https:\\\/\\\/secure.gravatar.com\\\/avatar\\\/c7164ed6fdec453195284ad24a5ae5b6e1eed2b848477fa2a4787ba9adf39a41?s=96&d=mm&r=g\",\"caption\":\"Redacci\u00f3n QP\"},\"url\":\"https:\\\/\\\/quehacerpolitico.mx\\\/?author=2\"}]}<\/script>\n<!-- \/ Yoast SEO plugin. -->","yoast_head_json":{"title":"Yalitza Aparicio posa para una sesi\u00f3n fotogr\u00e1fica en la frontera de Tijuana con EU; habitantes se sorprenden -","robots":{"index":"index","follow":"follow","max-snippet":"max-snippet:-1","max-image-preview":"max-image-preview:large","max-video-preview":"max-video-preview:-1"},"canonical":"https:\/\/quehacerpolitico.mx\/?p=14972","og_locale":"es_MX","og_type":"article","og_title":"Yalitza Aparicio posa para una sesi\u00f3n fotogr\u00e1fica en la frontera de Tijuana con EU; habitantes se sorprenden -","og_description":"Yalitza Aparicio posa para una sesi\u00f3n fotogr\u00e1fica en la frontera de Tijuana con EU; habitantes se sorprenden Por Redacci\u00f3n QP","og_url":"https:\/\/quehacerpolitico.mx\/?p=14972","article_published_time":"2019-01-22T04:12:55+00:00","author":"Redacci\u00f3n QP","twitter_card":"summary_large_image","twitter_misc":{"Escrito por":"Redacci\u00f3n QP","Tiempo de lectura":"3 minutos"},"schema":{"@context":"https:\/\/schema.org","@graph":[{"@type":"Article","@id":"https:\/\/quehacerpolitico.mx\/?p=14972#article","isPartOf":{"@id":"https:\/\/quehacerpolitico.mx\/?p=14972"},"author":{"name":"Redacci\u00f3n QP","@id":"https:\/\/quehacerpolitico.mx\/#\/schema\/person\/496d8ad2d1d3f8036101dca7ee39e585"},"headline":"Yalitza Aparicio posa para una sesi\u00f3n fotogr\u00e1fica en la frontera de Tijuana con EU; habitantes se sorprenden","datePublished":"2019-01-22T04:12:55+00:00","mainEntityOfPage":{"@id":"https:\/\/quehacerpolitico.mx\/?p=14972"},"wordCount":641,"commentCount":0,"image":{"@id":"https:\/\/quehacerpolitico.mx\/?p=14972#primaryimage"},"thumbnailUrl":"","articleSection":["Cultura y Entretenimiento"],"inLanguage":"es","potentialAction":[{"@type":"CommentAction","name":"Comment","target":["https:\/\/quehacerpolitico.mx\/?p=14972#respond"]}]},{"@type":"WebPage","@id":"https:\/\/quehacerpolitico.mx\/?p=14972","url":"https:\/\/quehacerpolitico.mx\/?p=14972","name":"Yalitza Aparicio posa para una sesi\u00f3n fotogr\u00e1fica en la frontera de Tijuana con EU; habitantes se sorprenden -","isPartOf":{"@id":"https:\/\/quehacerpolitico.mx\/#website"},"primaryImageOfPage":{"@id":"https:\/\/quehacerpolitico.mx\/?p=14972#primaryimage"},"image":{"@id":"https:\/\/quehacerpolitico.mx\/?p=14972#primaryimage"},"thumbnailUrl":"","datePublished":"2019-01-22T04:12:55+00:00","author":{"@id":"https:\/\/quehacerpolitico.mx\/#\/schema\/person\/496d8ad2d1d3f8036101dca7ee39e585"},"breadcrumb":{"@id":"https:\/\/quehacerpolitico.mx\/?p=14972#breadcrumb"},"inLanguage":"es","potentialAction":[{"@type":"ReadAction","target":["https:\/\/quehacerpolitico.mx\/?p=14972"]}]},{"@type":"ImageObject","inLanguage":"es","@id":"https:\/\/quehacerpolitico.mx\/?p=14972#primaryimage","url":"","contentUrl":""},{"@type":"BreadcrumbList","@id":"https:\/\/quehacerpolitico.mx\/?p=14972#breadcrumb","itemListElement":[{"@type":"ListItem","position":1,"name":"Inicio","item":"https:\/\/quehacerpolitico.mx\/"},{"@type":"ListItem","position":2,"name":"Yalitza Aparicio posa para una sesi\u00f3n fotogr\u00e1fica en la frontera de Tijuana con EU; habitantes se sorprenden"}]},{"@type":"WebSite","@id":"https:\/\/quehacerpolitico.mx\/#website","url":"https:\/\/quehacerpolitico.mx\/","name":"","description":"","potentialAction":[{"@type":"SearchAction","target":{"@type":"EntryPoint","urlTemplate":"https:\/\/quehacerpolitico.mx\/?s={search_term_string}"},"query-input":{"@type":"PropertyValueSpecification","valueRequired":true,"valueName":"search_term_string"}}],"inLanguage":"es"},{"@type":"Person","@id":"https:\/\/quehacerpolitico.mx\/#\/schema\/person\/496d8ad2d1d3f8036101dca7ee39e585","name":"Redacci\u00f3n QP","image":{"@type":"ImageObject","inLanguage":"es","@id":"https:\/\/secure.gravatar.com\/avatar\/c7164ed6fdec453195284ad24a5ae5b6e1eed2b848477fa2a4787ba9adf39a41?s=96&d=mm&r=g","url":"https:\/\/secure.gravatar.com\/avatar\/c7164ed6fdec453195284ad24a5ae5b6e1eed2b848477fa2a4787ba9adf39a41?s=96&d=mm&r=g","contentUrl":"https:\/\/secure.gravatar.com\/avatar\/c7164ed6fdec453195284ad24a5ae5b6e1eed2b848477fa2a4787ba9adf39a41?s=96&d=mm&r=g","caption":"Redacci\u00f3n QP"},"url":"https:\/\/quehacerpolitico.mx\/?author=2"}]}},"featured_image_urls":{"full":"","thumbnail":"","medium":"","medium_large":"","large":"","1536x1536":"","2048x2048":"","covernews-featured":"","covernews-medium":""},"author_info":{"display_name":"Redacci\u00f3n QP","author_link":"https:\/\/quehacerpolitico.mx\/?author=2"},"category_info":"<a href=\"https:\/\/quehacerpolitico.mx\/?cat=58\" rel=\"category\">Cultura y Entretenimiento<\/a>","tag_info":"Cultura y Entretenimiento","comment_count":"0","_links":{"self":[{"href":"https:\/\/quehacerpolitico.mx\/index.php?rest_route=\/wp\/v2\/posts\/14972","targetHints":{"allow":["GET"]}}],"collection":[{"href":"https:\/\/quehacerpolitico.mx\/index.php?rest_route=\/wp\/v2\/posts"}],"about":[{"href":"https:\/\/quehacerpolitico.mx\/index.php?rest_route=\/wp\/v2\/types\/post"}],"author":[{"embeddable":true,"href":"https:\/\/quehacerpolitico.mx\/index.php?rest_route=\/wp\/v2\/users\/2"}],"replies":[{"embeddable":true,"href":"https:\/\/quehacerpolitico.mx\/index.php?rest_route=%2Fwp%2Fv2%2Fcomments&post=14972"}],"version-history":[{"count":0,"href":"https:\/\/quehacerpolitico.mx\/index.php?rest_route=\/wp\/v2\/posts\/14972\/revisions"}],"wp:featuredmedia":[{"embeddable":true,"href":"https:\/\/quehacerpolitico.mx\/index.php?rest_route=\/"}],"wp:attachment":[{"href":"https:\/\/quehacerpolitico.mx\/index.php?rest_route=%2Fwp%2Fv2%2Fmedia&parent=14972"}],"wp:term":[{"taxonomy":"category","embeddable":true,"href":"https:\/\/quehacerpolitico.mx\/index.php?rest_route=%2Fwp%2Fv2%2Fcategories&post=14972"},{"taxonomy":"post_tag","embeddable":true,"href":"https:\/\/quehacerpolitico.mx\/index.php?rest_route=%2Fwp%2Fv2%2Ftags&post=14972"}],"curies":[{"name":"wp","href":"https:\/\/api.w.org\/{rel}","templated":true}]}}