{"id":14968,"date":"2019-01-22T03:49:53","date_gmt":"2019-01-22T03:49:53","guid":{"rendered":"http:\/\/quehacerpolitico.mx\/en-punto-nancy-herrera-guerrero-trabajan-en-la-elaboracion-de-una-iniciativa-de-reformas-al-codigo-civil-en-materia-de-juicios-de-interdiccion-y-sistema-integral-de-cuidados\/"},"modified":"2019-01-22T03:49:53","modified_gmt":"2019-01-22T03:49:53","slug":"en-punto-nancy-herrera-guerrero-trabajan-en-la-elaboracion-de-una-iniciativa-de-reformas-al-codigo-civil-en-materia-de-juicios-de-interdiccion-y-sistema-integral-de-cuidados","status":"publish","type":"post","link":"https:\/\/quehacerpolitico.mx\/?p=14968","title":{"rendered":"En Punto\/\/\/Nancy Herrera Guerrero\/\/TRABAJAN EN LA ELABORACI\u00d3N DE UNA INICIATIVA DE REFORMAS AL C\u00d3DIGO CIVIL EN MATERIA DE JUICIOS DE INTERDICCI\u00d3N Y SISTEMA INTEGRAL DE CUIDADOS"},"content":{"rendered":"<h3 class=\"post-title entry-title\">TRABAJAN EN LA ELABORACI\u00d3N DE UNA INICIATIVA DE REFORMAS AL C\u00d3DIGO CIVIL EN MATERIA DE JUICIOS DE INTERDICCI\u00d3N Y SISTEMA INTEGRAL DE CUIDADOS<\/h3>\n<p>Por Nancy Herrera Guerrero<\/p>\n<blockquote class=\"twitter-tweet\" data-width=\"550\" data-dnt=\"true\">\n<p lang=\"es\" dir=\"ltr\">Gracias a todxs los asistentes a <a href=\"https:\/\/twitter.com\/hashtag\/Dialoguemos?src=hash&amp;ref_src=twsrc%5Etfw\">#Dialoguemos<\/a> sobre los jucios de interdicci\u00f3n en la Ciudad de M\u00e9xico. <br \/>Este es un parlamento abierto y trabajar con sociedad civil es primordial. <br \/>Por ser un tema importante, acordamos reunirnos nuevamente el 8 de feb. \ud83d\uddd3 <a href=\"https:\/\/twitter.com\/hashtag\/ConstruyendoConIgualdad?src=hash&amp;ref_src=twsrc%5Etfw\">#ConstruyendoConIgualdad<\/a> <a href=\"https:\/\/t.co\/zOYcqEGc7u\">pic.twitter.com\/zOYcqEGc7u<\/a><\/p>\n<p>&mdash; Tem\u00edstocles Villanueva (@TemistoclesVR) <a href=\"https:\/\/twitter.com\/TemistoclesVR\/status\/1087443304344543233?ref_src=twsrc%5Etfw\">January 21, 2019<\/a><\/p><\/blockquote>\n<p><script async src=\"https:\/\/platform.twitter.com\/widgets.js\" charset=\"utf-8\"><\/script><\/p>\n<div dir=\"ltr\">En el marco de la armonizaci\u00f3n legislativa de la Constituci\u00f3n<\/div>\n<div dir=\"ltr\">Pol\u00edtica de la Ciudad de M\u00e9xico y para continuar con el compromiso del<\/div>\n<div dir=\"ltr\">Congreso local de ampliar los derechos de las personas con discapacidad,<\/div>\n<div dir=\"ltr\">el diputado de MORENA, Tem\u00edstocles Villanueva Ramos, realiz\u00f3 la mesa<\/div>\n<div dir=\"ltr\">de trabajo, &#8220;Juicios de Interdicci\u00f3n en la Ciudad de M\u00e9xico&#8221;.<\/div>\n<div dir=\"ltr\">\u00a0<\/div>\n<div dir=\"ltr\">El legislador destac\u00f3 que el objetivo de la reuni\u00f3n es trabajar en la<\/div>\n<div dir=\"ltr\">elaboraci\u00f3n de una iniciativa para reformar el C\u00f3digo Civil de la<\/div>\n<div dir=\"ltr\">Ciudad de M\u00e9xico, a fin de garantizar que las personas con discapacidad<\/div>\n<div dir=\"ltr\">sean reconocidas como sujetos de derechos ante la ley y con ello,<\/div>\n<div dir=\"ltr\">generar mecanismos\u00a0 para mejorar el andamiaje jur\u00eddico del Sistema<\/div>\n<div dir=\"ltr\">Integral de Cuidados.<\/div>\n<div dir=\"ltr\">\u00a0<\/div>\n<div dir=\"ltr\">\u00a0 &#8220;Cuando elaboramos la Ley de Derechos Humanos para la Ciudad de<\/div>\n<div dir=\"ltr\">M\u00e9xico, nos percatamos que en materia de derechos de las personas con<\/div>\n<div dir=\"ltr\">discapacidad, existen dos temas importantes que es urgente\u00a0 atender; por<\/div>\n<div dir=\"ltr\">un\u00a0 lado,\u00a0 el tema de los Juicios de Interdicci\u00f3n, un tema fundamental<\/div>\n<div dir=\"ltr\">en el que se tiene que trabajar y discutir en el Congreso, ya que existe<\/div>\n<div dir=\"ltr\">una laguna en la materia, y por otro, la elaboraci\u00f3n de un Sistema<\/div>\n<div dir=\"ltr\">Integral de Cuidados&#8221;, destac\u00f3 Tem\u00edstocles Villanueva Ramos.<\/div>\n<div dir=\"ltr\">\u00a0<\/div>\n<div dir=\"ltr\">El tambi\u00e9n presidente de la Comisi\u00f3n de Derechos Humanos\u00a0 del Congreso<\/div>\n<div dir=\"ltr\">local sostuvo que con estas mesas se pretende eliminar los Juicios de<\/div>\n<div dir=\"ltr\">Interdicci\u00f3n, los cuales contravienen a lo establecido en el Art\u00edculo<\/div>\n<div dir=\"ltr\">11, Apartado G de la Carta Magna local, el cual establece los derechos<\/div>\n<div dir=\"ltr\">de las personas con discapacidad y la obligaci\u00f3n de las autoridades de<\/div>\n<div dir=\"ltr\">garantizar la toma de decisiones y el respeto a la voluntad de las<\/div>\n<div dir=\"ltr\">personas de este sector de la poblaci\u00f3n.<\/div>\n<div dir=\"ltr\">\u00a0<\/div>\n<div dir=\"ltr\">&#8220;Si hablamos de respetar su voluntad y su capacidad jur\u00eddica, es<\/div>\n<div dir=\"ltr\">evidente que los Juicios de Interdicci\u00f3n no pueden seguir representando<\/div>\n<div dir=\"ltr\">la muerte civil de una persona con alguna discapacidad, y creo que<\/div>\n<div dir=\"ltr\">entonces hacia all\u00e1 tenemos que orientar la discusi\u00f3n y la<\/div>\n<div dir=\"ltr\">elaboraci\u00f3n de la iniciativa de ley que queremos presentar durante el<\/div>\n<div dir=\"ltr\">Segundo Periodo Ordinario de Sesiones&#8221;, detall\u00f3 el diputado.<\/div>\n<div dir=\"ltr\">\u00a0<\/div>\n<div dir=\"ltr\">En la mesa de trabajo tambi\u00e9n estuvieron la diputada de MORENA, Isabela<\/div>\n<div dir=\"ltr\">Rosales Herrera; del Partido del Trabajo (PT), Jannette Elizabeth<\/div>\n<div dir=\"ltr\">Guerrero Maya; la\u00a0 presidenta del Consejo para Prevenir y Eliminar la<\/div>\n<div dir=\"ltr\">Discriminaci\u00f3n de la Ciudad de M\u00e9xico (COPRED), Geraldina Gonz\u00e1lez de<\/div>\n<div dir=\"ltr\">la Vega, as\u00ed como Marcela Ponte, de la Comisi\u00f3n de Derechos Humanos<\/div>\n<div dir=\"ltr\">local y representantes de organizaciones civiles.<\/div>\n<div dir=\"ltr\">\u00a0<\/div>\n<div dir=\"ltr\">En tanto, la diputada del PT, Jannette Elizabeth Guerrero Maya, asegur\u00f3<\/div>\n<div dir=\"ltr\">que el tema de Juicios de Interdicci\u00f3n y el Sistema Integral de<\/div>\n<div dir=\"ltr\">Cuidados, &#8220;es una deuda pendiente que tienen como legisladores, ya que<\/div>\n<div dir=\"ltr\">con estas figuras jur\u00eddicas se dotar\u00e1 de herramientas para que las<\/div>\n<div dir=\"ltr\">personas con discapacidad puedan afrontar la vida por s\u00ed mismos&#8221;.<\/div>\n<div dir=\"ltr\">\u00a0<\/div>\n<div dir=\"ltr\">Asimismo, la presidenta de COPRED, Geraldina Gonz\u00e1lez de la Vega,<\/div>\n<div dir=\"ltr\">destac\u00f3 la importancia de trabajar en la adecuaci\u00f3n del C\u00f3digo Civil<\/div>\n<div dir=\"ltr\">local en materia de Juicios de Interdicci\u00f3n, a fin de garantizar la<\/div>\n<div dir=\"ltr\">titularidad plena de derechos humanos para las personas con<\/div>\n<div dir=\"ltr\">discapacidad, &#8220;me parece que en la Ciudad de M\u00e9xico estamos en un<\/div>\n<div dir=\"ltr\">momento muy importante de voluntad de cambio, tenemos una nueva<\/div>\n<div dir=\"ltr\">Constituci\u00f3n y la publicaci\u00f3n en breve de la Ley de Derechos Humanos,<\/div>\n<div dir=\"ltr\">y de todo el Congreso para hacer la revisi\u00f3n del C\u00f3digo Civil&#8221;.<\/div>\n<div dir=\"ltr\">\u00a0<\/div>\n<div dir=\"ltr\">A nombre de la CDHDF, Marcela Pardo, sostuvo que es un momento<\/div>\n<div dir=\"ltr\">fundamental para regular estos juicios, ya que est\u00e1 contenido en la<\/div>\n<div dir=\"ltr\">Constituci\u00f3n y se tiene un tiempo l\u00edmite para armonizarlo y atenderlo,<\/div>\n<div dir=\"ltr\">&#8220;esta mesa de trabajo nos permite delinear la ruta a seguir y caminar<\/div>\n<div dir=\"ltr\">hacia el reconocimiento de la capacidad jur\u00eddica de las personas con<\/div>\n<div dir=\"ltr\">discapacidad, un derecho que mientras no est\u00e9 reconocido vulnera<\/div>\n<div dir=\"ltr\">parcialmente la totalidad de todos sus derechos&#8221;.<\/div>\n<div dir=\"ltr\">\u00a0<\/div>\n<div dir=\"ltr\">Los asistentes a la reuni\u00f3n de trabajo coincidieron en la necesidad de<\/div>\n<div dir=\"ltr\">elaborar un nuevo mecanismo, en el que se reconozca, de manera plena, el<\/div>\n<div dir=\"ltr\">derecho de las personas con discapacidad como sujetos de derechos, se<\/div>\n<div dir=\"ltr\">elabore un Sistema Integral de Cuidados e implementen pol\u00edticas<\/div>\n<div dir=\"ltr\">p\u00fablicas que empoderen a las personas de este sector de la poblaci\u00f3n y<\/div>\n<div dir=\"ltr\">les permitan una vida libre de discriminaci\u00f3n y con libertad de<\/div>\n<div dir=\"ltr\">decisi\u00f3n.<\/div>\n<div dir=\"ltr\">\u00a0<\/div>\n<div dir=\"ltr\">Al concluir la reuni\u00f3n, se acord\u00f3 que el pr\u00f3ximo 8 de febrero se<\/div>\n<div dir=\"ltr\">realizar\u00e1n dos mesas de trabajo para analizar a profundidad y de manera<\/div>\n<div dir=\"ltr\">espec\u00edfica el Sistema de Apoyos\u00a0 y los Juicios de Interdicci\u00f3n, por lo<\/div>\n<div dir=\"ltr\">que se hizo un llamado a todos los presidentes de las Comisiones del<\/div>\n<div dir=\"ltr\">Congreso de la Ciudad de M\u00e9xico a fin de que participen en ellas.<\/div>\n","protected":false},"excerpt":{"rendered":"<p>TRABAJAN EN LA ELABORACI\u00d3N DE UNA INICIATIVA DE REFORMAS AL C\u00d3DIGO CIVIL EN MATERIA DE JUICIOS DE INTERDICCI\u00d3N Y SISTEMA INTEGRAL DE CUIDADOS<br \/>\nPor Nancy Herrera Guerrero<\/p>\n","protected":false},"author":2,"featured_media":14967,"comment_status":"open","ping_status":"open","sticky":false,"template":"","format":"standard","meta":{"_monsterinsights_skip_tracking":false,"_monsterinsights_sitenote_active":false,"_monsterinsights_sitenote_note":"","_monsterinsights_sitenote_category":0,"footnotes":""},"categories":[55],"tags":[],"class_list":["post-14968","post","type-post","status-publish","format-standard","has-post-thumbnail","hentry","category-cdmx"],"yoast_head":"<!-- This site is optimized with the Yoast SEO plugin v27.3 - https:\/\/yoast.com\/product\/yoast-seo-wordpress\/ -->\n<title>En Punto\/\/\/Nancy Herrera Guerrero\/\/TRABAJAN EN LA ELABORACI\u00d3N DE UNA INICIATIVA DE REFORMAS AL C\u00d3DIGO CIVIL EN MATERIA DE JUICIOS DE INTERDICCI\u00d3N Y SISTEMA INTEGRAL DE CUIDADOS -<\/title>\n<meta name=\"robots\" content=\"index, follow, max-snippet:-1, max-image-preview:large, max-video-preview:-1\" \/>\n<link rel=\"canonical\" href=\"https:\/\/quehacerpolitico.mx\/?p=14968\" \/>\n<meta property=\"og:locale\" content=\"es_MX\" \/>\n<meta property=\"og:type\" content=\"article\" \/>\n<meta property=\"og:title\" content=\"En Punto\/\/\/Nancy Herrera Guerrero\/\/TRABAJAN EN LA ELABORACI\u00d3N DE UNA INICIATIVA DE REFORMAS AL C\u00d3DIGO CIVIL EN MATERIA DE JUICIOS DE INTERDICCI\u00d3N Y SISTEMA INTEGRAL DE CUIDADOS -\" \/>\n<meta property=\"og:description\" content=\"TRABAJAN EN LA ELABORACI\u00d3N DE UNA INICIATIVA DE REFORMAS AL C\u00d3DIGO CIVIL EN MATERIA DE JUICIOS DE INTERDICCI\u00d3N Y SISTEMA INTEGRAL DE CUIDADOS Por Nancy Herrera Guerrero\" \/>\n<meta property=\"og:url\" content=\"https:\/\/quehacerpolitico.mx\/?p=14968\" \/>\n<meta property=\"article:published_time\" content=\"2019-01-22T03:49:53+00:00\" \/>\n<meta name=\"author\" content=\"Redacci\u00f3n QP\" \/>\n<meta name=\"twitter:card\" content=\"summary_large_image\" \/>\n<meta name=\"twitter:label1\" content=\"Escrito por\" \/>\n\t<meta name=\"twitter:data1\" content=\"Redacci\u00f3n QP\" \/>\n\t<meta name=\"twitter:label2\" content=\"Tiempo de lectura\" \/>\n\t<meta name=\"twitter:data2\" content=\"4 minutos\" \/>\n<script type=\"application\/ld+json\" class=\"yoast-schema-graph\">{\"@context\":\"https:\\\/\\\/schema.org\",\"@graph\":[{\"@type\":\"Article\",\"@id\":\"https:\\\/\\\/quehacerpolitico.mx\\\/?p=14968#article\",\"isPartOf\":{\"@id\":\"https:\\\/\\\/quehacerpolitico.mx\\\/?p=14968\"},\"author\":{\"name\":\"Redacci\u00f3n QP\",\"@id\":\"https:\\\/\\\/quehacerpolitico.mx\\\/#\\\/schema\\\/person\\\/496d8ad2d1d3f8036101dca7ee39e585\"},\"headline\":\"En Punto\\\/\\\/\\\/Nancy Herrera Guerrero\\\/\\\/TRABAJAN EN LA ELABORACI\u00d3N DE UNA INICIATIVA DE REFORMAS AL C\u00d3DIGO CIVIL EN MATERIA DE JUICIOS DE INTERDICCI\u00d3N Y SISTEMA INTEGRAL DE CUIDADOS\",\"datePublished\":\"2019-01-22T03:49:53+00:00\",\"mainEntityOfPage\":{\"@id\":\"https:\\\/\\\/quehacerpolitico.mx\\\/?p=14968\"},\"wordCount\":866,\"commentCount\":0,\"image\":{\"@id\":\"https:\\\/\\\/quehacerpolitico.mx\\\/?p=14968#primaryimage\"},\"thumbnailUrl\":\"\",\"articleSection\":[\"CDMX\"],\"inLanguage\":\"es\",\"potentialAction\":[{\"@type\":\"CommentAction\",\"name\":\"Comment\",\"target\":[\"https:\\\/\\\/quehacerpolitico.mx\\\/?p=14968#respond\"]}]},{\"@type\":\"WebPage\",\"@id\":\"https:\\\/\\\/quehacerpolitico.mx\\\/?p=14968\",\"url\":\"https:\\\/\\\/quehacerpolitico.mx\\\/?p=14968\",\"name\":\"En Punto\\\/\\\/\\\/Nancy Herrera Guerrero\\\/\\\/TRABAJAN EN LA ELABORACI\u00d3N DE UNA INICIATIVA DE REFORMAS AL C\u00d3DIGO CIVIL EN MATERIA DE JUICIOS DE INTERDICCI\u00d3N Y SISTEMA INTEGRAL DE CUIDADOS -\",\"isPartOf\":{\"@id\":\"https:\\\/\\\/quehacerpolitico.mx\\\/#website\"},\"primaryImageOfPage\":{\"@id\":\"https:\\\/\\\/quehacerpolitico.mx\\\/?p=14968#primaryimage\"},\"image\":{\"@id\":\"https:\\\/\\\/quehacerpolitico.mx\\\/?p=14968#primaryimage\"},\"thumbnailUrl\":\"\",\"datePublished\":\"2019-01-22T03:49:53+00:00\",\"author\":{\"@id\":\"https:\\\/\\\/quehacerpolitico.mx\\\/#\\\/schema\\\/person\\\/496d8ad2d1d3f8036101dca7ee39e585\"},\"breadcrumb\":{\"@id\":\"https:\\\/\\\/quehacerpolitico.mx\\\/?p=14968#breadcrumb\"},\"inLanguage\":\"es\",\"potentialAction\":[{\"@type\":\"ReadAction\",\"target\":[\"https:\\\/\\\/quehacerpolitico.mx\\\/?p=14968\"]}]},{\"@type\":\"ImageObject\",\"inLanguage\":\"es\",\"@id\":\"https:\\\/\\\/quehacerpolitico.mx\\\/?p=14968#primaryimage\",\"url\":\"\",\"contentUrl\":\"\"},{\"@type\":\"BreadcrumbList\",\"@id\":\"https:\\\/\\\/quehacerpolitico.mx\\\/?p=14968#breadcrumb\",\"itemListElement\":[{\"@type\":\"ListItem\",\"position\":1,\"name\":\"Inicio\",\"item\":\"https:\\\/\\\/quehacerpolitico.mx\\\/\"},{\"@type\":\"ListItem\",\"position\":2,\"name\":\"En Punto\\\/\\\/\\\/Nancy Herrera Guerrero\\\/\\\/TRABAJAN EN LA ELABORACI\u00d3N DE UNA INICIATIVA DE REFORMAS AL C\u00d3DIGO CIVIL EN MATERIA DE JUICIOS DE INTERDICCI\u00d3N Y SISTEMA INTEGRAL DE CUIDADOS\"}]},{\"@type\":\"WebSite\",\"@id\":\"https:\\\/\\\/quehacerpolitico.mx\\\/#website\",\"url\":\"https:\\\/\\\/quehacerpolitico.mx\\\/\",\"name\":\"\",\"description\":\"\",\"potentialAction\":[{\"@type\":\"SearchAction\",\"target\":{\"@type\":\"EntryPoint\",\"urlTemplate\":\"https:\\\/\\\/quehacerpolitico.mx\\\/?s={search_term_string}\"},\"query-input\":{\"@type\":\"PropertyValueSpecification\",\"valueRequired\":true,\"valueName\":\"search_term_string\"}}],\"inLanguage\":\"es\"},{\"@type\":\"Person\",\"@id\":\"https:\\\/\\\/quehacerpolitico.mx\\\/#\\\/schema\\\/person\\\/496d8ad2d1d3f8036101dca7ee39e585\",\"name\":\"Redacci\u00f3n QP\",\"image\":{\"@type\":\"ImageObject\",\"inLanguage\":\"es\",\"@id\":\"https:\\\/\\\/secure.gravatar.com\\\/avatar\\\/c7164ed6fdec453195284ad24a5ae5b6e1eed2b848477fa2a4787ba9adf39a41?s=96&d=mm&r=g\",\"url\":\"https:\\\/\\\/secure.gravatar.com\\\/avatar\\\/c7164ed6fdec453195284ad24a5ae5b6e1eed2b848477fa2a4787ba9adf39a41?s=96&d=mm&r=g\",\"contentUrl\":\"https:\\\/\\\/secure.gravatar.com\\\/avatar\\\/c7164ed6fdec453195284ad24a5ae5b6e1eed2b848477fa2a4787ba9adf39a41?s=96&d=mm&r=g\",\"caption\":\"Redacci\u00f3n QP\"},\"url\":\"https:\\\/\\\/quehacerpolitico.mx\\\/?author=2\"}]}<\/script>\n<!-- \/ Yoast SEO plugin. -->","yoast_head_json":{"title":"En Punto\/\/\/Nancy Herrera Guerrero\/\/TRABAJAN EN LA ELABORACI\u00d3N DE UNA INICIATIVA DE REFORMAS AL C\u00d3DIGO CIVIL EN MATERIA DE JUICIOS DE INTERDICCI\u00d3N Y SISTEMA INTEGRAL DE CUIDADOS -","robots":{"index":"index","follow":"follow","max-snippet":"max-snippet:-1","max-image-preview":"max-image-preview:large","max-video-preview":"max-video-preview:-1"},"canonical":"https:\/\/quehacerpolitico.mx\/?p=14968","og_locale":"es_MX","og_type":"article","og_title":"En Punto\/\/\/Nancy Herrera Guerrero\/\/TRABAJAN EN LA ELABORACI\u00d3N DE UNA INICIATIVA DE REFORMAS AL C\u00d3DIGO CIVIL EN MATERIA DE JUICIOS DE INTERDICCI\u00d3N Y SISTEMA INTEGRAL DE CUIDADOS -","og_description":"TRABAJAN EN LA ELABORACI\u00d3N DE UNA INICIATIVA DE REFORMAS AL C\u00d3DIGO CIVIL EN MATERIA DE JUICIOS DE INTERDICCI\u00d3N Y SISTEMA INTEGRAL DE CUIDADOS Por Nancy Herrera Guerrero","og_url":"https:\/\/quehacerpolitico.mx\/?p=14968","article_published_time":"2019-01-22T03:49:53+00:00","author":"Redacci\u00f3n QP","twitter_card":"summary_large_image","twitter_misc":{"Escrito por":"Redacci\u00f3n QP","Tiempo de lectura":"4 minutos"},"schema":{"@context":"https:\/\/schema.org","@graph":[{"@type":"Article","@id":"https:\/\/quehacerpolitico.mx\/?p=14968#article","isPartOf":{"@id":"https:\/\/quehacerpolitico.mx\/?p=14968"},"author":{"name":"Redacci\u00f3n QP","@id":"https:\/\/quehacerpolitico.mx\/#\/schema\/person\/496d8ad2d1d3f8036101dca7ee39e585"},"headline":"En Punto\/\/\/Nancy Herrera Guerrero\/\/TRABAJAN EN LA ELABORACI\u00d3N DE UNA INICIATIVA DE REFORMAS AL C\u00d3DIGO CIVIL EN MATERIA DE JUICIOS DE INTERDICCI\u00d3N Y SISTEMA INTEGRAL DE CUIDADOS","datePublished":"2019-01-22T03:49:53+00:00","mainEntityOfPage":{"@id":"https:\/\/quehacerpolitico.mx\/?p=14968"},"wordCount":866,"commentCount":0,"image":{"@id":"https:\/\/quehacerpolitico.mx\/?p=14968#primaryimage"},"thumbnailUrl":"","articleSection":["CDMX"],"inLanguage":"es","potentialAction":[{"@type":"CommentAction","name":"Comment","target":["https:\/\/quehacerpolitico.mx\/?p=14968#respond"]}]},{"@type":"WebPage","@id":"https:\/\/quehacerpolitico.mx\/?p=14968","url":"https:\/\/quehacerpolitico.mx\/?p=14968","name":"En Punto\/\/\/Nancy Herrera Guerrero\/\/TRABAJAN EN LA ELABORACI\u00d3N DE UNA INICIATIVA DE REFORMAS AL C\u00d3DIGO CIVIL EN MATERIA DE JUICIOS DE INTERDICCI\u00d3N Y SISTEMA INTEGRAL DE CUIDADOS -","isPartOf":{"@id":"https:\/\/quehacerpolitico.mx\/#website"},"primaryImageOfPage":{"@id":"https:\/\/quehacerpolitico.mx\/?p=14968#primaryimage"},"image":{"@id":"https:\/\/quehacerpolitico.mx\/?p=14968#primaryimage"},"thumbnailUrl":"","datePublished":"2019-01-22T03:49:53+00:00","author":{"@id":"https:\/\/quehacerpolitico.mx\/#\/schema\/person\/496d8ad2d1d3f8036101dca7ee39e585"},"breadcrumb":{"@id":"https:\/\/quehacerpolitico.mx\/?p=14968#breadcrumb"},"inLanguage":"es","potentialAction":[{"@type":"ReadAction","target":["https:\/\/quehacerpolitico.mx\/?p=14968"]}]},{"@type":"ImageObject","inLanguage":"es","@id":"https:\/\/quehacerpolitico.mx\/?p=14968#primaryimage","url":"","contentUrl":""},{"@type":"BreadcrumbList","@id":"https:\/\/quehacerpolitico.mx\/?p=14968#breadcrumb","itemListElement":[{"@type":"ListItem","position":1,"name":"Inicio","item":"https:\/\/quehacerpolitico.mx\/"},{"@type":"ListItem","position":2,"name":"En Punto\/\/\/Nancy Herrera Guerrero\/\/TRABAJAN EN LA ELABORACI\u00d3N DE UNA INICIATIVA DE REFORMAS AL C\u00d3DIGO CIVIL EN MATERIA DE JUICIOS DE INTERDICCI\u00d3N Y SISTEMA INTEGRAL DE CUIDADOS"}]},{"@type":"WebSite","@id":"https:\/\/quehacerpolitico.mx\/#website","url":"https:\/\/quehacerpolitico.mx\/","name":"","description":"","potentialAction":[{"@type":"SearchAction","target":{"@type":"EntryPoint","urlTemplate":"https:\/\/quehacerpolitico.mx\/?s={search_term_string}"},"query-input":{"@type":"PropertyValueSpecification","valueRequired":true,"valueName":"search_term_string"}}],"inLanguage":"es"},{"@type":"Person","@id":"https:\/\/quehacerpolitico.mx\/#\/schema\/person\/496d8ad2d1d3f8036101dca7ee39e585","name":"Redacci\u00f3n QP","image":{"@type":"ImageObject","inLanguage":"es","@id":"https:\/\/secure.gravatar.com\/avatar\/c7164ed6fdec453195284ad24a5ae5b6e1eed2b848477fa2a4787ba9adf39a41?s=96&d=mm&r=g","url":"https:\/\/secure.gravatar.com\/avatar\/c7164ed6fdec453195284ad24a5ae5b6e1eed2b848477fa2a4787ba9adf39a41?s=96&d=mm&r=g","contentUrl":"https:\/\/secure.gravatar.com\/avatar\/c7164ed6fdec453195284ad24a5ae5b6e1eed2b848477fa2a4787ba9adf39a41?s=96&d=mm&r=g","caption":"Redacci\u00f3n QP"},"url":"https:\/\/quehacerpolitico.mx\/?author=2"}]}},"featured_image_urls":{"full":"","thumbnail":"","medium":"","medium_large":"","large":"","1536x1536":"","2048x2048":"","covernews-featured":"","covernews-medium":""},"author_info":{"display_name":"Redacci\u00f3n QP","author_link":"https:\/\/quehacerpolitico.mx\/?author=2"},"category_info":"<a href=\"https:\/\/quehacerpolitico.mx\/?cat=55\" rel=\"category\">CDMX<\/a>","tag_info":"CDMX","comment_count":"0","_links":{"self":[{"href":"https:\/\/quehacerpolitico.mx\/index.php?rest_route=\/wp\/v2\/posts\/14968","targetHints":{"allow":["GET"]}}],"collection":[{"href":"https:\/\/quehacerpolitico.mx\/index.php?rest_route=\/wp\/v2\/posts"}],"about":[{"href":"https:\/\/quehacerpolitico.mx\/index.php?rest_route=\/wp\/v2\/types\/post"}],"author":[{"embeddable":true,"href":"https:\/\/quehacerpolitico.mx\/index.php?rest_route=\/wp\/v2\/users\/2"}],"replies":[{"embeddable":true,"href":"https:\/\/quehacerpolitico.mx\/index.php?rest_route=%2Fwp%2Fv2%2Fcomments&post=14968"}],"version-history":[{"count":0,"href":"https:\/\/quehacerpolitico.mx\/index.php?rest_route=\/wp\/v2\/posts\/14968\/revisions"}],"wp:featuredmedia":[{"embeddable":true,"href":"https:\/\/quehacerpolitico.mx\/index.php?rest_route=\/"}],"wp:attachment":[{"href":"https:\/\/quehacerpolitico.mx\/index.php?rest_route=%2Fwp%2Fv2%2Fmedia&parent=14968"}],"wp:term":[{"taxonomy":"category","embeddable":true,"href":"https:\/\/quehacerpolitico.mx\/index.php?rest_route=%2Fwp%2Fv2%2Fcategories&post=14968"},{"taxonomy":"post_tag","embeddable":true,"href":"https:\/\/quehacerpolitico.mx\/index.php?rest_route=%2Fwp%2Fv2%2Ftags&post=14968"}],"curies":[{"name":"wp","href":"https:\/\/api.w.org\/{rel}","templated":true}]}}