{"id":14958,"date":"2019-01-22T03:08:20","date_gmt":"2019-01-22T03:08:20","guid":{"rendered":"http:\/\/quehacerpolitico.mx\/traslada-condor-de-la-ssc-capitalina-a-joven-con-complicaciones-post-parto\/"},"modified":"2019-01-22T03:08:20","modified_gmt":"2019-01-22T03:08:20","slug":"traslada-condor-de-la-ssc-capitalina-a-joven-con-complicaciones-post-parto","status":"publish","type":"post","link":"https:\/\/quehacerpolitico.mx\/?p=14958","title":{"rendered":"TRASLADA C\u00d3NDOR DE LA SSC CAPITALINA A JOVEN CON COMPLICACIONES POST PARTO"},"content":{"rendered":"<h3 class=\"post-title entry-title\">TRASLADA C\u00d3NDOR DE LA SSC CAPITALINA A JOVEN CON COMPLICACIONES POST PARTO<\/h3>\n<p>Por Redacci\u00f3n QP<\/p>\n<p class=\"yiv0731992477MsoNormal\"><span id=\"yMail_cursorElementTracker_1548116402384\" lang=\"ES\">Pilotos de la Secretar\u00eda de Seguridad Ciudadana (SSC) de la Ciudad de M\u00e9xico, adscritos a la Direcci\u00f3n General de Servicios A\u00e9reos (DGSA) &#8220;C\u00f3ndores&#8221;, trasladaron de emergencia a una mujer de 18 a\u00f1os con complicaciones de hipertensi\u00f3n post parto.<\/span><\/p>\n<p class=\"yiv0731992477MsoNormal\"><span id=\"yMail_cursorElementTracker_1548116400703\" lang=\"ES\">El Centro Regulador de Urgencias M\u00e9dicas (CRUM) solicit\u00f3 apoyo m\u00e9dico y traslado a\u00e9reo de urgencia por parte del Agrupamiento C\u00f3ndores.<\/span><\/p>\n<p class=\"yiv0731992477MsoNormal\"><span id=\"yMail_cursorElementTracker_1548116397638\" lang=\"ES\">Un helic\u00f3ptero de la SSC se dirigi\u00f3 de inmediato al Hospital Ajusco Medio, en la alcald\u00eda Tlalpan, donde descendi\u00f3 para recibir a la joven y llevarla al Hospital General Balbuena, en la alcald\u00eda Venustiano Carranza,\u00a0 para su atenci\u00f3n especializada.<\/span><\/p>\n<p class=\"yiv0731992477MsoNormal\"><span id=\"yMail_cursorElementTracker_1548116395932\" lang=\"ES\">Durante el traslad\u00f3 se brind\u00f3 a la paciente atenci\u00f3n prehospitalaria, de acuerdo con la capacitaci\u00f3n que reciben los pilotos y param\u00e9dicos del agrupamiento C\u00f3ndores de la SSC.<\/span><\/p>\n<p class=\"yiv0731992477MsoNormal\"><span id=\"yMail_cursorElementTracker_1548116393664\" lang=\"ES\">Prevenir y salvaguardar la integridad de los ciudadanos es el compromiso de la SSC capitalina, por lo que pone a sus \u00f3rdenes el 911, la aplicaci\u00f3n para tel\u00e9fonos inteligentes &#8220;Mi Polic\u00eda&#8221; y el n\u00famero 52089898, para solicitar apoyo en materia de seguridad.<\/span><\/p>\n","protected":false},"excerpt":{"rendered":"<p>TRASLADA C\u00d3NDOR DE LA SSC CAPITALINA A JOVEN CON COMPLICACIONES POST PARTO<br \/>\nPor Redacci\u00f3n QP<\/p>\n","protected":false},"author":2,"featured_media":14957,"comment_status":"open","ping_status":"open","sticky":false,"template":"","format":"standard","meta":{"_monsterinsights_skip_tracking":false,"_monsterinsights_sitenote_active":false,"_monsterinsights_sitenote_note":"","_monsterinsights_sitenote_category":0,"footnotes":""},"categories":[55],"tags":[],"class_list":["post-14958","post","type-post","status-publish","format-standard","has-post-thumbnail","hentry","category-cdmx"],"yoast_head":"<!-- This site is optimized with the Yoast SEO plugin v27.3 - https:\/\/yoast.com\/product\/yoast-seo-wordpress\/ -->\n<title>TRASLADA C\u00d3NDOR DE LA SSC CAPITALINA A JOVEN CON COMPLICACIONES POST PARTO -<\/title>\n<meta name=\"robots\" content=\"index, follow, max-snippet:-1, max-image-preview:large, max-video-preview:-1\" \/>\n<link rel=\"canonical\" href=\"https:\/\/quehacerpolitico.mx\/?p=14958\" \/>\n<meta property=\"og:locale\" content=\"es_MX\" \/>\n<meta property=\"og:type\" content=\"article\" \/>\n<meta property=\"og:title\" content=\"TRASLADA C\u00d3NDOR DE LA SSC CAPITALINA A JOVEN CON COMPLICACIONES POST PARTO -\" \/>\n<meta property=\"og:description\" content=\"TRASLADA C\u00d3NDOR DE LA SSC CAPITALINA A JOVEN CON COMPLICACIONES POST PARTO Por Redacci\u00f3n QP\" \/>\n<meta property=\"og:url\" content=\"https:\/\/quehacerpolitico.mx\/?p=14958\" \/>\n<meta property=\"article:published_time\" content=\"2019-01-22T03:08:20+00:00\" \/>\n<meta name=\"author\" content=\"Redacci\u00f3n QP\" \/>\n<meta name=\"twitter:card\" content=\"summary_large_image\" \/>\n<meta name=\"twitter:label1\" content=\"Escrito por\" \/>\n\t<meta name=\"twitter:data1\" content=\"Redacci\u00f3n QP\" \/>\n\t<meta name=\"twitter:label2\" content=\"Tiempo de lectura\" \/>\n\t<meta name=\"twitter:data2\" content=\"1 minuto\" \/>\n<script type=\"application\/ld+json\" class=\"yoast-schema-graph\">{\"@context\":\"https:\\\/\\\/schema.org\",\"@graph\":[{\"@type\":\"Article\",\"@id\":\"https:\\\/\\\/quehacerpolitico.mx\\\/?p=14958#article\",\"isPartOf\":{\"@id\":\"https:\\\/\\\/quehacerpolitico.mx\\\/?p=14958\"},\"author\":{\"name\":\"Redacci\u00f3n QP\",\"@id\":\"https:\\\/\\\/quehacerpolitico.mx\\\/#\\\/schema\\\/person\\\/496d8ad2d1d3f8036101dca7ee39e585\"},\"headline\":\"TRASLADA C\u00d3NDOR DE LA SSC CAPITALINA A JOVEN CON COMPLICACIONES POST PARTO\",\"datePublished\":\"2019-01-22T03:08:20+00:00\",\"mainEntityOfPage\":{\"@id\":\"https:\\\/\\\/quehacerpolitico.mx\\\/?p=14958\"},\"wordCount\":216,\"commentCount\":0,\"image\":{\"@id\":\"https:\\\/\\\/quehacerpolitico.mx\\\/?p=14958#primaryimage\"},\"thumbnailUrl\":\"\",\"articleSection\":[\"CDMX\"],\"inLanguage\":\"es\",\"potentialAction\":[{\"@type\":\"CommentAction\",\"name\":\"Comment\",\"target\":[\"https:\\\/\\\/quehacerpolitico.mx\\\/?p=14958#respond\"]}]},{\"@type\":\"WebPage\",\"@id\":\"https:\\\/\\\/quehacerpolitico.mx\\\/?p=14958\",\"url\":\"https:\\\/\\\/quehacerpolitico.mx\\\/?p=14958\",\"name\":\"TRASLADA C\u00d3NDOR DE LA SSC CAPITALINA A JOVEN CON COMPLICACIONES POST PARTO -\",\"isPartOf\":{\"@id\":\"https:\\\/\\\/quehacerpolitico.mx\\\/#website\"},\"primaryImageOfPage\":{\"@id\":\"https:\\\/\\\/quehacerpolitico.mx\\\/?p=14958#primaryimage\"},\"image\":{\"@id\":\"https:\\\/\\\/quehacerpolitico.mx\\\/?p=14958#primaryimage\"},\"thumbnailUrl\":\"\",\"datePublished\":\"2019-01-22T03:08:20+00:00\",\"author\":{\"@id\":\"https:\\\/\\\/quehacerpolitico.mx\\\/#\\\/schema\\\/person\\\/496d8ad2d1d3f8036101dca7ee39e585\"},\"breadcrumb\":{\"@id\":\"https:\\\/\\\/quehacerpolitico.mx\\\/?p=14958#breadcrumb\"},\"inLanguage\":\"es\",\"potentialAction\":[{\"@type\":\"ReadAction\",\"target\":[\"https:\\\/\\\/quehacerpolitico.mx\\\/?p=14958\"]}]},{\"@type\":\"ImageObject\",\"inLanguage\":\"es\",\"@id\":\"https:\\\/\\\/quehacerpolitico.mx\\\/?p=14958#primaryimage\",\"url\":\"\",\"contentUrl\":\"\"},{\"@type\":\"BreadcrumbList\",\"@id\":\"https:\\\/\\\/quehacerpolitico.mx\\\/?p=14958#breadcrumb\",\"itemListElement\":[{\"@type\":\"ListItem\",\"position\":1,\"name\":\"Inicio\",\"item\":\"https:\\\/\\\/quehacerpolitico.mx\\\/\"},{\"@type\":\"ListItem\",\"position\":2,\"name\":\"TRASLADA C\u00d3NDOR DE LA SSC CAPITALINA A JOVEN CON COMPLICACIONES POST PARTO\"}]},{\"@type\":\"WebSite\",\"@id\":\"https:\\\/\\\/quehacerpolitico.mx\\\/#website\",\"url\":\"https:\\\/\\\/quehacerpolitico.mx\\\/\",\"name\":\"\",\"description\":\"\",\"potentialAction\":[{\"@type\":\"SearchAction\",\"target\":{\"@type\":\"EntryPoint\",\"urlTemplate\":\"https:\\\/\\\/quehacerpolitico.mx\\\/?s={search_term_string}\"},\"query-input\":{\"@type\":\"PropertyValueSpecification\",\"valueRequired\":true,\"valueName\":\"search_term_string\"}}],\"inLanguage\":\"es\"},{\"@type\":\"Person\",\"@id\":\"https:\\\/\\\/quehacerpolitico.mx\\\/#\\\/schema\\\/person\\\/496d8ad2d1d3f8036101dca7ee39e585\",\"name\":\"Redacci\u00f3n QP\",\"image\":{\"@type\":\"ImageObject\",\"inLanguage\":\"es\",\"@id\":\"https:\\\/\\\/secure.gravatar.com\\\/avatar\\\/c7164ed6fdec453195284ad24a5ae5b6e1eed2b848477fa2a4787ba9adf39a41?s=96&d=mm&r=g\",\"url\":\"https:\\\/\\\/secure.gravatar.com\\\/avatar\\\/c7164ed6fdec453195284ad24a5ae5b6e1eed2b848477fa2a4787ba9adf39a41?s=96&d=mm&r=g\",\"contentUrl\":\"https:\\\/\\\/secure.gravatar.com\\\/avatar\\\/c7164ed6fdec453195284ad24a5ae5b6e1eed2b848477fa2a4787ba9adf39a41?s=96&d=mm&r=g\",\"caption\":\"Redacci\u00f3n QP\"},\"url\":\"https:\\\/\\\/quehacerpolitico.mx\\\/?author=2\"}]}<\/script>\n<!-- \/ Yoast SEO plugin. -->","yoast_head_json":{"title":"TRASLADA C\u00d3NDOR DE LA SSC CAPITALINA A JOVEN CON COMPLICACIONES POST PARTO -","robots":{"index":"index","follow":"follow","max-snippet":"max-snippet:-1","max-image-preview":"max-image-preview:large","max-video-preview":"max-video-preview:-1"},"canonical":"https:\/\/quehacerpolitico.mx\/?p=14958","og_locale":"es_MX","og_type":"article","og_title":"TRASLADA C\u00d3NDOR DE LA SSC CAPITALINA A JOVEN CON COMPLICACIONES POST PARTO -","og_description":"TRASLADA C\u00d3NDOR DE LA SSC CAPITALINA A JOVEN CON COMPLICACIONES POST PARTO Por Redacci\u00f3n QP","og_url":"https:\/\/quehacerpolitico.mx\/?p=14958","article_published_time":"2019-01-22T03:08:20+00:00","author":"Redacci\u00f3n QP","twitter_card":"summary_large_image","twitter_misc":{"Escrito por":"Redacci\u00f3n QP","Tiempo de lectura":"1 minuto"},"schema":{"@context":"https:\/\/schema.org","@graph":[{"@type":"Article","@id":"https:\/\/quehacerpolitico.mx\/?p=14958#article","isPartOf":{"@id":"https:\/\/quehacerpolitico.mx\/?p=14958"},"author":{"name":"Redacci\u00f3n QP","@id":"https:\/\/quehacerpolitico.mx\/#\/schema\/person\/496d8ad2d1d3f8036101dca7ee39e585"},"headline":"TRASLADA C\u00d3NDOR DE LA SSC CAPITALINA A JOVEN CON COMPLICACIONES POST PARTO","datePublished":"2019-01-22T03:08:20+00:00","mainEntityOfPage":{"@id":"https:\/\/quehacerpolitico.mx\/?p=14958"},"wordCount":216,"commentCount":0,"image":{"@id":"https:\/\/quehacerpolitico.mx\/?p=14958#primaryimage"},"thumbnailUrl":"","articleSection":["CDMX"],"inLanguage":"es","potentialAction":[{"@type":"CommentAction","name":"Comment","target":["https:\/\/quehacerpolitico.mx\/?p=14958#respond"]}]},{"@type":"WebPage","@id":"https:\/\/quehacerpolitico.mx\/?p=14958","url":"https:\/\/quehacerpolitico.mx\/?p=14958","name":"TRASLADA C\u00d3NDOR DE LA SSC CAPITALINA A JOVEN CON COMPLICACIONES POST PARTO -","isPartOf":{"@id":"https:\/\/quehacerpolitico.mx\/#website"},"primaryImageOfPage":{"@id":"https:\/\/quehacerpolitico.mx\/?p=14958#primaryimage"},"image":{"@id":"https:\/\/quehacerpolitico.mx\/?p=14958#primaryimage"},"thumbnailUrl":"","datePublished":"2019-01-22T03:08:20+00:00","author":{"@id":"https:\/\/quehacerpolitico.mx\/#\/schema\/person\/496d8ad2d1d3f8036101dca7ee39e585"},"breadcrumb":{"@id":"https:\/\/quehacerpolitico.mx\/?p=14958#breadcrumb"},"inLanguage":"es","potentialAction":[{"@type":"ReadAction","target":["https:\/\/quehacerpolitico.mx\/?p=14958"]}]},{"@type":"ImageObject","inLanguage":"es","@id":"https:\/\/quehacerpolitico.mx\/?p=14958#primaryimage","url":"","contentUrl":""},{"@type":"BreadcrumbList","@id":"https:\/\/quehacerpolitico.mx\/?p=14958#breadcrumb","itemListElement":[{"@type":"ListItem","position":1,"name":"Inicio","item":"https:\/\/quehacerpolitico.mx\/"},{"@type":"ListItem","position":2,"name":"TRASLADA C\u00d3NDOR DE LA SSC CAPITALINA A JOVEN CON COMPLICACIONES POST PARTO"}]},{"@type":"WebSite","@id":"https:\/\/quehacerpolitico.mx\/#website","url":"https:\/\/quehacerpolitico.mx\/","name":"","description":"","potentialAction":[{"@type":"SearchAction","target":{"@type":"EntryPoint","urlTemplate":"https:\/\/quehacerpolitico.mx\/?s={search_term_string}"},"query-input":{"@type":"PropertyValueSpecification","valueRequired":true,"valueName":"search_term_string"}}],"inLanguage":"es"},{"@type":"Person","@id":"https:\/\/quehacerpolitico.mx\/#\/schema\/person\/496d8ad2d1d3f8036101dca7ee39e585","name":"Redacci\u00f3n QP","image":{"@type":"ImageObject","inLanguage":"es","@id":"https:\/\/secure.gravatar.com\/avatar\/c7164ed6fdec453195284ad24a5ae5b6e1eed2b848477fa2a4787ba9adf39a41?s=96&d=mm&r=g","url":"https:\/\/secure.gravatar.com\/avatar\/c7164ed6fdec453195284ad24a5ae5b6e1eed2b848477fa2a4787ba9adf39a41?s=96&d=mm&r=g","contentUrl":"https:\/\/secure.gravatar.com\/avatar\/c7164ed6fdec453195284ad24a5ae5b6e1eed2b848477fa2a4787ba9adf39a41?s=96&d=mm&r=g","caption":"Redacci\u00f3n QP"},"url":"https:\/\/quehacerpolitico.mx\/?author=2"}]}},"featured_image_urls":{"full":"","thumbnail":"","medium":"","medium_large":"","large":"","1536x1536":"","2048x2048":"","covernews-featured":"","covernews-medium":""},"author_info":{"display_name":"Redacci\u00f3n QP","author_link":"https:\/\/quehacerpolitico.mx\/?author=2"},"category_info":"<a href=\"https:\/\/quehacerpolitico.mx\/?cat=55\" rel=\"category\">CDMX<\/a>","tag_info":"CDMX","comment_count":"0","_links":{"self":[{"href":"https:\/\/quehacerpolitico.mx\/index.php?rest_route=\/wp\/v2\/posts\/14958","targetHints":{"allow":["GET"]}}],"collection":[{"href":"https:\/\/quehacerpolitico.mx\/index.php?rest_route=\/wp\/v2\/posts"}],"about":[{"href":"https:\/\/quehacerpolitico.mx\/index.php?rest_route=\/wp\/v2\/types\/post"}],"author":[{"embeddable":true,"href":"https:\/\/quehacerpolitico.mx\/index.php?rest_route=\/wp\/v2\/users\/2"}],"replies":[{"embeddable":true,"href":"https:\/\/quehacerpolitico.mx\/index.php?rest_route=%2Fwp%2Fv2%2Fcomments&post=14958"}],"version-history":[{"count":0,"href":"https:\/\/quehacerpolitico.mx\/index.php?rest_route=\/wp\/v2\/posts\/14958\/revisions"}],"wp:featuredmedia":[{"embeddable":true,"href":"https:\/\/quehacerpolitico.mx\/index.php?rest_route=\/"}],"wp:attachment":[{"href":"https:\/\/quehacerpolitico.mx\/index.php?rest_route=%2Fwp%2Fv2%2Fmedia&parent=14958"}],"wp:term":[{"taxonomy":"category","embeddable":true,"href":"https:\/\/quehacerpolitico.mx\/index.php?rest_route=%2Fwp%2Fv2%2Fcategories&post=14958"},{"taxonomy":"post_tag","embeddable":true,"href":"https:\/\/quehacerpolitico.mx\/index.php?rest_route=%2Fwp%2Fv2%2Ftags&post=14958"}],"curies":[{"name":"wp","href":"https:\/\/api.w.org\/{rel}","templated":true}]}}