{"id":14947,"date":"2019-01-22T01:38:07","date_gmt":"2019-01-22T01:38:07","guid":{"rendered":"http:\/\/quehacerpolitico.mx\/rsf-pide-a-amlo-procurar-justicia-para-murua-tenia-proteccion-federal-cuando-lo-asesinaron\/"},"modified":"2019-01-22T01:38:07","modified_gmt":"2019-01-22T01:38:07","slug":"rsf-pide-a-amlo-procurar-justicia-para-murua-tenia-proteccion-federal-cuando-lo-asesinaron","status":"publish","type":"post","link":"https:\/\/quehacerpolitico.mx\/?p=14947","title":{"rendered":"RSF pide a AMLO procurar justicia para Mur\u00faa. Ten\u00eda \u201cprotecci\u00f3n\u201d federal cuando lo asesinaron"},"content":{"rendered":"<h1>RSF pide a AMLO procurar justicia para Mur\u00faa. Ten\u00eda \u201cprotecci\u00f3n\u201d federal cuando lo asesinaron<\/h1>\n<p>Por Redacci\u00f3n QP<\/p>\n<p>Organizaciones internacionales como Art\u00edculo 19 y Reporteros Sin Fronteras, as\u00ed como\u00a0Asociaci\u00f3n Mundial de Radios Comunitarias (AMARC),\u00a0 lamentaron y condenaron el <strong>asesinato<\/strong> del <strong>periodista<\/strong> <strong>Rafael Mur\u00faa Manr\u00edquez<\/strong>, quien fue hallado sin vida ayer por la tarde en <strong>Baja California Sur<\/strong>. Tambi\u00e9n exigieron a las autoridades a que se lleve a cabo una <strong>investigaci\u00f3n<\/strong> exhaustiva por las <strong>amenazas<\/strong> que hab\u00eda denunciado el director de la radio comunitaria <em>Radio Kashana<\/em> y que no se le <strong>criminalice<\/strong>.<\/p>\n<p>El reportero fue visto por \u00faltima vez la noche del s\u00e1bado en calles del centro de la comunidad de Santa Rosal\u00eda, en el municipio de Muleg\u00e9 Felipe Prado. Ayer,\u00a0el cuerpo del periodista se localiz\u00f3 en el kil\u00f3metro 40 del tramo carretero Santa Rosal\u00eda-San Ignacio, Muleg\u00e9, y \u201cpresentaba diversas perforaciones en el t\u00f3rax\u201d.<\/p>\n<blockquote>\n<p>La AMARC M\u00e9xico exigi\u00f3 \u201ca las autoridades estatales y federales la inmediata y exhaustiva investigaci\u00f3n y aclaraci\u00f3n de los hechos, y el castigo a los responsables de este crimen, de manera que no sea uno m\u00e1s en la creciente y vergonzosa suma de la impunidad que ha azotado a personas dedicadas a la comunicaci\u00f3n, al periodismo y a la defensa de los derechos humanos en M\u00e9xico\u201d.<\/p>\n<p><em>Radio Kashana<\/em> 93.3\u00a0 era una estaci\u00f3n miembro de la AMARC M\u00e9xico desde 2015.<\/p>\n<p>La AMARC, a trav\u00e9s de un mensaje en su cuenta de Facebook, record\u00f3 que las agresiones contra periodistas son \u201cun golpe a la libertad de expresi\u00f3n, pilar de la defensa de los derechos humanos\u201d.<\/p>\n<blockquote>\n<p>\u201c\u00a1No nos callar\u00e1n, asumimos nuestra responsabilidad de expresarnos con nuestras comunidades!\u201d, dijo.<\/p>\n<p>Tambi\u00e9n exigi\u00f3 que las autoridades locales no criminalicen al comunicador, y acus\u00f3 que la Procuradur\u00eda de Justicia de la entidad \u201csembr\u00f3 datos que llevan a sesgar y prejuiciar la investigaci\u00f3n\u201d en el bolet\u00edn donde inform\u00f3 sobre el hallazgo del cuerpo sin vida de Rafael.<\/p>\n<p>La Procuradur\u00eda inform\u00f3 en el comunicado que durante los primeros peritajes los elementos aseguraron \u201ctres envoltorios con vegetal verde y seco con caracter\u00edsticas de la marihuana\u201d.<\/p>\n<blockquote>\n<p>Por ello, la AMARC pidi\u00f3 \u201cno acudir a la criminalizaci\u00f3n que tan f\u00e1cil y oportuna les resulta, pero que tiene por desgraciada consecuencia justificar la impunidad en los crecientes casos de feminicidios, desapariciones de particulares, desapariciones forzadas, y agresiones y cr\u00edmenes contra periodistas, comunicadores comunitarios y personas defensoras de derechos humanos\u201d.<\/p>\n<\/blockquote>\n<p>La organizaci\u00f3n Art\u00edculo 19 lament\u00f3 \u201cprofundamente\u201d la muerte de Rafael Mur\u00faa y adelant\u00f3 que dar\u00e1 seguimiento al caso. Adem\u00e1s env\u00edo su solidaridad a su familia y compa\u00f1eros.<\/p>\n<p>\u201cArticle 19 lamenta profundamente la aparici\u00f3n sin vida del periodista Rafael Mur\u00faa Manr\u00edquez, en Santa Rosal\u00eda, BCS. Esta organizaci\u00f3n contin\u00faa documentando los hechos. Para su familia y compa\u00f1eros, solidaridad en estos momentos dif\u00edciles\u201d, escribi\u00f3 en Twitter la organizaci\u00f3n.<\/p>\n<blockquote class=\"twitter-tweet\" data-width=\"550\" data-dnt=\"true\">\n<p lang=\"es\" dir=\"ltr\">\u26a0\ufe0f ARTICLE 19 lamenta profundamente la aparici\u00f3n sin vida del periodista Rafael Mur\u00faa Manr\u00edquez, en Santa Rosal\u00eda, BCS. Esta organizaci\u00f3n contin\u00faa documentando los hechos. Para su familia y compa\u00f1eros, solidaridad en estos momentos dif\u00edciles.<\/p>\n<p>\ud83d\udcf8: Internet <a href=\"https:\/\/t.co\/gp6xWwWloC\">pic.twitter.com\/gp6xWwWloC<\/a><\/p>\n<p>&mdash; ARTICLE 19 MX-CA (@article19mex) <a href=\"https:\/\/twitter.com\/article19mex\/status\/1087377950243196928?ref_src=twsrc%5Etfw\">January 21, 2019<\/a><\/p><\/blockquote>\n<p><script async src=\"https:\/\/platform.twitter.com\/widgets.js\" charset=\"utf-8\"><\/script><\/p>\n<p><strong>ART\u00cdCULO 19 HAB\u00cdA PEDIDO PROTECCI\u00d3N EFECTIVA<\/strong><\/p>\n<p>Art\u00edculo 19 hab\u00eda documentado la desaparici\u00f3n del comunicador y hab\u00eda exigido que se activara el Mecanismo federal de protecci\u00f3n a periodistas, al que Mur\u00faa estaba suscrito. Sin embargo, horas despu\u00e9s de este llamado, el periodista, de 34 a\u00f1os, fue encontrado muerto y con signos de violencia.<\/p>\n<p>Ra\u00fal Mur\u00faa denunci\u00f3 el 14 de noviembre pasado hostigamiento y amenazas de parte del Alcalde de Muleg\u00e9, Felipe Prado Bautista.<\/p>\n<p>El joven periodista denunci\u00f3, desde su cuenta de Facebook, que el 29 de octubre fue amedrentado \u201cadvirtiendo que pronto iban a asesinarme. Casualmente la informaci\u00f3n ven\u00eda de la casa de uno de los funcionarios de la actual administraci\u00f3n municipal, con puesto de coordinador\u201d, escribi\u00f3.<\/p>\n<p><strong>RSF PIDE A AMLO INTERVENIR<\/strong><\/p>\n<p class=\"p1\">Reporteros Sin Fronteras pidi\u00f3 \u201ca las autoridades locales que en la investigaci\u00f3n den prioridad a la hip\u00f3tesis de que el crimen pudo estar relacionado con la labor profesional del periodista, y al Presidente del pa\u00eds, Andr\u00e9s Manuel L\u00f3pez Obrador, que se comprometa de forma concreta y duradera a fortalecer los dispositivos de protecci\u00f3n de periodistas en M\u00e9xico\u201d.<\/p>\n<p class=\"p1\">En un comunicado record\u00f3 que el periodista hab\u00eda pedido p\u00fablicamente a las autoridades que se respetara la libertad de expresi\u00f3n en la regi\u00f3n y hab\u00eda denunciado las amenazas de muerte, las calumnias y los intentos de censura que padec\u00eda.<\/p>\n<p class=\"p1\">Se\u00f1al\u00f3 que Mur\u00faa Manr\u00edquez contaba con medidas de protecci\u00f3n del Mecanismo para la Protecci\u00f3n para Personas Defensoras de Derechos Humanos y Periodistas (federal) desde junio de 2017.<\/p>\n<blockquote>\n<p class=\"p1\">Emmanuel Colombi\u00e9, director del Despacho Am\u00e9rica Latina de Reporteros Sin Fronteras, dijo que \u201clas autoridades de Baja California deben desarrollar una investigaci\u00f3n a profundidad sobre esta ejecuci\u00f3n y dar prioridad a la hip\u00f3tesis de que el crimen pudo estar relacionado con la labor profesional del periodista\u201d.<\/p>\n<p class=\"p1\">\u201cFrente a este nuevo fracaso del Mecanismo de Protecci\u00f3n, RSF pide al Presidente del pa\u00eds, Andr\u00e9s Manuel L\u00f3pez Obrador, que se reflexione a fondo c\u00f3mo fortalecer los dispositivos de protecci\u00f3n de periodistas en M\u00e9xico y que estos se reformen\u201d, agreg\u00f3.<\/p>\n<\/blockquote>\n<p class=\"p1\">Y record\u00f3 que M\u00e9xico ocupa el lugar 147, entre 180 pa\u00edses, en la Clasificaci\u00f3n Mundial de la Libertad de Prensa elaborada por Reporteros Sin Fronteras.<\/p>\n<p>Mur\u00faa Manr\u00edquez era el Director General de la radio comunitaria<em> Radio Kashana<\/em>, al aire en el 93.3 desde Santa Rosal\u00eda. En la radio se abordan temas relacionados con Derechos Humanos, culturas alternativas, equidad de g\u00e9nero, medio ambiente, salud sexual y reproductiva.<\/p>\n<p>El Centro Nacional de Comunicaci\u00f3n Social A.C. (Cencos) exigi\u00f3 justicia para el comunicador comunitario as\u00ed como un alto a las agresiones en contra de la prensa.<\/p>\n<blockquote class=\"twitter-tweet\" data-width=\"550\" data-dnt=\"true\">\n<p lang=\"es\" dir=\"ltr\">La tarde del domingo fue hallado el cuerpo del periodista Rafael Mur\u00faa Manr\u00edquez, quien hab\u00eda denunciado amenazas por su labor period\u00edstica.<\/p>\n<p>Desde <a href=\"https:\/\/twitter.com\/cencos?ref_src=twsrc%5Etfw\">@cencos<\/a> exigimos justicia para Rafael y un alto a las agresiones contra la prensa. <\/p>\n<p>\ud83d\udc49 <a href=\"https:\/\/t.co\/fl6CPe8TvE\">https:\/\/t.co\/fl6CPe8TvE<\/a> <a href=\"https:\/\/t.co\/SnWZ6Ul6UH\">pic.twitter.com\/SnWZ6Ul6UH<\/a><\/p>\n<p>&mdash; Cencos (@cencos) <a href=\"https:\/\/twitter.com\/cencos\/status\/1087365399799320578?ref_src=twsrc%5Etfw\">January 21, 2019<\/a><\/p><\/blockquote>\n<p><script async src=\"https:\/\/platform.twitter.com\/widgets.js\" charset=\"utf-8\"><\/script><\/p>\n<p>El Gobernador de la entidad, Carlos Mendoza Davis, calific\u00f3 \u201ccobarde\u201d el asesinato de Rafael Mur\u00faa y asegur\u00f3 que no quedar\u00e1 sin castigo.<\/p>\n<p>\u201cEl cobarde crimen de Rafael Mur\u00faa no quedar\u00e1 sin castigo. He instruido a la @PGJEBCS ha seguir todas las l\u00edneas de investigaci\u00f3n para el esclarecimiento de este lamentable hecho\u201d, escribi\u00f3 en Twitter.<\/p>\n<blockquote class=\"twitter-tweet\" data-width=\"550\" data-dnt=\"true\">\n<p lang=\"es\" dir=\"ltr\">Condeno el asesinato del periodista sudcaliforniano Rafael Mur\u00faa Manr\u00edquez. Mi solidaridad con su familia y el gremio period\u00edstico sudcaliforniano.<\/p>\n<p>&mdash; Carlos Mendoza Davis (@cmendozadavis) <a href=\"https:\/\/twitter.com\/cmendozadavis\/status\/1087393124752809984?ref_src=twsrc%5Etfw\">January 21, 2019<\/a><\/p><\/blockquote>\n<p><script async src=\"https:\/\/platform.twitter.com\/widgets.js\" charset=\"utf-8\"><\/script><\/p>\n<p>La organizaci\u00f3n Art\u00edculo se\u00f1al\u00f3 que Murg\u00faa es el primer periodista asesinado en 2019; y record\u00f3 que al menos 122 homicidios de periodistas ha documentado en M\u00e9xico del a\u00f1o 2000 a la fecha. En 2018 document\u00f3 un total de nueve homicidios de comunicadores.<\/p>\n<\/blockquote>\n<\/blockquote>\n","protected":false},"excerpt":{"rendered":"<p>RSF pide a AMLO procurar justicia para Mur\u00faa. Ten\u00eda \u201cprotecci\u00f3n\u201d federal cuando lo asesinaron<br \/>\nPor Redacci\u00f3n QP<\/p>\n","protected":false},"author":2,"featured_media":14946,"comment_status":"open","ping_status":"open","sticky":false,"template":"","format":"standard","meta":{"_monsterinsights_skip_tracking":false,"_monsterinsights_sitenote_active":false,"_monsterinsights_sitenote_note":"","_monsterinsights_sitenote_category":0,"footnotes":""},"categories":[2],"tags":[],"class_list":["post-14947","post","type-post","status-publish","format-standard","has-post-thumbnail","hentry","category-noticias"],"yoast_head":"<!-- This site is optimized with the Yoast SEO plugin v27.3 - https:\/\/yoast.com\/product\/yoast-seo-wordpress\/ -->\n<title>RSF pide a AMLO procurar justicia para Mur\u00faa. Ten\u00eda \u201cprotecci\u00f3n\u201d federal cuando lo asesinaron -<\/title>\n<meta name=\"robots\" content=\"index, follow, max-snippet:-1, max-image-preview:large, max-video-preview:-1\" \/>\n<link rel=\"canonical\" href=\"https:\/\/quehacerpolitico.mx\/?p=14947\" \/>\n<meta property=\"og:locale\" content=\"es_MX\" \/>\n<meta property=\"og:type\" content=\"article\" \/>\n<meta property=\"og:title\" content=\"RSF pide a AMLO procurar justicia para Mur\u00faa. Ten\u00eda \u201cprotecci\u00f3n\u201d federal cuando lo asesinaron -\" \/>\n<meta property=\"og:description\" content=\"RSF pide a AMLO procurar justicia para Mur\u00faa. Ten\u00eda \u201cprotecci\u00f3n\u201d federal cuando lo asesinaron Por Redacci\u00f3n QP\" \/>\n<meta property=\"og:url\" content=\"https:\/\/quehacerpolitico.mx\/?p=14947\" \/>\n<meta property=\"article:published_time\" content=\"2019-01-22T01:38:07+00:00\" \/>\n<meta name=\"author\" content=\"Redacci\u00f3n QP\" \/>\n<meta name=\"twitter:card\" content=\"summary_large_image\" \/>\n<meta name=\"twitter:label1\" content=\"Escrito por\" \/>\n\t<meta name=\"twitter:data1\" content=\"Redacci\u00f3n QP\" \/>\n\t<meta name=\"twitter:label2\" content=\"Tiempo de lectura\" \/>\n\t<meta name=\"twitter:data2\" content=\"5 minutos\" \/>\n<script type=\"application\/ld+json\" class=\"yoast-schema-graph\">{\"@context\":\"https:\\\/\\\/schema.org\",\"@graph\":[{\"@type\":\"Article\",\"@id\":\"https:\\\/\\\/quehacerpolitico.mx\\\/?p=14947#article\",\"isPartOf\":{\"@id\":\"https:\\\/\\\/quehacerpolitico.mx\\\/?p=14947\"},\"author\":{\"name\":\"Redacci\u00f3n QP\",\"@id\":\"https:\\\/\\\/quehacerpolitico.mx\\\/#\\\/schema\\\/person\\\/496d8ad2d1d3f8036101dca7ee39e585\"},\"headline\":\"RSF pide a AMLO procurar justicia para Mur\u00faa. Ten\u00eda \u201cprotecci\u00f3n\u201d federal cuando lo asesinaron\",\"datePublished\":\"2019-01-22T01:38:07+00:00\",\"mainEntityOfPage\":{\"@id\":\"https:\\\/\\\/quehacerpolitico.mx\\\/?p=14947\"},\"wordCount\":1105,\"commentCount\":0,\"image\":{\"@id\":\"https:\\\/\\\/quehacerpolitico.mx\\\/?p=14947#primaryimage\"},\"thumbnailUrl\":\"\",\"articleSection\":[\"Noticias\"],\"inLanguage\":\"es\",\"potentialAction\":[{\"@type\":\"CommentAction\",\"name\":\"Comment\",\"target\":[\"https:\\\/\\\/quehacerpolitico.mx\\\/?p=14947#respond\"]}]},{\"@type\":\"WebPage\",\"@id\":\"https:\\\/\\\/quehacerpolitico.mx\\\/?p=14947\",\"url\":\"https:\\\/\\\/quehacerpolitico.mx\\\/?p=14947\",\"name\":\"RSF pide a AMLO procurar justicia para Mur\u00faa. Ten\u00eda \u201cprotecci\u00f3n\u201d federal cuando lo asesinaron -\",\"isPartOf\":{\"@id\":\"https:\\\/\\\/quehacerpolitico.mx\\\/#website\"},\"primaryImageOfPage\":{\"@id\":\"https:\\\/\\\/quehacerpolitico.mx\\\/?p=14947#primaryimage\"},\"image\":{\"@id\":\"https:\\\/\\\/quehacerpolitico.mx\\\/?p=14947#primaryimage\"},\"thumbnailUrl\":\"\",\"datePublished\":\"2019-01-22T01:38:07+00:00\",\"author\":{\"@id\":\"https:\\\/\\\/quehacerpolitico.mx\\\/#\\\/schema\\\/person\\\/496d8ad2d1d3f8036101dca7ee39e585\"},\"breadcrumb\":{\"@id\":\"https:\\\/\\\/quehacerpolitico.mx\\\/?p=14947#breadcrumb\"},\"inLanguage\":\"es\",\"potentialAction\":[{\"@type\":\"ReadAction\",\"target\":[\"https:\\\/\\\/quehacerpolitico.mx\\\/?p=14947\"]}]},{\"@type\":\"ImageObject\",\"inLanguage\":\"es\",\"@id\":\"https:\\\/\\\/quehacerpolitico.mx\\\/?p=14947#primaryimage\",\"url\":\"\",\"contentUrl\":\"\"},{\"@type\":\"BreadcrumbList\",\"@id\":\"https:\\\/\\\/quehacerpolitico.mx\\\/?p=14947#breadcrumb\",\"itemListElement\":[{\"@type\":\"ListItem\",\"position\":1,\"name\":\"Inicio\",\"item\":\"https:\\\/\\\/quehacerpolitico.mx\\\/\"},{\"@type\":\"ListItem\",\"position\":2,\"name\":\"RSF pide a AMLO procurar justicia para Mur\u00faa. Ten\u00eda \u201cprotecci\u00f3n\u201d federal cuando lo asesinaron\"}]},{\"@type\":\"WebSite\",\"@id\":\"https:\\\/\\\/quehacerpolitico.mx\\\/#website\",\"url\":\"https:\\\/\\\/quehacerpolitico.mx\\\/\",\"name\":\"\",\"description\":\"\",\"potentialAction\":[{\"@type\":\"SearchAction\",\"target\":{\"@type\":\"EntryPoint\",\"urlTemplate\":\"https:\\\/\\\/quehacerpolitico.mx\\\/?s={search_term_string}\"},\"query-input\":{\"@type\":\"PropertyValueSpecification\",\"valueRequired\":true,\"valueName\":\"search_term_string\"}}],\"inLanguage\":\"es\"},{\"@type\":\"Person\",\"@id\":\"https:\\\/\\\/quehacerpolitico.mx\\\/#\\\/schema\\\/person\\\/496d8ad2d1d3f8036101dca7ee39e585\",\"name\":\"Redacci\u00f3n QP\",\"image\":{\"@type\":\"ImageObject\",\"inLanguage\":\"es\",\"@id\":\"https:\\\/\\\/secure.gravatar.com\\\/avatar\\\/c7164ed6fdec453195284ad24a5ae5b6e1eed2b848477fa2a4787ba9adf39a41?s=96&d=mm&r=g\",\"url\":\"https:\\\/\\\/secure.gravatar.com\\\/avatar\\\/c7164ed6fdec453195284ad24a5ae5b6e1eed2b848477fa2a4787ba9adf39a41?s=96&d=mm&r=g\",\"contentUrl\":\"https:\\\/\\\/secure.gravatar.com\\\/avatar\\\/c7164ed6fdec453195284ad24a5ae5b6e1eed2b848477fa2a4787ba9adf39a41?s=96&d=mm&r=g\",\"caption\":\"Redacci\u00f3n QP\"},\"url\":\"https:\\\/\\\/quehacerpolitico.mx\\\/?author=2\"}]}<\/script>\n<!-- \/ Yoast SEO plugin. -->","yoast_head_json":{"title":"RSF pide a AMLO procurar justicia para Mur\u00faa. Ten\u00eda \u201cprotecci\u00f3n\u201d federal cuando lo asesinaron -","robots":{"index":"index","follow":"follow","max-snippet":"max-snippet:-1","max-image-preview":"max-image-preview:large","max-video-preview":"max-video-preview:-1"},"canonical":"https:\/\/quehacerpolitico.mx\/?p=14947","og_locale":"es_MX","og_type":"article","og_title":"RSF pide a AMLO procurar justicia para Mur\u00faa. Ten\u00eda \u201cprotecci\u00f3n\u201d federal cuando lo asesinaron -","og_description":"RSF pide a AMLO procurar justicia para Mur\u00faa. Ten\u00eda \u201cprotecci\u00f3n\u201d federal cuando lo asesinaron Por Redacci\u00f3n QP","og_url":"https:\/\/quehacerpolitico.mx\/?p=14947","article_published_time":"2019-01-22T01:38:07+00:00","author":"Redacci\u00f3n QP","twitter_card":"summary_large_image","twitter_misc":{"Escrito por":"Redacci\u00f3n QP","Tiempo de lectura":"5 minutos"},"schema":{"@context":"https:\/\/schema.org","@graph":[{"@type":"Article","@id":"https:\/\/quehacerpolitico.mx\/?p=14947#article","isPartOf":{"@id":"https:\/\/quehacerpolitico.mx\/?p=14947"},"author":{"name":"Redacci\u00f3n QP","@id":"https:\/\/quehacerpolitico.mx\/#\/schema\/person\/496d8ad2d1d3f8036101dca7ee39e585"},"headline":"RSF pide a AMLO procurar justicia para Mur\u00faa. Ten\u00eda \u201cprotecci\u00f3n\u201d federal cuando lo asesinaron","datePublished":"2019-01-22T01:38:07+00:00","mainEntityOfPage":{"@id":"https:\/\/quehacerpolitico.mx\/?p=14947"},"wordCount":1105,"commentCount":0,"image":{"@id":"https:\/\/quehacerpolitico.mx\/?p=14947#primaryimage"},"thumbnailUrl":"","articleSection":["Noticias"],"inLanguage":"es","potentialAction":[{"@type":"CommentAction","name":"Comment","target":["https:\/\/quehacerpolitico.mx\/?p=14947#respond"]}]},{"@type":"WebPage","@id":"https:\/\/quehacerpolitico.mx\/?p=14947","url":"https:\/\/quehacerpolitico.mx\/?p=14947","name":"RSF pide a AMLO procurar justicia para Mur\u00faa. Ten\u00eda \u201cprotecci\u00f3n\u201d federal cuando lo asesinaron -","isPartOf":{"@id":"https:\/\/quehacerpolitico.mx\/#website"},"primaryImageOfPage":{"@id":"https:\/\/quehacerpolitico.mx\/?p=14947#primaryimage"},"image":{"@id":"https:\/\/quehacerpolitico.mx\/?p=14947#primaryimage"},"thumbnailUrl":"","datePublished":"2019-01-22T01:38:07+00:00","author":{"@id":"https:\/\/quehacerpolitico.mx\/#\/schema\/person\/496d8ad2d1d3f8036101dca7ee39e585"},"breadcrumb":{"@id":"https:\/\/quehacerpolitico.mx\/?p=14947#breadcrumb"},"inLanguage":"es","potentialAction":[{"@type":"ReadAction","target":["https:\/\/quehacerpolitico.mx\/?p=14947"]}]},{"@type":"ImageObject","inLanguage":"es","@id":"https:\/\/quehacerpolitico.mx\/?p=14947#primaryimage","url":"","contentUrl":""},{"@type":"BreadcrumbList","@id":"https:\/\/quehacerpolitico.mx\/?p=14947#breadcrumb","itemListElement":[{"@type":"ListItem","position":1,"name":"Inicio","item":"https:\/\/quehacerpolitico.mx\/"},{"@type":"ListItem","position":2,"name":"RSF pide a AMLO procurar justicia para Mur\u00faa. Ten\u00eda \u201cprotecci\u00f3n\u201d federal cuando lo asesinaron"}]},{"@type":"WebSite","@id":"https:\/\/quehacerpolitico.mx\/#website","url":"https:\/\/quehacerpolitico.mx\/","name":"","description":"","potentialAction":[{"@type":"SearchAction","target":{"@type":"EntryPoint","urlTemplate":"https:\/\/quehacerpolitico.mx\/?s={search_term_string}"},"query-input":{"@type":"PropertyValueSpecification","valueRequired":true,"valueName":"search_term_string"}}],"inLanguage":"es"},{"@type":"Person","@id":"https:\/\/quehacerpolitico.mx\/#\/schema\/person\/496d8ad2d1d3f8036101dca7ee39e585","name":"Redacci\u00f3n QP","image":{"@type":"ImageObject","inLanguage":"es","@id":"https:\/\/secure.gravatar.com\/avatar\/c7164ed6fdec453195284ad24a5ae5b6e1eed2b848477fa2a4787ba9adf39a41?s=96&d=mm&r=g","url":"https:\/\/secure.gravatar.com\/avatar\/c7164ed6fdec453195284ad24a5ae5b6e1eed2b848477fa2a4787ba9adf39a41?s=96&d=mm&r=g","contentUrl":"https:\/\/secure.gravatar.com\/avatar\/c7164ed6fdec453195284ad24a5ae5b6e1eed2b848477fa2a4787ba9adf39a41?s=96&d=mm&r=g","caption":"Redacci\u00f3n QP"},"url":"https:\/\/quehacerpolitico.mx\/?author=2"}]}},"featured_image_urls":{"full":"","thumbnail":"","medium":"","medium_large":"","large":"","1536x1536":"","2048x2048":"","covernews-featured":"","covernews-medium":""},"author_info":{"display_name":"Redacci\u00f3n QP","author_link":"https:\/\/quehacerpolitico.mx\/?author=2"},"category_info":"<a href=\"https:\/\/quehacerpolitico.mx\/?cat=2\" rel=\"category\">Noticias<\/a>","tag_info":"Noticias","comment_count":"0","_links":{"self":[{"href":"https:\/\/quehacerpolitico.mx\/index.php?rest_route=\/wp\/v2\/posts\/14947","targetHints":{"allow":["GET"]}}],"collection":[{"href":"https:\/\/quehacerpolitico.mx\/index.php?rest_route=\/wp\/v2\/posts"}],"about":[{"href":"https:\/\/quehacerpolitico.mx\/index.php?rest_route=\/wp\/v2\/types\/post"}],"author":[{"embeddable":true,"href":"https:\/\/quehacerpolitico.mx\/index.php?rest_route=\/wp\/v2\/users\/2"}],"replies":[{"embeddable":true,"href":"https:\/\/quehacerpolitico.mx\/index.php?rest_route=%2Fwp%2Fv2%2Fcomments&post=14947"}],"version-history":[{"count":0,"href":"https:\/\/quehacerpolitico.mx\/index.php?rest_route=\/wp\/v2\/posts\/14947\/revisions"}],"wp:featuredmedia":[{"embeddable":true,"href":"https:\/\/quehacerpolitico.mx\/index.php?rest_route=\/"}],"wp:attachment":[{"href":"https:\/\/quehacerpolitico.mx\/index.php?rest_route=%2Fwp%2Fv2%2Fmedia&parent=14947"}],"wp:term":[{"taxonomy":"category","embeddable":true,"href":"https:\/\/quehacerpolitico.mx\/index.php?rest_route=%2Fwp%2Fv2%2Fcategories&post=14947"},{"taxonomy":"post_tag","embeddable":true,"href":"https:\/\/quehacerpolitico.mx\/index.php?rest_route=%2Fwp%2Fv2%2Ftags&post=14947"}],"curies":[{"name":"wp","href":"https:\/\/api.w.org\/{rel}","templated":true}]}}