{"id":14917,"date":"2019-01-21T21:25:50","date_gmt":"2019-01-21T21:25:50","guid":{"rendered":"http:\/\/quehacerpolitico.mx\/imagenes-asi-se-vio-la-luna-de-sangre-en-la-cmdx\/"},"modified":"2019-01-21T21:25:50","modified_gmt":"2019-01-21T21:25:50","slug":"imagenes-asi-se-vio-la-luna-de-sangre-en-la-cmdx","status":"publish","type":"post","link":"https:\/\/quehacerpolitico.mx\/?p=14917","title":{"rendered":"[IM\u00c1GENES] As\u00ed se vio la luna de sangre en la CMDX"},"content":{"rendered":"<h1 class=\"amp-wp-title\">[IM\u00c1GENES] As\u00ed se vio la luna de sangre en la CMDX<\/h1>\n<p>Por Redacci\u00f3n QP<\/p>\n<p>La noche se ilumin\u00f3 con la<strong> s\u00faper luna<\/strong>, y tuvo un tinte de <strong>color rojo<\/strong> para despu\u00e9s desaparecer por unos <strong>segundos<\/strong>. Fue as\u00ed que un<strong> triple fen\u00f3meno astron\u00f3mico<\/strong> ocurri\u00f3 en la <strong>Ciudad de M\u00e9xico<\/strong>; el eclipse total de luna, la<strong> s\u00faper luna<\/strong> y la <strong>luna de sangre. <\/strong><\/p>\n<p>Este fue el \u00fanico eclipse total de <strong>Luna<\/strong> en todo el 2019. Desde las <strong>21:37 horas<\/strong> comenz\u00f3 el fen\u00f3meno lunar, con un <strong>eclipse<\/strong> <strong>parcial<\/strong>, que se convirti\u00f3 en <strong>eclipse<\/strong> <strong>total<\/strong> a partir de las <strong>22:41 horas.<\/strong><\/p>\n<h3>El eclipse<\/h3>\n<p>El movimiento de <strong>traslaci\u00f3n<\/strong> <strong>lunar<\/strong> ocurre en una \u00f3rbita el\u00edptica, la <strong>Luna<\/strong> se acerca o se aleja de la <strong>Tierra<\/strong> por momentos, lo que da una perspectiva de estar m\u00e1s grande o peque\u00f1a. 64 minutos dur\u00f3 el <strong>eclipse total de Luna,<\/strong> que comenz\u00f3 a las<strong> 21:37 horas.<\/strong><\/p>\n<p>El que la <strong>Luna<\/strong> se acerque y se agrande ante nuestros ojos es a lo que se le conoce como <strong>superluna<\/strong>.<\/p>\n<p>Finalmente, el <strong>fen\u00f3meno<\/strong> de la luna de sangre fue <strong>provocado<\/strong> porque durante el eclipse, la <strong>luz del sol<\/strong>no llega a la <strong>Luna<\/strong> y se filtra a la <strong>Tierra<\/strong>, provocando que se vea con colores <strong>rojizos<\/strong> y <strong>anaranjados<\/strong>.<\/p>\n<p>Aqu\u00ed algunas im\u00e1genes tomadas desde <strong><em>Twitter<\/em><\/strong>:<\/p>\n<p><img decoding=\"async\" class=\"i-amphtml-fill-content i-amphtml-replaced-content\" src=\"https:\/\/elbigdata.mx\/wp-content\/uploads\/2019\/01\/FOTO_%C3%93SCAR_MIRELES_uno.jpg\" sizes=\"(min-width: 660px) 660px, 100vw\" srcset=\"https:\/\/elbigdata.mx\/wp-content\/uploads\/2019\/01\/FOTO_%C3%93SCAR_MIRELES_uno.jpg 660w, https:\/\/elbigdata.mx\/wp-content\/uploads\/2019\/01\/FOTO_%C3%93SCAR_MIRELES_uno-360x240.jpg 360w\" alt=\"\" \/><\/p>\n<p><img decoding=\"async\" class=\"i-amphtml-fill-content i-amphtml-replaced-content\" src=\"https:\/\/elbigdata.mx\/wp-content\/uploads\/2019\/01\/FOTO_PUBLIMETRO_LUNA-768x512.jpg\" sizes=\"(min-width: 662px) 662px, 100vw\" srcset=\"https:\/\/elbigdata.mx\/wp-content\/uploads\/2019\/01\/FOTO_PUBLIMETRO_LUNA-768x512.jpg 768w, https:\/\/elbigdata.mx\/wp-content\/uploads\/2019\/01\/FOTO_PUBLIMETRO_LUNA-360x240.jpg 360w, https:\/\/elbigdata.mx\/wp-content\/uploads\/2019\/01\/FOTO_PUBLIMETRO_LUNA.jpg 1024w\" alt=\"\" \/><\/p>\n<p><img decoding=\"async\" class=\"i-amphtml-fill-content i-amphtml-replaced-content\" src=\"https:\/\/elbigdata.mx\/wp-content\/uploads\/2019\/01\/FOTO_SUPER_LUNA_UNO-576x768.jpg\" sizes=\"(min-width: 664px) 664px, 100vw\" srcset=\"https:\/\/elbigdata.mx\/wp-content\/uploads\/2019\/01\/FOTO_SUPER_LUNA_UNO-576x768.jpg 576w, https:\/\/elbigdata.mx\/wp-content\/uploads\/2019\/01\/FOTO_SUPER_LUNA_UNO-270x360.jpg 270w, https:\/\/elbigdata.mx\/wp-content\/uploads\/2019\/01\/FOTO_SUPER_LUNA_UNO-768x1024.jpg 768w, https:\/\/elbigdata.mx\/wp-content\/uploads\/2019\/01\/FOTO_SUPER_LUNA_UNO.jpg 900w\" alt=\"\" \/><\/p>\n","protected":false},"excerpt":{"rendered":"<p>[IM\u00c1GENES] As\u00ed se vio la luna de sangre en la CMDX<br \/>\nPor Redacci\u00f3n QP<\/p>\n","protected":false},"author":2,"featured_media":14916,"comment_status":"open","ping_status":"open","sticky":false,"template":"","format":"standard","meta":{"_monsterinsights_skip_tracking":false,"_monsterinsights_sitenote_active":false,"_monsterinsights_sitenote_note":"","_monsterinsights_sitenote_category":0,"footnotes":""},"categories":[55],"tags":[],"class_list":["post-14917","post","type-post","status-publish","format-standard","has-post-thumbnail","hentry","category-cdmx"],"yoast_head":"<!-- This site is optimized with the Yoast SEO plugin v27.3 - https:\/\/yoast.com\/product\/yoast-seo-wordpress\/ -->\n<title>[IM\u00c1GENES] As\u00ed se vio la luna de sangre en la CMDX -<\/title>\n<meta name=\"robots\" content=\"index, follow, max-snippet:-1, max-image-preview:large, max-video-preview:-1\" \/>\n<link rel=\"canonical\" href=\"https:\/\/quehacerpolitico.mx\/?p=14917\" \/>\n<meta property=\"og:locale\" content=\"es_MX\" \/>\n<meta property=\"og:type\" content=\"article\" \/>\n<meta property=\"og:title\" content=\"[IM\u00c1GENES] As\u00ed se vio la luna de sangre en la CMDX -\" \/>\n<meta property=\"og:description\" content=\"[IM\u00c1GENES] As\u00ed se vio la luna de sangre en la CMDX Por Redacci\u00f3n QP\" \/>\n<meta property=\"og:url\" content=\"https:\/\/quehacerpolitico.mx\/?p=14917\" \/>\n<meta property=\"article:published_time\" content=\"2019-01-21T21:25:50+00:00\" \/>\n<meta name=\"author\" content=\"Redacci\u00f3n QP\" \/>\n<meta name=\"twitter:card\" content=\"summary_large_image\" \/>\n<meta name=\"twitter:label1\" content=\"Escrito por\" \/>\n\t<meta name=\"twitter:data1\" content=\"Redacci\u00f3n QP\" \/>\n\t<meta name=\"twitter:label2\" content=\"Tiempo de lectura\" \/>\n\t<meta name=\"twitter:data2\" content=\"1 minuto\" \/>\n<script type=\"application\/ld+json\" class=\"yoast-schema-graph\">{\"@context\":\"https:\\\/\\\/schema.org\",\"@graph\":[{\"@type\":\"Article\",\"@id\":\"https:\\\/\\\/quehacerpolitico.mx\\\/?p=14917#article\",\"isPartOf\":{\"@id\":\"https:\\\/\\\/quehacerpolitico.mx\\\/?p=14917\"},\"author\":{\"name\":\"Redacci\u00f3n QP\",\"@id\":\"https:\\\/\\\/quehacerpolitico.mx\\\/#\\\/schema\\\/person\\\/496d8ad2d1d3f8036101dca7ee39e585\"},\"headline\":\"[IM\u00c1GENES] As\u00ed se vio la luna de sangre en la CMDX\",\"datePublished\":\"2019-01-21T21:25:50+00:00\",\"mainEntityOfPage\":{\"@id\":\"https:\\\/\\\/quehacerpolitico.mx\\\/?p=14917\"},\"wordCount\":232,\"commentCount\":0,\"image\":{\"@id\":\"https:\\\/\\\/quehacerpolitico.mx\\\/?p=14917#primaryimage\"},\"thumbnailUrl\":\"\",\"articleSection\":[\"CDMX\"],\"inLanguage\":\"es\",\"potentialAction\":[{\"@type\":\"CommentAction\",\"name\":\"Comment\",\"target\":[\"https:\\\/\\\/quehacerpolitico.mx\\\/?p=14917#respond\"]}]},{\"@type\":\"WebPage\",\"@id\":\"https:\\\/\\\/quehacerpolitico.mx\\\/?p=14917\",\"url\":\"https:\\\/\\\/quehacerpolitico.mx\\\/?p=14917\",\"name\":\"[IM\u00c1GENES] As\u00ed se vio la luna de sangre en la CMDX -\",\"isPartOf\":{\"@id\":\"https:\\\/\\\/quehacerpolitico.mx\\\/#website\"},\"primaryImageOfPage\":{\"@id\":\"https:\\\/\\\/quehacerpolitico.mx\\\/?p=14917#primaryimage\"},\"image\":{\"@id\":\"https:\\\/\\\/quehacerpolitico.mx\\\/?p=14917#primaryimage\"},\"thumbnailUrl\":\"\",\"datePublished\":\"2019-01-21T21:25:50+00:00\",\"author\":{\"@id\":\"https:\\\/\\\/quehacerpolitico.mx\\\/#\\\/schema\\\/person\\\/496d8ad2d1d3f8036101dca7ee39e585\"},\"breadcrumb\":{\"@id\":\"https:\\\/\\\/quehacerpolitico.mx\\\/?p=14917#breadcrumb\"},\"inLanguage\":\"es\",\"potentialAction\":[{\"@type\":\"ReadAction\",\"target\":[\"https:\\\/\\\/quehacerpolitico.mx\\\/?p=14917\"]}]},{\"@type\":\"ImageObject\",\"inLanguage\":\"es\",\"@id\":\"https:\\\/\\\/quehacerpolitico.mx\\\/?p=14917#primaryimage\",\"url\":\"\",\"contentUrl\":\"\"},{\"@type\":\"BreadcrumbList\",\"@id\":\"https:\\\/\\\/quehacerpolitico.mx\\\/?p=14917#breadcrumb\",\"itemListElement\":[{\"@type\":\"ListItem\",\"position\":1,\"name\":\"Inicio\",\"item\":\"https:\\\/\\\/quehacerpolitico.mx\\\/\"},{\"@type\":\"ListItem\",\"position\":2,\"name\":\"[IM\u00c1GENES] As\u00ed se vio la luna de sangre en la CMDX\"}]},{\"@type\":\"WebSite\",\"@id\":\"https:\\\/\\\/quehacerpolitico.mx\\\/#website\",\"url\":\"https:\\\/\\\/quehacerpolitico.mx\\\/\",\"name\":\"\",\"description\":\"\",\"potentialAction\":[{\"@type\":\"SearchAction\",\"target\":{\"@type\":\"EntryPoint\",\"urlTemplate\":\"https:\\\/\\\/quehacerpolitico.mx\\\/?s={search_term_string}\"},\"query-input\":{\"@type\":\"PropertyValueSpecification\",\"valueRequired\":true,\"valueName\":\"search_term_string\"}}],\"inLanguage\":\"es\"},{\"@type\":\"Person\",\"@id\":\"https:\\\/\\\/quehacerpolitico.mx\\\/#\\\/schema\\\/person\\\/496d8ad2d1d3f8036101dca7ee39e585\",\"name\":\"Redacci\u00f3n QP\",\"image\":{\"@type\":\"ImageObject\",\"inLanguage\":\"es\",\"@id\":\"https:\\\/\\\/secure.gravatar.com\\\/avatar\\\/c7164ed6fdec453195284ad24a5ae5b6e1eed2b848477fa2a4787ba9adf39a41?s=96&d=mm&r=g\",\"url\":\"https:\\\/\\\/secure.gravatar.com\\\/avatar\\\/c7164ed6fdec453195284ad24a5ae5b6e1eed2b848477fa2a4787ba9adf39a41?s=96&d=mm&r=g\",\"contentUrl\":\"https:\\\/\\\/secure.gravatar.com\\\/avatar\\\/c7164ed6fdec453195284ad24a5ae5b6e1eed2b848477fa2a4787ba9adf39a41?s=96&d=mm&r=g\",\"caption\":\"Redacci\u00f3n QP\"},\"url\":\"https:\\\/\\\/quehacerpolitico.mx\\\/?author=2\"}]}<\/script>\n<!-- \/ Yoast SEO plugin. -->","yoast_head_json":{"title":"[IM\u00c1GENES] As\u00ed se vio la luna de sangre en la CMDX -","robots":{"index":"index","follow":"follow","max-snippet":"max-snippet:-1","max-image-preview":"max-image-preview:large","max-video-preview":"max-video-preview:-1"},"canonical":"https:\/\/quehacerpolitico.mx\/?p=14917","og_locale":"es_MX","og_type":"article","og_title":"[IM\u00c1GENES] As\u00ed se vio la luna de sangre en la CMDX -","og_description":"[IM\u00c1GENES] As\u00ed se vio la luna de sangre en la CMDX Por Redacci\u00f3n QP","og_url":"https:\/\/quehacerpolitico.mx\/?p=14917","article_published_time":"2019-01-21T21:25:50+00:00","author":"Redacci\u00f3n QP","twitter_card":"summary_large_image","twitter_misc":{"Escrito por":"Redacci\u00f3n QP","Tiempo de lectura":"1 minuto"},"schema":{"@context":"https:\/\/schema.org","@graph":[{"@type":"Article","@id":"https:\/\/quehacerpolitico.mx\/?p=14917#article","isPartOf":{"@id":"https:\/\/quehacerpolitico.mx\/?p=14917"},"author":{"name":"Redacci\u00f3n QP","@id":"https:\/\/quehacerpolitico.mx\/#\/schema\/person\/496d8ad2d1d3f8036101dca7ee39e585"},"headline":"[IM\u00c1GENES] As\u00ed se vio la luna de sangre en la CMDX","datePublished":"2019-01-21T21:25:50+00:00","mainEntityOfPage":{"@id":"https:\/\/quehacerpolitico.mx\/?p=14917"},"wordCount":232,"commentCount":0,"image":{"@id":"https:\/\/quehacerpolitico.mx\/?p=14917#primaryimage"},"thumbnailUrl":"","articleSection":["CDMX"],"inLanguage":"es","potentialAction":[{"@type":"CommentAction","name":"Comment","target":["https:\/\/quehacerpolitico.mx\/?p=14917#respond"]}]},{"@type":"WebPage","@id":"https:\/\/quehacerpolitico.mx\/?p=14917","url":"https:\/\/quehacerpolitico.mx\/?p=14917","name":"[IM\u00c1GENES] As\u00ed se vio la luna de sangre en la CMDX -","isPartOf":{"@id":"https:\/\/quehacerpolitico.mx\/#website"},"primaryImageOfPage":{"@id":"https:\/\/quehacerpolitico.mx\/?p=14917#primaryimage"},"image":{"@id":"https:\/\/quehacerpolitico.mx\/?p=14917#primaryimage"},"thumbnailUrl":"","datePublished":"2019-01-21T21:25:50+00:00","author":{"@id":"https:\/\/quehacerpolitico.mx\/#\/schema\/person\/496d8ad2d1d3f8036101dca7ee39e585"},"breadcrumb":{"@id":"https:\/\/quehacerpolitico.mx\/?p=14917#breadcrumb"},"inLanguage":"es","potentialAction":[{"@type":"ReadAction","target":["https:\/\/quehacerpolitico.mx\/?p=14917"]}]},{"@type":"ImageObject","inLanguage":"es","@id":"https:\/\/quehacerpolitico.mx\/?p=14917#primaryimage","url":"","contentUrl":""},{"@type":"BreadcrumbList","@id":"https:\/\/quehacerpolitico.mx\/?p=14917#breadcrumb","itemListElement":[{"@type":"ListItem","position":1,"name":"Inicio","item":"https:\/\/quehacerpolitico.mx\/"},{"@type":"ListItem","position":2,"name":"[IM\u00c1GENES] As\u00ed se vio la luna de sangre en la CMDX"}]},{"@type":"WebSite","@id":"https:\/\/quehacerpolitico.mx\/#website","url":"https:\/\/quehacerpolitico.mx\/","name":"","description":"","potentialAction":[{"@type":"SearchAction","target":{"@type":"EntryPoint","urlTemplate":"https:\/\/quehacerpolitico.mx\/?s={search_term_string}"},"query-input":{"@type":"PropertyValueSpecification","valueRequired":true,"valueName":"search_term_string"}}],"inLanguage":"es"},{"@type":"Person","@id":"https:\/\/quehacerpolitico.mx\/#\/schema\/person\/496d8ad2d1d3f8036101dca7ee39e585","name":"Redacci\u00f3n QP","image":{"@type":"ImageObject","inLanguage":"es","@id":"https:\/\/secure.gravatar.com\/avatar\/c7164ed6fdec453195284ad24a5ae5b6e1eed2b848477fa2a4787ba9adf39a41?s=96&d=mm&r=g","url":"https:\/\/secure.gravatar.com\/avatar\/c7164ed6fdec453195284ad24a5ae5b6e1eed2b848477fa2a4787ba9adf39a41?s=96&d=mm&r=g","contentUrl":"https:\/\/secure.gravatar.com\/avatar\/c7164ed6fdec453195284ad24a5ae5b6e1eed2b848477fa2a4787ba9adf39a41?s=96&d=mm&r=g","caption":"Redacci\u00f3n QP"},"url":"https:\/\/quehacerpolitico.mx\/?author=2"}]}},"featured_image_urls":{"full":"","thumbnail":"","medium":"","medium_large":"","large":"","1536x1536":"","2048x2048":"","covernews-featured":"","covernews-medium":""},"author_info":{"display_name":"Redacci\u00f3n QP","author_link":"https:\/\/quehacerpolitico.mx\/?author=2"},"category_info":"<a href=\"https:\/\/quehacerpolitico.mx\/?cat=55\" rel=\"category\">CDMX<\/a>","tag_info":"CDMX","comment_count":"0","_links":{"self":[{"href":"https:\/\/quehacerpolitico.mx\/index.php?rest_route=\/wp\/v2\/posts\/14917","targetHints":{"allow":["GET"]}}],"collection":[{"href":"https:\/\/quehacerpolitico.mx\/index.php?rest_route=\/wp\/v2\/posts"}],"about":[{"href":"https:\/\/quehacerpolitico.mx\/index.php?rest_route=\/wp\/v2\/types\/post"}],"author":[{"embeddable":true,"href":"https:\/\/quehacerpolitico.mx\/index.php?rest_route=\/wp\/v2\/users\/2"}],"replies":[{"embeddable":true,"href":"https:\/\/quehacerpolitico.mx\/index.php?rest_route=%2Fwp%2Fv2%2Fcomments&post=14917"}],"version-history":[{"count":0,"href":"https:\/\/quehacerpolitico.mx\/index.php?rest_route=\/wp\/v2\/posts\/14917\/revisions"}],"wp:featuredmedia":[{"embeddable":true,"href":"https:\/\/quehacerpolitico.mx\/index.php?rest_route=\/"}],"wp:attachment":[{"href":"https:\/\/quehacerpolitico.mx\/index.php?rest_route=%2Fwp%2Fv2%2Fmedia&parent=14917"}],"wp:term":[{"taxonomy":"category","embeddable":true,"href":"https:\/\/quehacerpolitico.mx\/index.php?rest_route=%2Fwp%2Fv2%2Fcategories&post=14917"},{"taxonomy":"post_tag","embeddable":true,"href":"https:\/\/quehacerpolitico.mx\/index.php?rest_route=%2Fwp%2Fv2%2Ftags&post=14917"}],"curies":[{"name":"wp","href":"https:\/\/api.w.org\/{rel}","templated":true}]}}