{"id":14913,"date":"2019-01-21T21:01:15","date_gmt":"2019-01-21T21:01:15","guid":{"rendered":"http:\/\/quehacerpolitico.mx\/diputada-de-morena-en-veracruz-propone-toque-de-queda-para-las-mujeres-para-evitar-feminicidios\/"},"modified":"2019-01-21T21:01:15","modified_gmt":"2019-01-21T21:01:15","slug":"diputada-de-morena-en-veracruz-propone-toque-de-queda-para-las-mujeres-para-evitar-feminicidios","status":"publish","type":"post","link":"https:\/\/quehacerpolitico.mx\/?p=14913","title":{"rendered":"Diputada de Morena en Veracruz propone toque de queda para las mujeres para evitar feminicidios"},"content":{"rendered":"<h1>Diputada de Morena en Veracruz propone toque de queda para las mujeres para evitar feminicidios<\/h1>\n<p>Por Redacci\u00f3n QP<\/p>\n<p>La <strong>Diputada<\/strong>\u00a0local de <strong>Movimiento de Regeneraci\u00f3n Nacional (Morena)<\/strong>\u00a0en Veracruz,\u00a0<strong>Ana Miriam Ferr\u00e1ez Centeno,<\/strong>plante\u00f3 una <strong>propuesta<\/strong> para acabar con los <strong>feminicidios<\/strong> en la entidad: un <strong>toque<\/strong> <strong>de<\/strong> <strong>queda<\/strong>para las <strong>mujeres\u00a0<\/strong>a partir de las 22:00 horas.<\/p>\n<p>La tambi\u00e9n Secretaria de la Comisi\u00f3n para la<strong>Igualdad de G\u00e9nero<\/strong>, fue cuestionada por medios locales, previo a la reuni\u00f3n del Semillero Empresarial para el Desarrollo de M\u00e9xico en <strong>Xalapa,\u00a0<\/strong>sobre los feminicidios en la entidad y su propuesta para erradicar este tipo de cr\u00edmenes.\u00a0<\/p>\n<blockquote class=\"twitter-tweet\" data-width=\"550\" data-dnt=\"true\">\n<p lang=\"es\" dir=\"ltr\">NO ENTENDER NADA, nivel\ud83d\udc47\ud83c\udffc<\/p>\n<p>C\u00f3mo terminar con los feminicidios?<\/p>\n<p>\u201ctoque de queda para la mujeres, que no salgan despu\u00e9s de las 10pm\u201d, propone la diputada local de Morena, Ana Miriam Ferr\u00e1ez Centeno \ud83e\udd26\ud83c\udffb\u200d\u2642\ufe0f <a href=\"https:\/\/t.co\/vbExrEAUkb\">pic.twitter.com\/vbExrEAUkb<\/a><\/p>\n<p>&mdash; Manuel Lopez San Martin (@MLopezSanMartin) <a href=\"https:\/\/twitter.com\/MLopezSanMartin\/status\/1087424092498788353?ref_src=twsrc%5Etfw\">January 21, 2019<\/a><\/p><\/blockquote>\n<p><script async src=\"https:\/\/platform.twitter.com\/widgets.js\" charset=\"utf-8\"><\/script><\/p>\n<p>Ferr\u00e1ez Centeno dijo que las mujeres deben cuidarse \u201cestar todas protegidas, tomar medidas, estar m\u00e1s conscientes de que estamos en riesgo, de que salir a la calle es delicado\u201d.<\/p>\n<p>Y agreg\u00f3 que una medida para evitar los feminicidios es \u201cun toque de queda, para que las mujeres no salgan despu\u00e9s de las 10 de la noche\u201d.<\/p>\n<p>La Diputada local plantea que se aplique esta medida durante al menos tres meses, o \u201clo necesario\u201d.<\/p>\n<blockquote>\n<p>\u201cPropongo \u00bfpor qu\u00e9 no, como mujeres, protegernos y dejar de salir nocturnamente (\u2026) para qu\u00e9 exponernos?\u201d, argument\u00f3.<\/p>\n<\/blockquote>\n<p>Los feminicidios han registrado una tendencia al alza durante los \u00faltimos a\u00f1os en diversos estados del pa\u00eds, Veracruz es uno de ellos.\u00a0Las cifras del Secretariado Ejecutivo del Sistema Nacional de Seguridad P\u00fablica exponen que, hasta diciembre de 2018, se registraron 92 feminicidios\u00a0en\u00a0Veracruz.<\/p>\n<p>A nivel nacional se abrieron 861 carpetas de investigaci\u00f3n por este delito en 2018; durante 2017 se contabilizaron 715; y en 2016, 585.<\/p>\n","protected":false},"excerpt":{"rendered":"<p>Diputada de Morena en Veracruz propone toque de queda para las mujeres para evitar feminicidios<br \/>\nPor Redacci\u00f3n QP<\/p>\n","protected":false},"author":2,"featured_media":14912,"comment_status":"open","ping_status":"open","sticky":false,"template":"","format":"standard","meta":{"_monsterinsights_skip_tracking":false,"_monsterinsights_sitenote_active":false,"_monsterinsights_sitenote_note":"","_monsterinsights_sitenote_category":0,"footnotes":""},"categories":[2],"tags":[],"class_list":["post-14913","post","type-post","status-publish","format-standard","has-post-thumbnail","hentry","category-noticias"],"yoast_head":"<!-- This site is optimized with the Yoast SEO plugin v27.3 - https:\/\/yoast.com\/product\/yoast-seo-wordpress\/ -->\n<title>Diputada de Morena en Veracruz propone toque de queda para las mujeres para evitar feminicidios -<\/title>\n<meta name=\"robots\" content=\"index, follow, max-snippet:-1, max-image-preview:large, max-video-preview:-1\" \/>\n<link rel=\"canonical\" href=\"https:\/\/quehacerpolitico.mx\/?p=14913\" \/>\n<meta property=\"og:locale\" content=\"es_MX\" \/>\n<meta property=\"og:type\" content=\"article\" \/>\n<meta property=\"og:title\" content=\"Diputada de Morena en Veracruz propone toque de queda para las mujeres para evitar feminicidios -\" \/>\n<meta property=\"og:description\" content=\"Diputada de Morena en Veracruz propone toque de queda para las mujeres para evitar feminicidios Por Redacci\u00f3n QP\" \/>\n<meta property=\"og:url\" content=\"https:\/\/quehacerpolitico.mx\/?p=14913\" \/>\n<meta property=\"article:published_time\" content=\"2019-01-21T21:01:15+00:00\" \/>\n<meta name=\"author\" content=\"Redacci\u00f3n QP\" \/>\n<meta name=\"twitter:card\" content=\"summary_large_image\" \/>\n<meta name=\"twitter:label1\" content=\"Escrito por\" \/>\n\t<meta name=\"twitter:data1\" content=\"Redacci\u00f3n QP\" \/>\n\t<meta name=\"twitter:label2\" content=\"Tiempo de lectura\" \/>\n\t<meta name=\"twitter:data2\" content=\"1 minuto\" \/>\n<script type=\"application\/ld+json\" class=\"yoast-schema-graph\">{\"@context\":\"https:\\\/\\\/schema.org\",\"@graph\":[{\"@type\":\"Article\",\"@id\":\"https:\\\/\\\/quehacerpolitico.mx\\\/?p=14913#article\",\"isPartOf\":{\"@id\":\"https:\\\/\\\/quehacerpolitico.mx\\\/?p=14913\"},\"author\":{\"name\":\"Redacci\u00f3n QP\",\"@id\":\"https:\\\/\\\/quehacerpolitico.mx\\\/#\\\/schema\\\/person\\\/496d8ad2d1d3f8036101dca7ee39e585\"},\"headline\":\"Diputada de Morena en Veracruz propone toque de queda para las mujeres para evitar feminicidios\",\"datePublished\":\"2019-01-21T21:01:15+00:00\",\"mainEntityOfPage\":{\"@id\":\"https:\\\/\\\/quehacerpolitico.mx\\\/?p=14913\"},\"wordCount\":284,\"commentCount\":0,\"image\":{\"@id\":\"https:\\\/\\\/quehacerpolitico.mx\\\/?p=14913#primaryimage\"},\"thumbnailUrl\":\"\",\"articleSection\":[\"Noticias\"],\"inLanguage\":\"es\",\"potentialAction\":[{\"@type\":\"CommentAction\",\"name\":\"Comment\",\"target\":[\"https:\\\/\\\/quehacerpolitico.mx\\\/?p=14913#respond\"]}]},{\"@type\":\"WebPage\",\"@id\":\"https:\\\/\\\/quehacerpolitico.mx\\\/?p=14913\",\"url\":\"https:\\\/\\\/quehacerpolitico.mx\\\/?p=14913\",\"name\":\"Diputada de Morena en Veracruz propone toque de queda para las mujeres para evitar feminicidios -\",\"isPartOf\":{\"@id\":\"https:\\\/\\\/quehacerpolitico.mx\\\/#website\"},\"primaryImageOfPage\":{\"@id\":\"https:\\\/\\\/quehacerpolitico.mx\\\/?p=14913#primaryimage\"},\"image\":{\"@id\":\"https:\\\/\\\/quehacerpolitico.mx\\\/?p=14913#primaryimage\"},\"thumbnailUrl\":\"\",\"datePublished\":\"2019-01-21T21:01:15+00:00\",\"author\":{\"@id\":\"https:\\\/\\\/quehacerpolitico.mx\\\/#\\\/schema\\\/person\\\/496d8ad2d1d3f8036101dca7ee39e585\"},\"breadcrumb\":{\"@id\":\"https:\\\/\\\/quehacerpolitico.mx\\\/?p=14913#breadcrumb\"},\"inLanguage\":\"es\",\"potentialAction\":[{\"@type\":\"ReadAction\",\"target\":[\"https:\\\/\\\/quehacerpolitico.mx\\\/?p=14913\"]}]},{\"@type\":\"ImageObject\",\"inLanguage\":\"es\",\"@id\":\"https:\\\/\\\/quehacerpolitico.mx\\\/?p=14913#primaryimage\",\"url\":\"\",\"contentUrl\":\"\"},{\"@type\":\"BreadcrumbList\",\"@id\":\"https:\\\/\\\/quehacerpolitico.mx\\\/?p=14913#breadcrumb\",\"itemListElement\":[{\"@type\":\"ListItem\",\"position\":1,\"name\":\"Inicio\",\"item\":\"https:\\\/\\\/quehacerpolitico.mx\\\/\"},{\"@type\":\"ListItem\",\"position\":2,\"name\":\"Diputada de Morena en Veracruz propone toque de queda para las mujeres para evitar feminicidios\"}]},{\"@type\":\"WebSite\",\"@id\":\"https:\\\/\\\/quehacerpolitico.mx\\\/#website\",\"url\":\"https:\\\/\\\/quehacerpolitico.mx\\\/\",\"name\":\"\",\"description\":\"\",\"potentialAction\":[{\"@type\":\"SearchAction\",\"target\":{\"@type\":\"EntryPoint\",\"urlTemplate\":\"https:\\\/\\\/quehacerpolitico.mx\\\/?s={search_term_string}\"},\"query-input\":{\"@type\":\"PropertyValueSpecification\",\"valueRequired\":true,\"valueName\":\"search_term_string\"}}],\"inLanguage\":\"es\"},{\"@type\":\"Person\",\"@id\":\"https:\\\/\\\/quehacerpolitico.mx\\\/#\\\/schema\\\/person\\\/496d8ad2d1d3f8036101dca7ee39e585\",\"name\":\"Redacci\u00f3n QP\",\"image\":{\"@type\":\"ImageObject\",\"inLanguage\":\"es\",\"@id\":\"https:\\\/\\\/secure.gravatar.com\\\/avatar\\\/c7164ed6fdec453195284ad24a5ae5b6e1eed2b848477fa2a4787ba9adf39a41?s=96&d=mm&r=g\",\"url\":\"https:\\\/\\\/secure.gravatar.com\\\/avatar\\\/c7164ed6fdec453195284ad24a5ae5b6e1eed2b848477fa2a4787ba9adf39a41?s=96&d=mm&r=g\",\"contentUrl\":\"https:\\\/\\\/secure.gravatar.com\\\/avatar\\\/c7164ed6fdec453195284ad24a5ae5b6e1eed2b848477fa2a4787ba9adf39a41?s=96&d=mm&r=g\",\"caption\":\"Redacci\u00f3n QP\"},\"url\":\"https:\\\/\\\/quehacerpolitico.mx\\\/?author=2\"}]}<\/script>\n<!-- \/ Yoast SEO plugin. -->","yoast_head_json":{"title":"Diputada de Morena en Veracruz propone toque de queda para las mujeres para evitar feminicidios -","robots":{"index":"index","follow":"follow","max-snippet":"max-snippet:-1","max-image-preview":"max-image-preview:large","max-video-preview":"max-video-preview:-1"},"canonical":"https:\/\/quehacerpolitico.mx\/?p=14913","og_locale":"es_MX","og_type":"article","og_title":"Diputada de Morena en Veracruz propone toque de queda para las mujeres para evitar feminicidios -","og_description":"Diputada de Morena en Veracruz propone toque de queda para las mujeres para evitar feminicidios Por Redacci\u00f3n QP","og_url":"https:\/\/quehacerpolitico.mx\/?p=14913","article_published_time":"2019-01-21T21:01:15+00:00","author":"Redacci\u00f3n QP","twitter_card":"summary_large_image","twitter_misc":{"Escrito por":"Redacci\u00f3n QP","Tiempo de lectura":"1 minuto"},"schema":{"@context":"https:\/\/schema.org","@graph":[{"@type":"Article","@id":"https:\/\/quehacerpolitico.mx\/?p=14913#article","isPartOf":{"@id":"https:\/\/quehacerpolitico.mx\/?p=14913"},"author":{"name":"Redacci\u00f3n QP","@id":"https:\/\/quehacerpolitico.mx\/#\/schema\/person\/496d8ad2d1d3f8036101dca7ee39e585"},"headline":"Diputada de Morena en Veracruz propone toque de queda para las mujeres para evitar feminicidios","datePublished":"2019-01-21T21:01:15+00:00","mainEntityOfPage":{"@id":"https:\/\/quehacerpolitico.mx\/?p=14913"},"wordCount":284,"commentCount":0,"image":{"@id":"https:\/\/quehacerpolitico.mx\/?p=14913#primaryimage"},"thumbnailUrl":"","articleSection":["Noticias"],"inLanguage":"es","potentialAction":[{"@type":"CommentAction","name":"Comment","target":["https:\/\/quehacerpolitico.mx\/?p=14913#respond"]}]},{"@type":"WebPage","@id":"https:\/\/quehacerpolitico.mx\/?p=14913","url":"https:\/\/quehacerpolitico.mx\/?p=14913","name":"Diputada de Morena en Veracruz propone toque de queda para las mujeres para evitar feminicidios -","isPartOf":{"@id":"https:\/\/quehacerpolitico.mx\/#website"},"primaryImageOfPage":{"@id":"https:\/\/quehacerpolitico.mx\/?p=14913#primaryimage"},"image":{"@id":"https:\/\/quehacerpolitico.mx\/?p=14913#primaryimage"},"thumbnailUrl":"","datePublished":"2019-01-21T21:01:15+00:00","author":{"@id":"https:\/\/quehacerpolitico.mx\/#\/schema\/person\/496d8ad2d1d3f8036101dca7ee39e585"},"breadcrumb":{"@id":"https:\/\/quehacerpolitico.mx\/?p=14913#breadcrumb"},"inLanguage":"es","potentialAction":[{"@type":"ReadAction","target":["https:\/\/quehacerpolitico.mx\/?p=14913"]}]},{"@type":"ImageObject","inLanguage":"es","@id":"https:\/\/quehacerpolitico.mx\/?p=14913#primaryimage","url":"","contentUrl":""},{"@type":"BreadcrumbList","@id":"https:\/\/quehacerpolitico.mx\/?p=14913#breadcrumb","itemListElement":[{"@type":"ListItem","position":1,"name":"Inicio","item":"https:\/\/quehacerpolitico.mx\/"},{"@type":"ListItem","position":2,"name":"Diputada de Morena en Veracruz propone toque de queda para las mujeres para evitar feminicidios"}]},{"@type":"WebSite","@id":"https:\/\/quehacerpolitico.mx\/#website","url":"https:\/\/quehacerpolitico.mx\/","name":"","description":"","potentialAction":[{"@type":"SearchAction","target":{"@type":"EntryPoint","urlTemplate":"https:\/\/quehacerpolitico.mx\/?s={search_term_string}"},"query-input":{"@type":"PropertyValueSpecification","valueRequired":true,"valueName":"search_term_string"}}],"inLanguage":"es"},{"@type":"Person","@id":"https:\/\/quehacerpolitico.mx\/#\/schema\/person\/496d8ad2d1d3f8036101dca7ee39e585","name":"Redacci\u00f3n QP","image":{"@type":"ImageObject","inLanguage":"es","@id":"https:\/\/secure.gravatar.com\/avatar\/c7164ed6fdec453195284ad24a5ae5b6e1eed2b848477fa2a4787ba9adf39a41?s=96&d=mm&r=g","url":"https:\/\/secure.gravatar.com\/avatar\/c7164ed6fdec453195284ad24a5ae5b6e1eed2b848477fa2a4787ba9adf39a41?s=96&d=mm&r=g","contentUrl":"https:\/\/secure.gravatar.com\/avatar\/c7164ed6fdec453195284ad24a5ae5b6e1eed2b848477fa2a4787ba9adf39a41?s=96&d=mm&r=g","caption":"Redacci\u00f3n QP"},"url":"https:\/\/quehacerpolitico.mx\/?author=2"}]}},"featured_image_urls":{"full":"","thumbnail":"","medium":"","medium_large":"","large":"","1536x1536":"","2048x2048":"","covernews-featured":"","covernews-medium":""},"author_info":{"display_name":"Redacci\u00f3n QP","author_link":"https:\/\/quehacerpolitico.mx\/?author=2"},"category_info":"<a href=\"https:\/\/quehacerpolitico.mx\/?cat=2\" rel=\"category\">Noticias<\/a>","tag_info":"Noticias","comment_count":"0","_links":{"self":[{"href":"https:\/\/quehacerpolitico.mx\/index.php?rest_route=\/wp\/v2\/posts\/14913","targetHints":{"allow":["GET"]}}],"collection":[{"href":"https:\/\/quehacerpolitico.mx\/index.php?rest_route=\/wp\/v2\/posts"}],"about":[{"href":"https:\/\/quehacerpolitico.mx\/index.php?rest_route=\/wp\/v2\/types\/post"}],"author":[{"embeddable":true,"href":"https:\/\/quehacerpolitico.mx\/index.php?rest_route=\/wp\/v2\/users\/2"}],"replies":[{"embeddable":true,"href":"https:\/\/quehacerpolitico.mx\/index.php?rest_route=%2Fwp%2Fv2%2Fcomments&post=14913"}],"version-history":[{"count":0,"href":"https:\/\/quehacerpolitico.mx\/index.php?rest_route=\/wp\/v2\/posts\/14913\/revisions"}],"wp:featuredmedia":[{"embeddable":true,"href":"https:\/\/quehacerpolitico.mx\/index.php?rest_route=\/"}],"wp:attachment":[{"href":"https:\/\/quehacerpolitico.mx\/index.php?rest_route=%2Fwp%2Fv2%2Fmedia&parent=14913"}],"wp:term":[{"taxonomy":"category","embeddable":true,"href":"https:\/\/quehacerpolitico.mx\/index.php?rest_route=%2Fwp%2Fv2%2Fcategories&post=14913"},{"taxonomy":"post_tag","embeddable":true,"href":"https:\/\/quehacerpolitico.mx\/index.php?rest_route=%2Fwp%2Fv2%2Ftags&post=14913"}],"curies":[{"name":"wp","href":"https:\/\/api.w.org\/{rel}","templated":true}]}}